{"id":63078,"date":"2023-09-18T12:36:35","date_gmt":"2023-09-18T10:36:35","guid":{"rendered":"https:\/\/www.startlap.hu\/utazas\/?p=63078"},"modified":"2023-09-18T12:36:35","modified_gmt":"2023-09-18T10:36:35","slug":"ryanair-2023-tel-birmingham-alicante","status":"publish","type":"post","link":"https:\/\/www.startlap.hu\/utazas\/ryanair-2023-tel-birmingham-alicante\/","title":{"rendered":"\u00dajabb v\u00e1rosokba rep\u00fclhet\u00fcnk a t\u00e9li menetrend alatt a Ryanair j\u00e1rataival"},"content":{"rendered":"<p>K\u00e9t \u00faj v\u00e1ros is felker\u00fclt az \u00edr fapados l\u00e9git\u00e1rsas\u00e1g online foglal\u00e1si rendszer\u00e9be, ahov\u00e1 <strong>okt\u00f3ber 29-t\u0151l utazhatunk<\/strong> &#8211; \u00edrja az <a href=\"https:\/\/airportal.hu\/birminghambe-es-alicantebe-is-repul-budapestrol-a-teli-menetrendben-a-ryanair\/\" target=\"_blank\" target=\"_blank\" rel=\"noopener noreferrer\">Airportal<\/a>.<\/p>\n<figure id=\"attachment_49297\" aria-describedby=\"caption-attachment-49297\" style=\"width: 755px\" class=\"wp-caption aligncenter\"><img loading=\"lazy\" decoding=\"async\" class=\"size-article-size-large-image wp-image-49297\" src=\"https:\/\/www.startlap.hu\/utazas\/uploads\/sites\/3\/2022\/12\/ryanaiar-repulojarat-felszallas-755x503.jpg\" alt=\"Felsz\u00e1ll\u00f3k a Ryanair l\u00e9git\u00e1rsas\u00e1g j\u00e1rat\u00e1ra\" width=\"755\" height=\"503\" srcset=\"https:\/\/www.startlap.hu\/utazas\/uploads\/sites\/3\/2022\/12\/ryanaiar-repulojarat-felszallas-755x503.jpg 755w, https:\/\/www.startlap.hu\/utazas\/uploads\/sites\/3\/2022\/12\/ryanaiar-repulojarat-felszallas-525x350.jpg 525w, https:\/\/www.startlap.hu\/utazas\/uploads\/sites\/3\/2022\/12\/ryanaiar-repulojarat-felszallas.jpg 1400w\" sizes=\"auto, (max-width: 755px) 100vw, 755px\" \/><figcaption id=\"caption-attachment-49297\" class=\"wp-caption-text\">Fot\u00f3: Mickael Titrent\/Hans Lucas\/AFP<\/figcaption><\/figure>\n<p>Budapest \u00e9s Alicante k\u00f6z\u00f6tt <strong>hetente h\u00e1rom j\u00e1ratot ind\u00edt a Ryanair,<\/strong> szerd\u00e1nk\u00e9nt, p\u00e9ntekenk\u00e9nt \u00e9s vas\u00e1rnaponk\u00e9nt.<\/p>\n<p>Birminghambe <strong>heti k\u00e9t alkalommal<\/strong> lehet majd elutazni, p\u00e9ntekenk\u00e9nt \u00e9s vas\u00e1rnaponk\u00e9nt. Azoknak sem kell cs\u00fcggetni, akik a East Midlands-i rept\u00e9rre szerettek volna elutazni, hiszen a k\u00e9t helysz\u00edn k\u00f6z\u00f6tt mind\u00f6ssze 60 kilom\u00e9ter van.<\/p>\n<p>A <a href=\"https:\/\/www.startlap.hu\/utazas\/ryanair-nagy-britannia-jarattorles\/\" target=\"_blank\" rel=\"noopener noreferrer\">l\u00e9git\u00e1rsas\u00e1g<\/a> foglal\u00e1si rendszere szerint Alicanteba \u00e9s Birminghambe&nbsp;a t\u00e9li menetrend v\u00e9g\u00e9ig, <strong>2024. m\u00e1rcius 29-ig lehet biztosan elutazni<\/strong>.<\/p>\n<div class=\"o-widget m-readMoreWidget -readMore u-shortDecorLineAfter row widget-container _ce_measure_widget bigdata-widget read-more\" data-ce-measure-widget=\"olvass tov\u00e1bb\">\n\t<div class=\"m-readMoreWidget__imgWrapper image-wrapper col-12 col-md-4 no-p\">\n\t\t<a class=\"m-readMoreWidget__imgLink\" href=\"https:\/\/www.startlap.hu\/utazas\/holegballon-fesztival-kezdivasarhely-fotok\/\" >\n\t\t\t<img decoding=\"async\" src=\"https:\/\/www.startlap.hu\/utazas\/uploads\/sites\/3\/2023\/09\/holegballon-fesztival6-350x285.jpg\" class=\"m-readMoreWidget__img\">\n\t\t<\/a>\n\t<\/div>\n\t<div class=\"m-readMoreWidget__titleWrapper title-wrapper col-12 col-md-8\">\n\t\t<span class=\"m-readMoreWidget__titleLabel u-shortDecorLineBefore label hidden-sm-up\">Ez is \u00e9rdekelhet:<\/span>\n\t\t<h3 class=\"m-readMoreWidget__title title\">\n\t\t\t<a class=\"m-readMoreWidget__titleLink -secondFont u-bold u-upperCase\" href=\"https:\/\/www.startlap.hu\/utazas\/holegballon-fesztival-kezdivasarhely-fotok\/\" >H\u0151l\u00e9gballonok lept\u00e9k el az erd\u00e9lyi v\u00e1ros eg\u00e9t<\/a>\n\t\t<\/h3>\n\t\t<a class=\"m-readMoreWidget__btn -coloredBack u-tC link\" href=\"https:\/\/www.startlap.hu\/utazas\/holegballon-fesztival-kezdivasarhely-fotok\/\" >Elolvasom<\/a>\n\t<\/div>\n<\/div>\n","protected":false},"excerpt":{"rendered":"<p>Okt\u00f3bert v\u00e9g\u00e9t\u0151l nem lehet a Ryanair j\u00e1rataival East Midlandsbe \u00e9s G\u00f6teborgba utazni, cser\u00e9be Birmingham \u00e9s Alicante is felker\u00fclt a c\u00e9l\u00e1llom\u00e1sok k\u00f6z\u00e9.<\/p>\n","protected":false},"author":58,"featured_media":49297,"comment_status":"closed","ping_status":"closed","sticky":false,"template":"","format":"standard","meta":{"footnotes":""},"categories":[70],"tags":[1351,214,3023],"class_list":["post-63078","post","type-post","status-publish","format-standard","has-post-thumbnail","hentry","category-vilag","tag-birmingham","tag-ryanair","tag-teli-menetrend"],"aioseo_notices":[],"_links":{"self":[{"href":"https:\/\/www.startlap.hu\/utazas\/wp-json\/wp\/v2\/posts\/63078","targetHints":{"allow":["GET"]}}],"collection":[{"href":"https:\/\/www.startlap.hu\/utazas\/wp-json\/wp\/v2\/posts"}],"about":[{"href":"https:\/\/www.startlap.hu\/utazas\/wp-json\/wp\/v2\/types\/post"}],"author":[{"embeddable":true,"href":"https:\/\/www.startlap.hu\/utazas\/wp-json\/wp\/v2\/users\/58"}],"replies":[{"embeddable":true,"href":"https:\/\/www.startlap.hu\/utazas\/wp-json\/wp\/v2\/comments?post=63078"}],"version-history":[{"count":4,"href":"https:\/\/www.startlap.hu\/utazas\/wp-json\/wp\/v2\/posts\/63078\/revisions"}],"predecessor-version":[{"id":63087,"href":"https:\/\/www.startlap.hu\/utazas\/wp-json\/wp\/v2\/posts\/63078\/revisions\/63087"}],"wp:featuredmedia":[{"embeddable":true,"href":"https:\/\/www.startlap.hu\/utazas\/wp-json\/wp\/v2\/media\/49297"}],"wp:attachment":[{"href":"https:\/\/www.startlap.hu\/utazas\/wp-json\/wp\/v2\/media?parent=63078"}],"wp:term":[{"taxonomy":"category","embeddable":true,"href":"https:\/\/www.startlap.hu\/utazas\/wp-json\/wp\/v2\/categories?post=63078"},{"taxonomy":"post_tag","embeddable":true,"href":"https:\/\/www.startlap.hu\/utazas\/wp-json\/wp\/v2\/tags?post=63078"}],"curies":[{"name":"wp","href":"https:\/\/api.w.org\/{rel}","templated":true}]}}