{"id":63050,"date":"2023-09-17T20:21:01","date_gmt":"2023-09-17T18:21:01","guid":{"rendered":"https:\/\/www.startlap.hu\/utazas\/?p=63050"},"modified":"2023-09-17T20:21:01","modified_gmt":"2023-09-17T18:21:01","slug":"holegballon-fesztival-kezdivasarhely-fotok","status":"publish","type":"post","link":"https:\/\/www.startlap.hu\/utazas\/holegballon-fesztival-kezdivasarhely-fotok\/","title":{"rendered":"H\u0151l\u00e9gballonok lept\u00e9k el az erd\u00e9lyi v\u00e1ros eg\u00e9t"},"content":{"rendered":"<p>M\u00e1sodik alkalommal, tizenk\u00e9t erd\u00e9lyi \u00e9s magyarorsz\u00e1gi csapat r\u00e9szv\u00e9tel\u00e9vel rendezt\u00e9k meg az X Balloon Fest h\u0151l\u00e9gballon-fesztiv\u00e1lt vas\u00e1rnap, az esem\u00e9nyr\u0151l az MTI fot\u00f3riportere, K\u00e1tai Edit k\u00e9sz\u00edtett felv\u00e9teleket.&nbsp;<\/p>\n\n\t<div id=\"cegPostCnt_1\" class=\"o-cegPostCnt -inContent\" data-title=\"H\u0151l\u00e9gballonok lept\u00e9k el az erd\u00e9lyi v\u00e1ros eg\u00e9t\">\n\t\t<a class=\"o-cegPostCnt__opener m-cegOpener _ce_measure_widget _ce_measure_link\" data-ce-measure-widget=\"gallery-open\"\n   href=\"?gallery=1\/1\/holegballon-fesztival-scaled\">\n\t<img decoding=\"async\" src=\"https:\/\/www.startlap.hu\/utazas\/uploads\/sites\/3\/2023\/09\/holegballon-fesztival-scaled.jpg\" class=\"m-cegOpener__image\" alt=\"Felsz\u00e1ll\u00f3 h\u0151l\u00e9gballonok a m\u00e1sodik alkalommal, tizenk\u00e9t erd\u00e9lyi \u00e9s magyarorsz\u00e1gi csapat r\u00e9szv\u00e9tel\u00e9vel megrendezett X Balloon Fest h\u0151l\u00e9gballon-fesztiv\u00e1lon\" sizes=\"(max-width: 991px) 100vw, (max-width: 1039px) 66vw, 684px\" srcset=\"https:\/\/www.startlap.hu\/utazas\/uploads\/sites\/3\/2023\/09\/holegballon-fesztival-scaled.jpg 2560w, https:\/\/www.startlap.hu\/utazas\/uploads\/sites\/3\/2023\/09\/holegballon-fesztival-1536x1024.jpg 1536w, https:\/\/www.startlap.hu\/utazas\/uploads\/sites\/3\/2023\/09\/holegballon-fesztival-2048x1365.jpg 2048w, https:\/\/www.startlap.hu\/utazas\/uploads\/sites\/3\/2023\/09\/holegballon-fesztival-755x503.jpg 755w, https:\/\/www.startlap.hu\/utazas\/uploads\/sites\/3\/2023\/09\/holegballon-fesztival-525x350.jpg 525w\" \/>\t<div class=\"m-cegOpener__btn\"><i class=\"far fa-clone\"><\/i><\/div>\n<\/a>\n<div class=\"o-cegPostCnt__layer m-cegLayer _ce_measure_widget\" data-ce-measure-widget=\"gallery-layer\" style=\"display: none\">\n\t<div class=\"m-cegLayer__top m-cegHeader _ce_measure_widget\" data-ce-measure-widget=\"gallery-header\">\n\t\t\t\t\t<span class=\"m-cegHeader__logo\"><span class=\"a-cegLogo\"><\/span><\/span>\n\t\t\t\t<div class=\"m-cegHeader__imgCnt\">\n\t\t\t<img decoding=\"async\" src=\"https:\/\/www.startlap.hu\/utazas\/uploads\/sites\/3\/2023\/09\/holegballon-fesztival-scaled.jpg\" class=\"m-cegHeader__imgOpener\" alt=\"Felsz\u00e1ll\u00f3 h\u0151l\u00e9gballonok a m\u00e1sodik alkalommal, tizenk\u00e9t erd\u00e9lyi \u00e9s magyarorsz\u00e1gi csapat r\u00e9szv\u00e9tel\u00e9vel megrendezett X Balloon Fest h\u0151l\u00e9gballon-fesztiv\u00e1lon\" \/>\t\t<\/div>\n\t\t<h2 class=\"m-cegHeader__title a-cegGalleryTitle\"><i class=\"fa fa-angle-left\"><\/i>H\u0151l\u00e9gballonok lept\u00e9k el az erd\u00e9lyi v\u00e1ros eg\u00e9t<\/h2>\n\t\t<div class=\"m-cegHeader__pagination a-cegPagination\"><\/div>\n\t\t<div class=\"m-cegHeader__closeBtn close-button nlc-icon-close _ce_measure_link _ce_measure_widget\" data-ce-measure-widget=\"gallery-close-btn\"><i class=\"fa fa-times\" aria-hidden=\"true\"><\/i><\/div>\n\t<\/div>\n\t<div class=\"m-cegLayer__screen\">\n\t\t<div class=\"m-cegLayer__carousel m-cegCarousel\">\n\t\t\t\t\t\t\t\n\t\t\t\t<div\n\t\t\t\t\tclass=\"m-cegCarousel__item\"\n\t\t\t\t\tdata-type=\"image\"\n\t\t\t\t\tdata-id=\"1\/1\/holegballon-fesztival-scaled\"\n\t\t\t\t\tdata-image-url=\"https:\/\/www.startlap.hu\/utazas\/uploads\/sites\/3\/2023\/09\/holegballon-fesztival-scaled.jpg\"\n\t\t\t\t\tdata-title=\"holegballon-fesztival\"\n\t\t\t\t\tdata-desc=\"Felsz\u00e1ll\u00f3 h\u0151l\u00e9gballonok a m\u00e1sodik alkalommal, tizenk\u00e9t erd\u00e9lyi \u00e9s magyarorsz\u00e1gi csapat r\u00e9szv\u00e9tel\u00e9vel megrendezett X Balloon Fest h\u0151l\u00e9gballon-fesztiv\u00e1lon a K\u00e9zdiv\u00e1s\u00e1rhely melletti Fortyog\u00f3f\u00fcrd\u0151n 2023. szeptember 18-\u00e1n. Fot\u00f3: MTI\/K\u00e1tai Edit\">\n\n\t\t\t\t\t<!-- image -->\n\t\t\t\t\t<div class=\"m-cegCarousel__floatingCnt\">\n\t\t\t\t\t\t<img decoding=\"async\" src=\"https:\/\/www.startlap.hu\/utazas\/uploads\/sites\/3\/2023\/09\/holegballon-fesztival-scaled.jpg\" class=\"m-cegCarousel__image\" alt=\"Felsz\u00e1ll\u00f3 h\u0151l\u00e9gballonok a m\u00e1sodik alkalommal, tizenk\u00e9t erd\u00e9lyi \u00e9s magyarorsz\u00e1gi csapat r\u00e9szv\u00e9tel\u00e9vel megrendezett X Balloon Fest h\u0151l\u00e9gballon-fesztiv\u00e1lon\" \/>\t\t\t\t\t\t<span class=\"fa m-cegCarousel__zoom _ce_measure_link _ce_measure_widget\" data-ce-measure-widget=\"gallery-zoom-btn\"><\/span>\n\t\t\t\t\t<\/div>\n\n\t\t\t\t\t<!-- thumb icon \/ counter, caption  -->\n\t\t\t\t\t<div class=\"m-cegCarousel__captionCnt m-cegCaption\">\n\t\t\t\t\t\t<span class=\"m-cegCaption__thumbIcon a-cegThumbIcon _ce_measure_widget _ce_measure_link\"\n\t\t\t\t\t\t\t  data-ce-measure-widget=\"thumbnails-btn\"\n\t\t\t\t\t\t\t  data-ce-measure-widget=\"gallery-thumbnails\"><i class=\" fa fa-th-large\"><\/i><\/span>\n\t\t\t\t\t\t<span class=\"m-cegCaption__pagination a-cegPagination\">\n\t\t\t\t\t\t\t<span class=\"a-cegPagination__current\">1<\/span>\/9\t\t\t\t\t\t<\/span>\n\t\t\t\t\t\t<span class=\"m-cegCaption__caption\">holegballon-fesztival<\/span>\n\t\t\t\t\t<\/div>\n\n\t\t\t\t\t<!-- Image description -->\n\t\t\t\t\t<div class=\"m-cegCarousel__desc a-cegDesc\">Felsz\u00e1ll\u00f3 h\u0151l\u00e9gballonok a m\u00e1sodik alkalommal, tizenk\u00e9t erd\u00e9lyi \u00e9s magyarorsz\u00e1gi csapat r\u00e9szv\u00e9tel\u00e9vel megrendezett X Balloon Fest h\u0151l\u00e9gballon-fesztiv\u00e1lon a K\u00e9zdiv\u00e1s\u00e1rhely melletti Fortyog\u00f3f\u00fcrd\u0151n 2023. szeptember 18-\u00e1n. Fot\u00f3: MTI\/K\u00e1tai Edit<\/div>\n\n\t\t\t\t\t<!-- Image social share icons -->\n\t\t\t\t\t<div class=\"m-cegCarousel__socialCnt m-cegSocial\">\n\t\t\t\t\t\t<span class=\"m-cegSocial__text\">Fot\u00f3 megoszt\u00e1sa:<\/span><span class=\"m-cegSocial__iconWrap\"><span class=\"m-cegSocial__icon -facebook _ce_measure_link _ce_measure_widget\" data-ce-measure-widget=\"facebookGallery-btn\"><i class=\"fab fa-facebook-f\"><\/i><\/span><span class=\"m-cegSocial__icon -pinterest _ce_measure_link _ce_measure_widget\" data-ce-measure-widget=\"printeresGallery-btn\"><i class=\"fab fa-pinterest-p\"><\/i><\/span><span class=\"m-cegSocial__icon -email _ce_measure_link _ce_measure_widget\" data-ce-measure-widget=\"emailGallery-btn\"><i class=\"far fa-envelope\"><\/i><\/span><span class=\"m-cegSocial__icon -clipboard _ce_measure_link _ce_measure_widget\" data-ce-measure-widget=\"clipboardGallery-btn\"><i class=\"fa fa-link\"><\/i><\/span><\/span>\t\t\t\t\t<\/div>\n\t\t\t\t<\/div>\n\t\t\t\t\t\t\t\n\t\t\t\t<div\n\t\t\t\t\tclass=\"m-cegCarousel__item\"\n\t\t\t\t\tdata-type=\"image\"\n\t\t\t\t\tdata-id=\"1\/2\/holegballon-fesztival2-scaled\"\n\t\t\t\t\tdata-image-url=\"https:\/\/www.startlap.hu\/utazas\/uploads\/sites\/3\/2023\/09\/holegballon-fesztival2-scaled.jpg\"\n\t\t\t\t\tdata-title=\"holegballon-fesztival2\"\n\t\t\t\t\tdata-desc=\" Sz\u00e1ll\u00f3 h\u0151l\u00e9gballonok a k\u00e9zdiv\u00e1s\u00e1rhelyi fesztiv\u00e1lon. Fot\u00f3: MTI\/K\u00e1tai Edit\">\n\n\t\t\t\t\t<!-- image -->\n\t\t\t\t\t<div class=\"m-cegCarousel__floatingCnt\">\n\t\t\t\t\t\t<img decoding=\"async\" src=\"https:\/\/www.startlap.hu\/utazas\/uploads\/sites\/3\/2023\/09\/holegballon-fesztival2-scaled.jpg\" class=\"m-cegCarousel__image\" alt=\"Felsz\u00e1ll\u00f3 h\u0151l\u00e9gballonok a m\u00e1sodik alkalommal, tizenk\u00e9t erd\u00e9lyi \u00e9s magyarorsz\u00e1gi csapat r\u00e9szv\u00e9tel\u00e9vel megrendezett X Balloon Fest h\u0151l\u00e9gballon-fesztiv\u00e1lon\" \/>\t\t\t\t\t\t<span class=\"fa m-cegCarousel__zoom _ce_measure_link _ce_measure_widget\" data-ce-measure-widget=\"gallery-zoom-btn\"><\/span>\n\t\t\t\t\t<\/div>\n\n\t\t\t\t\t<!-- thumb icon \/ counter, caption  -->\n\t\t\t\t\t<div class=\"m-cegCarousel__captionCnt m-cegCaption\">\n\t\t\t\t\t\t<span class=\"m-cegCaption__thumbIcon a-cegThumbIcon _ce_measure_widget _ce_measure_link\"\n\t\t\t\t\t\t\t  data-ce-measure-widget=\"thumbnails-btn\"\n\t\t\t\t\t\t\t  data-ce-measure-widget=\"gallery-thumbnails\"><i class=\" fa fa-th-large\"><\/i><\/span>\n\t\t\t\t\t\t<span class=\"m-cegCaption__pagination a-cegPagination\">\n\t\t\t\t\t\t\t<span class=\"a-cegPagination__current\">2<\/span>\/9\t\t\t\t\t\t<\/span>\n\t\t\t\t\t\t<span class=\"m-cegCaption__caption\">holegballon-fesztival2<\/span>\n\t\t\t\t\t<\/div>\n\n\t\t\t\t\t<!-- Image description -->\n\t\t\t\t\t<div class=\"m-cegCarousel__desc a-cegDesc\"> Sz\u00e1ll\u00f3 h\u0151l\u00e9gballonok a k\u00e9zdiv\u00e1s\u00e1rhelyi fesztiv\u00e1lon. Fot\u00f3: MTI\/K\u00e1tai Edit<\/div>\n\n\t\t\t\t\t<!-- Image social share icons -->\n\t\t\t\t\t<div class=\"m-cegCarousel__socialCnt m-cegSocial\">\n\t\t\t\t\t\t<span class=\"m-cegSocial__text\">Fot\u00f3 megoszt\u00e1sa:<\/span><span class=\"m-cegSocial__iconWrap\"><span class=\"m-cegSocial__icon -facebook _ce_measure_link _ce_measure_widget\" data-ce-measure-widget=\"facebookGallery-btn\"><i class=\"fab fa-facebook-f\"><\/i><\/span><span class=\"m-cegSocial__icon -pinterest _ce_measure_link _ce_measure_widget\" data-ce-measure-widget=\"printeresGallery-btn\"><i class=\"fab fa-pinterest-p\"><\/i><\/span><span class=\"m-cegSocial__icon -email _ce_measure_link _ce_measure_widget\" data-ce-measure-widget=\"emailGallery-btn\"><i class=\"far fa-envelope\"><\/i><\/span><span class=\"m-cegSocial__icon -clipboard _ce_measure_link _ce_measure_widget\" data-ce-measure-widget=\"clipboardGallery-btn\"><i class=\"fa fa-link\"><\/i><\/span><\/span>\t\t\t\t\t<\/div>\n\t\t\t\t<\/div>\n\t\t\t\t\t\t\t\n\t\t\t\t<div\n\t\t\t\t\tclass=\"m-cegCarousel__item\"\n\t\t\t\t\tdata-type=\"image\"\n\t\t\t\t\tdata-id=\"1\/3\/holegballon-fesztival3-scaled\"\n\t\t\t\t\tdata-image-url=\"https:\/\/www.startlap.hu\/utazas\/uploads\/sites\/3\/2023\/09\/holegballon-fesztival3-scaled.jpg\"\n\t\t\t\t\tdata-title=\"holegballon-fesztival3\"\n\t\t\t\t\tdata-desc=\"Sz\u00e1ll\u00f3 h\u0151l\u00e9gballonok a k\u00e9zdiv\u00e1s\u00e1rhelyi fesztiv\u00e1lon. Fot\u00f3: MTI\/K\u00e1tai Edit\">\n\n\t\t\t\t\t<!-- image -->\n\t\t\t\t\t<div class=\"m-cegCarousel__floatingCnt\">\n\t\t\t\t\t\t<img decoding=\"async\" src=\"https:\/\/www.startlap.hu\/utazas\/uploads\/sites\/3\/2023\/09\/holegballon-fesztival3-scaled.jpg\" class=\"m-cegCarousel__image\" alt=\"Felsz\u00e1ll\u00f3 h\u0151l\u00e9gballonok a m\u00e1sodik alkalommal, tizenk\u00e9t erd\u00e9lyi \u00e9s magyarorsz\u00e1gi csapat r\u00e9szv\u00e9tel\u00e9vel megrendezett X Balloon Fest h\u0151l\u00e9gballon-fesztiv\u00e1lon\" \/>\t\t\t\t\t\t<span class=\"fa m-cegCarousel__zoom _ce_measure_link _ce_measure_widget\" data-ce-measure-widget=\"gallery-zoom-btn\"><\/span>\n\t\t\t\t\t<\/div>\n\n\t\t\t\t\t<!-- thumb icon \/ counter, caption  -->\n\t\t\t\t\t<div class=\"m-cegCarousel__captionCnt m-cegCaption\">\n\t\t\t\t\t\t<span class=\"m-cegCaption__thumbIcon a-cegThumbIcon _ce_measure_widget _ce_measure_link\"\n\t\t\t\t\t\t\t  data-ce-measure-widget=\"thumbnails-btn\"\n\t\t\t\t\t\t\t  data-ce-measure-widget=\"gallery-thumbnails\"><i class=\" fa fa-th-large\"><\/i><\/span>\n\t\t\t\t\t\t<span class=\"m-cegCaption__pagination a-cegPagination\">\n\t\t\t\t\t\t\t<span class=\"a-cegPagination__current\">3<\/span>\/9\t\t\t\t\t\t<\/span>\n\t\t\t\t\t\t<span class=\"m-cegCaption__caption\">holegballon-fesztival3<\/span>\n\t\t\t\t\t<\/div>\n\n\t\t\t\t\t<!-- Image description -->\n\t\t\t\t\t<div class=\"m-cegCarousel__desc a-cegDesc\">Sz\u00e1ll\u00f3 h\u0151l\u00e9gballonok a k\u00e9zdiv\u00e1s\u00e1rhelyi fesztiv\u00e1lon. Fot\u00f3: MTI\/K\u00e1tai Edit<\/div>\n\n\t\t\t\t\t<!-- Image social share icons -->\n\t\t\t\t\t<div class=\"m-cegCarousel__socialCnt m-cegSocial\">\n\t\t\t\t\t\t<span class=\"m-cegSocial__text\">Fot\u00f3 megoszt\u00e1sa:<\/span><span class=\"m-cegSocial__iconWrap\"><span class=\"m-cegSocial__icon -facebook _ce_measure_link _ce_measure_widget\" data-ce-measure-widget=\"facebookGallery-btn\"><i class=\"fab fa-facebook-f\"><\/i><\/span><span class=\"m-cegSocial__icon -pinterest _ce_measure_link _ce_measure_widget\" data-ce-measure-widget=\"printeresGallery-btn\"><i class=\"fab fa-pinterest-p\"><\/i><\/span><span class=\"m-cegSocial__icon -email _ce_measure_link _ce_measure_widget\" data-ce-measure-widget=\"emailGallery-btn\"><i class=\"far fa-envelope\"><\/i><\/span><span class=\"m-cegSocial__icon -clipboard _ce_measure_link _ce_measure_widget\" data-ce-measure-widget=\"clipboardGallery-btn\"><i class=\"fa fa-link\"><\/i><\/span><\/span>\t\t\t\t\t<\/div>\n\t\t\t\t<\/div>\n\t\t\t\t\t\t\t\t\t\t\t\t<div\n\t\t\t\t\t\tclass=\"m-cegCarousel__item -banner\"\n\t\t\t\t\t\tdata-type=\"banner\"\n\t\t\t\t\t\tdata-id=\"1\/4\/banner\"\n\t\t\t\t\t\tdata-image-url=\"\"\n\t\t\t\t\t\tdata-title=\"\"\n\t\t\t\t\t\tdata-desc=\"\">\n\n\t\t\t\t\t\t<div class=\"m-cegCarousel__floatingCnt banner-container gallery-content010\"><\/div>\n\n\t\t\t\t\t<\/div>\n\t\t\t\t\t\t\t\t\t\n\t\t\t\t<div\n\t\t\t\t\tclass=\"m-cegCarousel__item\"\n\t\t\t\t\tdata-type=\"image\"\n\t\t\t\t\tdata-id=\"1\/5\/holegballon-fesztival4-scaled\"\n\t\t\t\t\tdata-image-url=\"https:\/\/www.startlap.hu\/utazas\/uploads\/sites\/3\/2023\/09\/holegballon-fesztival4-scaled.jpg\"\n\t\t\t\t\tdata-title=\"holegballon-fesztival4\"\n\t\t\t\t\tdata-desc=\"Sz\u00e1ll\u00f3 h\u0151l\u00e9gballonok a k\u00e9zdiv\u00e1s\u00e1rhelyi fesztiv\u00e1lon. Fot\u00f3: MTI\/K\u00e1tai Edit\">\n\n\t\t\t\t\t<!-- image -->\n\t\t\t\t\t<div class=\"m-cegCarousel__floatingCnt\">\n\t\t\t\t\t\t<img decoding=\"async\" src=\"https:\/\/www.startlap.hu\/utazas\/uploads\/sites\/3\/2023\/09\/holegballon-fesztival4-scaled.jpg\" class=\"m-cegCarousel__image\" alt=\"Felsz\u00e1ll\u00f3 h\u0151l\u00e9gballonok a m\u00e1sodik alkalommal, tizenk\u00e9t erd\u00e9lyi \u00e9s magyarorsz\u00e1gi csapat r\u00e9szv\u00e9tel\u00e9vel megrendezett X Balloon Fest h\u0151l\u00e9gballon-fesztiv\u00e1lon\" \/>\t\t\t\t\t\t<span class=\"fa m-cegCarousel__zoom _ce_measure_link _ce_measure_widget\" data-ce-measure-widget=\"gallery-zoom-btn\"><\/span>\n\t\t\t\t\t<\/div>\n\n\t\t\t\t\t<!-- thumb icon \/ counter, caption  -->\n\t\t\t\t\t<div class=\"m-cegCarousel__captionCnt m-cegCaption\">\n\t\t\t\t\t\t<span class=\"m-cegCaption__thumbIcon a-cegThumbIcon _ce_measure_widget _ce_measure_link\"\n\t\t\t\t\t\t\t  data-ce-measure-widget=\"thumbnails-btn\"\n\t\t\t\t\t\t\t  data-ce-measure-widget=\"gallery-thumbnails\"><i class=\" fa fa-th-large\"><\/i><\/span>\n\t\t\t\t\t\t<span class=\"m-cegCaption__pagination a-cegPagination\">\n\t\t\t\t\t\t\t<span class=\"a-cegPagination__current\">5<\/span>\/9\t\t\t\t\t\t<\/span>\n\t\t\t\t\t\t<span class=\"m-cegCaption__caption\">holegballon-fesztival4<\/span>\n\t\t\t\t\t<\/div>\n\n\t\t\t\t\t<!-- Image description -->\n\t\t\t\t\t<div class=\"m-cegCarousel__desc a-cegDesc\">Sz\u00e1ll\u00f3 h\u0151l\u00e9gballonok a k\u00e9zdiv\u00e1s\u00e1rhelyi fesztiv\u00e1lon. Fot\u00f3: MTI\/K\u00e1tai Edit<\/div>\n\n\t\t\t\t\t<!-- Image social share icons -->\n\t\t\t\t\t<div class=\"m-cegCarousel__socialCnt m-cegSocial\">\n\t\t\t\t\t\t<span class=\"m-cegSocial__text\">Fot\u00f3 megoszt\u00e1sa:<\/span><span class=\"m-cegSocial__iconWrap\"><span class=\"m-cegSocial__icon -facebook _ce_measure_link _ce_measure_widget\" data-ce-measure-widget=\"facebookGallery-btn\"><i class=\"fab fa-facebook-f\"><\/i><\/span><span class=\"m-cegSocial__icon -pinterest _ce_measure_link _ce_measure_widget\" data-ce-measure-widget=\"printeresGallery-btn\"><i class=\"fab fa-pinterest-p\"><\/i><\/span><span class=\"m-cegSocial__icon -email _ce_measure_link _ce_measure_widget\" data-ce-measure-widget=\"emailGallery-btn\"><i class=\"far fa-envelope\"><\/i><\/span><span class=\"m-cegSocial__icon -clipboard _ce_measure_link _ce_measure_widget\" data-ce-measure-widget=\"clipboardGallery-btn\"><i class=\"fa fa-link\"><\/i><\/span><\/span>\t\t\t\t\t<\/div>\n\t\t\t\t<\/div>\n\t\t\t\t\t\t\t\n\t\t\t\t<div\n\t\t\t\t\tclass=\"m-cegCarousel__item\"\n\t\t\t\t\tdata-type=\"image\"\n\t\t\t\t\tdata-id=\"1\/6\/holegballon-fesztival5-scaled\"\n\t\t\t\t\tdata-image-url=\"https:\/\/www.startlap.hu\/utazas\/uploads\/sites\/3\/2023\/09\/holegballon-fesztival5-scaled.jpg\"\n\t\t\t\t\tdata-title=\"holegballon-fesztival5\"\n\t\t\t\t\tdata-desc=\"K\u00e9zdiv\u00e1s\u00e1rhely l\u00e1tk\u00e9pe. Fot\u00f3: MTI\/K\u00e1tai Edit\">\n\n\t\t\t\t\t<!-- image -->\n\t\t\t\t\t<div class=\"m-cegCarousel__floatingCnt\">\n\t\t\t\t\t\t<img decoding=\"async\" src=\"https:\/\/www.startlap.hu\/utazas\/uploads\/sites\/3\/2023\/09\/holegballon-fesztival5-scaled.jpg\" class=\"m-cegCarousel__image\" alt=\"K\u00e9zdiv\u00e1s\u00e1rhely l\u00e1tk\u00e9pe\" \/>\t\t\t\t\t\t<span class=\"fa m-cegCarousel__zoom _ce_measure_link _ce_measure_widget\" data-ce-measure-widget=\"gallery-zoom-btn\"><\/span>\n\t\t\t\t\t<\/div>\n\n\t\t\t\t\t<!-- thumb icon \/ counter, caption  -->\n\t\t\t\t\t<div class=\"m-cegCarousel__captionCnt m-cegCaption\">\n\t\t\t\t\t\t<span class=\"m-cegCaption__thumbIcon a-cegThumbIcon _ce_measure_widget _ce_measure_link\"\n\t\t\t\t\t\t\t  data-ce-measure-widget=\"thumbnails-btn\"\n\t\t\t\t\t\t\t  data-ce-measure-widget=\"gallery-thumbnails\"><i class=\" fa fa-th-large\"><\/i><\/span>\n\t\t\t\t\t\t<span class=\"m-cegCaption__pagination a-cegPagination\">\n\t\t\t\t\t\t\t<span class=\"a-cegPagination__current\">6<\/span>\/9\t\t\t\t\t\t<\/span>\n\t\t\t\t\t\t<span class=\"m-cegCaption__caption\">holegballon-fesztival5<\/span>\n\t\t\t\t\t<\/div>\n\n\t\t\t\t\t<!-- Image description -->\n\t\t\t\t\t<div class=\"m-cegCarousel__desc a-cegDesc\">K\u00e9zdiv\u00e1s\u00e1rhely l\u00e1tk\u00e9pe. Fot\u00f3: MTI\/K\u00e1tai Edit<\/div>\n\n\t\t\t\t\t<!-- Image social share icons -->\n\t\t\t\t\t<div class=\"m-cegCarousel__socialCnt m-cegSocial\">\n\t\t\t\t\t\t<span class=\"m-cegSocial__text\">Fot\u00f3 megoszt\u00e1sa:<\/span><span class=\"m-cegSocial__iconWrap\"><span class=\"m-cegSocial__icon -facebook _ce_measure_link _ce_measure_widget\" data-ce-measure-widget=\"facebookGallery-btn\"><i class=\"fab fa-facebook-f\"><\/i><\/span><span class=\"m-cegSocial__icon -pinterest _ce_measure_link _ce_measure_widget\" data-ce-measure-widget=\"printeresGallery-btn\"><i class=\"fab fa-pinterest-p\"><\/i><\/span><span class=\"m-cegSocial__icon -email _ce_measure_link _ce_measure_widget\" data-ce-measure-widget=\"emailGallery-btn\"><i class=\"far fa-envelope\"><\/i><\/span><span class=\"m-cegSocial__icon -clipboard _ce_measure_link _ce_measure_widget\" data-ce-measure-widget=\"clipboardGallery-btn\"><i class=\"fa fa-link\"><\/i><\/span><\/span>\t\t\t\t\t<\/div>\n\t\t\t\t<\/div>\n\t\t\t\t\t\t\t\n\t\t\t\t<div\n\t\t\t\t\tclass=\"m-cegCarousel__item\"\n\t\t\t\t\tdata-type=\"image\"\n\t\t\t\t\tdata-id=\"1\/7\/holegballon-fesztival6-scaled\"\n\t\t\t\t\tdata-image-url=\"https:\/\/www.startlap.hu\/utazas\/uploads\/sites\/3\/2023\/09\/holegballon-fesztival6-scaled.jpg\"\n\t\t\t\t\tdata-title=\"holegballon-fesztival6\"\n\t\t\t\t\tdata-desc=\"Sz\u00e1ll\u00f3 h\u0151l\u00e9gballonok a k\u00e9zdiv\u00e1s\u00e1rhelyi fesztiv\u00e1lon. Fot\u00f3: MTI\/K\u00e1tai Edit\">\n\n\t\t\t\t\t<!-- image -->\n\t\t\t\t\t<div class=\"m-cegCarousel__floatingCnt\">\n\t\t\t\t\t\t<img decoding=\"async\" src=\"https:\/\/www.startlap.hu\/utazas\/uploads\/sites\/3\/2023\/09\/holegballon-fesztival6-scaled.jpg\" class=\"m-cegCarousel__image\" alt=\"Felsz\u00e1ll\u00f3 h\u0151l\u00e9gballonok a m\u00e1sodik alkalommal, tizenk\u00e9t erd\u00e9lyi \u00e9s magyarorsz\u00e1gi csapat r\u00e9szv\u00e9tel\u00e9vel megrendezett X Balloon Fest h\u0151l\u00e9gballon-fesztiv\u00e1lon\" \/>\t\t\t\t\t\t<span class=\"fa m-cegCarousel__zoom _ce_measure_link _ce_measure_widget\" data-ce-measure-widget=\"gallery-zoom-btn\"><\/span>\n\t\t\t\t\t<\/div>\n\n\t\t\t\t\t<!-- thumb icon \/ counter, caption  -->\n\t\t\t\t\t<div class=\"m-cegCarousel__captionCnt m-cegCaption\">\n\t\t\t\t\t\t<span class=\"m-cegCaption__thumbIcon a-cegThumbIcon _ce_measure_widget _ce_measure_link\"\n\t\t\t\t\t\t\t  data-ce-measure-widget=\"thumbnails-btn\"\n\t\t\t\t\t\t\t  data-ce-measure-widget=\"gallery-thumbnails\"><i class=\" fa fa-th-large\"><\/i><\/span>\n\t\t\t\t\t\t<span class=\"m-cegCaption__pagination a-cegPagination\">\n\t\t\t\t\t\t\t<span class=\"a-cegPagination__current\">7<\/span>\/9\t\t\t\t\t\t<\/span>\n\t\t\t\t\t\t<span class=\"m-cegCaption__caption\">holegballon-fesztival6<\/span>\n\t\t\t\t\t<\/div>\n\n\t\t\t\t\t<!-- Image description -->\n\t\t\t\t\t<div class=\"m-cegCarousel__desc a-cegDesc\">Sz\u00e1ll\u00f3 h\u0151l\u00e9gballonok a k\u00e9zdiv\u00e1s\u00e1rhelyi fesztiv\u00e1lon. Fot\u00f3: MTI\/K\u00e1tai Edit<\/div>\n\n\t\t\t\t\t<!-- Image social share icons -->\n\t\t\t\t\t<div class=\"m-cegCarousel__socialCnt m-cegSocial\">\n\t\t\t\t\t\t<span class=\"m-cegSocial__text\">Fot\u00f3 megoszt\u00e1sa:<\/span><span class=\"m-cegSocial__iconWrap\"><span class=\"m-cegSocial__icon -facebook _ce_measure_link _ce_measure_widget\" data-ce-measure-widget=\"facebookGallery-btn\"><i class=\"fab fa-facebook-f\"><\/i><\/span><span class=\"m-cegSocial__icon -pinterest _ce_measure_link _ce_measure_widget\" data-ce-measure-widget=\"printeresGallery-btn\"><i class=\"fab fa-pinterest-p\"><\/i><\/span><span class=\"m-cegSocial__icon -email _ce_measure_link _ce_measure_widget\" data-ce-measure-widget=\"emailGallery-btn\"><i class=\"far fa-envelope\"><\/i><\/span><span class=\"m-cegSocial__icon -clipboard _ce_measure_link _ce_measure_widget\" data-ce-measure-widget=\"clipboardGallery-btn\"><i class=\"fa fa-link\"><\/i><\/span><\/span>\t\t\t\t\t<\/div>\n\t\t\t\t<\/div>\n\t\t\t\t\t\t\t\t\t\t\t\t<div\n\t\t\t\t\t\tclass=\"m-cegCarousel__item -banner\"\n\t\t\t\t\t\tdata-type=\"banner\"\n\t\t\t\t\t\tdata-id=\"1\/8\/banner\"\n\t\t\t\t\t\tdata-image-url=\"\"\n\t\t\t\t\t\tdata-title=\"\"\n\t\t\t\t\t\tdata-desc=\"\">\n\n\t\t\t\t\t\t<div class=\"m-cegCarousel__floatingCnt banner-container gallery-content020\"><\/div>\n\n\t\t\t\t\t<\/div>\n\t\t\t\t\t\t\t\t\t\n\t\t\t\t<div\n\t\t\t\t\tclass=\"m-cegCarousel__item\"\n\t\t\t\t\tdata-type=\"image\"\n\t\t\t\t\tdata-id=\"1\/9\/holegballon-fesztival7-scaled\"\n\t\t\t\t\tdata-image-url=\"https:\/\/www.startlap.hu\/utazas\/uploads\/sites\/3\/2023\/09\/holegballon-fesztival7-scaled.jpg\"\n\t\t\t\t\tdata-title=\"holegballon-fesztival7\"\n\t\t\t\t\tdata-desc=\" Kov\u00e1cs Gyula, a rendezv\u00e9ny \u00f6tletgazd\u00e1ja (b2) felsz\u00e1ll\u00e1sra k\u00e9sz\u00fcl a m\u00e1sodik alkalommal, tizenk\u00e9t erd\u00e9lyi \u00e9s magyarorsz\u00e1gi csapat r\u00e9szv\u00e9tel\u00e9vel megrendezett X Balloon Fest h\u0151l\u00e9gballon-fesztiv\u00e1lon a K\u00e9zdiv\u00e1s\u00e1rhely melletti Fortyog\u00f3f\u00fcrd\u0151n 2023. szeptember 18-\u00e1n. Fot\u00f3: MTI\/K\u00e1tai Edit\">\n\n\t\t\t\t\t<!-- image -->\n\t\t\t\t\t<div class=\"m-cegCarousel__floatingCnt\">\n\t\t\t\t\t\t<img decoding=\"async\" src=\"https:\/\/www.startlap.hu\/utazas\/uploads\/sites\/3\/2023\/09\/holegballon-fesztival7-scaled.jpg\" class=\"m-cegCarousel__image\" alt=\"Kov\u00e1cs Gyula, a rendezv\u00e9ny \u00f6tletgazd\u00e1ja (b2) felsz\u00e1ll\u00e1sra k\u00e9sz\u00fcl a h\u0151l\u00e9gballon fesztiv\u00e1lon\" \/>\t\t\t\t\t\t<span class=\"fa m-cegCarousel__zoom _ce_measure_link _ce_measure_widget\" data-ce-measure-widget=\"gallery-zoom-btn\"><\/span>\n\t\t\t\t\t<\/div>\n\n\t\t\t\t\t<!-- thumb icon \/ counter, caption  -->\n\t\t\t\t\t<div class=\"m-cegCarousel__captionCnt m-cegCaption\">\n\t\t\t\t\t\t<span class=\"m-cegCaption__thumbIcon a-cegThumbIcon _ce_measure_widget _ce_measure_link\"\n\t\t\t\t\t\t\t  data-ce-measure-widget=\"thumbnails-btn\"\n\t\t\t\t\t\t\t  data-ce-measure-widget=\"gallery-thumbnails\"><i class=\" fa fa-th-large\"><\/i><\/span>\n\t\t\t\t\t\t<span class=\"m-cegCaption__pagination a-cegPagination\">\n\t\t\t\t\t\t\t<span class=\"a-cegPagination__current\">9<\/span>\/9\t\t\t\t\t\t<\/span>\n\t\t\t\t\t\t<span class=\"m-cegCaption__caption\">holegballon-fesztival7<\/span>\n\t\t\t\t\t<\/div>\n\n\t\t\t\t\t<!-- Image description -->\n\t\t\t\t\t<div class=\"m-cegCarousel__desc a-cegDesc\"> Kov\u00e1cs Gyula, a rendezv\u00e9ny \u00f6tletgazd\u00e1ja (b2) felsz\u00e1ll\u00e1sra k\u00e9sz\u00fcl a m\u00e1sodik alkalommal, tizenk\u00e9t erd\u00e9lyi \u00e9s magyarorsz\u00e1gi csapat r\u00e9szv\u00e9tel\u00e9vel megrendezett X Balloon Fest h\u0151l\u00e9gballon-fesztiv\u00e1lon a K\u00e9zdiv\u00e1s\u00e1rhely melletti Fortyog\u00f3f\u00fcrd\u0151n 2023. szeptember 18-\u00e1n. Fot\u00f3: MTI\/K\u00e1tai Edit<\/div>\n\n\t\t\t\t\t<!-- Image social share icons -->\n\t\t\t\t\t<div class=\"m-cegCarousel__socialCnt m-cegSocial\">\n\t\t\t\t\t\t<span class=\"m-cegSocial__text\">Fot\u00f3 megoszt\u00e1sa:<\/span><span class=\"m-cegSocial__iconWrap\"><span class=\"m-cegSocial__icon -facebook _ce_measure_link _ce_measure_widget\" data-ce-measure-widget=\"facebookGallery-btn\"><i class=\"fab fa-facebook-f\"><\/i><\/span><span class=\"m-cegSocial__icon -pinterest _ce_measure_link _ce_measure_widget\" data-ce-measure-widget=\"printeresGallery-btn\"><i class=\"fab fa-pinterest-p\"><\/i><\/span><span class=\"m-cegSocial__icon -email _ce_measure_link _ce_measure_widget\" data-ce-measure-widget=\"emailGallery-btn\"><i class=\"far fa-envelope\"><\/i><\/span><span class=\"m-cegSocial__icon -clipboard _ce_measure_link _ce_measure_widget\" data-ce-measure-widget=\"clipboardGallery-btn\"><i class=\"fa fa-link\"><\/i><\/span><\/span>\t\t\t\t\t<\/div>\n\t\t\t\t<\/div>\n\t\t\t\t\t\t\t\t<\/div>\n\t\t<div class=\"m-cegLayer__thumbnails m-cegThumbList _ce_measure_widget\" data-ce-measure-widget=\"gallery-thumb-list\">\n\t\t\t\t\t\t\t\t\t\t\t<div class=\"m-cegThumbList__item\"\n\t\t\t\t\tdata-id=\"1\/1\/holegballon-fesztival-scaled\"\n\t\t\t\t\tdata-index=\"0\">\n\t\t\t\t\t<img decoding=\"async\" src=\"https:\/\/www.startlap.hu\/utazas\/uploads\/sites\/3\/2023\/09\/holegballon-fesztival-scaled.jpg\" class=\"m-cegThumbList__image _ce_measure_link\" alt=\"Felsz\u00e1ll\u00f3 h\u0151l\u00e9gballonok a m\u00e1sodik alkalommal, tizenk\u00e9t erd\u00e9lyi \u00e9s magyarorsz\u00e1gi csapat r\u00e9szv\u00e9tel\u00e9vel megrendezett X Balloon Fest h\u0151l\u00e9gballon-fesztiv\u00e1lon\" \/>\t\t\t\t<\/div>\n\t\t\t\t\t\t\t\t\t\t\t<div class=\"m-cegThumbList__item\"\n\t\t\t\t\tdata-id=\"1\/2\/holegballon-fesztival2-scaled\"\n\t\t\t\t\tdata-index=\"1\">\n\t\t\t\t\t<img decoding=\"async\" src=\"https:\/\/www.startlap.hu\/utazas\/uploads\/sites\/3\/2023\/09\/holegballon-fesztival2-scaled.jpg\" class=\"m-cegThumbList__image _ce_measure_link\" alt=\"Felsz\u00e1ll\u00f3 h\u0151l\u00e9gballonok a m\u00e1sodik alkalommal, tizenk\u00e9t erd\u00e9lyi \u00e9s magyarorsz\u00e1gi csapat r\u00e9szv\u00e9tel\u00e9vel megrendezett X Balloon Fest h\u0151l\u00e9gballon-fesztiv\u00e1lon\" \/>\t\t\t\t<\/div>\n\t\t\t\t\t\t\t\t\t\t\t<div class=\"m-cegThumbList__item\"\n\t\t\t\t\tdata-id=\"1\/3\/holegballon-fesztival3-scaled\"\n\t\t\t\t\tdata-index=\"2\">\n\t\t\t\t\t<img decoding=\"async\" src=\"https:\/\/www.startlap.hu\/utazas\/uploads\/sites\/3\/2023\/09\/holegballon-fesztival3-scaled.jpg\" class=\"m-cegThumbList__image _ce_measure_link\" alt=\"Felsz\u00e1ll\u00f3 h\u0151l\u00e9gballonok a m\u00e1sodik alkalommal, tizenk\u00e9t erd\u00e9lyi \u00e9s magyarorsz\u00e1gi csapat r\u00e9szv\u00e9tel\u00e9vel megrendezett X Balloon Fest h\u0151l\u00e9gballon-fesztiv\u00e1lon\" \/>\t\t\t\t<\/div>\n\t\t\t\t\t\t\t\t\t\t\t\t\t\t\t<div class=\"m-cegThumbList__item\"\n\t\t\t\t\tdata-id=\"1\/5\/holegballon-fesztival4-scaled\"\n\t\t\t\t\tdata-index=\"4\">\n\t\t\t\t\t<img decoding=\"async\" src=\"https:\/\/www.startlap.hu\/utazas\/uploads\/sites\/3\/2023\/09\/holegballon-fesztival4-scaled.jpg\" class=\"m-cegThumbList__image _ce_measure_link\" alt=\"Felsz\u00e1ll\u00f3 h\u0151l\u00e9gballonok a m\u00e1sodik alkalommal, tizenk\u00e9t erd\u00e9lyi \u00e9s magyarorsz\u00e1gi csapat r\u00e9szv\u00e9tel\u00e9vel megrendezett X Balloon Fest h\u0151l\u00e9gballon-fesztiv\u00e1lon\" \/>\t\t\t\t<\/div>\n\t\t\t\t\t\t\t\t\t\t\t<div class=\"m-cegThumbList__item\"\n\t\t\t\t\tdata-id=\"1\/6\/holegballon-fesztival5-scaled\"\n\t\t\t\t\tdata-index=\"5\">\n\t\t\t\t\t<img decoding=\"async\" src=\"https:\/\/www.startlap.hu\/utazas\/uploads\/sites\/3\/2023\/09\/holegballon-fesztival5-scaled.jpg\" class=\"m-cegThumbList__image _ce_measure_link\" alt=\"K\u00e9zdiv\u00e1s\u00e1rhely l\u00e1tk\u00e9pe\" \/>\t\t\t\t<\/div>\n\t\t\t\t\t\t\t\t\t\t\t<div class=\"m-cegThumbList__item\"\n\t\t\t\t\tdata-id=\"1\/7\/holegballon-fesztival6-scaled\"\n\t\t\t\t\tdata-index=\"6\">\n\t\t\t\t\t<img decoding=\"async\" src=\"https:\/\/www.startlap.hu\/utazas\/uploads\/sites\/3\/2023\/09\/holegballon-fesztival6-scaled.jpg\" class=\"m-cegThumbList__image _ce_measure_link\" alt=\"Felsz\u00e1ll\u00f3 h\u0151l\u00e9gballonok a m\u00e1sodik alkalommal, tizenk\u00e9t erd\u00e9lyi \u00e9s magyarorsz\u00e1gi csapat r\u00e9szv\u00e9tel\u00e9vel megrendezett X Balloon Fest h\u0151l\u00e9gballon-fesztiv\u00e1lon\" \/>\t\t\t\t<\/div>\n\t\t\t\t\t\t\t\t\t\t\t\t\t\t\t<div class=\"m-cegThumbList__item\"\n\t\t\t\t\tdata-id=\"1\/9\/holegballon-fesztival7-scaled\"\n\t\t\t\t\tdata-index=\"8\">\n\t\t\t\t\t<img decoding=\"async\" src=\"https:\/\/www.startlap.hu\/utazas\/uploads\/sites\/3\/2023\/09\/holegballon-fesztival7-scaled.jpg\" class=\"m-cegThumbList__image _ce_measure_link\" alt=\"Kov\u00e1cs Gyula, a rendezv\u00e9ny \u00f6tletgazd\u00e1ja (b2) felsz\u00e1ll\u00e1sra k\u00e9sz\u00fcl a h\u0151l\u00e9gballon fesztiv\u00e1lon\" \/>\t\t\t\t<\/div>\n\t\t\t\t\t<\/div>\n\t<\/div>\n\t<div class=\"m-cegLayer__sidebar m-cegSidebar _ce_measure_widget\" data-ce-measure-widget=\"gallery-sidebar\">\n\n\t\t<div class=\"m-cegSidebar__desc a-cegDesc _ce_measure_widget\" data-ce-measure-widget=\"gallery-desc\"><\/div>\n\n\t\t<div class=\"m-cegSidebar__socialCnt m-cegSocial -sidebar _ce_measure_widget\" data-ce-measure-widget=\"gallery-social\">\n\t\t\t<span class=\"m-cegSocial__text\">Fot\u00f3 megoszt\u00e1sa:<\/span><span class=\"m-cegSocial__iconWrap\"><span class=\"m-cegSocial__icon -facebook _ce_measure_link _ce_measure_widget\" data-ce-measure-widget=\"facebookGallery-btn\"><i class=\"fab fa-facebook-f\"><\/i><\/span><span class=\"m-cegSocial__icon -pinterest _ce_measure_link _ce_measure_widget\" data-ce-measure-widget=\"printeresGallery-btn\"><i class=\"fab fa-pinterest-p\"><\/i><\/span><span class=\"m-cegSocial__icon -email _ce_measure_link _ce_measure_widget\" data-ce-measure-widget=\"emailGallery-btn\"><i class=\"far fa-envelope\"><\/i><\/span><span class=\"m-cegSocial__icon -clipboard _ce_measure_link _ce_measure_widget\" data-ce-measure-widget=\"clipboardGallery-btn\"><i class=\"fa fa-link\"><\/i><\/span><\/span>\t\t<\/div>\n\n\t\t<div class=\"gallery-right010 banner-container\"><\/div>\n\t\t<div class=\"gallery-right020 banner-container\"><\/div>\n\n\t<\/div>\n<\/div>\n\t<\/div>\n\n\t<script>\n\t\tjQuery(function () {\n\t\t\tvar id = '#cegPostCnt_1';\n\t\t\tjQuery( id ).articleGallery({\n\t\t\t\tonChanged: function (event) {\n\t\t\t\t\t\tthis.renderSidebarCTS( 'gallery-right010' );\n\t\t\t\t\t\tthis.renderSidebarCTS( 'gallery-right020' );\n\t\t\t\t\t\tthis.renderBannerSlideCTS(  event,\n\t\t\t\t\t\t\t\t\t\t\t\t\t[\n\t\t\t\t\t\t\t\t\t\t\t\t\t\t'gallery-content010',\n\t\t\t\t\t\t\t\t\t\t\t\t\t\t'gallery-content020',\n\t\t\t\t\t\t\t\t\t\t\t\t\t\t'gallery-content030'\n\t\t\t\t\t\t\t\t\t\t\t\t\t]);\n\t\t\t\t}\n\t\t\t});\n\t\t});\n\t<\/script>\t\n<p>A <a href=\"https:\/\/maszol.ro\/belfold\/Holegballonok-paradeja-Kezdivasarhelyen\" target=\"_blank\" target=\"_blank\" rel=\"noopener noreferrer\">Maszol.ro<\/a> besz\u00e1mol\u00f3ja szerint a rendk\u00edv\u00fcl l\u00e1tv\u00e1nyos rendezv\u00e9ny sok \u00e9rdekl\u0151d\u0151t vonzott, m\u00e1s megy\u00e9kb\u0151l is sz\u00e9p sz\u00e1mban \u00e9rkezetek a K\u00e9zdiv\u00e1s\u00e1rhely melletti Fortyog\u00f3f\u00fcrd\u0151re ak\u00e1r rep\u00fclni, ak\u00e1r csak b\u00e1m\u00e9szkodni. Mint \u00edrj\u00e1k, nem csak a ballonok par\u00e1d\u00e9ztak: t\u00f6bb motoros sikl\u00f3erny\u0151 szelte az eget kereszt\u00fcl kasul, az is rendk\u00edv\u00fcl l\u00e1tv\u00e1nyos volt, ahogyan a g\u00e9pek a lassan lebeg\u0151 g\u00f6mb\u00f6k mellett k\u00f6r\u00f6ztek.<\/p>\n<div class=\"o-widget m-readMoreWidget -readMore u-shortDecorLineAfter row widget-container _ce_measure_widget bigdata-widget read-more\" data-ce-measure-widget=\"olvass tov\u00e1bb\">\n\t<div class=\"m-readMoreWidget__imgWrapper image-wrapper col-12 col-md-4 no-p\">\n\t\t<a class=\"m-readMoreWidget__imgLink\" href=\"https:\/\/www.startlap.hu\/utazas\/horvatorszag-hatar-menti-helyek\/\" >\n\t\t\t<img decoding=\"async\" src=\"https:\/\/www.startlap.hu\/utazas\/uploads\/sites\/3\/2023\/08\/Jankovaci-Erd\u0151park-350x285.jpg\" class=\"m-readMoreWidget__img\">\n\t\t<\/a>\n\t<\/div>\n\t<div class=\"m-readMoreWidget__titleWrapper title-wrapper col-12 col-md-8\">\n\t\t<span class=\"m-readMoreWidget__titleLabel u-shortDecorLineBefore label hidden-sm-up\">Ez is \u00e9rdekelhet:<\/span>\n\t\t<h3 class=\"m-readMoreWidget__title title\">\n\t\t\t<a class=\"m-readMoreWidget__titleLink -secondFont u-bold u-upperCase\" href=\"https:\/\/www.startlap.hu\/utazas\/horvatorszag-hatar-menti-helyek\/\" >Hat\u00e1rk\u00f6zeli l\u00e1tnival\u00f3k Horv\u00e1torsz\u00e1gban, amik \u0151sszel is remek \u00fati c\u00e9lok<\/a>\n\t\t<\/h3>\n\t\t<a class=\"m-readMoreWidget__btn -coloredBack u-tC link\" href=\"https:\/\/www.startlap.hu\/utazas\/horvatorszag-hatar-menti-helyek\/\" >Elolvasom<\/a>\n\t<\/div>\n<\/div>\n","protected":false},"excerpt":{"rendered":"<p>A K\u00e9zdiv\u00e1s\u00e1rhely melletti Fortyog\u00f3f\u00fcrd\u0151n rendezt\u00e9k az X Balloon Fest h\u0151l\u00e9gballon-fesztiv\u00e1lt vas\u00e1rnap.<\/p>\n","protected":false},"author":45,"featured_media":63057,"comment_status":"closed","ping_status":"closed","sticky":false,"template":"","format":"standard","meta":{"footnotes":""},"categories":[70],"tags":[6812],"class_list":["post-63050","post","type-post","status-publish","format-standard","has-post-thumbnail","hentry","category-vilag","tag-holegballon"],"aioseo_notices":[],"_links":{"self":[{"href":"https:\/\/www.startlap.hu\/utazas\/wp-json\/wp\/v2\/posts\/63050","targetHints":{"allow":["GET"]}}],"collection":[{"href":"https:\/\/www.startlap.hu\/utazas\/wp-json\/wp\/v2\/posts"}],"about":[{"href":"https:\/\/www.startlap.hu\/utazas\/wp-json\/wp\/v2\/types\/post"}],"author":[{"embeddable":true,"href":"https:\/\/www.startlap.hu\/utazas\/wp-json\/wp\/v2\/users\/45"}],"replies":[{"embeddable":true,"href":"https:\/\/www.startlap.hu\/utazas\/wp-json\/wp\/v2\/comments?post=63050"}],"version-history":[{"count":2,"href":"https:\/\/www.startlap.hu\/utazas\/wp-json\/wp\/v2\/posts\/63050\/revisions"}],"predecessor-version":[{"id":63059,"href":"https:\/\/www.startlap.hu\/utazas\/wp-json\/wp\/v2\/posts\/63050\/revisions\/63059"}],"wp:featuredmedia":[{"embeddable":true,"href":"https:\/\/www.startlap.hu\/utazas\/wp-json\/wp\/v2\/media\/63057"}],"wp:attachment":[{"href":"https:\/\/www.startlap.hu\/utazas\/wp-json\/wp\/v2\/media?parent=63050"}],"wp:term":[{"taxonomy":"category","embeddable":true,"href":"https:\/\/www.startlap.hu\/utazas\/wp-json\/wp\/v2\/categories?post=63050"},{"taxonomy":"post_tag","embeddable":true,"href":"https:\/\/www.startlap.hu\/utazas\/wp-json\/wp\/v2\/tags?post=63050"}],"curies":[{"name":"wp","href":"https:\/\/api.w.org\/{rel}","templated":true}]}}