{"id":62063,"date":"2023-08-24T17:08:38","date_gmt":"2023-08-24T15:08:38","guid":{"rendered":"https:\/\/www.startlap.hu\/utazas\/?p=62063"},"modified":"2023-08-24T17:16:52","modified_gmt":"2023-08-24T15:16:52","slug":"debrecen-villamos-zene-augusztus-20","status":"publish","type":"post","link":"https:\/\/www.startlap.hu\/utazas\/debrecen-villamos-zene-augusztus-20\/","title":{"rendered":"\u00cdgy zen\u00e9lt a debreceni villamos augusztus 20-\u00e1n"},"content":{"rendered":"<p>Augusztus 19-\u00e9n, szombaton \u00e9s augusztus 20-\u00e1n, vas\u00e1rnap zen\u00e9vel egybek\u00f6t\u00f6tt utaz\u00e1son vehettek r\u00e9szt azok, akik az 1-es villamos vonal\u00e1n utaztak &#8211; \u00edrta a <a href=\"https:\/\/debreceninap.hu\/helyi\/2023\/08\/19\/imadjak-az-utasok-a-debreceni-zenes-villamost-a-karneval-napjan-is-elcsiphetjuk\/?\" target=\"_blank\" target=\"_blank\" rel=\"noopener noreferrer\">Debreceninap.hu<\/a>.&nbsp;<\/p>\n<p><iframe loading=\"lazy\" width=\"750\" height=\"590\" frameborder=\"0\" src=\"https:\/\/www.facebook.com\/plugins\/post.php?href=https%3A%2F%2Fwww.facebook.com%2Fdkvdebrecen%2Fposts%2Fpfbid02p76fqZBfoznFmtRiKXa4KrHyzhAanR4k9RRVX27fyUajeqCV6s9n9si82yUjFFWXl&amp;width=750&amp;show_text=true&amp;height=590&amp;appId\"><\/iframe>&nbsp;<\/p>\n<p>Minden esztend\u0151ben vir\u00e1gba borul <strong><a href=\"https:\/\/www.startlap.hu\/utazas\/debrecen-vorospanda-macskamedve-fotok\/\" target=\"_blank\" rel=\"noopener noreferrer\">Debrecen<\/a><\/strong>, hiszen az orsz\u00e1g legnagyobb karnev\u00e1lj\u00e1t rendezik a c\u00edvisv\u00e1rosban. Sz\u00e1mtalan vir\u00e1gkocsi, rengeteg t\u00e1ncos \u00e9s zen\u00e9sz vonul fel ilyenkor a vir\u00e1gkarnev\u00e1lon.&nbsp;<\/p>\n<p><iframe loading=\"lazy\" width=\"750\" height=\"734\" frameborder=\"0\" src=\"https:\/\/www.facebook.com\/plugins\/video.php?href=https%3A%2F%2Fwww.facebook.com%2Fdkvdebrecen%2Fvideos%2F811002893822922%2F&amp;width=750&amp;show_text=false&amp;height=734&amp;appId\"><\/iframe>&nbsp;<\/p>\n<p>Nem is maradhatott ki ebb\u0151l a remek hangulatb\u00f3l az 1-es villamos vonal\u00e1n szolg\u00e1latot teljes\u00edt\u0151 j\u00e1rm\u0171 sem, hiszen az utasok legnagyobb \u00f6r\u00f6m\u00e9re, augusztus 19 szombaton, illetve nemzeti \u00fcnnep\u00fcnk\u00f6n, augusztus 20-\u00e1n vas\u00e1rnap is <strong>zen\u00e9s szolg\u00e1ltat\u00e1sban lehetett r\u00e9sze annak<\/strong>, aki 15 \u00e9s 16 \u00f3ra fele utazott rajta.<\/p>\n<div class=\"o-widget m-readMoreWidget -readMore u-shortDecorLineAfter row widget-container _ce_measure_widget bigdata-widget read-more\" data-ce-measure-widget=\"olvass tov\u00e1bb\">\n\t<div class=\"m-readMoreWidget__imgWrapper image-wrapper col-12 col-md-4 no-p\">\n\t\t<a class=\"m-readMoreWidget__imgLink\" href=\"https:\/\/www.startlap.hu\/utazas\/debreceni-viragkarneval-2023-fotok\/\" >\n\t\t\t<img decoding=\"async\" src=\"https:\/\/www.startlap.hu\/utazas\/uploads\/sites\/3\/2023\/08\/debreceni-viragkarneval-2023-3-350x285.jpg\" class=\"m-readMoreWidget__img\">\n\t\t<\/a>\n\t<\/div>\n\t<div class=\"m-readMoreWidget__titleWrapper title-wrapper col-12 col-md-8\">\n\t\t<span class=\"m-readMoreWidget__titleLabel u-shortDecorLineBefore label hidden-sm-up\">Ez is \u00e9rdekelhet:<\/span>\n\t\t<h3 class=\"m-readMoreWidget__title title\">\n\t\t\t<a class=\"m-readMoreWidget__titleLink -secondFont u-bold u-upperCase\" href=\"https:\/\/www.startlap.hu\/utazas\/debreceni-viragkarneval-2023-fotok\/\" >\u00cdme a debreceni vir\u00e1gkarnev\u00e1l leny\u0171g\u00f6z\u0151 alkot\u00e1sai<\/a>\n\t\t<\/h3>\n\t\t<a class=\"m-readMoreWidget__btn -coloredBack u-tC link\" href=\"https:\/\/www.startlap.hu\/utazas\/debreceni-viragkarneval-2023-fotok\/\" >Elolvasom<\/a>\n\t<\/div>\n<\/div>\n","protected":false},"excerpt":{"rendered":"<p>Hossz\u00fa \u00e9vtizedek \u00f3ta \u00f6sszeforrt a vir\u00e1gkarnev\u00e1l neve Debrecennel, ahol sz\u00e1mtalan kapcsol\u00f3d\u00f3 esem\u00e9ny j\u00e1r vele egy\u00fctt. P\u00e9ld\u00e1ul m\u00e9g a villamoson is vid\u00e1m zen\u00e9szekben lehet botlani. <\/p>\n","protected":false},"author":8,"featured_media":62068,"comment_status":"closed","ping_status":"closed","sticky":false,"template":"","format":"standard","meta":{"footnotes":""},"categories":[7],"tags":[2332,3315,2242],"class_list":["post-62063","post","type-post","status-publish","format-standard","has-post-thumbnail","hentry","category-belfold-utazas","tag-debreceni-viragkarneval","tag-villamos","tag-zene"],"aioseo_notices":[],"_links":{"self":[{"href":"https:\/\/www.startlap.hu\/utazas\/wp-json\/wp\/v2\/posts\/62063","targetHints":{"allow":["GET"]}}],"collection":[{"href":"https:\/\/www.startlap.hu\/utazas\/wp-json\/wp\/v2\/posts"}],"about":[{"href":"https:\/\/www.startlap.hu\/utazas\/wp-json\/wp\/v2\/types\/post"}],"author":[{"embeddable":true,"href":"https:\/\/www.startlap.hu\/utazas\/wp-json\/wp\/v2\/users\/8"}],"replies":[{"embeddable":true,"href":"https:\/\/www.startlap.hu\/utazas\/wp-json\/wp\/v2\/comments?post=62063"}],"version-history":[{"count":6,"href":"https:\/\/www.startlap.hu\/utazas\/wp-json\/wp\/v2\/posts\/62063\/revisions"}],"predecessor-version":[{"id":62070,"href":"https:\/\/www.startlap.hu\/utazas\/wp-json\/wp\/v2\/posts\/62063\/revisions\/62070"}],"wp:featuredmedia":[{"embeddable":true,"href":"https:\/\/www.startlap.hu\/utazas\/wp-json\/wp\/v2\/media\/62068"}],"wp:attachment":[{"href":"https:\/\/www.startlap.hu\/utazas\/wp-json\/wp\/v2\/media?parent=62063"}],"wp:term":[{"taxonomy":"category","embeddable":true,"href":"https:\/\/www.startlap.hu\/utazas\/wp-json\/wp\/v2\/categories?post=62063"},{"taxonomy":"post_tag","embeddable":true,"href":"https:\/\/www.startlap.hu\/utazas\/wp-json\/wp\/v2\/tags?post=62063"}],"curies":[{"name":"wp","href":"https:\/\/api.w.org\/{rel}","templated":true}]}}