{"id":6155,"date":"2020-01-30T17:03:56","date_gmt":"2020-01-30T16:03:56","guid":{"rendered":"https:\/\/www.startlap.hu\/utazas\/?p=6155"},"modified":"2020-01-30T22:15:47","modified_gmt":"2020-01-30T21:15:47","slug":"koronavirus-7000-ember-karantenban-az-olasz-oceanjaron","status":"publish","type":"post","link":"https:\/\/www.startlap.hu\/utazas\/koronavirus-7000-ember-karantenban-az-olasz-oceanjaron\/","title":{"rendered":"Koronav\u00edrus: 7000 ember rekedt az olasz \u00f3ce\u00e1nj\u00e1r\u00f3n"},"content":{"rendered":"<p>Mintegy h\u00e9tezer ember &#8211; k\u00f6z\u00f6tt\u00fck hatezer utas &#8211; <strong>rekedt<\/strong> cs\u00fct\u00f6rt\u00f6k reggel \u00f3ta a <strong>R\u00f3ma melletti Civitavecchia<\/strong> kik\u00f6t\u0151j\u00e9ben egy Palma de Mallorc\u00e1b\u00f3l \u00e9rkezett tengerj\u00e1r\u00f3 haj\u00f3n, miut\u00e1n <strong>k\u00e9t <a href=\"https:\/\/www.startlap.hu\/utazas\/koronavirus-itt-van-a-legveszelyesebb-orszagok-listaja\/\" target=\"_blank\" rel=\"noopener\">koronav\u00edrusfert\u0151z\u00e9s-gyan\u00fas<\/a><\/strong> esetet tal\u00e1ltak a haj\u00f3n &#8211; k\u00f6z\u00f6lt\u00e9k az olasz eg\u00e9szs\u00e9g\u00fcgyi hat\u00f3s\u00e1gok \u00e9s a Costa haj\u00f3z\u00e1si v\u00e1llalat.<\/p>\n<h2>Azonnal int\u00e9zkedtek az olaszok<\/h2>\n<figure id=\"attachment_6160\" aria-describedby=\"caption-attachment-6160\" style=\"width: 755px\" class=\"wp-caption alignnone\"><img loading=\"lazy\" decoding=\"async\" class=\"size-article-size-large-image wp-image-6160\" src=\"https:\/\/www.startlap.hu\/utazas\/uploads\/sites\/3\/2020\/01\/costa_smeralda_oceanjaro-755x503.jpg\" alt=\"\" width=\"755\" height=\"503\" srcset=\"https:\/\/www.startlap.hu\/utazas\/uploads\/sites\/3\/2020\/01\/costa_smeralda_oceanjaro-755x503.jpg 755w, https:\/\/www.startlap.hu\/utazas\/uploads\/sites\/3\/2020\/01\/costa_smeralda_oceanjaro-525x350.jpg 525w, https:\/\/www.startlap.hu\/utazas\/uploads\/sites\/3\/2020\/01\/costa_smeralda_oceanjaro.jpg 800w\" sizes=\"auto, (max-width: 755px) 100vw, 755px\" \/><figcaption id=\"caption-attachment-6160\" class=\"wp-caption-text\">A Costa Smeralda \u00f3ce\u00e1nj\u00e1r\u00f3 horgonyoz a R\u00f3ma k\u00f6zel\u00e9ben fekv\u0151 Civitavecchia kik\u00f6t\u0151j\u00e9ben 2020. janu\u00e1r 30-\u00e1n.<br \/>Fot\u00f3: MTI\/AP\/Andrew Medichini<\/figcaption><\/figure>\n<p>&#8222;Hajnalban kaptuk az \u00e9rtes\u00edt\u00e9st az eg\u00e9szs\u00e9g\u00fcgy-miniszt\u00e9riumb\u00f3l, h\u00e1rom orvost \u00e9s egy \u00e1pol\u00f3n\u0151t k\u00fcldt\u00fcnk a haj\u00f3ra a mintav\u00e9telhez&#8221; &#8211; k\u00f6z\u00f6lte a civitavecchiai eg\u00e9szs\u00e9g\u00fcgyi k\u00f6zpont (ASL). A Costa haj\u00f3t\u00e1rsas\u00e1g sz\u00f3viv\u0151je meger\u0151s\u00edtette, hogy mintegy 6000 utas van a haj\u00f3n, a t\u00f6bbiek a szem\u00e9lyzethez tartoznak.<\/p>\n<p>A mint\u00e1kat a fert\u0151z\u0151 betegs\u00e9gekre szakosodott r\u00f3mai Spallazani k\u00f3rh\u00e1zban elemzik &#8211; k\u00f6z\u00f6lte az ASL.<\/p>\n<blockquote class=\"article__extraTxt\"><p>A Costa Smeralda haj\u00f3orvosa jelezte cs\u00fct\u00f6rt\u00f6k\u00f6n az olasz kik\u00f6t\u0151i hat\u00f3s\u00e1goknak, hogy a haj\u00f3n egy k\u00ednai h\u00e1zasp\u00e1r tart\u00f3zkodik, a feles\u00e9g k\u00f6h\u00f6g \u00e9s magas l\u00e1za van.<\/p><\/blockquote>\n<h2>Egy maka\u00f3i h\u00e1zasp\u00e1rn\u00e1l fedezt\u00e9k fel a v\u00edrust<\/h2>\n<p>A <strong>Costa haj\u00f3t\u00e1rsas\u00e1g meger\u0151s\u00edtette<\/strong>, hogy \u00e9letbe l\u00e9ptett\u00e9k a gyan\u00fas esetekre vonatkoz\u00f3 elj\u00e1r\u00e1si rendet. Az 54 \u00e9ves maka\u00f3i n\u0151t \u00e9s f\u00e9rj\u00e9t a haj\u00f3 orvosi rendel\u0151j\u00e9ben karant\u00e9nba helyezt\u00e9k.<\/p>\n<p>Olasz m\u00e9dia\u00e9rtes\u00fcl\u00e9sek szerint <strong>a h\u00e1zasp\u00e1r janu\u00e1r 25-\u00e9n<\/strong> \u00e9rkezett Mil\u00e1n\u00f3ba <strong><a href=\"https:\/\/www.startlap.hu\/utazas\/koronavirus-hongkong-drasztikus-lepesre-szanta-el-magat\/\" target=\"_blank\" rel=\"noopener\">Hongkongb\u00f3l<\/a><\/strong>, majd Savon\u00e1ban sz\u00e1llt haj\u00f3ra.<\/p>\n<p>A Costa Smeralda, a Costa tengerj\u00e1r\u00f3 flotta z\u00e1szl\u00f3shaj\u00f3ja cs\u00fct\u00f6rt\u00f6k reggel \u00e9rkezett Civitavecchi\u00e1ba a Spanyolorsz\u00e1ghoz tartoz\u00f3 Palma de Mallorc\u00e1r\u00f3l, egyhetes f\u00f6ldk\u00f6zi-tengeri k\u00f6r\u00fat keret\u00e9ben.<\/p>\n<p>A haj\u00f3 a tervek szerint cs\u00fct\u00f6rt\u00f6k este indulna tov\u00e1bb az \u00e9szaknyugat-olaszorsz\u00e1gi La Spezi\u00e1ba.<\/p>\n<blockquote class=\"article__extraTxt\"><p>Az ANSA olasz h\u00edr\u00fcgyn\u00f6ks\u00e9g \u00e9rtes\u00fcl\u00e9se szerint a h\u00e1zasp\u00e1rral egy\u00fctt \u00f6sszesen 751 k\u00ednai turista tart\u00f3zkodik a haj\u00f3n.<\/p><\/blockquote>\n<h2>P\u00e1nikra jelenleg nincs semmi ok<\/h2>\n<p>A civitavecchiai kik\u00f6t\u0151 parancsnoka, a tartom\u00e1ny parti \u0151rs\u00e9g\u00e9nek parancsnoka, Vincenzo Leone szerint &#8222;a haj\u00f3 fed\u00e9lzet\u00e9n nyugodt a helyzet&#8221;.<\/p>\n<p>A Sz\u00f3fi\u00e1ban tart\u00f3zkod\u00f3 Giuseppe Conte olasz korm\u00e1nyf\u0151 olasz \u00fajs\u00e1g\u00edr\u00f3kkal k\u00f6z\u00f6lte, hogy mindenr\u0151l t\u00e1j\u00e9koztatj\u00e1k, hogy sz\u00fcks\u00e9g eset\u00e9n el\u0151vigy\u00e1zatoss\u00e1gi int\u00e9zked\u00e9seket l\u00e9ptethessen \u00e9letbe.<\/p>\n<blockquote class=\"article__extraTxt\"><p>\u00d3vott ugyanakkor a p\u00e1nikt\u00f3l, mert az olasz hat\u00f3s\u00e1gok &#8222;minden sz\u00fcks\u00e9ges int\u00e9zked\u00e9st megtesznek a koronav\u00edrus jelentette vesz\u00e9lyekkel szemben&#8221;.<\/p><\/blockquote>\n<p>Silvio Brusaferro, az olasz k\u00f6zeg\u00e9szs\u00e9g\u00fcgyi int\u00e9zet vezet\u0151je cs\u00fct\u00f6rt\u00f6k\u00f6n \u00fajs\u00e1g\u00edr\u00f3k el\u0151tt elmondta, hogy eddig minden gyan\u00fas eset negat\u00edvnak bizonyult.<\/p>\n<p>&nbsp;<\/p>\n<p><span style=\"font-size: 12px\">(MTI)<\/span><\/p>\n","protected":false},"excerpt":{"rendered":"<p>Az olasz hat\u00f3s\u00e1gok semmit nem b\u00edztak a v\u00e9letlenre, a haj\u00f3r\u00f3l senki sem sz\u00e1llhat le.<\/p>\n","protected":false},"author":36,"featured_media":6156,"comment_status":"open","ping_status":"open","sticky":false,"template":"","format":"standard","meta":{"footnotes":""},"categories":[70],"tags":[1358,1336,15],"class_list":["post-6155","post","type-post","status-publish","format-standard","has-post-thumbnail","hentry","category-vilag","tag-koronavirus","tag-koronavirus-jarvany","tag-olaszorszag"],"aioseo_notices":[],"_links":{"self":[{"href":"https:\/\/www.startlap.hu\/utazas\/wp-json\/wp\/v2\/posts\/6155","targetHints":{"allow":["GET"]}}],"collection":[{"href":"https:\/\/www.startlap.hu\/utazas\/wp-json\/wp\/v2\/posts"}],"about":[{"href":"https:\/\/www.startlap.hu\/utazas\/wp-json\/wp\/v2\/types\/post"}],"author":[{"embeddable":true,"href":"https:\/\/www.startlap.hu\/utazas\/wp-json\/wp\/v2\/users\/36"}],"replies":[{"embeddable":true,"href":"https:\/\/www.startlap.hu\/utazas\/wp-json\/wp\/v2\/comments?post=6155"}],"version-history":[{"count":13,"href":"https:\/\/www.startlap.hu\/utazas\/wp-json\/wp\/v2\/posts\/6155\/revisions"}],"predecessor-version":[{"id":6178,"href":"https:\/\/www.startlap.hu\/utazas\/wp-json\/wp\/v2\/posts\/6155\/revisions\/6178"}],"wp:featuredmedia":[{"embeddable":true,"href":"https:\/\/www.startlap.hu\/utazas\/wp-json\/wp\/v2\/media\/6156"}],"wp:attachment":[{"href":"https:\/\/www.startlap.hu\/utazas\/wp-json\/wp\/v2\/media?parent=6155"}],"wp:term":[{"taxonomy":"category","embeddable":true,"href":"https:\/\/www.startlap.hu\/utazas\/wp-json\/wp\/v2\/categories?post=6155"},{"taxonomy":"post_tag","embeddable":true,"href":"https:\/\/www.startlap.hu\/utazas\/wp-json\/wp\/v2\/tags?post=6155"}],"curies":[{"name":"wp","href":"https:\/\/api.w.org\/{rel}","templated":true}]}}