{"id":61413,"date":"2023-08-12T10:30:28","date_gmt":"2023-08-12T08:30:28","guid":{"rendered":"https:\/\/www.startlap.hu\/utazas\/?p=61413"},"modified":"2023-08-12T10:30:28","modified_gmt":"2023-08-12T08:30:28","slug":"laguna-szarazsag-hoseg-spanyolorszag-fotok","status":"publish","type":"post","link":"https:\/\/www.startlap.hu\/utazas\/laguna-szarazsag-hoseg-spanyolorszag-fotok\/","title":{"rendered":"D\u00f6bbenetes l\u00e1tv\u00e1ny a teljesen kisz\u00e1radt lag\u00fana Spanyolorsz\u00e1gban"},"content":{"rendered":"<p>Imm\u00e1r a m\u00e1sodik ny\u00e1ron sz\u00e1radt ki teljesen a d\u00e9l-spanyolorsz\u00e1gi Donana Nemzeti Park legnagyobb \u00e1lland\u00f3 lag\u00fan\u00e1ja az elh\u00faz\u00f3d\u00f3 asz\u00e1ly \u00e9s a v\u00edzforr\u00e1sok kizs\u00e1km\u00e1nyol\u00e1sa miatt &#8211; k\u00f6z\u00f6lte a Spanyol Nemzeti Kutat\u00e1si Tan\u00e1cs (CSIC).<\/p>\n<p>A <strong>Santa Olalla lag\u00fana<\/strong> kisz\u00e1rad\u00e1sa idej\u00e9n Spanyolorsz\u00e1gban az idei harmadik jelent\u0151s h\u0151hull\u00e1m tombol, a ki\u00fcr\u00fclt v\u00edzt\u00e1roz\u00f3k miatt az orsz\u00e1g egyes r\u00e9szeiben v\u00edzkorl\u00e1toz\u00e1sokat kellett elrendelni.<\/p>\n\n\t<div id=\"cegPostCnt_1\" class=\"o-cegPostCnt -inContent\" data-title=\"D\u00f6bbenetes l\u00e1tv\u00e1ny a teljesen kisz\u00e1radt lag\u00fana Spanyolorsz\u00e1gban\">\n\t\t<a class=\"o-cegPostCnt__opener m-cegOpener _ce_measure_widget _ce_measure_link\" data-ce-measure-widget=\"gallery-open\"\n   href=\"?gallery=1\/1\/santa-ollala-laguna2-scaled\">\n\t<img decoding=\"async\" src=\"https:\/\/www.startlap.hu\/utazas\/uploads\/sites\/3\/2023\/08\/santa-ollala-laguna2-scaled.jpg\" class=\"m-cegOpener__image\" alt=\"Teljesen kisz\u00e1radt a Donana Nemzeti Park legnagyobb \u00e1lland\u00f3 lag\u00fan\u00e1ja\" sizes=\"(max-width: 991px) 100vw, (max-width: 1039px) 66vw, 684px\" srcset=\"https:\/\/www.startlap.hu\/utazas\/uploads\/sites\/3\/2023\/08\/santa-ollala-laguna2-scaled.jpg 2560w, https:\/\/www.startlap.hu\/utazas\/uploads\/sites\/3\/2023\/08\/santa-ollala-laguna2-1536x1152.jpg 1536w, https:\/\/www.startlap.hu\/utazas\/uploads\/sites\/3\/2023\/08\/santa-ollala-laguna2-2048x1536.jpg 2048w, https:\/\/www.startlap.hu\/utazas\/uploads\/sites\/3\/2023\/08\/santa-ollala-laguna2-755x566.jpg 755w, https:\/\/www.startlap.hu\/utazas\/uploads\/sites\/3\/2023\/08\/santa-ollala-laguna2-85x65.jpg 85w, https:\/\/www.startlap.hu\/utazas\/uploads\/sites\/3\/2023\/08\/santa-ollala-laguna2-467x350.jpg 467w\" \/>\t<div class=\"m-cegOpener__btn\"><i class=\"far fa-clone\"><\/i><\/div>\n<\/a>\n<div class=\"o-cegPostCnt__layer m-cegLayer _ce_measure_widget\" data-ce-measure-widget=\"gallery-layer\" style=\"display: none\">\n\t<div class=\"m-cegLayer__top m-cegHeader _ce_measure_widget\" data-ce-measure-widget=\"gallery-header\">\n\t\t\t\t\t<span class=\"m-cegHeader__logo\"><span class=\"a-cegLogo\"><\/span><\/span>\n\t\t\t\t<div class=\"m-cegHeader__imgCnt\">\n\t\t\t<img decoding=\"async\" src=\"https:\/\/www.startlap.hu\/utazas\/uploads\/sites\/3\/2023\/08\/santa-ollala-laguna2-scaled.jpg\" class=\"m-cegHeader__imgOpener\" alt=\"Teljesen kisz\u00e1radt a Donana Nemzeti Park legnagyobb \u00e1lland\u00f3 lag\u00fan\u00e1ja\" \/>\t\t<\/div>\n\t\t<h2 class=\"m-cegHeader__title a-cegGalleryTitle\"><i class=\"fa fa-angle-left\"><\/i>D\u00f6bbenetes l\u00e1tv\u00e1ny a teljesen kisz\u00e1radt lag\u00fana Spanyolorsz\u00e1gban<\/h2>\n\t\t<div class=\"m-cegHeader__pagination a-cegPagination\"><\/div>\n\t\t<div class=\"m-cegHeader__closeBtn close-button nlc-icon-close _ce_measure_link _ce_measure_widget\" data-ce-measure-widget=\"gallery-close-btn\"><i class=\"fa fa-times\" aria-hidden=\"true\"><\/i><\/div>\n\t<\/div>\n\t<div class=\"m-cegLayer__screen\">\n\t\t<div class=\"m-cegLayer__carousel m-cegCarousel\">\n\t\t\t\t\t\t\t\n\t\t\t\t<div\n\t\t\t\t\tclass=\"m-cegCarousel__item\"\n\t\t\t\t\tdata-type=\"image\"\n\t\t\t\t\tdata-id=\"1\/1\/santa-ollala-laguna2-scaled\"\n\t\t\t\t\tdata-image-url=\"https:\/\/www.startlap.hu\/utazas\/uploads\/sites\/3\/2023\/08\/santa-ollala-laguna2-scaled.jpg\"\n\t\t\t\t\tdata-title=\"santa-ollala-laguna2\"\n\t\t\t\t\tdata-desc=\"Teljesen kisz\u00e1radt a Donana Nemzeti Park legnagyobb \u00e1lland\u00f3 lag\u00fan\u00e1ja. Fot\u00f3: Spanish National Research Council (CSIC) \/ AFP\">\n\n\t\t\t\t\t<!-- image -->\n\t\t\t\t\t<div class=\"m-cegCarousel__floatingCnt\">\n\t\t\t\t\t\t<img decoding=\"async\" src=\"https:\/\/www.startlap.hu\/utazas\/uploads\/sites\/3\/2023\/08\/santa-ollala-laguna2-scaled.jpg\" class=\"m-cegCarousel__image\" alt=\"Teljesen kisz\u00e1radt a Donana Nemzeti Park legnagyobb \u00e1lland\u00f3 lag\u00fan\u00e1ja\" \/>\t\t\t\t\t\t<span class=\"fa m-cegCarousel__zoom _ce_measure_link _ce_measure_widget\" data-ce-measure-widget=\"gallery-zoom-btn\"><\/span>\n\t\t\t\t\t<\/div>\n\n\t\t\t\t\t<!-- thumb icon \/ counter, caption  -->\n\t\t\t\t\t<div class=\"m-cegCarousel__captionCnt m-cegCaption\">\n\t\t\t\t\t\t<span class=\"m-cegCaption__thumbIcon a-cegThumbIcon _ce_measure_widget _ce_measure_link\"\n\t\t\t\t\t\t\t  data-ce-measure-widget=\"thumbnails-btn\"\n\t\t\t\t\t\t\t  data-ce-measure-widget=\"gallery-thumbnails\"><i class=\" fa fa-th-large\"><\/i><\/span>\n\t\t\t\t\t\t<span class=\"m-cegCaption__pagination a-cegPagination\">\n\t\t\t\t\t\t\t<span class=\"a-cegPagination__current\">1<\/span>\/4\t\t\t\t\t\t<\/span>\n\t\t\t\t\t\t<span class=\"m-cegCaption__caption\">santa-ollala-laguna2<\/span>\n\t\t\t\t\t<\/div>\n\n\t\t\t\t\t<!-- Image description -->\n\t\t\t\t\t<div class=\"m-cegCarousel__desc a-cegDesc\">Teljesen kisz\u00e1radt a Donana Nemzeti Park legnagyobb \u00e1lland\u00f3 lag\u00fan\u00e1ja. Fot\u00f3: Spanish National Research Council (CSIC) \/ AFP<\/div>\n\n\t\t\t\t\t<!-- Image social share icons -->\n\t\t\t\t\t<div class=\"m-cegCarousel__socialCnt m-cegSocial\">\n\t\t\t\t\t\t<span class=\"m-cegSocial__text\">Fot\u00f3 megoszt\u00e1sa:<\/span><span class=\"m-cegSocial__iconWrap\"><span class=\"m-cegSocial__icon -facebook _ce_measure_link _ce_measure_widget\" data-ce-measure-widget=\"facebookGallery-btn\"><i class=\"fab fa-facebook-f\"><\/i><\/span><span class=\"m-cegSocial__icon -pinterest _ce_measure_link _ce_measure_widget\" data-ce-measure-widget=\"printeresGallery-btn\"><i class=\"fab fa-pinterest-p\"><\/i><\/span><span class=\"m-cegSocial__icon -email _ce_measure_link _ce_measure_widget\" data-ce-measure-widget=\"emailGallery-btn\"><i class=\"far fa-envelope\"><\/i><\/span><span class=\"m-cegSocial__icon -clipboard _ce_measure_link _ce_measure_widget\" data-ce-measure-widget=\"clipboardGallery-btn\"><i class=\"fa fa-link\"><\/i><\/span><\/span>\t\t\t\t\t<\/div>\n\t\t\t\t<\/div>\n\t\t\t\t\t\t\t\n\t\t\t\t<div\n\t\t\t\t\tclass=\"m-cegCarousel__item\"\n\t\t\t\t\tdata-type=\"image\"\n\t\t\t\t\tdata-id=\"1\/2\/santa-ollala-laguna-scaled\"\n\t\t\t\t\tdata-image-url=\"https:\/\/www.startlap.hu\/utazas\/uploads\/sites\/3\/2023\/08\/santa-ollala-laguna-scaled.jpg\"\n\t\t\t\t\tdata-title=\"santa-ollala-laguna\"\n\t\t\t\t\tdata-desc=\"Teljesen kisz\u00e1radt a Donana Nemzeti Park legnagyobb \u00e1lland\u00f3 lag\u00fan\u00e1ja. Fot\u00f3: Spanish National Research Council (CSIC) \/ AFP\">\n\n\t\t\t\t\t<!-- image -->\n\t\t\t\t\t<div class=\"m-cegCarousel__floatingCnt\">\n\t\t\t\t\t\t<img decoding=\"async\" src=\"https:\/\/www.startlap.hu\/utazas\/uploads\/sites\/3\/2023\/08\/santa-ollala-laguna-scaled.jpg\" class=\"m-cegCarousel__image\" alt=\"Teljesen kisz\u00e1radt a Donana Nemzeti Park legnagyobb \u00e1lland\u00f3 lag\u00fan\u00e1ja\" \/>\t\t\t\t\t\t<span class=\"fa m-cegCarousel__zoom _ce_measure_link _ce_measure_widget\" data-ce-measure-widget=\"gallery-zoom-btn\"><\/span>\n\t\t\t\t\t<\/div>\n\n\t\t\t\t\t<!-- thumb icon \/ counter, caption  -->\n\t\t\t\t\t<div class=\"m-cegCarousel__captionCnt m-cegCaption\">\n\t\t\t\t\t\t<span class=\"m-cegCaption__thumbIcon a-cegThumbIcon _ce_measure_widget _ce_measure_link\"\n\t\t\t\t\t\t\t  data-ce-measure-widget=\"thumbnails-btn\"\n\t\t\t\t\t\t\t  data-ce-measure-widget=\"gallery-thumbnails\"><i class=\" fa fa-th-large\"><\/i><\/span>\n\t\t\t\t\t\t<span class=\"m-cegCaption__pagination a-cegPagination\">\n\t\t\t\t\t\t\t<span class=\"a-cegPagination__current\">2<\/span>\/4\t\t\t\t\t\t<\/span>\n\t\t\t\t\t\t<span class=\"m-cegCaption__caption\">santa-ollala-laguna<\/span>\n\t\t\t\t\t<\/div>\n\n\t\t\t\t\t<!-- Image description -->\n\t\t\t\t\t<div class=\"m-cegCarousel__desc a-cegDesc\">Teljesen kisz\u00e1radt a Donana Nemzeti Park legnagyobb \u00e1lland\u00f3 lag\u00fan\u00e1ja. Fot\u00f3: Spanish National Research Council (CSIC) \/ AFP<\/div>\n\n\t\t\t\t\t<!-- Image social share icons -->\n\t\t\t\t\t<div class=\"m-cegCarousel__socialCnt m-cegSocial\">\n\t\t\t\t\t\t<span class=\"m-cegSocial__text\">Fot\u00f3 megoszt\u00e1sa:<\/span><span class=\"m-cegSocial__iconWrap\"><span class=\"m-cegSocial__icon -facebook _ce_measure_link _ce_measure_widget\" data-ce-measure-widget=\"facebookGallery-btn\"><i class=\"fab fa-facebook-f\"><\/i><\/span><span class=\"m-cegSocial__icon -pinterest _ce_measure_link _ce_measure_widget\" data-ce-measure-widget=\"printeresGallery-btn\"><i class=\"fab fa-pinterest-p\"><\/i><\/span><span class=\"m-cegSocial__icon -email _ce_measure_link _ce_measure_widget\" data-ce-measure-widget=\"emailGallery-btn\"><i class=\"far fa-envelope\"><\/i><\/span><span class=\"m-cegSocial__icon -clipboard _ce_measure_link _ce_measure_widget\" data-ce-measure-widget=\"clipboardGallery-btn\"><i class=\"fa fa-link\"><\/i><\/span><\/span>\t\t\t\t\t<\/div>\n\t\t\t\t<\/div>\n\t\t\t\t\t\t\t\n\t\t\t\t<div\n\t\t\t\t\tclass=\"m-cegCarousel__item\"\n\t\t\t\t\tdata-type=\"image\"\n\t\t\t\t\tdata-id=\"1\/3\/santa-ollala-laguna3-scaled\"\n\t\t\t\t\tdata-image-url=\"https:\/\/www.startlap.hu\/utazas\/uploads\/sites\/3\/2023\/08\/santa-ollala-laguna3-scaled.jpg\"\n\t\t\t\t\tdata-title=\"santa-ollala-laguna3\"\n\t\t\t\t\tdata-desc=\"Teljesen kisz\u00e1radt a Donana Nemzeti Park legnagyobb \u00e1lland\u00f3 lag\u00fan\u00e1ja. Fot\u00f3: Spanish National Research Council (CSIC) \/ AFP\">\n\n\t\t\t\t\t<!-- image -->\n\t\t\t\t\t<div class=\"m-cegCarousel__floatingCnt\">\n\t\t\t\t\t\t<img decoding=\"async\" src=\"https:\/\/www.startlap.hu\/utazas\/uploads\/sites\/3\/2023\/08\/santa-ollala-laguna3-scaled.jpg\" class=\"m-cegCarousel__image\" alt=\"Teljesen kisz\u00e1radt a Donana Nemzeti Park legnagyobb \u00e1lland\u00f3 lag\u00fan\u00e1ja\" \/>\t\t\t\t\t\t<span class=\"fa m-cegCarousel__zoom _ce_measure_link _ce_measure_widget\" data-ce-measure-widget=\"gallery-zoom-btn\"><\/span>\n\t\t\t\t\t<\/div>\n\n\t\t\t\t\t<!-- thumb icon \/ counter, caption  -->\n\t\t\t\t\t<div class=\"m-cegCarousel__captionCnt m-cegCaption\">\n\t\t\t\t\t\t<span class=\"m-cegCaption__thumbIcon a-cegThumbIcon _ce_measure_widget _ce_measure_link\"\n\t\t\t\t\t\t\t  data-ce-measure-widget=\"thumbnails-btn\"\n\t\t\t\t\t\t\t  data-ce-measure-widget=\"gallery-thumbnails\"><i class=\" fa fa-th-large\"><\/i><\/span>\n\t\t\t\t\t\t<span class=\"m-cegCaption__pagination a-cegPagination\">\n\t\t\t\t\t\t\t<span class=\"a-cegPagination__current\">3<\/span>\/4\t\t\t\t\t\t<\/span>\n\t\t\t\t\t\t<span class=\"m-cegCaption__caption\">santa-ollala-laguna3<\/span>\n\t\t\t\t\t<\/div>\n\n\t\t\t\t\t<!-- Image description -->\n\t\t\t\t\t<div class=\"m-cegCarousel__desc a-cegDesc\">Teljesen kisz\u00e1radt a Donana Nemzeti Park legnagyobb \u00e1lland\u00f3 lag\u00fan\u00e1ja. Fot\u00f3: Spanish National Research Council (CSIC) \/ AFP<\/div>\n\n\t\t\t\t\t<!-- Image social share icons -->\n\t\t\t\t\t<div class=\"m-cegCarousel__socialCnt m-cegSocial\">\n\t\t\t\t\t\t<span class=\"m-cegSocial__text\">Fot\u00f3 megoszt\u00e1sa:<\/span><span class=\"m-cegSocial__iconWrap\"><span class=\"m-cegSocial__icon -facebook _ce_measure_link _ce_measure_widget\" data-ce-measure-widget=\"facebookGallery-btn\"><i class=\"fab fa-facebook-f\"><\/i><\/span><span class=\"m-cegSocial__icon -pinterest _ce_measure_link _ce_measure_widget\" data-ce-measure-widget=\"printeresGallery-btn\"><i class=\"fab fa-pinterest-p\"><\/i><\/span><span class=\"m-cegSocial__icon -email _ce_measure_link _ce_measure_widget\" data-ce-measure-widget=\"emailGallery-btn\"><i class=\"far fa-envelope\"><\/i><\/span><span class=\"m-cegSocial__icon -clipboard _ce_measure_link _ce_measure_widget\" data-ce-measure-widget=\"clipboardGallery-btn\"><i class=\"fa fa-link\"><\/i><\/span><\/span>\t\t\t\t\t<\/div>\n\t\t\t\t<\/div>\n\t\t\t\t\t\t\t\t\t\t\t\t<div\n\t\t\t\t\t\tclass=\"m-cegCarousel__item -banner\"\n\t\t\t\t\t\tdata-type=\"banner\"\n\t\t\t\t\t\tdata-id=\"1\/4\/banner\"\n\t\t\t\t\t\tdata-image-url=\"\"\n\t\t\t\t\t\tdata-title=\"\"\n\t\t\t\t\t\tdata-desc=\"\">\n\n\t\t\t\t\t\t<div class=\"m-cegCarousel__floatingCnt banner-container gallery-content010\"><\/div>\n\n\t\t\t\t\t<\/div>\n\t\t\t\t\t\t\t\t\t\t<\/div>\n\t\t<div class=\"m-cegLayer__thumbnails m-cegThumbList _ce_measure_widget\" data-ce-measure-widget=\"gallery-thumb-list\">\n\t\t\t\t\t\t\t\t\t\t\t<div class=\"m-cegThumbList__item\"\n\t\t\t\t\tdata-id=\"1\/1\/santa-ollala-laguna2-scaled\"\n\t\t\t\t\tdata-index=\"0\">\n\t\t\t\t\t<img decoding=\"async\" src=\"https:\/\/www.startlap.hu\/utazas\/uploads\/sites\/3\/2023\/08\/santa-ollala-laguna2-scaled.jpg\" class=\"m-cegThumbList__image _ce_measure_link\" alt=\"Teljesen kisz\u00e1radt a Donana Nemzeti Park legnagyobb \u00e1lland\u00f3 lag\u00fan\u00e1ja\" \/>\t\t\t\t<\/div>\n\t\t\t\t\t\t\t\t\t\t\t<div class=\"m-cegThumbList__item\"\n\t\t\t\t\tdata-id=\"1\/2\/santa-ollala-laguna-scaled\"\n\t\t\t\t\tdata-index=\"1\">\n\t\t\t\t\t<img decoding=\"async\" src=\"https:\/\/www.startlap.hu\/utazas\/uploads\/sites\/3\/2023\/08\/santa-ollala-laguna-scaled.jpg\" class=\"m-cegThumbList__image _ce_measure_link\" alt=\"Teljesen kisz\u00e1radt a Donana Nemzeti Park legnagyobb \u00e1lland\u00f3 lag\u00fan\u00e1ja\" \/>\t\t\t\t<\/div>\n\t\t\t\t\t\t\t\t\t\t\t<div class=\"m-cegThumbList__item\"\n\t\t\t\t\tdata-id=\"1\/3\/santa-ollala-laguna3-scaled\"\n\t\t\t\t\tdata-index=\"2\">\n\t\t\t\t\t<img decoding=\"async\" src=\"https:\/\/www.startlap.hu\/utazas\/uploads\/sites\/3\/2023\/08\/santa-ollala-laguna3-scaled.jpg\" class=\"m-cegThumbList__image _ce_measure_link\" alt=\"Teljesen kisz\u00e1radt a Donana Nemzeti Park legnagyobb \u00e1lland\u00f3 lag\u00fan\u00e1ja\" \/>\t\t\t\t<\/div>\n\t\t\t\t\t\t\t\t\t<\/div>\n\t<\/div>\n\t<div class=\"m-cegLayer__sidebar m-cegSidebar _ce_measure_widget\" data-ce-measure-widget=\"gallery-sidebar\">\n\n\t\t<div class=\"m-cegSidebar__desc a-cegDesc _ce_measure_widget\" data-ce-measure-widget=\"gallery-desc\"><\/div>\n\n\t\t<div class=\"m-cegSidebar__socialCnt m-cegSocial -sidebar _ce_measure_widget\" data-ce-measure-widget=\"gallery-social\">\n\t\t\t<span class=\"m-cegSocial__text\">Fot\u00f3 megoszt\u00e1sa:<\/span><span class=\"m-cegSocial__iconWrap\"><span class=\"m-cegSocial__icon -facebook _ce_measure_link _ce_measure_widget\" data-ce-measure-widget=\"facebookGallery-btn\"><i class=\"fab fa-facebook-f\"><\/i><\/span><span class=\"m-cegSocial__icon -pinterest _ce_measure_link _ce_measure_widget\" data-ce-measure-widget=\"printeresGallery-btn\"><i class=\"fab fa-pinterest-p\"><\/i><\/span><span class=\"m-cegSocial__icon -email _ce_measure_link _ce_measure_widget\" data-ce-measure-widget=\"emailGallery-btn\"><i class=\"far fa-envelope\"><\/i><\/span><span class=\"m-cegSocial__icon -clipboard _ce_measure_link _ce_measure_widget\" data-ce-measure-widget=\"clipboardGallery-btn\"><i class=\"fa fa-link\"><\/i><\/span><\/span>\t\t<\/div>\n\n\t\t<div class=\"gallery-right010 banner-container\"><\/div>\n\t\t<div class=\"gallery-right020 banner-container\"><\/div>\n\n\t<\/div>\n<\/div>\n\t<\/div>\n\n\t<script>\n\t\tjQuery(function () {\n\t\t\tvar id = '#cegPostCnt_1';\n\t\t\tjQuery( id ).articleGallery({\n\t\t\t\tonChanged: function (event) {\n\t\t\t\t\t\tthis.renderSidebarCTS( 'gallery-right010' );\n\t\t\t\t\t\tthis.renderSidebarCTS( 'gallery-right020' );\n\t\t\t\t\t\tthis.renderBannerSlideCTS(  event,\n\t\t\t\t\t\t\t\t\t\t\t\t\t[\n\t\t\t\t\t\t\t\t\t\t\t\t\t\t'gallery-content010',\n\t\t\t\t\t\t\t\t\t\t\t\t\t\t'gallery-content020',\n\t\t\t\t\t\t\t\t\t\t\t\t\t\t'gallery-content030'\n\t\t\t\t\t\t\t\t\t\t\t\t\t]);\n\t\t\t\t}\n\t\t\t});\n\t\t});\n\t<\/script>\t\n<p>&#8222;Ami\u00f3ta f\u00e9l \u00e9vsz\u00e1zada megkezdt\u00fck a ter\u00fclettel kapcsolatos adatok gy\u0171jt\u00e9s\u00e9t, ilyesmi sosem t\u00f6rt\u00e9nt k\u00e9t egym\u00e1st k\u00f6vet\u0151 \u00e9vben, ami a donanai lag\u00fanarendszer, illetve a t\u0151le f\u00fcgg\u0151 soksz\u00edn\u0171 \u00e9l\u0151vil\u00e1g helyzet\u00e9nek a s\u00falyoss\u00e1g\u00e1t mutatja&#8221; &#8211; \u00e1ll a CSIC k\u00f6zlem\u00e9ny\u00e9ben.<\/p>\n<blockquote class=\"article__extraTxt\"><p>A donanai vizes \u00e9l\u0151hely sz\u00e1mos endemikus \u00e9s vesz\u00e9lyeztett fajnak &#8211; \u00edgy \u00e9desv\u00edzi angoln\u00e1knak \u00e9s tekn\u0151s\u00f6knek &#8211; biztos\u00edt \u00e9letteret.<\/p><\/blockquote>\n<p>A legt\u00f6bb donanai lag\u00fana ideiglenes jelleg\u0171, ami azt jelenti, hogy t\u00e9len az es\u0151z\u00e9skor \u00f6sszegy\u0171lt v\u00edzzel megtelik a medenc\u00e9j\u00fck, a melegebb h\u00f3napokban pedig kisz\u00e1rad. N\u00e9h\u00e1ny lag\u00fan\u00e1ban ny\u00e1ron is van v\u00edz, fontos mened\u00e9khelyet biztos\u00edtva az \u00c9szak-Eur\u00f3p\u00e1b\u00f3l k\u00f6lt\u00e9s ut\u00e1n d\u00e9lre tart\u00f3 k\u00f6lt\u00f6z\u0151madaraknak.<\/p>\n<p>Kutat\u00f3k szerint t\u00edz \u00e9v alatt az elm\u00falt k\u00e9t \u00e9vben esett a legkevesebb es\u0151 az UNESCO vil\u00e1g\u00f6r\u00f6ks\u00e9gi list\u00e1j\u00e1n szerepl\u0151 Donana Nemzeti Parkban, mik\u00f6zben a valaha m\u00e9rt legmagasabb \u00e9ves \u00e1tlagh\u0151m\u00e9rs\u00e9kletet -18,53 Celsius-fokot &#8211; r\u00f6gz\u00edtett\u00e9k.<\/p>\n<h2>A sz\u00e1razs\u00e1g mellett a kizs\u00e1km\u00e1nyol\u00e1s is vesz\u00e9lyezteti<\/h2>\n<p>&nbsp;A Donana lag\u00fan\u00e1it nem csup\u00e1n a sz\u00e1razs\u00e1g \u00e9s a h\u0151s\u00e9g vesz\u00e9lyezteti. Az andal\u00faziai nemzeti parkot \u00fcvegh\u00e1zak \u00e9s komplex vezet\u00e9krendszerek veszik k\u00f6r\u00fcl, amelyeken illeg\u00e1lisan szivatty\u00fazz\u00e1k a gazd\u00e1k a vizet az epertermeszt\u00e9shez.<\/p>\n<p>Andal\u00fazia region\u00e1lis korm\u00e1nyzata amnesztia kibocs\u00e1t\u00e1s\u00e1ra k\u00e9sz\u00fcl, amellyel legaliz\u00e1ln\u00e1k az \u00f6nt\u00f6z\u00e9st a Donana park k\u00f6r\u00fcl, ezt k\u00f6rnyezetv\u00e9d\u0151k hevesen ellenzik. Az UNESCO nem z\u00e1rta ki, hogy az \u00f6nt\u00f6z\u00e9si t\u00f6rv\u00e9ny miatt leveszi a helysz\u00ednt a vil\u00e1g\u00f6r\u00f6ks\u00e9gi list\u00e1r\u00f3l.<\/p>\n<p>(MTI)<\/p>\n<div class=\"o-widget m-readMoreWidget -readMore u-shortDecorLineAfter row widget-container _ce_measure_widget bigdata-widget read-more\" data-ce-measure-widget=\"olvass tov\u00e1bb\">\n\t<div class=\"m-readMoreWidget__imgWrapper image-wrapper col-12 col-md-4 no-p\">\n\t\t<a class=\"m-readMoreWidget__imgLink\" href=\"https:\/\/www.startlap.hu\/utazas\/velence-veszelyeztetett-lista-unesco-vilagorokseg-2023\/\" >\n\t\t\t<img decoding=\"async\" src=\"https:\/\/www.startlap.hu\/utazas\/uploads\/sites\/3\/2022\/11\/velence_canal_grande_olaszorszag-350x285.jpg\" class=\"m-readMoreWidget__img\">\n\t\t<\/a>\n\t<\/div>\n\t<div class=\"m-readMoreWidget__titleWrapper title-wrapper col-12 col-md-8\">\n\t\t<span class=\"m-readMoreWidget__titleLabel u-shortDecorLineBefore label hidden-sm-up\">Ez is \u00e9rdekelhet:<\/span>\n\t\t<h3 class=\"m-readMoreWidget__title title\">\n\t\t\t<a class=\"m-readMoreWidget__titleLink -secondFont u-bold u-upperCase\" href=\"https:\/\/www.startlap.hu\/utazas\/velence-veszelyeztetett-lista-unesco-vilagorokseg-2023\/\" >S\u00falyos vesz\u00e9lyben Velence, l\u00e9pni k\u00e9sz\u00fcl az UNESCO<\/a>\n\t\t<\/h3>\n\t\t<a class=\"m-readMoreWidget__btn -coloredBack u-tC link\" href=\"https:\/\/www.startlap.hu\/utazas\/velence-veszelyeztetett-lista-unesco-vilagorokseg-2023\/\" >Elolvasom<\/a>\n\t<\/div>\n<\/div>\n","protected":false},"excerpt":{"rendered":"<p>El\u0151sz\u00f6r fordult el\u0151, hogy k\u00e9t egym\u00e1st k\u00f6vet\u0151 ny\u00e1ron teljesen kisz\u00e1radt a Donana\u00a0Nemzeti Park\u00a0legnagyobb \u00e1lland\u00f3 lag\u00fan\u00e1ja. <\/p>\n","protected":false},"author":45,"featured_media":61414,"comment_status":"closed","ping_status":"closed","sticky":false,"template":"","format":"standard","meta":{"footnotes":""},"categories":[70],"tags":[2606,8014,47],"class_list":["post-61413","post","type-post","status-publish","format-standard","has-post-thumbnail","hentry","category-vilag","tag-hoseg","tag-laguna","tag-spanyolorszag"],"aioseo_notices":[],"_links":{"self":[{"href":"https:\/\/www.startlap.hu\/utazas\/wp-json\/wp\/v2\/posts\/61413","targetHints":{"allow":["GET"]}}],"collection":[{"href":"https:\/\/www.startlap.hu\/utazas\/wp-json\/wp\/v2\/posts"}],"about":[{"href":"https:\/\/www.startlap.hu\/utazas\/wp-json\/wp\/v2\/types\/post"}],"author":[{"embeddable":true,"href":"https:\/\/www.startlap.hu\/utazas\/wp-json\/wp\/v2\/users\/45"}],"replies":[{"embeddable":true,"href":"https:\/\/www.startlap.hu\/utazas\/wp-json\/wp\/v2\/comments?post=61413"}],"version-history":[{"count":1,"href":"https:\/\/www.startlap.hu\/utazas\/wp-json\/wp\/v2\/posts\/61413\/revisions"}],"predecessor-version":[{"id":61417,"href":"https:\/\/www.startlap.hu\/utazas\/wp-json\/wp\/v2\/posts\/61413\/revisions\/61417"}],"wp:featuredmedia":[{"embeddable":true,"href":"https:\/\/www.startlap.hu\/utazas\/wp-json\/wp\/v2\/media\/61414"}],"wp:attachment":[{"href":"https:\/\/www.startlap.hu\/utazas\/wp-json\/wp\/v2\/media?parent=61413"}],"wp:term":[{"taxonomy":"category","embeddable":true,"href":"https:\/\/www.startlap.hu\/utazas\/wp-json\/wp\/v2\/categories?post=61413"},{"taxonomy":"post_tag","embeddable":true,"href":"https:\/\/www.startlap.hu\/utazas\/wp-json\/wp\/v2\/tags?post=61413"}],"curies":[{"name":"wp","href":"https:\/\/api.w.org\/{rel}","templated":true}]}}