{"id":6125,"date":"2020-01-29T22:40:17","date_gmt":"2020-01-29T21:40:17","guid":{"rendered":"https:\/\/www.startlap.hu\/utazas\/?p=6125"},"modified":"2020-01-29T23:17:47","modified_gmt":"2020-01-29T22:17:47","slug":"koronavirus-az-oroszok-kokemeny-szigorra-kapcsoltak","status":"publish","type":"post","link":"https:\/\/www.startlap.hu\/utazas\/koronavirus-az-oroszok-kokemeny-szigorra-kapcsoltak\/","title":{"rendered":"Koronav\u00edrus: az oroszok k\u0151kem\u00e9ny szigorra kapcsoltak"},"content":{"rendered":"<p>&nbsp;A koronav\u00edrus terjed\u00e9s\u00e9nek megakad\u00e1lyoz\u00e1sa \u00e9rdek\u00e9ben megkezdte a K\u00edn\u00e1b\u00f3l hazat\u00e9r\u0151 \u00f6sszes orosz turista rep\u00fcl\u0151t\u00e9ri kivizsg\u00e1l\u00e1s\u00e1t az orosz fogyaszt\u00f3v\u00e9delmi fel\u00fcgyelet (Roszpotrebnadzor) &#8211; k\u00f6z\u00f6lte szerd\u00e1n az Interfax h\u00edr\u00fcgyn\u00f6ks\u00e9g.<\/p>\n<h2>Rendk\u00edv\u00fcli szigorral j\u00e1rnak el az oroszok<\/h2>\n<figure id=\"attachment_6132\" aria-describedby=\"caption-attachment-6132\" style=\"width: 755px\" class=\"wp-caption alignnone\"><img loading=\"lazy\" decoding=\"async\" class=\"size-article-size-large-image wp-image-6132\" src=\"https:\/\/www.startlap.hu\/utazas\/uploads\/sites\/3\/2020\/01\/kinai_turista_moszkva_voros_ter-755x483.jpg\" alt=\"\" width=\"755\" height=\"483\" srcset=\"https:\/\/www.startlap.hu\/utazas\/uploads\/sites\/3\/2020\/01\/kinai_turista_moszkva_voros_ter-755x483.jpg 755w, https:\/\/www.startlap.hu\/utazas\/uploads\/sites\/3\/2020\/01\/kinai_turista_moszkva_voros_ter-547x350.jpg 547w, https:\/\/www.startlap.hu\/utazas\/uploads\/sites\/3\/2020\/01\/kinai_turista_moszkva_voros_ter.jpg 800w\" sizes=\"auto, (max-width: 755px) 100vw, 755px\" \/><figcaption id=\"caption-attachment-6132\" class=\"wp-caption-text\">A t\u00fcd\u0151gyullad\u00e1st okoz\u00f3 koronav\u00edrus terjed\u00e9se miatt sz\u00e1jmaszkot viselnek a k\u00ednai turist\u00e1k a moszkvai V\u00f6r\u00f6s t\u00e9ren 2020. janu\u00e1r 26-\u00e1n. (Fot\u00f3: MTI\/EPA\/Makszim Sipenkov)<\/figcaption><\/figure>\n<p>A kedden beind\u00edtott sz\u0171r\u00e9s keret\u00e9ben <strong>mindenkit k\u00f6telez\u0151en<\/strong> elk\u00fcl\u00f6n\u00edtenek, akin\u00e9l a heveny l\u00e9g\u00fati fert\u0151z\u00e9s t\u00fcneteit \u00e9szlelik a rep\u00fcl\u0151t\u00e9ren vagy a visszat\u00e9r\u00e9st k\u00f6vet\u0151 14 nap alatt.<\/p>\n<blockquote class=\"article__extraTxt\"><p>A Roszpotrebnadzor region\u00e1lis szerveit diagnosztikai tesztrendszerekkel l\u00e1tt\u00e1k el, \u00e9s minden hat\u00e1r\u00e1tkel\u0151helyen k\u00e9tszeri h\u0151detektoros ellen\u0151rz\u00e9snek vetik al\u00e1 a vesz\u00e9lyeztetett ter\u00fcletekr\u0151l \u00e9rkez\u0151ket.<\/p><\/blockquote>\n<p>Heveny l\u00e9g\u00fati fert\u0151z\u00e9s szimpt\u00f3m\u00e1ival az elm\u00falt napok sor\u00e1n 139 embert vizsg\u00e1ltak ki Oroszorsz\u00e1gban, de <a href=\"https:\/\/www.startlap.hu\/utazas\/koronavirus-itt-van-a-legveszelyesebb-orszagok-listaja\/\" target=\"_blank\" rel=\"noopener\"><strong>koronav\u00edrust<\/strong><\/a> eddig senkin\u00e9l sem mutattak ki.<\/p>\n<h2>A vesztes\u00e9gek minimaliz\u00e1l\u00e1sa<\/h2>\n<p>Az utols\u00f3 orosz turistacsoportok a v\u00e1rakoz\u00e1sok szerint febru\u00e1r 4-\u00e9n t\u00e9rnek majd vissza K\u00edn\u00e1b\u00f3l, ahol jelenleg az idegenforgalmi szervezetek becsl\u00e9sei mintegy 3500-an tart\u00f3zkodnak.<\/p>\n<blockquote class=\"article__extraTxt\"><p>Vlagyimir Putyin orosz eln\u00f6k szerd\u00e1n egy, a koronav\u00edrus terjed\u00e9s\u00e9nek megel\u0151z\u00e9s\u00e9r\u0151l tartott korm\u00e1nyzati tan\u00e1cskoz\u00e1son f\u0151 feladatk\u00e9nt a vesztes\u00e9gek minimaliz\u00e1l\u00e1s\u00e1t nevezte meg.<\/p><\/blockquote>\n<p>Kifejezte meggy\u0151z\u0151d\u00e9s\u00e9t, hogy a korm\u00e1ny, az eg\u00e9szs\u00e9g\u00fcgyi miniszt\u00e9rium \u00e9s a Roszpotrebnadzor mindent elk\u00f6vet annak \u00e9rdek\u00e9ben, hogy ne alakuljanak ki v\u00e1ratlan helyzetek.<\/p>\n<h2>Id\u0151ben l\u00e9ptek, de a vesz\u00e9ly jelen van<\/h2>\n<p>Tatjyana Golikova illet\u00e9kes minisztereln\u00f6k-helyettes a tan\u00e1cskoz\u00e1son elmondta, hogy Oroszorsz\u00e1gban m\u00e1r december v\u00e9g\u00e9n l\u00e9p\u00e9seket tettek a <strong><a href=\"https:\/\/www.startlap.hu\/utazas\/koronavirus-hongkong-drasztikus-lepesre-szanta-el-magat\/\" target=\"_blank\" rel=\"noopener\">koronav\u00edrus<\/a>&nbsp;&nbsp;<\/strong>terjed\u00e9s\u00e9nek megel\u0151z\u00e9se \u00e9rdek\u00e9ben, m\u00e9gis fenn\u00e1ll a vesz\u00e9lye, hogy a k\u00f3r bejut az orsz\u00e1gba.<\/p>\n<blockquote class=\"article__extraTxt\"><p>Sajt\u00f3\u00e9rtes\u00fcl\u00e9sek szerint Moszkv\u00e1ban azzal sz\u00e1molnak, hogy az els\u0151 beteget febru\u00e1rban fogj\u00e1k beazonos\u00edtani az orsz\u00e1g ter\u00fclet\u00e9n.<\/p><\/blockquote>\n<h2>Mindenben egy\u00fcttm\u0171k\u00f6dnek a k\u00ednaiakkal<\/h2>\n<p>Az orosz eg\u00e9szs\u00e9g\u00fcgyi miniszt\u00e9rium szerd\u00e1n k\u00f6z\u00f6lte, hogy a K\u00edn\u00e1t\u00f3l kapott klinikai inform\u00e1ci\u00f3k alapj\u00e1n elk\u00e9sz\u00edtette \u00e9s a r\u00e9gi\u00f3kkal ismertette az \u00faj koronav\u00edrus gy\u00f3gy\u00edt\u00e1s\u00e1ra vonatkoz\u00f3 ideiglenes m\u00f3dszertani aj\u00e1nl\u00e1sait.<\/p>\n<p>Kor\u00e1bbi t\u00e1j\u00e9koztat\u00e1s szerint az illet\u00e9kes k\u00ednai hat\u00f3s\u00e1gok ismertett\u00e9k orosz partnereikkel a <strong><a href=\"https:\/\/www.startlap.hu\/utazas\/koronavirus-jarvany-vuhan-lakosai-nem-hagyhatjak-el-a-varost\/\" target=\"_blank\" rel=\"noopener\">vuhani koronav\u00edrus<\/a>&nbsp;&nbsp;<\/strong>genomj\u00e1t.<\/p>\n<p>Oroszorsz\u00e1g t\u00f6bb r\u00e9gi\u00f3j\u00e1ban egy\u00e9bk\u00e9nt iskolaz\u00e1rlatot rendeltek el, alapvet\u0151en az influenzaj\u00e1rv\u00e1ny kit\u00f6r\u00e9s\u00e9nek megakad\u00e1lyoz\u00e1sa c\u00e9lj\u00e1b\u00f3l.<\/p>\n","protected":false},"excerpt":{"rendered":"<p>Nem sokat teket\u00f3ri\u00e1ztak, azonnali int\u00e9zked\u00e9seket rendelt el Putyin: a c\u00e9l a vesztes\u00e9gek minimaliz\u00e1l\u00e1sa.<\/p>\n","protected":false},"author":36,"featured_media":6131,"comment_status":"open","ping_status":"open","sticky":false,"template":"","format":"standard","meta":{"footnotes":""},"categories":[70],"tags":[1358,1336,385,381,1373],"class_list":["post-6125","post","type-post","status-publish","format-standard","has-post-thumbnail","hentry","category-vilag","tag-koronavirus","tag-koronavirus-jarvany","tag-moszkva","tag-oroszorszag","tag-vlagyimir-putyin"],"aioseo_notices":[],"_links":{"self":[{"href":"https:\/\/www.startlap.hu\/utazas\/wp-json\/wp\/v2\/posts\/6125","targetHints":{"allow":["GET"]}}],"collection":[{"href":"https:\/\/www.startlap.hu\/utazas\/wp-json\/wp\/v2\/posts"}],"about":[{"href":"https:\/\/www.startlap.hu\/utazas\/wp-json\/wp\/v2\/types\/post"}],"author":[{"embeddable":true,"href":"https:\/\/www.startlap.hu\/utazas\/wp-json\/wp\/v2\/users\/36"}],"replies":[{"embeddable":true,"href":"https:\/\/www.startlap.hu\/utazas\/wp-json\/wp\/v2\/comments?post=6125"}],"version-history":[{"count":9,"href":"https:\/\/www.startlap.hu\/utazas\/wp-json\/wp\/v2\/posts\/6125\/revisions"}],"predecessor-version":[{"id":6138,"href":"https:\/\/www.startlap.hu\/utazas\/wp-json\/wp\/v2\/posts\/6125\/revisions\/6138"}],"wp:featuredmedia":[{"embeddable":true,"href":"https:\/\/www.startlap.hu\/utazas\/wp-json\/wp\/v2\/media\/6131"}],"wp:attachment":[{"href":"https:\/\/www.startlap.hu\/utazas\/wp-json\/wp\/v2\/media?parent=6125"}],"wp:term":[{"taxonomy":"category","embeddable":true,"href":"https:\/\/www.startlap.hu\/utazas\/wp-json\/wp\/v2\/categories?post=6125"},{"taxonomy":"post_tag","embeddable":true,"href":"https:\/\/www.startlap.hu\/utazas\/wp-json\/wp\/v2\/tags?post=6125"}],"curies":[{"name":"wp","href":"https:\/\/api.w.org\/{rel}","templated":true}]}}