{"id":60763,"date":"2023-08-01T14:44:10","date_gmt":"2023-08-01T12:44:10","guid":{"rendered":"https:\/\/www.startlap.hu\/utazas\/?p=60763"},"modified":"2023-08-01T14:44:10","modified_gmt":"2023-08-01T12:44:10","slug":"tuzijatek-augusztus-20-budapest-2023","status":"publish","type":"post","link":"https:\/\/www.startlap.hu\/utazas\/tuzijatek-augusztus-20-budapest-2023\/","title":{"rendered":"Nagy \u00fajdons\u00e1g lesz az augusztus 20-i t\u0171zij\u00e1t\u00e9kon Budapesten"},"content":{"rendered":"<p>Tizenn\u00e9gy ingyenes helysz\u00ednen v\u00e1rj\u00e1k programok a k\u00f6z\u00f6ns\u00e9get augusztus 18. \u00e9s 20. k\u00f6z\u00f6tt \u00e1llamalap\u00edt\u00f3 Szent Istv\u00e1n kir\u00e1ly \u00fcnnep\u00e9n, melynek el\u0151k\u00e9sz\u00fcletei a menetrend szerint haladnak &#8211; mondta el az \u00fcnneps\u00e9gsorozat keddi budapesti sajt\u00f3t\u00e1j\u00e9koztat\u00f3j\u00e1n a nemzetk\u00f6zi kommunik\u00e1ci\u00f3\u00e9rt \u00e9s kapcsolatok\u00e9rt felel\u0151s \u00e1llamtitk\u00e1r.<\/p>\n<p><strong>Kov\u00e1cs Zolt\u00e1n<\/strong> hozz\u00e1tette, hogy az \u00fcnnepi esem\u00e9nyekkel igazi fesztiv\u00e1lhangulatot k\u00edv\u00e1nnak teremteni, sok sz\u00e1zezer r\u00e9sztvev\u0151vel. Id\u00e9n az atl\u00e9tikai vil\u00e1gbajnoks\u00e1g, a vil\u00e1g m\u00e1sodik legnagyobb sportesem\u00e9ny\u00e9nek programba illeszt\u00e9s\u00e9t is meg kellett oldani, r\u00e1ad\u00e1sul az \u00fcnneps\u00e9gek idej\u00e9n diplom\u00e1ciai esem\u00e9nyek is zajlanak a f\u0151v\u00e1rosban &#8211; jegyezte meg.<\/p>\n<p><strong>Az augusztus 20-i program a hagyom\u00e1nyoknak megfelel\u0151en z\u00e1szl\u00f3felvon\u00e1ssal \u00e9s tisztavat\u00e1ssal indul, majd l\u00e9gipar\u00e1d\u00e9 k\u00f6vetkezik<\/strong>. <strong>Nov\u00e1k Katalin<\/strong> k\u00f6zt\u00e1rsas\u00e1gi eln\u00f6k id\u00e9n Esztergomban mond \u00fcnnepi besz\u00e9det, majd itt adja \u00e1t a Szent Istv\u00e1n-rend kit\u00fcntet\u00e9seket is.<\/p>\n<p>&nbsp;Ism\u00e9t megtartj\u00e1k az \u00fcnnepi szentmis\u00e9t a Szent Istv\u00e1n-bazilik\u00e1ban, majd innen indul a Szent Jobb k\u00f6rmenet,<\/p>\n<blockquote class=\"article__extraTxt\"><p>az \u00fcnneps\u00e9gsorozatot pedig 21 \u00f3rakor t\u0171zij\u00e1t\u00e9k z\u00e1rja.<\/p><\/blockquote>\n<p><strong>Ezen a napon az Orsz\u00e1gh\u00e1z is ingyenesen l\u00e1togathat\u00f3<\/strong> &#8211; k\u00f6z\u00f6lte Kov\u00e1cs Zolt\u00e1n.<\/p>\n<figure id=\"attachment_60765\" aria-describedby=\"caption-attachment-60765\" style=\"width: 755px\" class=\"wp-caption alignnone\"><a href=\"https:\/\/www.startlap.hu\/utazas\/uploads\/sites\/3\/2023\/08\/tuzijatek-scaled.jpg\"><img loading=\"lazy\" decoding=\"async\" class=\"size-article-size-large-image wp-image-60765\" src=\"https:\/\/www.startlap.hu\/utazas\/uploads\/sites\/3\/2023\/08\/tuzijatek-755x503.jpg\" alt=\"Augusztus 20-i t\u0171zij\u00e1t\u00e9k Budapesten\" width=\"755\" height=\"503\" srcset=\"https:\/\/www.startlap.hu\/utazas\/uploads\/sites\/3\/2023\/08\/tuzijatek-755x503.jpg 755w, https:\/\/www.startlap.hu\/utazas\/uploads\/sites\/3\/2023\/08\/tuzijatek-1536x1024.jpg 1536w, https:\/\/www.startlap.hu\/utazas\/uploads\/sites\/3\/2023\/08\/tuzijatek-2048x1365.jpg 2048w, https:\/\/www.startlap.hu\/utazas\/uploads\/sites\/3\/2023\/08\/tuzijatek-525x350.jpg 525w\" sizes=\"auto, (max-width: 755px) 100vw, 755px\" \/><\/a><figcaption id=\"caption-attachment-60765\" class=\"wp-caption-text\">Fot\u00f3: AFP<\/figcaption><\/figure>\n<h2>Az augusztus 20-i t\u0171zij\u00e1t\u00e9k r\u00e9szletei<\/h2>\n<p><strong>Kotasz Gerg\u0151<\/strong>, az augusztus 20-i t\u0171zij\u00e1t\u00e9kot rendez\u0151 NUVU Kft. sajt\u00f3referense elmondta, Magyarorsz\u00e1g egyfajta jelk\u00e9p\u00e9v\u00e9 v\u00e1lt a Szent Istv\u00e1n napi t\u0171zij\u00e1t\u00e9k, amelyet milli\u00f3k figyelnek a helysz\u00ednen \u00e9s a k\u00e9perny\u0151k el\u0151tt.<\/p>\n<p>Az idei m\u0171v\u00e9szeti koncepci\u00f3t <strong>Iv\u00e1nyi \u00c1rp\u00e1d<\/strong> \u00e9s <strong>R\u00e9ti Barnab\u00e1s<\/strong>, a l\u00e1tv\u00e1nytervet <strong>Seres Anik\u00f3<\/strong> k\u00e9sz\u00edtette \u00e9s programozta, a zenei al\u00e1fest\u00e9st pedig <strong>Elek Norbert<\/strong> kompon\u00e1lta klasszikus magyar komolyzenei dallamok felhaszn\u00e1l\u00e1s\u00e1val.<\/p>\n<p><strong>A t\u0171zij\u00e1t\u00e9kot az Orsz\u00e1gh\u00e1z \u00e9s a Duna-parti \u00e9p\u00fcletek grafikus f\u00e9nyfest\u00e9se \u00e9s dr\u00f3nshow eg\u00e9sz\u00edti ki.<\/strong><\/p>\n<p>A m\u0171sor sor\u00e1n 34 ezer pirotechnikai effekt vil\u00e1g\u00edtja be az eget 230 ind\u00edt\u00e1si pontr\u00f3l, k\u00f6zt\u00fck a Szabads\u00e1g \u00e9s az Erzs\u00e9bet h\u00eddr\u00f3l, valamint 7 folyami usz\u00e1lyr\u00f3l \u00e9s sz\u00e1mos pontonr\u00f3l.<\/p>\n<blockquote class=\"article__extraTxt\"><p>A t\u0171zij\u00e1t\u00e9kot a szok\u00e1sos g\u00f6r\u00f6gt\u0171z z\u00e1rja, \u00fajdons\u00e1g lesz azonban, hogy a v\u00edzfel\u00fcleteken is kil\u0151nek \u00fasz\u00f3 pirotechnikai effekteket.<\/p><\/blockquote>\n<p>Az eszk\u00f6z\u00f6ket 60 pirotechnikus telep\u00edti augusztus 3. \u00e9s 19. k\u00f6z\u00f6tt; az esem\u00e9nyhez sok sz\u00e1z oldalas biztons\u00e1gi tanulm\u00e1ny k\u00e9sz\u00fclt &#8211; hangs\u00falyozta Kotasz Gerg\u0151.<\/p>\n<h2>H\u00e1romnapos \u00fcnneps\u00e9g<\/h2>\n<p><strong>Borb\u00e1s Marcsi<\/strong>, a Szent Istv\u00e1n Nap nagyk\u00f6vete kiemelte, hogy \u00f6sszm\u0171v\u00e9szeti rendezv\u00e9nysorozat v\u00e1rja az \u00e9rdekl\u0151d\u0151ket.<\/p>\n<p>A h\u00e1romnapos \u00fcnneps\u00e9g a fenntarthat\u00f3s\u00e1g jegy\u00e9ben zajlik, minden\u00fctt lesz szelekt\u00edv hullad\u00e9kgy\u0171jt\u0151, \u00e9s visszav\u00e1lthat\u00f3 poharakat haszn\u00e1lnak majd &#8211; f\u0171zte hozz\u00e1.<\/p>\n<p>Mint hangs\u00falyozta, az \u00fcnneps\u00e9gsorozaton minim\u00e1lis haszonkulccsal dolgoznak a vend\u00e9gl\u00e1t\u00f3k, \u00edgy az \u00f6sszes helysz\u00ednen kedvezm\u00e9nyes \u00e1ron v\u00e1s\u00e1rolhat\u00f3k meg az alapitalok \u00e9s -\u00e9lelmiszerek.<\/p>\n<blockquote class=\"article__extraTxt\"><p>A programok k\u00f6z\u00fcl kiemelte a tab\u00e1ni Retro fesztiv\u00e1lt, ahol a 70-es, 80-as, 90-es \u00e9vek szt\u00e1rjai l\u00e9pnek fel, a Gell\u00e9rt-hegyen, a Filoz\u00f3fusok kertj\u00e9n\u00e9l pedig a magyar komolyzene legszebb dallamait lehet hallgatni babzs\u00e1kokr\u00f3l.<\/p><\/blockquote>\n<p><strong>Leslie Mandoki<\/strong> augusztus 18-\u00e1n ingyenes koncerttel jelentkezik a Szent Istv\u00e1n t\u00e9ren; a Vigad\u00f3 t\u00e9r b\u00e1rzongora koncertnek ad otthont, az Erzs\u00e9bet t\u00e9ren pedig h\u00e1rom napon \u00e1t tart majd a Szabadr\u00e9t fesztiv\u00e1l.<\/p>\n<p>A V\u00f6r\u00f6smarty t\u00e9ren rendezik meg a Cs\u00e1rda fesztiv\u00e1lt az orsz\u00e1g minden pontj\u00e1r\u00f3l \u00e9rkez\u0151 cs\u00e1rd\u00e1k r\u00e9szv\u00e9tel\u00e9vel, a L\u00e1nch\u00eddt\u00f3l a D\u00f6brentei t\u00e9rig tart a Magyar \u00cdzek Utc\u00e1ja, m\u00edg a Budai V\u00e1rban ism\u00e9t a Mesters\u00e9gek \u00dcnnep\u00e9vel tal\u00e1lkozhat a k\u00f6z\u00f6ns\u00e9g.<\/p>\n<p>A V\u00e1rosliget \u00e9s a Vajdahunyadv\u00e1r els\u0151sorban csal\u00e1di programoknak ad otthont, a Divat \u00e9s Design fesztiv\u00e1l pedig \u00faj helysz\u00ednen, a Millen\u00e1ris Parkban v\u00e1rja az \u00e9rdekl\u0151d\u0151ket &#8211; adott \u00edzel\u00edt\u0151t az \u00fcnnepi programb\u00f3l Borb\u00e1s Marcsi.<\/p>\n<div class=\"o-widget m-readMoreWidget -readMore u-shortDecorLineAfter row widget-container _ce_measure_widget bigdata-widget read-more\" data-ce-measure-widget=\"olvass tov\u00e1bb\">\n\t<div class=\"m-readMoreWidget__imgWrapper image-wrapper col-12 col-md-4 no-p\">\n\t\t<a class=\"m-readMoreWidget__imgLink\" href=\"https:\/\/www.startlap.hu\/utazas\/hova-utazzunk-augusztus-belfoldi-kulfoldi-uti-cel-balaton\/\" >\n\t\t\t<img decoding=\"async\" src=\"https:\/\/www.startlap.hu\/utazas\/uploads\/sites\/3\/2023\/08\/Strandol\u00e1s-350x285.jpg\" class=\"m-readMoreWidget__img\">\n\t\t<\/a>\n\t<\/div>\n\t<div class=\"m-readMoreWidget__titleWrapper title-wrapper col-12 col-md-8\">\n\t\t<span class=\"m-readMoreWidget__titleLabel u-shortDecorLineBefore label hidden-sm-up\">Ez is \u00e9rdekelhet:<\/span>\n\t\t<h3 class=\"m-readMoreWidget__title title\">\n\t\t\t<a class=\"m-readMoreWidget__titleLink -secondFont u-bold u-upperCase\" href=\"https:\/\/www.startlap.hu\/utazas\/hova-utazzunk-augusztus-belfoldi-kulfoldi-uti-cel-balaton\/\" >Hova utazzunk augusztusban?<\/a>\n\t\t<\/h3>\n\t\t<a class=\"m-readMoreWidget__btn -coloredBack u-tC link\" href=\"https:\/\/www.startlap.hu\/utazas\/hova-utazzunk-augusztus-belfoldi-kulfoldi-uti-cel-balaton\/\" >Elolvasom<\/a>\n\t<\/div>\n<\/div>\n","protected":false},"excerpt":{"rendered":"<p>A nagyszab\u00e1s\u00fa t\u0171zij\u00e1t\u00e9kot a szok\u00e1sos g\u00f6r\u00f6gt\u0171z z\u00e1rja majd augusztus 20-\u00e1n, lesz azonban meglepet\u00e9s is a programban. Az eszk\u00f6z\u00f6ket 60 pirotechnikus telep\u00edti.<\/p>\n","protected":false},"author":36,"featured_media":60765,"comment_status":"closed","ping_status":"closed","sticky":false,"template":"","format":"standard","meta":{"footnotes":""},"categories":[7],"tags":[238,23,1925],"class_list":["post-60763","post","type-post","status-publish","format-standard","has-post-thumbnail","hentry","category-belfold-utazas","tag-augusztus-20","tag-budapest","tag-tuzijatek"],"aioseo_notices":[],"_links":{"self":[{"href":"https:\/\/www.startlap.hu\/utazas\/wp-json\/wp\/v2\/posts\/60763","targetHints":{"allow":["GET"]}}],"collection":[{"href":"https:\/\/www.startlap.hu\/utazas\/wp-json\/wp\/v2\/posts"}],"about":[{"href":"https:\/\/www.startlap.hu\/utazas\/wp-json\/wp\/v2\/types\/post"}],"author":[{"embeddable":true,"href":"https:\/\/www.startlap.hu\/utazas\/wp-json\/wp\/v2\/users\/36"}],"replies":[{"embeddable":true,"href":"https:\/\/www.startlap.hu\/utazas\/wp-json\/wp\/v2\/comments?post=60763"}],"version-history":[{"count":2,"href":"https:\/\/www.startlap.hu\/utazas\/wp-json\/wp\/v2\/posts\/60763\/revisions"}],"predecessor-version":[{"id":60767,"href":"https:\/\/www.startlap.hu\/utazas\/wp-json\/wp\/v2\/posts\/60763\/revisions\/60767"}],"wp:featuredmedia":[{"embeddable":true,"href":"https:\/\/www.startlap.hu\/utazas\/wp-json\/wp\/v2\/media\/60765"}],"wp:attachment":[{"href":"https:\/\/www.startlap.hu\/utazas\/wp-json\/wp\/v2\/media?parent=60763"}],"wp:term":[{"taxonomy":"category","embeddable":true,"href":"https:\/\/www.startlap.hu\/utazas\/wp-json\/wp\/v2\/categories?post=60763"},{"taxonomy":"post_tag","embeddable":true,"href":"https:\/\/www.startlap.hu\/utazas\/wp-json\/wp\/v2\/tags?post=60763"}],"curies":[{"name":"wp","href":"https:\/\/api.w.org\/{rel}","templated":true}]}}