{"id":6008,"date":"2020-01-28T20:28:31","date_gmt":"2020-01-28T19:28:31","guid":{"rendered":"https:\/\/www.startlap.hu\/utazas\/?p=6008"},"modified":"2020-01-28T20:46:25","modified_gmt":"2020-01-28T19:46:25","slug":"koronavirus-budapestre-tart-egy-vuhani-turistacsoport","status":"publish","type":"post","link":"https:\/\/www.startlap.hu\/utazas\/koronavirus-budapestre-tart-egy-vuhani-turistacsoport\/","title":{"rendered":"Koronav\u00edrus: Budapestre tart egy vuhani turistacsoport"},"content":{"rendered":"<p><strong>Kedden \u00e9rkeznek Szerbi\u00e1ba<\/strong>, \u00e9s k\u00e9t-h\u00e1rom napot t\u00f6ltenek Belgr\u00e1dban azok a k\u00ednai turist\u00e1k, akik egy eur\u00f3pai k\u00f6r\u00faton vesznek r\u00e9szt, \u00e9s a szerb f\u0151v\u00e1rosb\u00f3l <strong>Budapestre indulnak<\/strong> tov\u00e1bb \u2013 \u00edrja a <a href=\"https:\/\/www.blikk.hu\/aktualis\/belfold\/coronavirus-korona-kina-turistak-jarvany-budapest\/4bcgpyw\" target=\"_blank\" target=\"_blank\" rel=\"noopener\"><strong>Blikk<\/strong><\/a> szerb lap\u00e9rtes\u00fcl\u00e9sekb\u0151l hivatkozva.<\/p>\n<figure id=\"attachment_6011\" aria-describedby=\"caption-attachment-6011\" style=\"width: 755px\" class=\"wp-caption alignnone\"><img loading=\"lazy\" decoding=\"async\" class=\"size-article-size-large-image wp-image-6011\" src=\"https:\/\/www.startlap.hu\/utazas\/uploads\/sites\/3\/2020\/01\/kinai_turista_repter2-755x548.jpg\" alt=\"\" width=\"755\" height=\"548\" srcset=\"https:\/\/www.startlap.hu\/utazas\/uploads\/sites\/3\/2020\/01\/kinai_turista_repter2-755x548.jpg 755w, https:\/\/www.startlap.hu\/utazas\/uploads\/sites\/3\/2020\/01\/kinai_turista_repter2-482x350.jpg 482w, https:\/\/www.startlap.hu\/utazas\/uploads\/sites\/3\/2020\/01\/kinai_turista_repter2.jpg 800w\" sizes=\"auto, (max-width: 755px) 100vw, 755px\" \/><figcaption id=\"caption-attachment-6011\" class=\"wp-caption-text\">V\u00e9d\u0151maszkot visel\u0151 k\u00ednai utasok v\u00e1rakoznak egy rept\u00e9ren (Fot\u00f3: MTI\/EPA\/Mark R. Cristino) A k\u00e9p csak illusztr\u00e1ci\u00f3.<\/figcaption><\/figure>\n<p>Ismert\u00e9 v\u00e1lt, hogy az <strong>utaz\u00f3k nagy r\u00e9sze a&nbsp;koronav\u00edrus k\u00f6zpontj\u00e1b\u00f3l,<\/strong> a 11 milli\u00f3 lakos\u00fa <strong><a href=\"https:\/\/www.startlap.hu\/utazas\/koronavirus-jarvany-vuhan-lakosai-nem-hagyhatjak-el-a-varost\/\" target=\"_blank\" rel=\"noopener\">Vuhan<\/a><\/strong> v\u00e1ros\u00e1b\u00f3l sz\u00e1rmazik. Onnan, ahol m\u00falt cs\u00fct\u00f6rt\u00f6k\u00f6n gyakorlatilag teljesen le\u00e1ll\u00edtott\u00e1k a t\u00f6megk\u00f6zleked\u00e9st, a telep\u00fcl\u00e9s k\u00f6r\u00e9 pedig a fert\u0151z\u00e9s miatt <strong>a t\u00f6rt\u00e9nelem egyik legnagyobb karant\u00e9nj\u00e1t<\/strong> vont\u00e1k.&nbsp;<\/p>\n<p>Term\u00e9szetesen \u0151k mindezek kihirdet\u00e9se el\u0151tt indultak az eur\u00f3pai utaz\u00e1sra, de Horv\u00e1torsz\u00e1gban \u00e9s Bosznia-Hercegovin\u00e1ban is \u00e1testek eg\u00e9szs\u00e9g\u00fcgyi ellen\u0151rz\u00e9sen.&nbsp;<\/p>\n<p>A hat\u00f3s\u00e1gok <strong>24 \u00f3r\u00e1s<\/strong> fel\u00fcgyelet al\u00e1 vont\u00e1k \u0151ket, mindenkit eg\u00e9szs\u00e9gesnek tal\u00e1ltak, egyik\u00fckn\u00e9l sem fedezt\u00e9k fel semmilyen t\u00fcnetet sem.<\/p>\n<p>Ennek ellen\u00e9re a szerb hat\u00e1ron mindenkit megvizsg\u00e1lnak \u00fajb\u00f3l, ez\u00fattal m\u00e1r <strong>k\u00ednai orvosok bevon\u00e1s\u00e1val.&nbsp;<\/strong><\/p>\n","protected":false},"excerpt":{"rendered":"<p>A 29 f\u0151s csapatban jelent\u0151s sz\u00e1mmal vannak a koronav\u00edrus-j\u00e1rv\u00e1ny k\u00f6zpontj\u00e1b\u00f3l.<\/p>\n","protected":false},"author":36,"featured_media":6010,"comment_status":"open","ping_status":"open","sticky":false,"template":"","format":"standard","meta":{"footnotes":""},"categories":[7],"tags":[23,1358,1336,1360,1335],"class_list":["post-6008","post","type-post","status-publish","format-standard","has-post-thumbnail","hentry","category-belfold-utazas","tag-budapest","tag-koronavirus","tag-koronavirus-jarvany","tag-szerbia","tag-vuhan"],"aioseo_notices":[],"_links":{"self":[{"href":"https:\/\/www.startlap.hu\/utazas\/wp-json\/wp\/v2\/posts\/6008","targetHints":{"allow":["GET"]}}],"collection":[{"href":"https:\/\/www.startlap.hu\/utazas\/wp-json\/wp\/v2\/posts"}],"about":[{"href":"https:\/\/www.startlap.hu\/utazas\/wp-json\/wp\/v2\/types\/post"}],"author":[{"embeddable":true,"href":"https:\/\/www.startlap.hu\/utazas\/wp-json\/wp\/v2\/users\/36"}],"replies":[{"embeddable":true,"href":"https:\/\/www.startlap.hu\/utazas\/wp-json\/wp\/v2\/comments?post=6008"}],"version-history":[{"count":4,"href":"https:\/\/www.startlap.hu\/utazas\/wp-json\/wp\/v2\/posts\/6008\/revisions"}],"predecessor-version":[{"id":6016,"href":"https:\/\/www.startlap.hu\/utazas\/wp-json\/wp\/v2\/posts\/6008\/revisions\/6016"}],"wp:featuredmedia":[{"embeddable":true,"href":"https:\/\/www.startlap.hu\/utazas\/wp-json\/wp\/v2\/media\/6010"}],"wp:attachment":[{"href":"https:\/\/www.startlap.hu\/utazas\/wp-json\/wp\/v2\/media?parent=6008"}],"wp:term":[{"taxonomy":"category","embeddable":true,"href":"https:\/\/www.startlap.hu\/utazas\/wp-json\/wp\/v2\/categories?post=6008"},{"taxonomy":"post_tag","embeddable":true,"href":"https:\/\/www.startlap.hu\/utazas\/wp-json\/wp\/v2\/tags?post=6008"}],"curies":[{"name":"wp","href":"https:\/\/api.w.org\/{rel}","templated":true}]}}