{"id":5981,"date":"2020-01-28T16:54:19","date_gmt":"2020-01-28T15:54:19","guid":{"rendered":"https:\/\/www.startlap.hu\/utazas\/?p=5981"},"modified":"2020-01-28T16:54:19","modified_gmt":"2020-01-28T15:54:19","slug":"koronavirus-hongkong-drasztikus-lepesre-szanta-el-magat","status":"publish","type":"post","link":"https:\/\/www.startlap.hu\/utazas\/koronavirus-hongkong-drasztikus-lepesre-szanta-el-magat\/","title":{"rendered":"Koronav\u00edrus: Hongkong drasztikus l\u00e9p\u00e9sre sz\u00e1nta el mag\u00e1t"},"content":{"rendered":"<p>Carrie Lam hongkongi korm\u00e1nyz\u00f3 keddi sajt\u00f3t\u00e1j\u00e9koztat\u00f3j\u00e1n bejelentette: <strong>felf\u00fcggesztik a k\u00f6zleked\u00e9st a v\u00e1rost a K\u00edna sz\u00e1razf\u00f6ldi r\u00e9sz\u00e9vel \u00f6sszek\u00f6t\u0151 k\u00e9t vas\u00fatvonalon<\/strong>, \u00e9s <strong>nem adnak bel\u00e9p\u00e9si enged\u00e9lyt<\/strong> Hongkongba az egy\u00e9nileg utaz\u00f3 k\u00ednai utasoknak sem. A K\u00edn\u00e1b\u00f3l \u00e9rkez\u0151, valamint oda indul\u00f3 rep\u00fcl\u0151j\u00e1ratok sz\u00e1m\u00e1t a fel\u00e9re cs\u00f6kkentik, \u00e9s m\u00e9rs\u00e9klik a hat\u00e1ron \u00e1tkel\u0151 buszj\u00e1ratok sz\u00e1m\u00e1t is &#8211; tette hozz\u00e1.<\/p>\n<p>A k\u00fcl\u00f6nleges k\u00f6zigazgat\u00e1si st\u00e1tusszal b\u00edr\u00f3 v\u00e1ros t\u00f6rv\u00e9nyhoz\u00f3i p\u00e1rt\u00e1ll\u00e1st\u00f3l f\u00fcggetlen arra k\u00e9rt\u00e9k a korm\u00e1nyzatot, hogy teljes m\u00e9rt\u00e9kben \u00e1ll\u00edtsa le a k\u00f6zleked\u00e9st az anyaorsz\u00e1g \u00e9s Hongkong k\u00f6z\u00f6tt.&nbsp;<\/p>\n<blockquote class=\"article__extraTxt\"><p>A pekingi vezet\u00e9s beleegyezett abba, hogy felf\u00fcggeszti az egy\u00e9ni utaz\u00e1si v\u00edzumok kibocs\u00e1t\u00e1s\u00e1t a k\u00ednai utasok sz\u00e1m\u00e1ra.&nbsp;<\/p><\/blockquote>\n<p>Az int\u00e9zked\u00e9sek cs\u00fct\u00f6rt\u00f6k \u00e9jf\u00e9lt\u0151l l\u00e9pnek \u00e9letbe.&nbsp;<\/p>\n<p>Lam, aki sajt\u00f3t\u00e1j\u00e9koztat\u00f3j\u00e1n maga is eg\u00e9szs\u00e9g\u00fcgyi maszkot viselt, hangs\u00falyozta: egys\u00e9gre van sz\u00fcks\u00e9g Hongkongban a j\u00e1rv\u00e1ny elleni k\u00fczdelemben.<\/p>\n<figure id=\"attachment_5984\" aria-describedby=\"caption-attachment-5984\" style=\"width: 755px\" class=\"wp-caption aligncenter\"><img loading=\"lazy\" decoding=\"async\" class=\"size-article-size-large-image wp-image-5984\" src=\"https:\/\/www.startlap.hu\/utazas\/uploads\/sites\/3\/2020\/01\/vuhan_hongkong_koronavirus-755x503.jpg\" alt=\"\" width=\"755\" height=\"503\" srcset=\"https:\/\/www.startlap.hu\/utazas\/uploads\/sites\/3\/2020\/01\/vuhan_hongkong_koronavirus-755x503.jpg 755w, https:\/\/www.startlap.hu\/utazas\/uploads\/sites\/3\/2020\/01\/vuhan_hongkong_koronavirus-525x350.jpg 525w\" sizes=\"auto, (max-width: 755px) 100vw, 755px\" \/><figcaption id=\"caption-attachment-5984\" class=\"wp-caption-text\">Carrie Lam hongkongi korm\u00e1nyz\u00f3 (b) v\u00e9d\u0151maszkban tart sajt\u00f3t\u00e1j\u00e9koztat\u00f3t Hongkongban 2020. janu\u00e1r 28-\u00e1n. A k\u00ednai Hupej tartom\u00e1nyban kezd\u0151d\u0151, \u00e9s m\u00e1r a vil\u00e1g t\u00f6bb orsz\u00e1g\u00e1ban megjelen\u0151 j\u00e1rv\u00e1ny eddig legkevesebb 106 ember hal\u00e1l\u00e1t okozta K\u00edn\u00e1ban.<br \/>MTI\/EPA\/Jerome Favre<\/figcaption><\/figure>\n<p>A hongkongi korm\u00e1nyz\u00f3 m\u00e9g vas\u00e1rnap ideiglenes bel\u00e9p\u00e9si tilalmat hirdetett minden, a j\u00e1rv\u00e1ny g\u00f3cpontj\u00e1nak sz\u00e1m\u00edt\u00f3 k\u00f6z\u00e9p-k\u00ednai Hupej tartom\u00e1nyb\u00f3l \u00e9rkez\u0151 utassal szemben. A v\u00e1rosban ezen k\u00edv\u00fcl bez\u00e1rt t\u00f6bb nyilv\u00e1nos \u00e9s k\u00f6zint\u00e9zm\u00e9ny, k\u00f6zt\u00fck m\u00fazeumok \u00e9s sportk\u00f6zpontok, a k\u00f6ztisztvisel\u0151ket pedig arra k\u00e9rt\u00e9k, hogy otthonr\u00f3l dolgozzanak.&nbsp;<\/p>\n<p>Helyi id\u0151 szerint kedden d\u00e9lig Hongkongban nyolc embern\u00e9l diagnosztiz\u00e1lt\u00e1k az \u00faj&nbsp;<a href=\"https:\/\/www.startlap.hu\/utazas\/koronavirus-jarvany-vuhan-lakosai-nem-hagyhatjak-el-a-varost\/\" target=\"_blank\" rel=\"noopener\">koronav\u00edrus<\/a>&nbsp;okozta fert\u0151z\u00e9st, amely K\u00edna sz\u00e1razf\u00f6ldi r\u00e9sz\u00e9n h\u00e9tf\u0151n \u00e9jf\u00e9lig t\u00f6bb mint 4500 megbeteged\u00e9shez vezetett, \u00e9s 106 hal\u00e1los \u00e1ldozatot szedett<\/p>\n","protected":false},"excerpt":{"rendered":"<p>Hongkong drasztikusan korl\u00e1tozza az utaz\u00e1st K\u00edna sz\u00e1razf\u00f6ldi r\u00e9sze fel\u0151l annak \u00e9rdek\u00e9ben, hogy megakad\u00e1lyozza a K\u00f6z\u00e9p-K\u00edn\u00e1b\u00f3l indul\u00f3 \u00faj koronav\u00edrus terjed\u00e9s\u00e9t &#8211; olvashat\u00f3 a South China Morning Post (SCMP) c\u00edm\u0171 hongkongi lap keddi cikk\u00e9ben.<\/p>\n","protected":false},"author":36,"featured_media":5984,"comment_status":"open","ping_status":"open","sticky":false,"template":"","format":"standard","meta":{"footnotes":""},"categories":[70],"tags":[1359,1358,1335],"class_list":["post-5981","post","type-post","status-publish","format-standard","has-post-thumbnail","hentry","category-vilag","tag-hongkong","tag-koronavirus","tag-vuhan"],"aioseo_notices":[],"_links":{"self":[{"href":"https:\/\/www.startlap.hu\/utazas\/wp-json\/wp\/v2\/posts\/5981","targetHints":{"allow":["GET"]}}],"collection":[{"href":"https:\/\/www.startlap.hu\/utazas\/wp-json\/wp\/v2\/posts"}],"about":[{"href":"https:\/\/www.startlap.hu\/utazas\/wp-json\/wp\/v2\/types\/post"}],"author":[{"embeddable":true,"href":"https:\/\/www.startlap.hu\/utazas\/wp-json\/wp\/v2\/users\/36"}],"replies":[{"embeddable":true,"href":"https:\/\/www.startlap.hu\/utazas\/wp-json\/wp\/v2\/comments?post=5981"}],"version-history":[{"count":2,"href":"https:\/\/www.startlap.hu\/utazas\/wp-json\/wp\/v2\/posts\/5981\/revisions"}],"predecessor-version":[{"id":5985,"href":"https:\/\/www.startlap.hu\/utazas\/wp-json\/wp\/v2\/posts\/5981\/revisions\/5985"}],"wp:featuredmedia":[{"embeddable":true,"href":"https:\/\/www.startlap.hu\/utazas\/wp-json\/wp\/v2\/media\/5984"}],"wp:attachment":[{"href":"https:\/\/www.startlap.hu\/utazas\/wp-json\/wp\/v2\/media?parent=5981"}],"wp:term":[{"taxonomy":"category","embeddable":true,"href":"https:\/\/www.startlap.hu\/utazas\/wp-json\/wp\/v2\/categories?post=5981"},{"taxonomy":"post_tag","embeddable":true,"href":"https:\/\/www.startlap.hu\/utazas\/wp-json\/wp\/v2\/tags?post=5981"}],"curies":[{"name":"wp","href":"https:\/\/api.w.org\/{rel}","templated":true}]}}