{"id":59068,"date":"2023-07-05T13:25:06","date_gmt":"2023-07-05T11:25:06","guid":{"rendered":"https:\/\/www.startlap.hu\/utazas\/?p=59068"},"modified":"2023-07-05T13:25:06","modified_gmt":"2023-07-05T11:25:06","slug":"egynapos-autopalya-matrica-2024-bevezetes","status":"publish","type":"post","link":"https:\/\/www.startlap.hu\/utazas\/egynapos-autopalya-matrica-2024-bevezetes\/","title":{"rendered":"Kider\u00fclt, mekkora ig\u00e9ny van az egynapos aut\u00f3p\u00e1lya-matric\u00e1ra"},"content":{"rendered":"<p>Az Eur\u00f3pai Uni\u00f3s rendelet szerint a tagorsz\u00e1gok <strong>2024 m\u00e1rcius\u00e1ig be kell vezess\u00e9k az egynapos aut\u00f3p\u00e1lya-matric\u00e1t<\/strong> &#8211; \u00edrja az <a href=\"https:\/\/www.autopalyamatrica.hu\/hirek\/jon-az-egy-napos-autopalya-matrica-magyarorszagra\" target=\"_blank\" target=\"_blank\" rel=\"noopener noreferrer\">autopalyamatrica.hu<\/a> egy kor\u00e1bbi cikk\u00e9ben. Az illet\u00e9kes miniszt\u00e9rium el\u00e1rulta, val\u00f3ban v\u00e1rhat\u00f3 a j\u00f6v\u0151 \u00e9vi 1 napos matrica, de a korm\u00e1nynak m\u00e9g d\u00f6ntenie kell a r\u00e9szletekr\u0151l.<\/p>\n<p>A port\u00e1l nem csup\u00e1n a bevezet\u00e9s t\u00e9ny\u00e9t vizsg\u00e1lta, hanem az \u00fathaszn\u00e1l\u00f3k v\u00e9lem\u00e9ny\u00e9t \u00e9s ig\u00e9nyeit is. \u00c9ppen ez\u00e9rt <strong>k\u00e9sz\u00edtettek egy nem reprezentat\u00edv felm\u00e9r\u00e9st<\/strong>, amelyben t\u00f6bb mint 5000 felhaszn\u00e1l\u00f3 vett r\u00e9szt.<\/p>\n<blockquote class=\"article__extraTxt\"><p>A felm\u00e9r\u00e9sb\u0151l kider\u00fclt, hogy az aut\u00f3p\u00e1lya-haszn\u00e1l\u00f3k 98%-nak ig\u00e9nye lenne az egynapos matric\u00e1ra, \u00e1m ez sokmindent\u0151l f\u00fcgg.<\/p><\/blockquote>\n<figure id=\"attachment_59069\" aria-describedby=\"caption-attachment-59069\" style=\"width: 755px\" class=\"wp-caption alignnone\"><img loading=\"lazy\" decoding=\"async\" class=\"wp-image-59069 size-article-size-large-image\" src=\"https:\/\/www.startlap.hu\/utazas\/uploads\/sites\/3\/2023\/07\/autopalya-godollo-755x467.jpg\" alt=\"Aut\u00f3p\u00e1lya G\u00f6d\u00f6ll\u0151n\u00e9l fel\u00fcln\u00e9zetb\u0151l\" width=\"755\" height=\"467\" srcset=\"https:\/\/www.startlap.hu\/utazas\/uploads\/sites\/3\/2023\/07\/autopalya-godollo-755x467.jpg 755w, https:\/\/www.startlap.hu\/utazas\/uploads\/sites\/3\/2023\/07\/autopalya-godollo-566x350.jpg 566w, https:\/\/www.startlap.hu\/utazas\/uploads\/sites\/3\/2023\/07\/autopalya-godollo.jpg 1200w\" sizes=\"auto, (max-width: 755px) 100vw, 755px\" \/><figcaption id=\"caption-attachment-59069\" class=\"wp-caption-text\">Fot\u00f3: MTI\/M\u00e1th\u00e9 Zolt\u00e1n<\/figcaption><\/figure>\n<h2>A h\u00e1romnapos lenne az igazi<\/h2>\n<p>A v\u00e1laszad\u00f3k k\u00f6zel egynegyede kifejezte, hogy utaz\u00e1sai sor\u00e1n <strong>nem tartja igazs\u00e1gosnak a napi aut\u00f3p\u00e1lya-haszn\u00e1lat\u00e9rt kifizetett a 10 napos matric\u00e1t<\/strong>. Az egynapos matric\u00e1val gyakrabban haszn\u00e1ln\u00e1k az aut\u00f3p\u00e1ly\u00e1t abban az esetben, ha az egynapos matrica \u00e1ra ar\u00e1nyosan alacsonyabb lenne, mint a 10 napos matrica \u00e1ra.<\/p>\n<p>Mindezek mellett megfogalmazt\u00e1k, hogy az egynapos matrica mellett <strong>bevezethetn\u00e9k a 3, ak\u00e1r 4 napos matric\u00e1t is<\/strong>, hiszen ez kedvez\u0151 megold\u00e1st ny\u00fajtana azok sz\u00e1m\u00e1ra, akik csak h\u00e9tv\u00e9gi <a href=\"https:\/\/www.startlap.hu\/utazas\/horvatorszag-utazas-adria-kozelekedesi-szabalyok-2023\/\" target=\"_blank\" rel=\"noopener noreferrer\">utaz\u00e1saik<\/a> sor\u00e1n haszn\u00e1lj\u00e1k az aut\u00f3p\u00e1ly\u00e1kat. Sz\u00e1mos felhaszn\u00e1l\u00f3 elmondta, hogy budapesti utaz\u00e1sai sor\u00e1n vagy a balatoni kir\u00e1ndul\u00e1sok miatt v\u00e1s\u00e1rolna matric\u00e1t, azonban a 10 napos nem \u00e9ri meg, \u00edgy t\u00f6bb alkalommal ink\u00e1bb a gyorsforgalmi utat&nbsp;v\u00e1lasztott\u00e1k vagy kihagyt\u00e1k az utaz\u00e1st.<\/p>\n<h2>Egy matrica, t\u00f6bb megold\u00e1s<\/h2>\n<p>Azok sz\u00e1m\u00e1ra is kiv\u00e1l\u00f3 alternat\u00edva lenne az egynapos-matrica, akik v\u00e9letlen\u00fcl hajtottak fel az aut\u00f3p\u00e1ly\u00e1ra, \u00e9s ezzel el tudn\u00e1k ker\u00fclni a b\u00fcntet\u00e9st. A v\u00e1laszt\u00f3k k\u00f6z\u00fcl rengetegen egyet\u00e9rtettek abban, hogy a napi matrica igaz\u00e1n az egy napos kir\u00e1ndul\u00e1soknak, \u00fcgyint\u00e9z\u00e9seknek \u00e9s a k\u00fclf\u00f6ldi \u00e1tutaz\u00f3knak lesz kedvez\u0151.<\/p>\n<h2>Ennyibe ker\u00fclhet az \u00faj aut\u00f3p\u00e1lya-matrica<\/h2>\n<p>T\u00f6bben jelezt\u00e9k, hogy csup\u00e1n abban az esetben \u00e9rn\u00e9 meg az egynapos matrica, <strong>ha 500-1500 forintig terjedne az \u00e1ra<\/strong>. Azonban a cseh p\u00e9ld\u00e1t is l\u00e1tva, enn\u00e9l j\u00f3val magasabb \u00f6sszegre lehet sz\u00e1m\u00edtani, hiszen az Eur\u00f3pai Uni\u00f3 korl\u00e1toz\u00e1sa szerint az egynapos matrica \u00e1ra <strong>legfeljebb az \u00e9ves matrica \u00e1r\u00e1nak 9%-a lehet<\/strong>, amely azt jelenti, ha az idei \u00e9ves matrica \u00e1r\u00e1hoz viszony\u00edtjuk 4427 forintba ker\u00fclne.<\/p>\n<p>A jogszab\u00e1ly szerint az <a href=\"https:\/\/www.startlap.hu\/utazas\/oriasi-ujitas-a-magyar-autopalya-matricaknal\/\" target=\"_blank\" rel=\"noopener noreferrer\">aut\u00f3p\u00e1lya-matrica<\/a> \u00e1ra infl\u00e1ci\u00f3k\u00f6vet\u0151 \u00edgy, ha a 15%-os infl\u00e1ci\u00f3val sz\u00e1molunk, akkor az egynapos matrica <strong>\u00e1ra ak\u00e1r 5100 forintba is ker\u00fclhet<\/strong>.<\/p>\n<p><em>(MTI)<\/em><\/p>\n<div class=\"o-widget m-readMoreWidget -readMore u-shortDecorLineAfter row widget-container _ce_measure_widget bigdata-widget read-more\" data-ce-measure-widget=\"olvass tov\u00e1bb\">\n\t<div class=\"m-readMoreWidget__imgWrapper image-wrapper col-12 col-md-4 no-p\">\n\t\t<a class=\"m-readMoreWidget__imgLink\" href=\"https:\/\/www.startlap.hu\/utazas\/mav-utasellato-bisztrokocsi-arak-menu-2023\/\" >\n\t\t\t<img decoding=\"async\" src=\"https:\/\/www.startlap.hu\/utazas\/uploads\/sites\/3\/2023\/07\/mav-bufekocsi-350x285.jpg\" class=\"m-readMoreWidget__img\">\n\t\t<\/a>\n\t<\/div>\n\t<div class=\"m-readMoreWidget__titleWrapper title-wrapper col-12 col-md-8\">\n\t\t<span class=\"m-readMoreWidget__titleLabel u-shortDecorLineBefore label hidden-sm-up\">Ez is \u00e9rdekelhet:<\/span>\n\t\t<h3 class=\"m-readMoreWidget__title title\">\n\t\t\t<a class=\"m-readMoreWidget__titleLink -secondFont u-bold u-upperCase\" href=\"https:\/\/www.startlap.hu\/utazas\/mav-utasellato-bisztrokocsi-arak-menu-2023\/\" >Ennyibe ker\u00fcl egy eb\u00e9d a M\u00c1V \u00e9tkez\u0151kocsijaiban id\u00e9n<\/a>\n\t\t<\/h3>\n\t\t<a class=\"m-readMoreWidget__btn -coloredBack u-tC link\" href=\"https:\/\/www.startlap.hu\/utazas\/mav-utasellato-bisztrokocsi-arak-menu-2023\/\" >Elolvasom<\/a>\n\t<\/div>\n<\/div>\n","protected":false},"excerpt":{"rendered":"<p>2024 m\u00e1rcius\u00e1ig Magyarorsz\u00e1gon is bevezet\u00e9sre ker\u00fcl az egynapos aut\u00f3p\u00e1lya-matrica, amire egy nem reprezentat\u00edv felm\u00e9r\u00e9s szerint hatalmas ig\u00e9ny van.<\/p>\n","protected":false},"author":58,"featured_media":59069,"comment_status":"closed","ping_status":"closed","sticky":false,"template":"","format":"standard","meta":{"footnotes":""},"categories":[7],"tags":[3470],"class_list":["post-59068","post","type-post","status-publish","format-standard","has-post-thumbnail","hentry","category-belfold-utazas","tag-autopalya-matrica"],"aioseo_notices":[],"_links":{"self":[{"href":"https:\/\/www.startlap.hu\/utazas\/wp-json\/wp\/v2\/posts\/59068","targetHints":{"allow":["GET"]}}],"collection":[{"href":"https:\/\/www.startlap.hu\/utazas\/wp-json\/wp\/v2\/posts"}],"about":[{"href":"https:\/\/www.startlap.hu\/utazas\/wp-json\/wp\/v2\/types\/post"}],"author":[{"embeddable":true,"href":"https:\/\/www.startlap.hu\/utazas\/wp-json\/wp\/v2\/users\/58"}],"replies":[{"embeddable":true,"href":"https:\/\/www.startlap.hu\/utazas\/wp-json\/wp\/v2\/comments?post=59068"}],"version-history":[{"count":3,"href":"https:\/\/www.startlap.hu\/utazas\/wp-json\/wp\/v2\/posts\/59068\/revisions"}],"predecessor-version":[{"id":59088,"href":"https:\/\/www.startlap.hu\/utazas\/wp-json\/wp\/v2\/posts\/59068\/revisions\/59088"}],"wp:featuredmedia":[{"embeddable":true,"href":"https:\/\/www.startlap.hu\/utazas\/wp-json\/wp\/v2\/media\/59069"}],"wp:attachment":[{"href":"https:\/\/www.startlap.hu\/utazas\/wp-json\/wp\/v2\/media?parent=59068"}],"wp:term":[{"taxonomy":"category","embeddable":true,"href":"https:\/\/www.startlap.hu\/utazas\/wp-json\/wp\/v2\/categories?post=59068"},{"taxonomy":"post_tag","embeddable":true,"href":"https:\/\/www.startlap.hu\/utazas\/wp-json\/wp\/v2\/tags?post=59068"}],"curies":[{"name":"wp","href":"https:\/\/api.w.org\/{rel}","templated":true}]}}