{"id":58234,"date":"2023-06-19T17:10:48","date_gmt":"2023-06-19T15:10:48","guid":{"rendered":"https:\/\/www.startlap.hu\/utazas\/?p=58234"},"modified":"2023-06-19T17:10:48","modified_gmt":"2023-06-19T15:10:48","slug":"szep-kartya-turizmus-szallodaszovetseg","status":"publish","type":"post","link":"https:\/\/www.startlap.hu\/utazas\/szep-kartya-turizmus-szallodaszovetseg\/","title":{"rendered":"Szeptemberi hat\u00e1rid\u0151t k\u00e9r a SZ\u00c9P-k\u00e1rty\u00e1kn\u00e1l a sz\u00e1llodasz\u00f6vets\u00e9g"},"content":{"rendered":"<p>A korm\u00e1ny <a href=\"https:\/\/www.startlap.hu\/vasarlas\/szep-kartya-hidegelelem-boltok-augusztus\/\" target=\"_blank\" rel=\"noopener noreferrer\">mai d\u00f6nt\u00e9se \u00e9rtelm\u00e9ben<\/a> augusztus 1-t\u0151l lehet\u0151v\u00e9 teszik a<strong> SZ\u00c9P-k\u00e1rty\u00e1k felhaszn\u00e1l\u00e1s\u00e1t hideg\u00e9lelemre.<\/strong> A turizmus szerepl\u0151i agg\u00f3dni kezdtek, mert a bev\u00e9teleik mintegy 25 sz\u00e1zal\u00e9ka a pihen\u0151k\u00e1rty\u00e1s fizet\u00e9sekb\u0151l sz\u00e1rmazik. \u00dagy v\u00e9lik, ha a szezon k\u00f6zep\u00e9n l\u00e9p \u00e9letbe a m\u00f3dos\u00edt\u00e1s, <strong>jelent\u0151s bev\u00e9telt\u0151l eshetnek el<\/strong> &#8211; \u00edrja a <a href=\"https:\/\/www.hirstart.hu\/site\/relocate.php?rssid=87&amp;rsspid=3&amp;ctype=rss&amp;id=26295911&amp;chk=9ca424bd25b730d6ee3c6fbdc5ca5e8c&amp;url=https%3A%2F%2Fwww.vg.hu%2Fturizmus%2F2023%2F06%2Fszep-kartya-a-szallodaszovetseg-szeptemberre-keri-modositani-a-hataridot%3Futm_source%3Dhirstart%26utm_medium%3Dreferral%26utm_campaign%3Dhiraggregator\" target=\"_blank\" target=\"_blank\" rel=\"noopener noreferrer\">Vil\u00e1ggazdas\u00e1g<\/a>.<\/p>\n<figure id=\"attachment_58235\" aria-describedby=\"caption-attachment-58235\" style=\"width: 755px\" class=\"wp-caption aligncenter\"><img loading=\"lazy\" decoding=\"async\" class=\"size-article-size-large-image wp-image-58235\" src=\"https:\/\/www.startlap.hu\/utazas\/uploads\/sites\/3\/2023\/06\/szep-kartya-755x574.jpg\" alt=\"Egy, az OTP Bank \u00e1ltal kibocs\u00e1tott Sz\u00e9chenyi Pihen\u0151k\u00e1rtya, (SZ\u00c9P K\u00e1rtya) \" width=\"755\" height=\"574\" srcset=\"https:\/\/www.startlap.hu\/utazas\/uploads\/sites\/3\/2023\/06\/szep-kartya-755x574.jpg 755w, https:\/\/www.startlap.hu\/utazas\/uploads\/sites\/3\/2023\/06\/szep-kartya-85x65.jpg 85w, https:\/\/www.startlap.hu\/utazas\/uploads\/sites\/3\/2023\/06\/szep-kartya-460x350.jpg 460w, https:\/\/www.startlap.hu\/utazas\/uploads\/sites\/3\/2023\/06\/szep-kartya.jpg 1200w\" sizes=\"auto, (max-width: 755px) 100vw, 755px\" \/><figcaption id=\"caption-attachment-58235\" class=\"wp-caption-text\">Fot\u00f3: MTVA\/Bizom\u00e1nyosi: R\u00f3ka L\u00e1szl\u00f3<\/figcaption><\/figure>\n<h2>A m\u00f3dos\u00edt\u00e1s halaszt\u00e1s\u00e1t k\u00e9rik<\/h2>\n<p><strong>Flesch Tam\u00e1s<\/strong>, a Magyar Sz\u00e1llod\u00e1k \u00e9s \u00c9ttermek Sz\u00f6vets\u00e9g\u00e9nek (MSZ\u00c9SZ) eln\u00f6ke a lapnak azt nyilatkozta, hogy az augusztusi&nbsp;<strong>hat\u00e1rid\u0151 m\u00f3dos\u00edt\u00e1s\u00e1t<\/strong> fogja k\u00e9rni Nagy M\u00e1rton gazdas\u00e1gv\u00e9delmi minisztert\u0151l.<\/p>\n<blockquote class=\"article__extraTxt\"><p>Legal\u00e1bb szeptember elsej\u00e9ig szeretn\u00e9nek halad\u00e9kot k\u00e9rni a turizmus-vend\u00e9gl\u00e1t\u00e1s ter\u00fclet\u00e9n \u00e9rdekelt v\u00e1llalkoz\u00e1sok \u00e9rdek\u00e9ben.&nbsp;<\/p><\/blockquote>\n<p>A k\u00e9relem egyik f\u0151 oka, hogy az emberek a mostani gazdas\u00e1gi k\u00f6rnyezetben ink\u00e1bb kiv\u00e1rnak a foglal\u00e1sokkal \u00e9s \u00edgy kisz\u00e1m\u00edthatatlan lett a ny\u00e1ri szezon. A nyilv\u00e1nos adatok szerint <strong>jelent\u0151sen <a href=\"https:\/\/www.startlap.hu\/utazas\/bezuhant-a-belfoldi-turizmus-dramaiak-a-szamok\/\" target=\"_blank\" rel=\"noopener noreferrer\">cs\u00f6kkent<\/a> az el\u0151foglal\u00e1sok sz\u00e1ma<\/strong>. A sz\u00e1ll\u00e1shelyeken 16 sz\u00e1zal\u00e9kkal, a sz\u00e1llod\u00e1kban 22 sz\u00e1zal\u00e9kkal kevesebb a lefoglalt vend\u00e9g\u00e9jszak\u00e1k sz\u00e1ma, mint 2022-ben volt.<\/p>\n<p>\u00dagy v\u00e9lik, ha a SZ\u00c9P-k\u00e1rty\u00e1k felhaszn\u00e1l\u00e1si lehet\u0151s\u00e9ge kib\u0151v\u00fcl, akkor a tulajdonosaik nem sz\u00e1ll\u00e1sra \u00e9s <a href=\"https:\/\/www.startlap.hu\/utazas\/ev-etterme-ev-cukraszdaja-dij-tatai-platan-gourmet-malna-the-pastry-shop\/\" target=\"_blank\" rel=\"noopener noreferrer\">\u00e9ttermi<\/a> fogyaszt\u00e1sra fogj\u00e1k ford\u00edtani a sz\u00e1ml\u00e1jukon l\u00e9v\u0151 \u00f6sszeget.<\/p>\n<div class=\"o-widget m-readMoreWidget -readMore u-shortDecorLineAfter row widget-container _ce_measure_widget bigdata-widget read-more\" data-ce-measure-widget=\"olvass tov\u00e1bb\">\n\t<div class=\"m-readMoreWidget__imgWrapper image-wrapper col-12 col-md-4 no-p\">\n\t\t<a class=\"m-readMoreWidget__imgLink\" href=\"https:\/\/www.startlap.hu\/utazas\/nyaralas-felmeres-2023-koltsegek\/\" >\n\t\t\t<img decoding=\"async\" src=\"https:\/\/www.startlap.hu\/utazas\/uploads\/sites\/3\/2022\/05\/dubrovnik_horvatorszag-1-350x285.jpg\" class=\"m-readMoreWidget__img\">\n\t\t<\/a>\n\t<\/div>\n\t<div class=\"m-readMoreWidget__titleWrapper title-wrapper col-12 col-md-8\">\n\t\t<span class=\"m-readMoreWidget__titleLabel u-shortDecorLineBefore label hidden-sm-up\">Ez is \u00e9rdekelhet:<\/span>\n\t\t<h3 class=\"m-readMoreWidget__title title\">\n\t\t\t<a class=\"m-readMoreWidget__titleLink -secondFont u-bold u-upperCase\" href=\"https:\/\/www.startlap.hu\/utazas\/nyaralas-felmeres-2023-koltsegek\/\" >Ennyit k\u00f6ltenek a magyarok nyaral\u00e1sra 2023-ban<\/a>\n\t\t<\/h3>\n\t\t<a class=\"m-readMoreWidget__btn -coloredBack u-tC link\" href=\"https:\/\/www.startlap.hu\/utazas\/nyaralas-felmeres-2023-koltsegek\/\" >Elolvasom<\/a>\n\t<\/div>\n<\/div>\n","protected":false},"excerpt":{"rendered":"<p>\u00c9rveik szerint az \u00e1gazati bev\u00e9telek 25 sz\u00e1zal\u00e9ka m\u00falhat azon, hogy a ny\u00e1r k\u00f6zep\u00e9n, vagy szeptemberben m\u00f3dos\u00edtj\u00e1k a SZ\u00c9P-k\u00e1rty\u00e1k felhaszn\u00e1lhat\u00f3s\u00e1g\u00e1t.<\/p>\n","protected":false},"author":58,"featured_media":58235,"comment_status":"closed","ping_status":"closed","sticky":false,"template":"","format":"standard","meta":{"footnotes":""},"categories":[7],"tags":[1678,7665,1981],"class_list":["post-58234","post","type-post","status-publish","format-standard","has-post-thumbnail","hentry","category-belfold-utazas","tag-belfoldi-turizmus","tag-magyar-szallodak-es-ettermek-szovetsege","tag-szep-kartya"],"aioseo_notices":[],"_links":{"self":[{"href":"https:\/\/www.startlap.hu\/utazas\/wp-json\/wp\/v2\/posts\/58234","targetHints":{"allow":["GET"]}}],"collection":[{"href":"https:\/\/www.startlap.hu\/utazas\/wp-json\/wp\/v2\/posts"}],"about":[{"href":"https:\/\/www.startlap.hu\/utazas\/wp-json\/wp\/v2\/types\/post"}],"author":[{"embeddable":true,"href":"https:\/\/www.startlap.hu\/utazas\/wp-json\/wp\/v2\/users\/58"}],"replies":[{"embeddable":true,"href":"https:\/\/www.startlap.hu\/utazas\/wp-json\/wp\/v2\/comments?post=58234"}],"version-history":[{"count":4,"href":"https:\/\/www.startlap.hu\/utazas\/wp-json\/wp\/v2\/posts\/58234\/revisions"}],"predecessor-version":[{"id":58239,"href":"https:\/\/www.startlap.hu\/utazas\/wp-json\/wp\/v2\/posts\/58234\/revisions\/58239"}],"wp:featuredmedia":[{"embeddable":true,"href":"https:\/\/www.startlap.hu\/utazas\/wp-json\/wp\/v2\/media\/58235"}],"wp:attachment":[{"href":"https:\/\/www.startlap.hu\/utazas\/wp-json\/wp\/v2\/media?parent=58234"}],"wp:term":[{"taxonomy":"category","embeddable":true,"href":"https:\/\/www.startlap.hu\/utazas\/wp-json\/wp\/v2\/categories?post=58234"},{"taxonomy":"post_tag","embeddable":true,"href":"https:\/\/www.startlap.hu\/utazas\/wp-json\/wp\/v2\/tags?post=58234"}],"curies":[{"name":"wp","href":"https:\/\/api.w.org\/{rel}","templated":true}]}}