{"id":5682,"date":"2020-01-21T05:51:38","date_gmt":"2020-01-21T04:51:38","guid":{"rendered":"https:\/\/www.startlap.hu\/utazas\/?p=5682"},"modified":"2020-01-21T14:50:28","modified_gmt":"2020-01-21T13:50:28","slug":"vonatjegy-deusche-bahn","status":"publish","type":"post","link":"https:\/\/www.startlap.hu\/utazas\/vonatjegy-deusche-bahn\/","title":{"rendered":"Olcs\u00f3 vonatjegyekkel v\u00e9dik a F\u00f6ldet"},"content":{"rendered":"<p>A n\u00e9met \u00e1llam a maga m\u00f3dj\u00e1n k\u00edv\u00e1n fell\u00e9pni a glob\u00e1lis felmeleged\u00e9s ellen. A legnagyobb n\u00e9met vas\u00fatt\u00e1rsas\u00e1g, a <strong>Deutsche Bahn<\/strong>, mely r\u00e9szben \u00e1llami tulajdon\u00fa, r\u00e9szben mag\u00e1nk\u00e9zben van, t\u00edz sz\u00e1zal\u00e9kkal tervezi cs\u00f6kkenteni az 50 kilom\u00e9tern\u00e9l hosszabb utakra sz\u00f3l\u00f3 jegyek \u00e1r\u00e1t.<\/p>\n<blockquote class=\"article__extraTxt\"><p>A <a href=\"https:\/\/www.startlap.hu\/utazas\/a-vilag-tiz-legszebb-vasutvonala\/\" target=\"_blank\" rel=\"noopener\">vonatok<\/a> m\u0171k\u00f6dtet\u00e9s\u00e9hez elektromos energi\u00e1ra van sz\u00fcks\u00e9g, amelynek el\u0151\u00e1ll\u00edt\u00e1sa j\u00f3val kisebb k\u00e1rt okoz a term\u00e9szetben, mint amikor a rep\u00fcl\u0151k elf\u00fcst\u00f6lik a kerozint.<\/p><\/blockquote>\n<p>A vas\u00fatc\u00e9g a hosszabb utakra sz\u00f3l\u00f3 jegyek mellett a k\u00fcl\u00f6nleges aj\u00e1nlatok \u00e9s kieg\u00e9sz\u00edt\u0151 szolg\u00e1ltat\u00e1sok \u00e1rait is let\u00f6ri, p\u00e9ld\u00e1ul ha az ember ker\u00e9kp\u00e1rral utazik, ugyancsak kevesebbet fizet a j\u00f6v\u0151ben. A Guardian&nbsp;arr\u00f3l \u00edr, hogy a folyamat pontosan szembemegy az <a href=\"https:\/\/www.startlap.hu\/utazas\/london-eldugott-latnivaloi-amirol-kevesen-tudnak\/\" target=\"_blank\" rel=\"noopener\">Angli\u00e1ban<\/a> tapasztaltakkal, ahol janu\u00e1r 2.-t\u00f3l k\u00f6zel 3 sz\u00e1zal\u00e9kkal megemelt\u00e9k a vonatjegyek \u00e1r\u00e1t.<\/p>\n<figure id=\"attachment_5683\" aria-describedby=\"caption-attachment-5683\" style=\"width: 755px\" class=\"wp-caption alignnone\"><img loading=\"lazy\" decoding=\"async\" class=\"size-article-size-large-image wp-image-5683\" src=\"https:\/\/www.startlap.hu\/utazas\/uploads\/sites\/3\/2020\/01\/nemet_vasut_vonatjegy_olcso_utazas-755x503.jpg\" alt=\"Vonat\" width=\"755\" height=\"503\" srcset=\"https:\/\/www.startlap.hu\/utazas\/uploads\/sites\/3\/2020\/01\/nemet_vasut_vonatjegy_olcso_utazas-755x503.jpg 755w, https:\/\/www.startlap.hu\/utazas\/uploads\/sites\/3\/2020\/01\/nemet_vasut_vonatjegy_olcso_utazas-525x350.jpg 525w, https:\/\/www.startlap.hu\/utazas\/uploads\/sites\/3\/2020\/01\/nemet_vasut_vonatjegy_olcso_utazas.jpg 1254w\" sizes=\"auto, (max-width: 755px) 100vw, 755px\" \/><figcaption id=\"caption-attachment-5683\" class=\"wp-caption-text\">A berlini p\u00e1lyaudvar (Forr\u00e1s: iStock)<\/figcaption><\/figure>\n<p>A Deutsche Bahn az\u00e9rt tudja cs\u00f6kkenteni a jegy\u00e1rakat, mert a r\u00e1juk vonatkoz\u00f3 \u00e1ltal\u00e1nos forgalmi ad\u00f3t a n\u00e9met korm\u00e1ny 19-r\u0151l 7 sz\u00e1zal\u00e9kra m\u00f3dos\u00edtotta. A t\u00e1rsas\u00e1g abban rem\u00e9nykedik, hogy a v\u00e1ltoztat\u00e1s mintegy 5 milli\u00f3val toldja majd meg az \u00e9ves utasforgalmat.<\/p>\n<p>Az \u00e1llami k\u00f6rnyezettudatoss\u00e1gnak az\u00e9rt elszenved\u0151i is vannak. <a href=\"https:\/\/www.startlap.hu\/utazas\/berlin-utazas-reichstag-ddr-museum-berlini-fal-travellina\/\" target=\"_blank\" rel=\"noopener\">Berlin<\/a>, Br\u00e9ma, Hamburg Brandenburg \u00e9s a Rajna-vid\u00e9k vonz\u00e1sk\u00f6rzet\u00e9ben a r\u00f6videbb t\u00e1von vonatkoz\u00f3knak 2,5-3,3 sz\u00e1zal\u00e9kkal kell majd t\u00f6bbet fizetnie. A busz-, villamos- \u00e9s metr\u00f3jegyek is ugyanilyen m\u00e9rt\u00e9kben n\u0151nek majd az eml\u00edtett vid\u00e9keken, amit az \u00e1llam a n\u00f6vekv\u0151 fizet\u00e9seknek, \u00e9s a dr\u00e1gul\u00f3 d\u00edzelolajnak illetve elektromos energi\u00e1nak tud be.<\/p>\n<p>(<a href=\"https:\/\/www.theguardian.com\/world\/2020\/jan\/02\/germany-cuts-fares-for-long-distance-rail-travel-in-response-to-climate-crisis\" target=\"_blank\" target=\"_blank\" rel=\"noopener\">Via<\/a>)<\/p>\n","protected":false},"excerpt":{"rendered":"<p>A f\u00e9lig \u00e1llami tulajdonban l\u00e9v\u0151 Deutsche Bahn 10 sz\u00e1zal\u00e9kkal tervezi cs\u00f6kkenteni az 50 kilom\u00e9tern\u00e9l hosszabb utakra sz\u00f3l\u00f3 vas\u00fati jegyek \u00e1r\u00e1t, amit a vonatjegyekre kivetett \u00c1FA megv\u00e1g\u00e1s\u00e1val tud v\u00e9grehajtani. Mindezt a k\u00f6rnyezettudatoss\u00e1g jegy\u00e9ben. A r\u00f6vid t\u00e1von utaz\u00f3k viszont meg\u00e9rzik a glob\u00e1lis felmeleged\u00e9s ellen tett l\u00e9p\u00e9st. <\/p>\n","protected":false},"author":38,"featured_media":5683,"comment_status":"open","ping_status":"open","sticky":false,"template":"","format":"standard","meta":{"footnotes":""},"categories":[70],"tags":[1288,301,193,1229,45,821,1289],"class_list":["post-5682","post","type-post","status-publish","format-standard","has-post-thumbnail","hentry","category-vilag","tag-deutsche-bahn","tag-kornyezetvedelem","tag-nemetorszag","tag-olcso","tag-utazas","tag-vasut","tag-vonatjegy"],"aioseo_notices":[],"_links":{"self":[{"href":"https:\/\/www.startlap.hu\/utazas\/wp-json\/wp\/v2\/posts\/5682","targetHints":{"allow":["GET"]}}],"collection":[{"href":"https:\/\/www.startlap.hu\/utazas\/wp-json\/wp\/v2\/posts"}],"about":[{"href":"https:\/\/www.startlap.hu\/utazas\/wp-json\/wp\/v2\/types\/post"}],"author":[{"embeddable":true,"href":"https:\/\/www.startlap.hu\/utazas\/wp-json\/wp\/v2\/users\/38"}],"replies":[{"embeddable":true,"href":"https:\/\/www.startlap.hu\/utazas\/wp-json\/wp\/v2\/comments?post=5682"}],"version-history":[{"count":3,"href":"https:\/\/www.startlap.hu\/utazas\/wp-json\/wp\/v2\/posts\/5682\/revisions"}],"predecessor-version":[{"id":5776,"href":"https:\/\/www.startlap.hu\/utazas\/wp-json\/wp\/v2\/posts\/5682\/revisions\/5776"}],"wp:featuredmedia":[{"embeddable":true,"href":"https:\/\/www.startlap.hu\/utazas\/wp-json\/wp\/v2\/media\/5683"}],"wp:attachment":[{"href":"https:\/\/www.startlap.hu\/utazas\/wp-json\/wp\/v2\/media?parent=5682"}],"wp:term":[{"taxonomy":"category","embeddable":true,"href":"https:\/\/www.startlap.hu\/utazas\/wp-json\/wp\/v2\/categories?post=5682"},{"taxonomy":"post_tag","embeddable":true,"href":"https:\/\/www.startlap.hu\/utazas\/wp-json\/wp\/v2\/tags?post=5682"}],"curies":[{"name":"wp","href":"https:\/\/api.w.org\/{rel}","templated":true}]}}