{"id":56264,"date":"2023-05-12T10:42:13","date_gmt":"2023-05-12T08:42:13","guid":{"rendered":"https:\/\/www.startlap.hu\/utazas\/?p=56264"},"modified":"2023-05-12T12:11:18","modified_gmt":"2023-05-12T10:11:18","slug":"nemetorszar-vasuti-sztrajk-2023-majus","status":"publish","type":"post","link":"https:\/\/www.startlap.hu\/utazas\/nemetorszar-vasuti-sztrajk-2023-majus\/","title":{"rendered":"Le\u00e1ll a vas\u00fati k\u00f6zleked\u00e9s a n\u00e9metekn\u00e9l, erre figyelj, ha oda k\u00e9sz\u00fclsz"},"content":{"rendered":"<p>A nagyj\u00e1b\u00f3l 230 ezer dolgoz\u00f3t \u00f6sszefog\u00f3 \u00e9rdekk\u00e9pviselet a Deutsche Bahn (DB) orsz\u00e1gos vas\u00fatt\u00e1rsas\u00e1ggal \u00e9s t\u00f6bb tucat region\u00e1lis <a href=\"https:\/\/www.startlap.hu\/utazas\/legjobb-vonatut-vasut-budapestrol\/\" target=\"_blank\" rel=\"noopener noreferrer\">vas\u00fati<\/a> szolg\u00e1ltat\u00f3val folytatott b\u00e9rt\u00e1rgyal\u00e1sok eredm\u00e9nytelens\u00e9ge miatt m\u00e1rcius v\u00e9ge \u00f3ta<strong> harmadszor szervez sztr\u00e1jkot<\/strong>. A vas\u00e1rnap est\u00e9t\u0151l kedd \u00e9jf\u00e9lig tart\u00f3 munkabesz\u00fcntet\u00e9s <strong>az eddigi leghosszabb tiltakoz\u00f3 akci\u00f3 lesz a n\u00e9met vas\u00fatn\u00e1l<\/strong> &#8211; \u00edrja az MTI.<\/p>\n<figure id=\"attachment_56265\" aria-describedby=\"caption-attachment-56265\" style=\"width: 755px\" class=\"wp-caption alignnone\"><img loading=\"lazy\" decoding=\"async\" class=\"size-article-size-large-image wp-image-56265\" src=\"https:\/\/www.startlap.hu\/utazas\/uploads\/sites\/3\/2023\/05\/munchen-db-vasut-sztrajk-755x503.jpg\" alt=\"Sztr\u00e1jkolnak a n\u00e9met vas\u00fati t\u00e1rsas\u00e1g, a DB dolgoz\u00f3i\" width=\"755\" height=\"503\" srcset=\"https:\/\/www.startlap.hu\/utazas\/uploads\/sites\/3\/2023\/05\/munchen-db-vasut-sztrajk-755x503.jpg 755w, https:\/\/www.startlap.hu\/utazas\/uploads\/sites\/3\/2023\/05\/munchen-db-vasut-sztrajk-525x350.jpg 525w, https:\/\/www.startlap.hu\/utazas\/uploads\/sites\/3\/2023\/05\/munchen-db-vasut-sztrajk.jpg 1200w\" sizes=\"auto, (max-width: 755px) 100vw, 755px\" \/><figcaption id=\"caption-attachment-56265\" class=\"wp-caption-text\">Fot\u00f3: Frank Hoermann \/ Sven Simon \/ AFP<\/figcaption><\/figure>\n<h2>H\u00f3napok \u00f3ta nincs meg\u00e1llapod\u00e1s<\/h2>\n<p>A sztr\u00e1jkot szervez\u0151 szakszervezet szerint a munkaad\u00f3i oldal magatart\u00e1sa miatt nem volt m\u00e1s v\u00e1laszt\u00e1suk, mint hogy tov\u00e1bb fokozz\u00e1k a nyom\u00e1st. A&nbsp;Deutsche Bahn viszont az \u00f6tven \u00f3r\u00e1s munkabesz\u00fcntet\u00e9st <strong>\u0151r\u00fclts\u00e9gnek \u00e9s v\u00e9gtelen\u00fcl t\u00falz\u00f3nak nevezte<\/strong>.<\/p>\n<blockquote class=\"article__extraTxt\"><p>A t\u00e1rsas\u00e1g szerint a sztr\u00e1jk hosszan tart\u00f3 \u00e9s s\u00falyos fennakad\u00e1sokat okozhat.<\/p><\/blockquote>\n<p>R\u00e1ad\u00e1sul a munkabesz\u00fcntet\u00e9st <strong>nem csak <a href=\"https:\/\/www.startlap.hu\/utazas\/nemetorszag-deutschlandticket\/\" target=\"_blank\" rel=\"noopener noreferrer\">N\u00e9metorsz\u00e1gban<\/a> lehet majd meg\u00e9rezni<\/strong>, hiszen megnehez\u00edti a k\u00fclf\u00f6ldi teherforgalmat is. A t\u00edz eur\u00f3pai vas\u00fati \u00e1rufuvaroz\u00e1si folyos\u00f3b\u00f3l hat halad \u00e1t a n\u00e9metorsz\u00e1gi h\u00e1l\u00f3zaton.<\/p>\n<p>Az EVG 12 sz\u00e1zal\u00e9kos, \u00e9s <strong>legal\u00e1bb 650 eur\u00f3s b\u00e9remel\u00e9st igyekszik kiharcolni<\/strong> minden vas\u00fati dolgoz\u00f3nak. A legt\u00f6bb dolgoz\u00f3t foglalkoztat\u00f3 DB a fels\u0151 fizet\u00e9si kateg\u00f3ri\u00e1kban nyolcsz\u00e1zal\u00e9kos, a k\u00f6z\u00e9ps\u0151 \u00e9s als\u00f3 kateg\u00f3ri\u00e1kban t\u00edzsz\u00e1zal\u00e9kos emel\u00e9st aj\u00e1nl, valamint egy 2850 eur\u00f3s egyszeri juttat\u00e1st az infl\u00e1ci\u00f3 hat\u00e1sainak ellens\u00falyoz\u00e1s\u00e1ra.<\/p>\n<div class=\"o-widget m-readMoreWidget -readMore u-shortDecorLineAfter row widget-container _ce_measure_widget bigdata-widget read-more\" data-ce-measure-widget=\"olvass tov\u00e1bb\">\n\t<div class=\"m-readMoreWidget__imgWrapper image-wrapper col-12 col-md-4 no-p\">\n\t\t<a class=\"m-readMoreWidget__imgLink\" href=\"https:\/\/www.startlap.hu\/utazas\/mav-eurocity-nemetorszag\/\" >\n\t\t\t<img decoding=\"async\" src=\"https:\/\/www.startlap.hu\/utazas\/uploads\/sites\/3\/2023\/05\/eurocity-mav-vasut-350x285.jpg\" class=\"m-readMoreWidget__img\">\n\t\t<\/a>\n\t<\/div>\n\t<div class=\"m-readMoreWidget__titleWrapper title-wrapper col-12 col-md-8\">\n\t\t<span class=\"m-readMoreWidget__titleLabel u-shortDecorLineBefore label hidden-sm-up\">Ez is \u00e9rdekelhet:<\/span>\n\t\t<h3 class=\"m-readMoreWidget__title title\">\n\t\t\t<a class=\"m-readMoreWidget__titleLink -secondFont u-bold u-upperCase\" href=\"https:\/\/www.startlap.hu\/utazas\/mav-eurocity-nemetorszag\/\" >Nem engedt\u00e9k be N\u00e9metorsz\u00e1gba a M\u00c1V szerelv\u00e9ny\u00e9t &#8211; 350 utas rekedt a hat\u00e1ron<\/a>\n\t\t<\/h3>\n\t\t<a class=\"m-readMoreWidget__btn -coloredBack u-tC link\" href=\"https:\/\/www.startlap.hu\/utazas\/mav-eurocity-nemetorszag\/\" >Elolvasom<\/a>\n\t<\/div>\n<\/div>\n","protected":false},"excerpt":{"rendered":"<p>K\u00e9t napig \u00e9s k\u00e9t \u00f3r\u00e1ig tart\u00f3 sztr\u00e1jkba kezd vas\u00e1rnap 22 \u00f3r\u00e1t\u00f3l N\u00e9metorsz\u00e1gban a vas\u00fati dolgoz\u00f3k szakszervezete, az EVG, ami az eddigi leghosszabb tiltakoz\u00f3 akci\u00f3 lesz.<\/p>\n","protected":false},"author":58,"featured_media":56265,"comment_status":"closed","ping_status":"closed","sticky":false,"template":"","format":"standard","meta":{"footnotes":""},"categories":[70],"tags":[1288,193,785,821],"class_list":["post-56264","post","type-post","status-publish","format-standard","has-post-thumbnail","hentry","category-vilag","tag-deutsche-bahn","tag-nemetorszag","tag-sztrajk","tag-vasut"],"aioseo_notices":[],"_links":{"self":[{"href":"https:\/\/www.startlap.hu\/utazas\/wp-json\/wp\/v2\/posts\/56264","targetHints":{"allow":["GET"]}}],"collection":[{"href":"https:\/\/www.startlap.hu\/utazas\/wp-json\/wp\/v2\/posts"}],"about":[{"href":"https:\/\/www.startlap.hu\/utazas\/wp-json\/wp\/v2\/types\/post"}],"author":[{"embeddable":true,"href":"https:\/\/www.startlap.hu\/utazas\/wp-json\/wp\/v2\/users\/58"}],"replies":[{"embeddable":true,"href":"https:\/\/www.startlap.hu\/utazas\/wp-json\/wp\/v2\/comments?post=56264"}],"version-history":[{"count":4,"href":"https:\/\/www.startlap.hu\/utazas\/wp-json\/wp\/v2\/posts\/56264\/revisions"}],"predecessor-version":[{"id":56277,"href":"https:\/\/www.startlap.hu\/utazas\/wp-json\/wp\/v2\/posts\/56264\/revisions\/56277"}],"wp:featuredmedia":[{"embeddable":true,"href":"https:\/\/www.startlap.hu\/utazas\/wp-json\/wp\/v2\/media\/56265"}],"wp:attachment":[{"href":"https:\/\/www.startlap.hu\/utazas\/wp-json\/wp\/v2\/media?parent=56264"}],"wp:term":[{"taxonomy":"category","embeddable":true,"href":"https:\/\/www.startlap.hu\/utazas\/wp-json\/wp\/v2\/categories?post=56264"},{"taxonomy":"post_tag","embeddable":true,"href":"https:\/\/www.startlap.hu\/utazas\/wp-json\/wp\/v2\/tags?post=56264"}],"curies":[{"name":"wp","href":"https:\/\/api.w.org\/{rel}","templated":true}]}}