{"id":56043,"date":"2023-05-09T10:53:01","date_gmt":"2023-05-09T08:53:01","guid":{"rendered":"https:\/\/www.startlap.hu\/utazas\/?p=56043"},"modified":"2023-05-09T10:53:01","modified_gmt":"2023-05-09T08:53:01","slug":"mav-eurocity-nemetorszag","status":"publish","type":"post","link":"https:\/\/www.startlap.hu\/utazas\/mav-eurocity-nemetorszag\/","title":{"rendered":"Nem engedt\u00e9k be N\u00e9metorsz\u00e1gba a M\u00c1V szerelv\u00e9ny\u00e9t &#8211; 350 utas rekedt a hat\u00e1ron"},"content":{"rendered":"<p>A Nyugati p\u00e1lyaudvarr\u00f3l indult Hamburgba az a Hung\u00e1ria EuroCity, ami v\u00e9g\u00fcl <strong>nem l\u00e9phetett \u00e1t a cseh-n\u00e9met hat\u00e1ron<\/strong> &#8211; \u00edrja az <a href=\"https:\/\/iho.hu\/hirek\/nem-engedtek-be-a-hungaria-ect-nemetorszagba\" target=\"_blank\" target=\"_blank\" rel=\"noopener noreferrer\">iho.hu<\/a>.<\/p>\n<figure id=\"attachment_56044\" aria-describedby=\"caption-attachment-56044\" style=\"width: 755px\" class=\"wp-caption alignnone\"><img loading=\"lazy\" decoding=\"async\" class=\"size-article-size-large-image wp-image-56044\" src=\"https:\/\/www.startlap.hu\/utazas\/uploads\/sites\/3\/2023\/05\/eurocity-mav-vasut-755x490.jpg\" alt=\"A M\u00c1V egyik EuroCity j\u00e1rat\u00e1nak els\u0151 oszt\u00e1ly\u00fa kocsija\" width=\"755\" height=\"490\" srcset=\"https:\/\/www.startlap.hu\/utazas\/uploads\/sites\/3\/2023\/05\/eurocity-mav-vasut-755x490.jpg 755w, https:\/\/www.startlap.hu\/utazas\/uploads\/sites\/3\/2023\/05\/eurocity-mav-vasut-539x350.jpg 539w, https:\/\/www.startlap.hu\/utazas\/uploads\/sites\/3\/2023\/05\/eurocity-mav-vasut.jpg 1200w\" sizes=\"auto, (max-width: 755px) 100vw, 755px\" \/><figcaption id=\"caption-attachment-56044\" class=\"wp-caption-text\">Fot\u00f3: MTVA\/Bizom\u00e1nyosi: J\u00e1szai Csaba<\/figcaption><\/figure>\n<p>A h\u00e1ton a n\u00e9met vas\u00fati t\u00e1rsas\u00e1g, a DB szem\u00e9lyzete elutas\u00edtotta a vonat \u00e1tv\u00e9tel\u00e9t. <strong>A lap szerint arra hivatkoztak, hogy a szerelv\u00e9nynek kifog\u00e1solhat\u00f3 volt a m\u0171szaki \u00e1llapota<\/strong>. Az egyik kocsiban nem m\u0171k\u00f6d\u00f6tt a l\u00e9gkondi, valamint az egyik ablak fels\u0151, billen\u0151 r\u00e9sze kit\u00f6r\u00f6tt.<\/p>\n<blockquote class=\"article__extraTxt\"><p>K\u00f6r\u00fclbel\u00fcl h\u00e1romsz\u00e1z\u00f6tven utas maradt a d\u011b\u010d\u00edni \u00e1llom\u00e1son, akiknek m\u00e1s m\u00f3don kellett megoldani a tov\u00e1bbutaz\u00e1st.<\/p><\/blockquote>\n<p>A lap felid\u00e9zte azt is, hogy <strong>nem ez volt az els\u0151 eset, hogy a M\u00c1V <a href=\"https:\/\/www.startlap.hu\/utazas\/budapest-praga-mav-fejlesztes\/\" target=\"_blank\" rel=\"noopener noreferrer\">Hug\u00e1ria EuroCity<\/a> j\u00e1rataival probl\u00e9m\u00e1k mer\u00fcltek fel<\/strong>. Tavaly ny\u00e1ron t\u00f6bb alkalommal sem engedt\u00e9k be N\u00e9metorsz\u00e1gba a <a href=\"https:\/\/www.startlap.hu\/utazas\/praga-latnivalok-utazas-2023\/\" target=\"_blank\" rel=\"noopener noreferrer\">Pr\u00e1ga<\/a> fel\u0151l \u00e9rkez\u0151 EC-vonatot, mert az vagy hi\u00e1nyz\u00f3 kocsival k\u00f6zlekedett, vagy nem volt rajta \u00e9tkez\u0151kocsi.<\/p>\n<div class=\"o-widget m-readMoreWidget -readMore u-shortDecorLineAfter row widget-container _ce_measure_widget bigdata-widget read-more\" data-ce-measure-widget=\"olvass tov\u00e1bb\">\n\t<div class=\"m-readMoreWidget__imgWrapper image-wrapper col-12 col-md-4 no-p\">\n\t\t<a class=\"m-readMoreWidget__imgLink\" href=\"https:\/\/www.startlap.hu\/utazas\/kornyezettudatos-zold-utazas-auto-vonat-busz-repulo-osszehasonlitas-budapest-praga\/\" >\n\t\t\t<img decoding=\"async\" src=\"https:\/\/www.startlap.hu\/utazas\/uploads\/sites\/3\/2023\/03\/praga-utazas-350x285.jpg\" class=\"m-readMoreWidget__img\">\n\t\t<\/a>\n\t<\/div>\n\t<div class=\"m-readMoreWidget__titleWrapper title-wrapper col-12 col-md-8\">\n\t\t<span class=\"m-readMoreWidget__titleLabel u-shortDecorLineBefore label hidden-sm-up\">Ez is \u00e9rdekelhet:<\/span>\n\t\t<h3 class=\"m-readMoreWidget__title title\">\n\t\t\t<a class=\"m-readMoreWidget__titleLink -secondFont u-bold u-upperCase\" href=\"https:\/\/www.startlap.hu\/utazas\/kornyezettudatos-zold-utazas-auto-vonat-busz-repulo-osszehasonlitas-budapest-praga\/\" >Megn\u00e9zt\u00fck, hogyan z\u00f6ldebb az \u00fat Pr\u00e1g\u00e1ba: aut\u00f3val, busszal, vonattal vagy rep\u00fcl\u0151vel?<\/a>\n\t\t<\/h3>\n\t\t<a class=\"m-readMoreWidget__btn -coloredBack u-tC link\" href=\"https:\/\/www.startlap.hu\/utazas\/kornyezettudatos-zold-utazas-auto-vonat-busz-repulo-osszehasonlitas-budapest-praga\/\" >Elolvasom<\/a>\n\t<\/div>\n<\/div>\n","protected":false},"excerpt":{"rendered":"<p>Sok utasnak kellett a cseh d\u011b\u010d\u00edni hat\u00e1r\u00e1llom\u00e1s peronj\u00e1n maradnia, mert a n\u00e9met szem\u00e9lyzet nem engedte tov\u00e1bb a M\u00c1V-Start szerelv\u00e9ny\u00e9t annak m\u0171szaki \u00e1llapota miatt.<\/p>\n","protected":false},"author":58,"featured_media":56044,"comment_status":"closed","ping_status":"closed","sticky":false,"template":"","format":"standard","meta":{"footnotes":""},"categories":[70],"tags":[179,193],"class_list":["post-56043","post","type-post","status-publish","format-standard","has-post-thumbnail","hentry","category-vilag","tag-mav","tag-nemetorszag"],"aioseo_notices":[],"_links":{"self":[{"href":"https:\/\/www.startlap.hu\/utazas\/wp-json\/wp\/v2\/posts\/56043","targetHints":{"allow":["GET"]}}],"collection":[{"href":"https:\/\/www.startlap.hu\/utazas\/wp-json\/wp\/v2\/posts"}],"about":[{"href":"https:\/\/www.startlap.hu\/utazas\/wp-json\/wp\/v2\/types\/post"}],"author":[{"embeddable":true,"href":"https:\/\/www.startlap.hu\/utazas\/wp-json\/wp\/v2\/users\/58"}],"replies":[{"embeddable":true,"href":"https:\/\/www.startlap.hu\/utazas\/wp-json\/wp\/v2\/comments?post=56043"}],"version-history":[{"count":10,"href":"https:\/\/www.startlap.hu\/utazas\/wp-json\/wp\/v2\/posts\/56043\/revisions"}],"predecessor-version":[{"id":56057,"href":"https:\/\/www.startlap.hu\/utazas\/wp-json\/wp\/v2\/posts\/56043\/revisions\/56057"}],"wp:featuredmedia":[{"embeddable":true,"href":"https:\/\/www.startlap.hu\/utazas\/wp-json\/wp\/v2\/media\/56044"}],"wp:attachment":[{"href":"https:\/\/www.startlap.hu\/utazas\/wp-json\/wp\/v2\/media?parent=56043"}],"wp:term":[{"taxonomy":"category","embeddable":true,"href":"https:\/\/www.startlap.hu\/utazas\/wp-json\/wp\/v2\/categories?post=56043"},{"taxonomy":"post_tag","embeddable":true,"href":"https:\/\/www.startlap.hu\/utazas\/wp-json\/wp\/v2\/tags?post=56043"}],"curies":[{"name":"wp","href":"https:\/\/api.w.org\/{rel}","templated":true}]}}