{"id":55636,"date":"2023-04-30T12:27:56","date_gmt":"2023-04-30T10:27:56","guid":{"rendered":"https:\/\/www.startlap.hu\/utazas\/?p=55636"},"modified":"2023-04-30T14:07:34","modified_gmt":"2023-04-30T12:07:34","slug":"nem-lehet-vonatjegyet-venni-vasarnap-ejszaka","status":"publish","type":"post","link":"https:\/\/www.startlap.hu\/utazas\/nem-lehet-vonatjegyet-venni-vasarnap-ejszaka\/","title":{"rendered":"Nem lehet vonatjegyet venni vas\u00e1rnap \u00e9jszaka"},"content":{"rendered":"<p>A rendszer karbantart\u00e1sa miatt nem m\u0171k\u00f6dik a vas\u00fati jegy\u00e9rt\u00e9kes\u00edt\u00e9s vas\u00e1rnap 22 \u00f3r\u00e1t\u00f3l h\u00e9tf\u0151 hajnali 3 \u00f3r\u00e1ig a menetrendi tervez\u0151ben (Elvira), a M\u00c1V-applik\u00e1ci\u00f3ban, az automat\u00e1kon, a vonatokon (jegyvizsg\u00e1l\u00f3kn\u00e1l) \u00e9s a jegyp\u00e9nzt\u00e1rakn\u00e1l &#8211; k\u00f6z\u00f6lte a M\u00e1vinform a honlapj\u00e1n.<\/p>\n<figure id=\"attachment_55649\" aria-describedby=\"caption-attachment-55649\" style=\"width: 755px\" class=\"wp-caption alignnone\"><a href=\"https:\/\/www.startlap.hu\/utazas\/uploads\/sites\/3\/2023\/04\/mav-automata-scaled.jpg\"><img loading=\"lazy\" decoding=\"async\" class=\"size-article-size-large-image wp-image-55649\" src=\"https:\/\/www.startlap.hu\/utazas\/uploads\/sites\/3\/2023\/04\/mav-automata-755x502.jpg\" alt=\"A M\u00c1V jegykiad\u00f3 automat\u00e1ja\" width=\"755\" height=\"502\" srcset=\"https:\/\/www.startlap.hu\/utazas\/uploads\/sites\/3\/2023\/04\/mav-automata-755x502.jpg 755w, https:\/\/www.startlap.hu\/utazas\/uploads\/sites\/3\/2023\/04\/mav-automata-1536x1020.jpg 1536w, https:\/\/www.startlap.hu\/utazas\/uploads\/sites\/3\/2023\/04\/mav-automata-2048x1361.jpg 2048w, https:\/\/www.startlap.hu\/utazas\/uploads\/sites\/3\/2023\/04\/mav-automata-250x165.jpg 250w, https:\/\/www.startlap.hu\/utazas\/uploads\/sites\/3\/2023\/04\/mav-automata-527x350.jpg 527w\" sizes=\"auto, (max-width: 755px) 100vw, 755px\" \/><\/a><figcaption id=\"caption-attachment-55649\" class=\"wp-caption-text\">Fot\u00f3: MTVA\/Bizom\u00e1nyosi: Balaton J\u00f3zsef<\/figcaption><\/figure>\n<p>A k\u00f6zlem\u00e9nyben azt javasolj\u00e1k az utasoknak, hogy az \u00e9rintett \u00e9jszakai id\u0151szak el\u0151tt vagy azt k\u00f6vet\u0151en v\u00e1s\u00e1rolj\u00e1k meg a jegy\u00fcket, b\u00e9rlet\u00fcket.<\/p>\n<p>A v\u00e1rmegye- vagy orsz\u00e1gb\u00e9rletet v\u00e1s\u00e1rl\u00f3k az orszagberlet.hu oldalon t\u00e1j\u00e9koz\u00f3dhatnak el\u0151re az \u00e9rt\u00e9kes\u00edt\u00e9si helyekr\u0151l is &#8211; ismertett\u00e9k.<\/p>\n<div class=\"o-widget m-readMoreWidget -readMore u-shortDecorLineAfter row widget-container _ce_measure_widget bigdata-widget read-more\" data-ce-measure-widget=\"olvass tov\u00e1bb\">\n\t<div class=\"m-readMoreWidget__imgWrapper image-wrapper col-12 col-md-4 no-p\">\n\t\t<a class=\"m-readMoreWidget__imgLink\" href=\"https:\/\/www.startlap.hu\/utazas\/mav-volan-szezonalis-napijegy-dunakanyar-bakony-balaton\/\" >\n\t\t\t<img decoding=\"async\" src=\"https:\/\/www.startlap.hu\/utazas\/uploads\/sites\/3\/2023\/04\/mav-kiss-emeletes-motorvonat-350x285.jpg\" class=\"m-readMoreWidget__img\">\n\t\t<\/a>\n\t<\/div>\n\t<div class=\"m-readMoreWidget__titleWrapper title-wrapper col-12 col-md-8\">\n\t\t<span class=\"m-readMoreWidget__titleLabel u-shortDecorLineBefore label hidden-sm-up\">Ez is \u00e9rdekelhet:<\/span>\n\t\t<h3 class=\"m-readMoreWidget__title title\">\n\t\t\t<a class=\"m-readMoreWidget__titleLink -secondFont u-bold u-upperCase\" href=\"https:\/\/www.startlap.hu\/utazas\/mav-volan-szezonalis-napijegy-dunakanyar-bakony-balaton\/\" >\u00dajra el\u00e9rhet\u0151k a M\u00c1V-Vol\u00e1n szezon\u00e1lis napijegyei<\/a>\n\t\t<\/h3>\n\t\t<a class=\"m-readMoreWidget__btn -coloredBack u-tC link\" href=\"https:\/\/www.startlap.hu\/utazas\/mav-volan-szezonalis-napijegy-dunakanyar-bakony-balaton\/\" >Elolvasom<\/a>\n\t<\/div>\n<\/div>\n","protected":false},"excerpt":{"rendered":"<p>Karbantart\u00e1s miatt \u00e9rdemes vas\u00e1rnap este 10 \u00f3ra el\u0151tt megvenni a vonatjegyeket a M\u00e1vinform t\u00e1j\u00e9koztat\u00e1sa szerint.<\/p>\n","protected":false},"author":36,"featured_media":55417,"comment_status":"closed","ping_status":"closed","sticky":false,"template":"","format":"standard","meta":{"footnotes":""},"categories":[7],"tags":[179,1289],"class_list":["post-55636","post","type-post","status-publish","format-standard","has-post-thumbnail","hentry","category-belfold-utazas","tag-mav","tag-vonatjegy"],"aioseo_notices":[],"_links":{"self":[{"href":"https:\/\/www.startlap.hu\/utazas\/wp-json\/wp\/v2\/posts\/55636","targetHints":{"allow":["GET"]}}],"collection":[{"href":"https:\/\/www.startlap.hu\/utazas\/wp-json\/wp\/v2\/posts"}],"about":[{"href":"https:\/\/www.startlap.hu\/utazas\/wp-json\/wp\/v2\/types\/post"}],"author":[{"embeddable":true,"href":"https:\/\/www.startlap.hu\/utazas\/wp-json\/wp\/v2\/users\/36"}],"replies":[{"embeddable":true,"href":"https:\/\/www.startlap.hu\/utazas\/wp-json\/wp\/v2\/comments?post=55636"}],"version-history":[{"count":4,"href":"https:\/\/www.startlap.hu\/utazas\/wp-json\/wp\/v2\/posts\/55636\/revisions"}],"predecessor-version":[{"id":55650,"href":"https:\/\/www.startlap.hu\/utazas\/wp-json\/wp\/v2\/posts\/55636\/revisions\/55650"}],"wp:featuredmedia":[{"embeddable":true,"href":"https:\/\/www.startlap.hu\/utazas\/wp-json\/wp\/v2\/media\/55417"}],"wp:attachment":[{"href":"https:\/\/www.startlap.hu\/utazas\/wp-json\/wp\/v2\/media?parent=55636"}],"wp:term":[{"taxonomy":"category","embeddable":true,"href":"https:\/\/www.startlap.hu\/utazas\/wp-json\/wp\/v2\/categories?post=55636"},{"taxonomy":"post_tag","embeddable":true,"href":"https:\/\/www.startlap.hu\/utazas\/wp-json\/wp\/v2\/tags?post=55636"}],"curies":[{"name":"wp","href":"https:\/\/api.w.org\/{rel}","templated":true}]}}