{"id":55053,"date":"2026-05-01T01:02:01","date_gmt":"2026-04-30T23:02:01","guid":{"rendered":"https:\/\/www.startlap.hu\/utazas\/?p=55053"},"modified":"2026-05-01T01:03:22","modified_gmt":"2026-04-30T23:03:22","slug":"majus-1-magyarorszag-retro-foto","status":"publish","type":"post","link":"https:\/\/www.startlap.hu\/utazas\/majus-1-magyarorszag-retro-foto\/","title":{"rendered":"Retr\u00f3 fot\u00f3kon: \u00edgy \u00fcnnepelt\u00e9k nagysz\u00fcleink m\u00e1jus 1-j\u00e9t \u2013 s\u00f6r, virsli, z\u00e1szl\u00f3k \u00e9s felvonul\u00e1sok"},"content":{"rendered":"<p>Sokaknak m\u00e1jus 1-r\u0151l a rendszerv\u00e1lt\u00e1s el\u0151tti szocializmus \u00e9s az ahhoz kapcsol\u00f3d\u00f3 \u00fcnneps\u00e9gek \u00e9s felvonul\u00e1sok jutnak esz\u00fckbe. Pedig a <a href=\"https:\/\/wiki.startlap.hu\/mikor-van-munka-unnepe-majus-elseje-2026\/\" target=\"_blank\" rel=\"noopener\">munka \u00fcnnep\u00e9nek<\/a> hagyom\u00e1nya enn\u00e9l sokkal r\u00e9gebbre ny\u00falik vissza.<\/p>\n\n\t<div id=\"cegPostCnt_1\" class=\"o-cegPostCnt -inContent\" data-title=\"Retr\u00f3 fot\u00f3kon: \u00edgy \u00fcnnepelt\u00e9k nagysz\u00fcleink m\u00e1jus 1-j\u00e9t \u2013 s\u00f6r, virsli, z\u00e1szl\u00f3k \u00e9s felvonul\u00e1sok\">\n\t\t<a class=\"o-cegPostCnt__opener m-cegOpener _ce_measure_widget _ce_measure_link\" data-ce-measure-widget=\"gallery-open\"\n   href=\"?gallery=1\/1\/majus-1-1946-Fortepan-Aszodi-Zoltan\">\n\t<img decoding=\"async\" src=\"https:\/\/www.startlap.hu\/utazas\/uploads\/sites\/3\/2023\/04\/majus-1-1946-Fortepan-Aszodi-Zoltan.jpg\" class=\"m-cegOpener__image\" alt=\"\" sizes=\"(max-width: 991px) 100vw, (max-width: 1039px) 66vw, 684px\" srcset=\"https:\/\/www.startlap.hu\/utazas\/uploads\/sites\/3\/2023\/04\/majus-1-1946-Fortepan-Aszodi-Zoltan.jpg 1200w, https:\/\/www.startlap.hu\/utazas\/uploads\/sites\/3\/2023\/04\/majus-1-1946-Fortepan-Aszodi-Zoltan-755x513.jpg 755w, https:\/\/www.startlap.hu\/utazas\/uploads\/sites\/3\/2023\/04\/majus-1-1946-Fortepan-Aszodi-Zoltan-515x350.jpg 515w\" \/>\t<div class=\"m-cegOpener__btn\"><i class=\"far fa-clone\"><\/i><\/div>\n<\/a>\n<div class=\"o-cegPostCnt__layer m-cegLayer _ce_measure_widget\" data-ce-measure-widget=\"gallery-layer\" style=\"display: none\">\n\t<div class=\"m-cegLayer__top m-cegHeader _ce_measure_widget\" data-ce-measure-widget=\"gallery-header\">\n\t\t\t\t\t<span class=\"m-cegHeader__logo\"><span class=\"a-cegLogo\"><\/span><\/span>\n\t\t\t\t<div class=\"m-cegHeader__imgCnt\">\n\t\t\t<img decoding=\"async\" src=\"https:\/\/www.startlap.hu\/utazas\/uploads\/sites\/3\/2023\/04\/majus-1-1946-Fortepan-Aszodi-Zoltan.jpg\" class=\"m-cegHeader__imgOpener\" alt=\"\" \/>\t\t<\/div>\n\t\t<h2 class=\"m-cegHeader__title a-cegGalleryTitle\"><i class=\"fa fa-angle-left\"><\/i>Retr\u00f3 fot\u00f3kon: \u00edgy \u00fcnnepelt\u00e9k nagysz\u00fcleink m\u00e1jus 1-j\u00e9t \u2013 s\u00f6r, virsli, z\u00e1szl\u00f3k \u00e9s felvonul\u00e1sok<\/h2>\n\t\t<div class=\"m-cegHeader__pagination a-cegPagination\"><\/div>\n\t\t<div class=\"m-cegHeader__closeBtn close-button nlc-icon-close _ce_measure_link _ce_measure_widget\" data-ce-measure-widget=\"gallery-close-btn\"><i class=\"fa fa-times\" aria-hidden=\"true\"><\/i><\/div>\n\t<\/div>\n\t<div class=\"m-cegLayer__screen\">\n\t\t<div class=\"m-cegLayer__carousel m-cegCarousel\">\n\t\t\t\t\t\t\t\n\t\t\t\t<div\n\t\t\t\t\tclass=\"m-cegCarousel__item\"\n\t\t\t\t\tdata-type=\"image\"\n\t\t\t\t\tdata-id=\"1\/1\/majus-1-1946-Fortepan-Aszodi-Zoltan\"\n\t\t\t\t\tdata-image-url=\"https:\/\/www.startlap.hu\/utazas\/uploads\/sites\/3\/2023\/04\/majus-1-1946-Fortepan-Aszodi-Zoltan.jpg\"\n\t\t\t\t\tdata-title=\"majus-1-1946-Fortepan-Aszodi-Zoltan\"\n\t\t\t\t\tdata-desc=\"Nyugati (akkor m\u00e9g Marx) t\u00e9r, jobbra a V\u00e1ci \u00fat, m\u00e1jus 1-i felvonul\u00f3k (Fot\u00f3: Fortepan\/Asz\u00f3di Zolt\u00e1n)\">\n\n\t\t\t\t\t<!-- image -->\n\t\t\t\t\t<div class=\"m-cegCarousel__floatingCnt\">\n\t\t\t\t\t\t<img decoding=\"async\" src=\"https:\/\/www.startlap.hu\/utazas\/uploads\/sites\/3\/2023\/04\/majus-1-1946-Fortepan-Aszodi-Zoltan.jpg\" class=\"m-cegCarousel__image\" alt=\"\" \/>\t\t\t\t\t\t<span class=\"fa m-cegCarousel__zoom _ce_measure_link _ce_measure_widget\" data-ce-measure-widget=\"gallery-zoom-btn\"><\/span>\n\t\t\t\t\t<\/div>\n\n\t\t\t\t\t<!-- thumb icon \/ counter, caption  -->\n\t\t\t\t\t<div class=\"m-cegCarousel__captionCnt m-cegCaption\">\n\t\t\t\t\t\t<span class=\"m-cegCaption__thumbIcon a-cegThumbIcon _ce_measure_widget _ce_measure_link\"\n\t\t\t\t\t\t\t  data-ce-measure-widget=\"thumbnails-btn\"\n\t\t\t\t\t\t\t  data-ce-measure-widget=\"gallery-thumbnails\"><i class=\" fa fa-th-large\"><\/i><\/span>\n\t\t\t\t\t\t<span class=\"m-cegCaption__pagination a-cegPagination\">\n\t\t\t\t\t\t\t<span class=\"a-cegPagination__current\">1<\/span>\/10\t\t\t\t\t\t<\/span>\n\t\t\t\t\t\t<span class=\"m-cegCaption__caption\">majus-1-1946-Fortepan-Aszodi-Zoltan<\/span>\n\t\t\t\t\t<\/div>\n\n\t\t\t\t\t<!-- Image description -->\n\t\t\t\t\t<div class=\"m-cegCarousel__desc a-cegDesc\">Nyugati (akkor m\u00e9g Marx) t\u00e9r, jobbra a V\u00e1ci \u00fat, m\u00e1jus 1-i felvonul\u00f3k (Fot\u00f3: Fortepan\/Asz\u00f3di Zolt\u00e1n)<\/div>\n\n\t\t\t\t\t<!-- Image social share icons -->\n\t\t\t\t\t<div class=\"m-cegCarousel__socialCnt m-cegSocial\">\n\t\t\t\t\t\t<span class=\"m-cegSocial__text\">Fot\u00f3 megoszt\u00e1sa:<\/span><span class=\"m-cegSocial__iconWrap\"><span class=\"m-cegSocial__icon -facebook _ce_measure_link _ce_measure_widget\" data-ce-measure-widget=\"facebookGallery-btn\"><i class=\"fab fa-facebook-f\"><\/i><\/span><span class=\"m-cegSocial__icon -pinterest _ce_measure_link _ce_measure_widget\" data-ce-measure-widget=\"printeresGallery-btn\"><i class=\"fab fa-pinterest-p\"><\/i><\/span><span class=\"m-cegSocial__icon -email _ce_measure_link _ce_measure_widget\" data-ce-measure-widget=\"emailGallery-btn\"><i class=\"far fa-envelope\"><\/i><\/span><span class=\"m-cegSocial__icon -clipboard _ce_measure_link _ce_measure_widget\" data-ce-measure-widget=\"clipboardGallery-btn\"><i class=\"fa fa-link\"><\/i><\/span><\/span>\t\t\t\t\t<\/div>\n\t\t\t\t<\/div>\n\t\t\t\t\t\t\t\n\t\t\t\t<div\n\t\t\t\t\tclass=\"m-cegCarousel__item\"\n\t\t\t\t\tdata-type=\"image\"\n\t\t\t\t\tdata-id=\"1\/2\/majus-1-1946-Fortepan-Aszodi-Zoltan-2\"\n\t\t\t\t\tdata-image-url=\"https:\/\/www.startlap.hu\/utazas\/uploads\/sites\/3\/2023\/04\/majus-1-1946-Fortepan-Aszodi-Zoltan-2.jpg\"\n\t\t\t\t\tdata-title=\"majus-1-1946-Fortepan-Aszodi-Zoltan-2\"\n\t\t\t\t\tdata-desc=\"H\u0151s\u00f6k tere, m\u00e1jus 1-i \u00fcnneps\u00e9g, a d\u00edsztrib\u00fcn\u00f6n k\u00f6z\u00e9pen R\u00e1kosi M\u00e1ty\u00e1s, Szakasits \u00c1rp\u00e1d, Veres P\u00e9ter (Fot\u00f3: Fortepan\/Asz\u00f3di Zolt\u00e1n)\n\">\n\n\t\t\t\t\t<!-- image -->\n\t\t\t\t\t<div class=\"m-cegCarousel__floatingCnt\">\n\t\t\t\t\t\t<img decoding=\"async\" src=\"https:\/\/www.startlap.hu\/utazas\/uploads\/sites\/3\/2023\/04\/majus-1-1946-Fortepan-Aszodi-Zoltan-2.jpg\" class=\"m-cegCarousel__image\" alt=\"\" \/>\t\t\t\t\t\t<span class=\"fa m-cegCarousel__zoom _ce_measure_link _ce_measure_widget\" data-ce-measure-widget=\"gallery-zoom-btn\"><\/span>\n\t\t\t\t\t<\/div>\n\n\t\t\t\t\t<!-- thumb icon \/ counter, caption  -->\n\t\t\t\t\t<div class=\"m-cegCarousel__captionCnt m-cegCaption\">\n\t\t\t\t\t\t<span class=\"m-cegCaption__thumbIcon a-cegThumbIcon _ce_measure_widget _ce_measure_link\"\n\t\t\t\t\t\t\t  data-ce-measure-widget=\"thumbnails-btn\"\n\t\t\t\t\t\t\t  data-ce-measure-widget=\"gallery-thumbnails\"><i class=\" fa fa-th-large\"><\/i><\/span>\n\t\t\t\t\t\t<span class=\"m-cegCaption__pagination a-cegPagination\">\n\t\t\t\t\t\t\t<span class=\"a-cegPagination__current\">2<\/span>\/10\t\t\t\t\t\t<\/span>\n\t\t\t\t\t\t<span class=\"m-cegCaption__caption\">majus-1-1946-Fortepan-Aszodi-Zoltan-2<\/span>\n\t\t\t\t\t<\/div>\n\n\t\t\t\t\t<!-- Image description -->\n\t\t\t\t\t<div class=\"m-cegCarousel__desc a-cegDesc\">H\u0151s\u00f6k tere, m\u00e1jus 1-i \u00fcnneps\u00e9g, a d\u00edsztrib\u00fcn\u00f6n k\u00f6z\u00e9pen R\u00e1kosi M\u00e1ty\u00e1s, Szakasits \u00c1rp\u00e1d, Veres P\u00e9ter (Fot\u00f3: Fortepan\/Asz\u00f3di Zolt\u00e1n)\n<\/div>\n\n\t\t\t\t\t<!-- Image social share icons -->\n\t\t\t\t\t<div class=\"m-cegCarousel__socialCnt m-cegSocial\">\n\t\t\t\t\t\t<span class=\"m-cegSocial__text\">Fot\u00f3 megoszt\u00e1sa:<\/span><span class=\"m-cegSocial__iconWrap\"><span class=\"m-cegSocial__icon -facebook _ce_measure_link _ce_measure_widget\" data-ce-measure-widget=\"facebookGallery-btn\"><i class=\"fab fa-facebook-f\"><\/i><\/span><span class=\"m-cegSocial__icon -pinterest _ce_measure_link _ce_measure_widget\" data-ce-measure-widget=\"printeresGallery-btn\"><i class=\"fab fa-pinterest-p\"><\/i><\/span><span class=\"m-cegSocial__icon -email _ce_measure_link _ce_measure_widget\" data-ce-measure-widget=\"emailGallery-btn\"><i class=\"far fa-envelope\"><\/i><\/span><span class=\"m-cegSocial__icon -clipboard _ce_measure_link _ce_measure_widget\" data-ce-measure-widget=\"clipboardGallery-btn\"><i class=\"fa fa-link\"><\/i><\/span><\/span>\t\t\t\t\t<\/div>\n\t\t\t\t<\/div>\n\t\t\t\t\t\t\t\n\t\t\t\t<div\n\t\t\t\t\tclass=\"m-cegCarousel__item\"\n\t\t\t\t\tdata-type=\"image\"\n\t\t\t\t\tdata-id=\"1\/3\/majus-1-Fortepan-Berko-Pal-1947-2\"\n\t\t\t\t\tdata-image-url=\"https:\/\/www.startlap.hu\/utazas\/uploads\/sites\/3\/2023\/04\/majus-1-Fortepan-Berko-Pal-1947-2.jpg\"\n\t\t\t\t\tdata-title=\"majus-1-Fortepan-Berko-Pal-1947-2\"\n\t\t\t\t\tdata-desc=\"Hatalmas cip\u0151 a H\u0151s\u00f6k ter\u00e9n, 1947-ben (Fot\u00f3: Fortepan\/Berk\u00f3 P\u00e1l)\">\n\n\t\t\t\t\t<!-- image -->\n\t\t\t\t\t<div class=\"m-cegCarousel__floatingCnt\">\n\t\t\t\t\t\t<img decoding=\"async\" src=\"https:\/\/www.startlap.hu\/utazas\/uploads\/sites\/3\/2023\/04\/majus-1-Fortepan-Berko-Pal-1947-2.jpg\" class=\"m-cegCarousel__image\" alt=\"\" \/>\t\t\t\t\t\t<span class=\"fa m-cegCarousel__zoom _ce_measure_link _ce_measure_widget\" data-ce-measure-widget=\"gallery-zoom-btn\"><\/span>\n\t\t\t\t\t<\/div>\n\n\t\t\t\t\t<!-- thumb icon \/ counter, caption  -->\n\t\t\t\t\t<div class=\"m-cegCarousel__captionCnt m-cegCaption\">\n\t\t\t\t\t\t<span class=\"m-cegCaption__thumbIcon a-cegThumbIcon _ce_measure_widget _ce_measure_link\"\n\t\t\t\t\t\t\t  data-ce-measure-widget=\"thumbnails-btn\"\n\t\t\t\t\t\t\t  data-ce-measure-widget=\"gallery-thumbnails\"><i class=\" fa fa-th-large\"><\/i><\/span>\n\t\t\t\t\t\t<span class=\"m-cegCaption__pagination a-cegPagination\">\n\t\t\t\t\t\t\t<span class=\"a-cegPagination__current\">3<\/span>\/10\t\t\t\t\t\t<\/span>\n\t\t\t\t\t\t<span class=\"m-cegCaption__caption\">majus-1-Fortepan-Berko-Pal-1947-2<\/span>\n\t\t\t\t\t<\/div>\n\n\t\t\t\t\t<!-- Image description -->\n\t\t\t\t\t<div class=\"m-cegCarousel__desc a-cegDesc\">Hatalmas cip\u0151 a H\u0151s\u00f6k ter\u00e9n, 1947-ben (Fot\u00f3: Fortepan\/Berk\u00f3 P\u00e1l)<\/div>\n\n\t\t\t\t\t<!-- Image social share icons -->\n\t\t\t\t\t<div class=\"m-cegCarousel__socialCnt m-cegSocial\">\n\t\t\t\t\t\t<span class=\"m-cegSocial__text\">Fot\u00f3 megoszt\u00e1sa:<\/span><span class=\"m-cegSocial__iconWrap\"><span class=\"m-cegSocial__icon -facebook _ce_measure_link _ce_measure_widget\" data-ce-measure-widget=\"facebookGallery-btn\"><i class=\"fab fa-facebook-f\"><\/i><\/span><span class=\"m-cegSocial__icon -pinterest _ce_measure_link _ce_measure_widget\" data-ce-measure-widget=\"printeresGallery-btn\"><i class=\"fab fa-pinterest-p\"><\/i><\/span><span class=\"m-cegSocial__icon -email _ce_measure_link _ce_measure_widget\" data-ce-measure-widget=\"emailGallery-btn\"><i class=\"far fa-envelope\"><\/i><\/span><span class=\"m-cegSocial__icon -clipboard _ce_measure_link _ce_measure_widget\" data-ce-measure-widget=\"clipboardGallery-btn\"><i class=\"fa fa-link\"><\/i><\/span><\/span>\t\t\t\t\t<\/div>\n\t\t\t\t<\/div>\n\t\t\t\t\t\t\t\t\t\t\t\t<div\n\t\t\t\t\t\tclass=\"m-cegCarousel__item -banner\"\n\t\t\t\t\t\tdata-type=\"banner\"\n\t\t\t\t\t\tdata-id=\"1\/4\/banner\"\n\t\t\t\t\t\tdata-image-url=\"\"\n\t\t\t\t\t\tdata-title=\"\"\n\t\t\t\t\t\tdata-desc=\"\">\n\n\t\t\t\t\t\t<div class=\"m-cegCarousel__floatingCnt banner-container gallery-content010\"><\/div>\n\n\t\t\t\t\t<\/div>\n\t\t\t\t\t\t\t\t\t\n\t\t\t\t<div\n\t\t\t\t\tclass=\"m-cegCarousel__item\"\n\t\t\t\t\tdata-type=\"image\"\n\t\t\t\t\tdata-id=\"1\/5\/majus-1-Fortepan-Berko-Pal-1947\"\n\t\t\t\t\tdata-image-url=\"https:\/\/www.startlap.hu\/utazas\/uploads\/sites\/3\/2023\/04\/majus-1-Fortepan-Berko-Pal-1947.jpg\"\n\t\t\t\t\tdata-title=\"majus-1-Fortepan-Berko-Pal-1947\"\n\t\t\t\t\tdata-desc=\"Haj\u00f3makett gurul a H\u0151s\u00f6k ter\u00e9re (Fot\u00f3: Fortepan\/Berk\u00f3 P\u00e1l)\">\n\n\t\t\t\t\t<!-- image -->\n\t\t\t\t\t<div class=\"m-cegCarousel__floatingCnt\">\n\t\t\t\t\t\t<img decoding=\"async\" src=\"https:\/\/www.startlap.hu\/utazas\/uploads\/sites\/3\/2023\/04\/majus-1-Fortepan-Berko-Pal-1947.jpg\" class=\"m-cegCarousel__image\" alt=\"\" \/>\t\t\t\t\t\t<span class=\"fa m-cegCarousel__zoom _ce_measure_link _ce_measure_widget\" data-ce-measure-widget=\"gallery-zoom-btn\"><\/span>\n\t\t\t\t\t<\/div>\n\n\t\t\t\t\t<!-- thumb icon \/ counter, caption  -->\n\t\t\t\t\t<div class=\"m-cegCarousel__captionCnt m-cegCaption\">\n\t\t\t\t\t\t<span class=\"m-cegCaption__thumbIcon a-cegThumbIcon _ce_measure_widget _ce_measure_link\"\n\t\t\t\t\t\t\t  data-ce-measure-widget=\"thumbnails-btn\"\n\t\t\t\t\t\t\t  data-ce-measure-widget=\"gallery-thumbnails\"><i class=\" fa fa-th-large\"><\/i><\/span>\n\t\t\t\t\t\t<span class=\"m-cegCaption__pagination a-cegPagination\">\n\t\t\t\t\t\t\t<span class=\"a-cegPagination__current\">5<\/span>\/10\t\t\t\t\t\t<\/span>\n\t\t\t\t\t\t<span class=\"m-cegCaption__caption\">majus-1-Fortepan-Berko-Pal-1947<\/span>\n\t\t\t\t\t<\/div>\n\n\t\t\t\t\t<!-- Image description -->\n\t\t\t\t\t<div class=\"m-cegCarousel__desc a-cegDesc\">Haj\u00f3makett gurul a H\u0151s\u00f6k ter\u00e9re (Fot\u00f3: Fortepan\/Berk\u00f3 P\u00e1l)<\/div>\n\n\t\t\t\t\t<!-- Image social share icons -->\n\t\t\t\t\t<div class=\"m-cegCarousel__socialCnt m-cegSocial\">\n\t\t\t\t\t\t<span class=\"m-cegSocial__text\">Fot\u00f3 megoszt\u00e1sa:<\/span><span class=\"m-cegSocial__iconWrap\"><span class=\"m-cegSocial__icon -facebook _ce_measure_link _ce_measure_widget\" data-ce-measure-widget=\"facebookGallery-btn\"><i class=\"fab fa-facebook-f\"><\/i><\/span><span class=\"m-cegSocial__icon -pinterest _ce_measure_link _ce_measure_widget\" data-ce-measure-widget=\"printeresGallery-btn\"><i class=\"fab fa-pinterest-p\"><\/i><\/span><span class=\"m-cegSocial__icon -email _ce_measure_link _ce_measure_widget\" data-ce-measure-widget=\"emailGallery-btn\"><i class=\"far fa-envelope\"><\/i><\/span><span class=\"m-cegSocial__icon -clipboard _ce_measure_link _ce_measure_widget\" data-ce-measure-widget=\"clipboardGallery-btn\"><i class=\"fa fa-link\"><\/i><\/span><\/span>\t\t\t\t\t<\/div>\n\t\t\t\t<\/div>\n\t\t\t\t\t\t\t\n\t\t\t\t<div\n\t\t\t\t\tclass=\"m-cegCarousel__item\"\n\t\t\t\t\tdata-type=\"image\"\n\t\t\t\t\tdata-id=\"1\/6\/1970-Urb\u00e1n-Tam\u00e1s\"\n\t\t\t\t\tdata-image-url=\"https:\/\/www.startlap.hu\/utazas\/uploads\/sites\/3\/2023\/04\/1970-Urb\u00e1n-Tam\u00e1s.jpg\"\n\t\t\t\t\tdata-title=\"1970-Urb\u00e1n Tam\u00e1s\"\n\t\t\t\t\tdata-desc=\"Az Inotai Er\u0151m\u0171 dolgoz\u00f3i Budapesten, a m\u00e1jus 1-i felvonul\u00e1son (Fot\u00f3: Fortepan\/Urb\u00e1n Tam\u00e1s)\">\n\n\t\t\t\t\t<!-- image -->\n\t\t\t\t\t<div class=\"m-cegCarousel__floatingCnt\">\n\t\t\t\t\t\t<img decoding=\"async\" src=\"https:\/\/www.startlap.hu\/utazas\/uploads\/sites\/3\/2023\/04\/1970-Urb\u00e1n-Tam\u00e1s.jpg\" class=\"m-cegCarousel__image\" alt=\"\" \/>\t\t\t\t\t\t<span class=\"fa m-cegCarousel__zoom _ce_measure_link _ce_measure_widget\" data-ce-measure-widget=\"gallery-zoom-btn\"><\/span>\n\t\t\t\t\t<\/div>\n\n\t\t\t\t\t<!-- thumb icon \/ counter, caption  -->\n\t\t\t\t\t<div class=\"m-cegCarousel__captionCnt m-cegCaption\">\n\t\t\t\t\t\t<span class=\"m-cegCaption__thumbIcon a-cegThumbIcon _ce_measure_widget _ce_measure_link\"\n\t\t\t\t\t\t\t  data-ce-measure-widget=\"thumbnails-btn\"\n\t\t\t\t\t\t\t  data-ce-measure-widget=\"gallery-thumbnails\"><i class=\" fa fa-th-large\"><\/i><\/span>\n\t\t\t\t\t\t<span class=\"m-cegCaption__pagination a-cegPagination\">\n\t\t\t\t\t\t\t<span class=\"a-cegPagination__current\">6<\/span>\/10\t\t\t\t\t\t<\/span>\n\t\t\t\t\t\t<span class=\"m-cegCaption__caption\">1970-Urb\u00e1n Tam\u00e1s<\/span>\n\t\t\t\t\t<\/div>\n\n\t\t\t\t\t<!-- Image description -->\n\t\t\t\t\t<div class=\"m-cegCarousel__desc a-cegDesc\">Az Inotai Er\u0151m\u0171 dolgoz\u00f3i Budapesten, a m\u00e1jus 1-i felvonul\u00e1son (Fot\u00f3: Fortepan\/Urb\u00e1n Tam\u00e1s)<\/div>\n\n\t\t\t\t\t<!-- Image social share icons -->\n\t\t\t\t\t<div class=\"m-cegCarousel__socialCnt m-cegSocial\">\n\t\t\t\t\t\t<span class=\"m-cegSocial__text\">Fot\u00f3 megoszt\u00e1sa:<\/span><span class=\"m-cegSocial__iconWrap\"><span class=\"m-cegSocial__icon -facebook _ce_measure_link _ce_measure_widget\" data-ce-measure-widget=\"facebookGallery-btn\"><i class=\"fab fa-facebook-f\"><\/i><\/span><span class=\"m-cegSocial__icon -pinterest _ce_measure_link _ce_measure_widget\" data-ce-measure-widget=\"printeresGallery-btn\"><i class=\"fab fa-pinterest-p\"><\/i><\/span><span class=\"m-cegSocial__icon -email _ce_measure_link _ce_measure_widget\" data-ce-measure-widget=\"emailGallery-btn\"><i class=\"far fa-envelope\"><\/i><\/span><span class=\"m-cegSocial__icon -clipboard _ce_measure_link _ce_measure_widget\" data-ce-measure-widget=\"clipboardGallery-btn\"><i class=\"fa fa-link\"><\/i><\/span><\/span>\t\t\t\t\t<\/div>\n\t\t\t\t<\/div>\n\t\t\t\t\t\t\t\n\t\t\t\t<div\n\t\t\t\t\tclass=\"m-cegCarousel__item\"\n\t\t\t\t\tdata-type=\"image\"\n\t\t\t\t\tdata-id=\"1\/7\/1970-Fortepan-Angyalf\u00f6ldi-Helyt\u00f6rt\u00e9neti-Gy\u0171jtem\u00e9ny\"\n\t\t\t\t\tdata-image-url=\"https:\/\/www.startlap.hu\/utazas\/uploads\/sites\/3\/2023\/04\/1970-Fortepan-Angyalf\u00f6ldi-Helyt\u00f6rt\u00e9neti-Gy\u0171jtem\u00e9ny.jpg\"\n\t\t\t\t\tdata-title=\"1970-Fortepan-Angyalf\u00f6ldi-Helyt\u00f6rt\u00e9neti-Gy\u0171jtem\u00e9ny\"\n\t\t\t\t\tdata-desc=\"Hatalmas t\u00f6meg 1970-ben, a munka \u00fcnnep\u00e9n (Fot\u00f3: Fortepan\/Angyalf\u00f6ldi Helyt\u00f6rt\u00e9neti Gy\u0171jtem\u00e9ny)\">\n\n\t\t\t\t\t<!-- image -->\n\t\t\t\t\t<div class=\"m-cegCarousel__floatingCnt\">\n\t\t\t\t\t\t<img decoding=\"async\" src=\"https:\/\/www.startlap.hu\/utazas\/uploads\/sites\/3\/2023\/04\/1970-Fortepan-Angyalf\u00f6ldi-Helyt\u00f6rt\u00e9neti-Gy\u0171jtem\u00e9ny.jpg\" class=\"m-cegCarousel__image\" alt=\"\" \/>\t\t\t\t\t\t<span class=\"fa m-cegCarousel__zoom _ce_measure_link _ce_measure_widget\" data-ce-measure-widget=\"gallery-zoom-btn\"><\/span>\n\t\t\t\t\t<\/div>\n\n\t\t\t\t\t<!-- thumb icon \/ counter, caption  -->\n\t\t\t\t\t<div class=\"m-cegCarousel__captionCnt m-cegCaption\">\n\t\t\t\t\t\t<span class=\"m-cegCaption__thumbIcon a-cegThumbIcon _ce_measure_widget _ce_measure_link\"\n\t\t\t\t\t\t\t  data-ce-measure-widget=\"thumbnails-btn\"\n\t\t\t\t\t\t\t  data-ce-measure-widget=\"gallery-thumbnails\"><i class=\" fa fa-th-large\"><\/i><\/span>\n\t\t\t\t\t\t<span class=\"m-cegCaption__pagination a-cegPagination\">\n\t\t\t\t\t\t\t<span class=\"a-cegPagination__current\">7<\/span>\/10\t\t\t\t\t\t<\/span>\n\t\t\t\t\t\t<span class=\"m-cegCaption__caption\">1970-Fortepan-Angyalf\u00f6ldi-Helyt\u00f6rt\u00e9neti-Gy\u0171jtem\u00e9ny<\/span>\n\t\t\t\t\t<\/div>\n\n\t\t\t\t\t<!-- Image description -->\n\t\t\t\t\t<div class=\"m-cegCarousel__desc a-cegDesc\">Hatalmas t\u00f6meg 1970-ben, a munka \u00fcnnep\u00e9n (Fot\u00f3: Fortepan\/Angyalf\u00f6ldi Helyt\u00f6rt\u00e9neti Gy\u0171jtem\u00e9ny)<\/div>\n\n\t\t\t\t\t<!-- Image social share icons -->\n\t\t\t\t\t<div class=\"m-cegCarousel__socialCnt m-cegSocial\">\n\t\t\t\t\t\t<span class=\"m-cegSocial__text\">Fot\u00f3 megoszt\u00e1sa:<\/span><span class=\"m-cegSocial__iconWrap\"><span class=\"m-cegSocial__icon -facebook _ce_measure_link _ce_measure_widget\" data-ce-measure-widget=\"facebookGallery-btn\"><i class=\"fab fa-facebook-f\"><\/i><\/span><span class=\"m-cegSocial__icon -pinterest _ce_measure_link _ce_measure_widget\" data-ce-measure-widget=\"printeresGallery-btn\"><i class=\"fab fa-pinterest-p\"><\/i><\/span><span class=\"m-cegSocial__icon -email _ce_measure_link _ce_measure_widget\" data-ce-measure-widget=\"emailGallery-btn\"><i class=\"far fa-envelope\"><\/i><\/span><span class=\"m-cegSocial__icon -clipboard _ce_measure_link _ce_measure_widget\" data-ce-measure-widget=\"clipboardGallery-btn\"><i class=\"fa fa-link\"><\/i><\/span><\/span>\t\t\t\t\t<\/div>\n\t\t\t\t<\/div>\n\t\t\t\t\t\t\t\t\t\t\t\t<div\n\t\t\t\t\t\tclass=\"m-cegCarousel__item -banner\"\n\t\t\t\t\t\tdata-type=\"banner\"\n\t\t\t\t\t\tdata-id=\"1\/8\/banner\"\n\t\t\t\t\t\tdata-image-url=\"\"\n\t\t\t\t\t\tdata-title=\"\"\n\t\t\t\t\t\tdata-desc=\"\">\n\n\t\t\t\t\t\t<div class=\"m-cegCarousel__floatingCnt banner-container gallery-content020\"><\/div>\n\n\t\t\t\t\t<\/div>\n\t\t\t\t\t\t\t\t\t\n\t\t\t\t<div\n\t\t\t\t\tclass=\"m-cegCarousel__item\"\n\t\t\t\t\tdata-type=\"image\"\n\t\t\t\t\tdata-id=\"1\/9\/majus-1-Fortepan-Kollar-Balazs-1959\"\n\t\t\t\t\tdata-image-url=\"https:\/\/www.startlap.hu\/utazas\/uploads\/sites\/3\/2023\/04\/majus-1-Fortepan-Kollar-Balazs-1959.jpg\"\n\t\t\t\t\tdata-title=\"majus-1-Fortepan-Kollar-Balazs-1959\"\n\t\t\t\t\tdata-desc=\"T\u00f6meg a Felvonul\u00e1si t\u00e9ren 1959-ben (Fot\u00f3: Fortepan\/Koll\u00e1r Bal\u00e1zs)\">\n\n\t\t\t\t\t<!-- image -->\n\t\t\t\t\t<div class=\"m-cegCarousel__floatingCnt\">\n\t\t\t\t\t\t<img decoding=\"async\" src=\"https:\/\/www.startlap.hu\/utazas\/uploads\/sites\/3\/2023\/04\/majus-1-Fortepan-Kollar-Balazs-1959.jpg\" class=\"m-cegCarousel__image\" alt=\"\" \/>\t\t\t\t\t\t<span class=\"fa m-cegCarousel__zoom _ce_measure_link _ce_measure_widget\" data-ce-measure-widget=\"gallery-zoom-btn\"><\/span>\n\t\t\t\t\t<\/div>\n\n\t\t\t\t\t<!-- thumb icon \/ counter, caption  -->\n\t\t\t\t\t<div class=\"m-cegCarousel__captionCnt m-cegCaption\">\n\t\t\t\t\t\t<span class=\"m-cegCaption__thumbIcon a-cegThumbIcon _ce_measure_widget _ce_measure_link\"\n\t\t\t\t\t\t\t  data-ce-measure-widget=\"thumbnails-btn\"\n\t\t\t\t\t\t\t  data-ce-measure-widget=\"gallery-thumbnails\"><i class=\" fa fa-th-large\"><\/i><\/span>\n\t\t\t\t\t\t<span class=\"m-cegCaption__pagination a-cegPagination\">\n\t\t\t\t\t\t\t<span class=\"a-cegPagination__current\">9<\/span>\/10\t\t\t\t\t\t<\/span>\n\t\t\t\t\t\t<span class=\"m-cegCaption__caption\">majus-1-Fortepan-Kollar-Balazs-1959<\/span>\n\t\t\t\t\t<\/div>\n\n\t\t\t\t\t<!-- Image description -->\n\t\t\t\t\t<div class=\"m-cegCarousel__desc a-cegDesc\">T\u00f6meg a Felvonul\u00e1si t\u00e9ren 1959-ben (Fot\u00f3: Fortepan\/Koll\u00e1r Bal\u00e1zs)<\/div>\n\n\t\t\t\t\t<!-- Image social share icons -->\n\t\t\t\t\t<div class=\"m-cegCarousel__socialCnt m-cegSocial\">\n\t\t\t\t\t\t<span class=\"m-cegSocial__text\">Fot\u00f3 megoszt\u00e1sa:<\/span><span class=\"m-cegSocial__iconWrap\"><span class=\"m-cegSocial__icon -facebook _ce_measure_link _ce_measure_widget\" data-ce-measure-widget=\"facebookGallery-btn\"><i class=\"fab fa-facebook-f\"><\/i><\/span><span class=\"m-cegSocial__icon -pinterest _ce_measure_link _ce_measure_widget\" data-ce-measure-widget=\"printeresGallery-btn\"><i class=\"fab fa-pinterest-p\"><\/i><\/span><span class=\"m-cegSocial__icon -email _ce_measure_link _ce_measure_widget\" data-ce-measure-widget=\"emailGallery-btn\"><i class=\"far fa-envelope\"><\/i><\/span><span class=\"m-cegSocial__icon -clipboard _ce_measure_link _ce_measure_widget\" data-ce-measure-widget=\"clipboardGallery-btn\"><i class=\"fa fa-link\"><\/i><\/span><\/span>\t\t\t\t\t<\/div>\n\t\t\t\t<\/div>\n\t\t\t\t\t\t\t\n\t\t\t\t<div\n\t\t\t\t\tclass=\"m-cegCarousel__item\"\n\t\t\t\t\tdata-type=\"image\"\n\t\t\t\t\tdata-id=\"1\/10\/1985-Fortepan-MHSZ\"\n\t\t\t\t\tdata-image-url=\"https:\/\/www.startlap.hu\/utazas\/uploads\/sites\/3\/2023\/04\/1985-Fortepan-MHSZ.jpg\"\n\t\t\t\t\tdata-title=\"1985-Fortepan-MHSZ\"\n\t\t\t\t\tdata-desc=\"A V\u00e1rosliget 1985 m\u00e1jus 1-\u00e9n (Fot\u00f3: Fortepan\/Berk\u00f3 P\u00e1l)\">\n\n\t\t\t\t\t<!-- image -->\n\t\t\t\t\t<div class=\"m-cegCarousel__floatingCnt\">\n\t\t\t\t\t\t<img decoding=\"async\" src=\"https:\/\/www.startlap.hu\/utazas\/uploads\/sites\/3\/2023\/04\/1985-Fortepan-MHSZ.jpg\" class=\"m-cegCarousel__image\" alt=\"\" \/>\t\t\t\t\t\t<span class=\"fa m-cegCarousel__zoom _ce_measure_link _ce_measure_widget\" data-ce-measure-widget=\"gallery-zoom-btn\"><\/span>\n\t\t\t\t\t<\/div>\n\n\t\t\t\t\t<!-- thumb icon \/ counter, caption  -->\n\t\t\t\t\t<div class=\"m-cegCarousel__captionCnt m-cegCaption\">\n\t\t\t\t\t\t<span class=\"m-cegCaption__thumbIcon a-cegThumbIcon _ce_measure_widget _ce_measure_link\"\n\t\t\t\t\t\t\t  data-ce-measure-widget=\"thumbnails-btn\"\n\t\t\t\t\t\t\t  data-ce-measure-widget=\"gallery-thumbnails\"><i class=\" fa fa-th-large\"><\/i><\/span>\n\t\t\t\t\t\t<span class=\"m-cegCaption__pagination a-cegPagination\">\n\t\t\t\t\t\t\t<span class=\"a-cegPagination__current\">10<\/span>\/10\t\t\t\t\t\t<\/span>\n\t\t\t\t\t\t<span class=\"m-cegCaption__caption\">1985-Fortepan-MHSZ<\/span>\n\t\t\t\t\t<\/div>\n\n\t\t\t\t\t<!-- Image description -->\n\t\t\t\t\t<div class=\"m-cegCarousel__desc a-cegDesc\">A V\u00e1rosliget 1985 m\u00e1jus 1-\u00e9n (Fot\u00f3: Fortepan\/Berk\u00f3 P\u00e1l)<\/div>\n\n\t\t\t\t\t<!-- Image social share icons -->\n\t\t\t\t\t<div class=\"m-cegCarousel__socialCnt m-cegSocial\">\n\t\t\t\t\t\t<span class=\"m-cegSocial__text\">Fot\u00f3 megoszt\u00e1sa:<\/span><span class=\"m-cegSocial__iconWrap\"><span class=\"m-cegSocial__icon -facebook _ce_measure_link _ce_measure_widget\" data-ce-measure-widget=\"facebookGallery-btn\"><i class=\"fab fa-facebook-f\"><\/i><\/span><span class=\"m-cegSocial__icon -pinterest _ce_measure_link _ce_measure_widget\" data-ce-measure-widget=\"printeresGallery-btn\"><i class=\"fab fa-pinterest-p\"><\/i><\/span><span class=\"m-cegSocial__icon -email _ce_measure_link _ce_measure_widget\" data-ce-measure-widget=\"emailGallery-btn\"><i class=\"far fa-envelope\"><\/i><\/span><span class=\"m-cegSocial__icon -clipboard _ce_measure_link _ce_measure_widget\" data-ce-measure-widget=\"clipboardGallery-btn\"><i class=\"fa fa-link\"><\/i><\/span><\/span>\t\t\t\t\t<\/div>\n\t\t\t\t<\/div>\n\t\t\t\t\t\t\t\t<\/div>\n\t\t<div class=\"m-cegLayer__thumbnails m-cegThumbList _ce_measure_widget\" data-ce-measure-widget=\"gallery-thumb-list\">\n\t\t\t\t\t\t\t\t\t\t\t<div class=\"m-cegThumbList__item\"\n\t\t\t\t\tdata-id=\"1\/1\/majus-1-1946-Fortepan-Aszodi-Zoltan\"\n\t\t\t\t\tdata-index=\"0\">\n\t\t\t\t\t<img decoding=\"async\" src=\"https:\/\/www.startlap.hu\/utazas\/uploads\/sites\/3\/2023\/04\/majus-1-1946-Fortepan-Aszodi-Zoltan.jpg\" class=\"m-cegThumbList__image _ce_measure_link\" alt=\"\" \/>\t\t\t\t<\/div>\n\t\t\t\t\t\t\t\t\t\t\t<div class=\"m-cegThumbList__item\"\n\t\t\t\t\tdata-id=\"1\/2\/majus-1-1946-Fortepan-Aszodi-Zoltan-2\"\n\t\t\t\t\tdata-index=\"1\">\n\t\t\t\t\t<img decoding=\"async\" src=\"https:\/\/www.startlap.hu\/utazas\/uploads\/sites\/3\/2023\/04\/majus-1-1946-Fortepan-Aszodi-Zoltan-2.jpg\" class=\"m-cegThumbList__image _ce_measure_link\" alt=\"\" \/>\t\t\t\t<\/div>\n\t\t\t\t\t\t\t\t\t\t\t<div class=\"m-cegThumbList__item\"\n\t\t\t\t\tdata-id=\"1\/3\/majus-1-Fortepan-Berko-Pal-1947-2\"\n\t\t\t\t\tdata-index=\"2\">\n\t\t\t\t\t<img decoding=\"async\" src=\"https:\/\/www.startlap.hu\/utazas\/uploads\/sites\/3\/2023\/04\/majus-1-Fortepan-Berko-Pal-1947-2.jpg\" class=\"m-cegThumbList__image _ce_measure_link\" alt=\"\" \/>\t\t\t\t<\/div>\n\t\t\t\t\t\t\t\t\t\t\t\t\t\t\t<div class=\"m-cegThumbList__item\"\n\t\t\t\t\tdata-id=\"1\/5\/majus-1-Fortepan-Berko-Pal-1947\"\n\t\t\t\t\tdata-index=\"4\">\n\t\t\t\t\t<img decoding=\"async\" src=\"https:\/\/www.startlap.hu\/utazas\/uploads\/sites\/3\/2023\/04\/majus-1-Fortepan-Berko-Pal-1947.jpg\" class=\"m-cegThumbList__image _ce_measure_link\" alt=\"\" \/>\t\t\t\t<\/div>\n\t\t\t\t\t\t\t\t\t\t\t<div class=\"m-cegThumbList__item\"\n\t\t\t\t\tdata-id=\"1\/6\/1970-Urb\u00e1n-Tam\u00e1s\"\n\t\t\t\t\tdata-index=\"5\">\n\t\t\t\t\t<img decoding=\"async\" src=\"https:\/\/www.startlap.hu\/utazas\/uploads\/sites\/3\/2023\/04\/1970-Urb\u00e1n-Tam\u00e1s.jpg\" class=\"m-cegThumbList__image _ce_measure_link\" alt=\"\" \/>\t\t\t\t<\/div>\n\t\t\t\t\t\t\t\t\t\t\t<div class=\"m-cegThumbList__item\"\n\t\t\t\t\tdata-id=\"1\/7\/1970-Fortepan-Angyalf\u00f6ldi-Helyt\u00f6rt\u00e9neti-Gy\u0171jtem\u00e9ny\"\n\t\t\t\t\tdata-index=\"6\">\n\t\t\t\t\t<img decoding=\"async\" src=\"https:\/\/www.startlap.hu\/utazas\/uploads\/sites\/3\/2023\/04\/1970-Fortepan-Angyalf\u00f6ldi-Helyt\u00f6rt\u00e9neti-Gy\u0171jtem\u00e9ny.jpg\" class=\"m-cegThumbList__image _ce_measure_link\" alt=\"\" \/>\t\t\t\t<\/div>\n\t\t\t\t\t\t\t\t\t\t\t\t\t\t\t<div class=\"m-cegThumbList__item\"\n\t\t\t\t\tdata-id=\"1\/9\/majus-1-Fortepan-Kollar-Balazs-1959\"\n\t\t\t\t\tdata-index=\"8\">\n\t\t\t\t\t<img decoding=\"async\" src=\"https:\/\/www.startlap.hu\/utazas\/uploads\/sites\/3\/2023\/04\/majus-1-Fortepan-Kollar-Balazs-1959.jpg\" class=\"m-cegThumbList__image _ce_measure_link\" alt=\"\" \/>\t\t\t\t<\/div>\n\t\t\t\t\t\t\t\t\t\t\t<div class=\"m-cegThumbList__item\"\n\t\t\t\t\tdata-id=\"1\/10\/1985-Fortepan-MHSZ\"\n\t\t\t\t\tdata-index=\"9\">\n\t\t\t\t\t<img decoding=\"async\" src=\"https:\/\/www.startlap.hu\/utazas\/uploads\/sites\/3\/2023\/04\/1985-Fortepan-MHSZ.jpg\" class=\"m-cegThumbList__image _ce_measure_link\" alt=\"\" \/>\t\t\t\t<\/div>\n\t\t\t\t\t<\/div>\n\t<\/div>\n\t<div class=\"m-cegLayer__sidebar m-cegSidebar _ce_measure_widget\" data-ce-measure-widget=\"gallery-sidebar\">\n\n\t\t<div class=\"m-cegSidebar__desc a-cegDesc _ce_measure_widget\" data-ce-measure-widget=\"gallery-desc\"><\/div>\n\n\t\t<div class=\"m-cegSidebar__socialCnt m-cegSocial -sidebar _ce_measure_widget\" data-ce-measure-widget=\"gallery-social\">\n\t\t\t<span class=\"m-cegSocial__text\">Fot\u00f3 megoszt\u00e1sa:<\/span><span class=\"m-cegSocial__iconWrap\"><span class=\"m-cegSocial__icon -facebook _ce_measure_link _ce_measure_widget\" data-ce-measure-widget=\"facebookGallery-btn\"><i class=\"fab fa-facebook-f\"><\/i><\/span><span class=\"m-cegSocial__icon -pinterest _ce_measure_link _ce_measure_widget\" data-ce-measure-widget=\"printeresGallery-btn\"><i class=\"fab fa-pinterest-p\"><\/i><\/span><span class=\"m-cegSocial__icon -email _ce_measure_link _ce_measure_widget\" data-ce-measure-widget=\"emailGallery-btn\"><i class=\"far fa-envelope\"><\/i><\/span><span class=\"m-cegSocial__icon -clipboard _ce_measure_link _ce_measure_widget\" data-ce-measure-widget=\"clipboardGallery-btn\"><i class=\"fa fa-link\"><\/i><\/span><\/span>\t\t<\/div>\n\n\t\t<div class=\"gallery-right010 banner-container\"><\/div>\n\t\t<div class=\"gallery-right020 banner-container\"><\/div>\n\n\t<\/div>\n<\/div>\n\t<\/div>\n\n\t<script>\n\t\tjQuery(function () {\n\t\t\tvar id = '#cegPostCnt_1';\n\t\t\tjQuery( id ).articleGallery({\n\t\t\t\tonChanged: function (event) {\n\t\t\t\t\t\tthis.renderSidebarCTS( 'gallery-right010' );\n\t\t\t\t\t\tthis.renderSidebarCTS( 'gallery-right020' );\n\t\t\t\t\t\tthis.renderBannerSlideCTS(  event,\n\t\t\t\t\t\t\t\t\t\t\t\t\t[\n\t\t\t\t\t\t\t\t\t\t\t\t\t\t'gallery-content010',\n\t\t\t\t\t\t\t\t\t\t\t\t\t\t'gallery-content020',\n\t\t\t\t\t\t\t\t\t\t\t\t\t\t'gallery-content030'\n\t\t\t\t\t\t\t\t\t\t\t\t\t]);\n\t\t\t\t}\n\t\t\t});\n\t\t});\n\t<\/script>\t\n<h2>Ez m\u00e1jus 1-je t\u00f6rt\u00e9nete r\u00f6viden<\/h2>\n<p>Robert Owen brit t\u00e1rsadalomreformer m\u00e1r 1817-ben megfogalmazta a nyolc\u00f3r\u00e1s munkanap eszm\u00e9j\u00e9t, ami k\u00e9s\u0151bb a nemzetk\u00f6zi munk\u00e1smozgalom egyik legfontosabb k\u00f6vetel\u00e9s\u00e9v\u00e9 v\u00e1lt. Felh\u00edv\u00e1s\u00e1ra t\u00fcntet\u00e9sek \u00e9s sztr\u00e1jkok sorozata kezd\u0151d\u00f6tt, melynek eredm\u00e9nyek\u00e9nt <strong>Nagy-Britanni\u00e1ban \u00e9s gyarmatain 1847-ben napi t\u00edz \u00f3r\u00e1ban maximaliz\u00e1lt\u00e1k a n\u0151k \u00e9s gyerekek munkaidej\u00e9t<\/strong>. Ez azonban csak az 1870-es \u00e9vekre lett \u00e1ltal\u00e1nos.<\/p>\n<p>A k\u00f6vetel\u00e9sek v\u00e9g\u00fcl Amerik\u00e1ban is megjelentek. 1886. m\u00e1jus 1-j\u00e9n Chicag\u00f3ban sztr\u00e1jkolni kezdtek a munkaid\u0151 8 \u00f3r\u00e1ra val\u00f3 lecs\u00f6kkent\u00e9se \u00e9rdek\u00e9ben, ami k\u00e9s\u0151bb trag\u00e9di\u00e1ba fulladt. <strong>A t\u00fcntet\u00e9s harmadik napj\u00e1n a rend\u0151r\u00f6k t\u00fczet nyitottak a t\u00fcntet\u0151kre<\/strong>, amiben n\u00e9gyen is meghaltak. A negyedik napon m\u00e9g fesz\u00fcltebb volt a helyzet, mert anarchist\u00e1k egy bomb\u00e1t dobtak a rend\u0151r\u00f6kre. Ezt szint\u00e9n egy sort\u0171z k\u00f6vette, amiben m\u00e1r <strong>egy tucatnyi t\u00fcntet\u0151 vesztette \u00e9let\u00e9t<\/strong>.<\/p>\n<p>A marxista ideol\u00f3gi\u00e1t k\u00f6vet\u0151 p\u00e1rtok 1889-ben, a II. Internacion\u00e1l\u00e9 alakul\u00f3 kongresszus\u00e1n \u00fagy hat\u00e1roztak, hogy 1890. m\u00e1jus 1-j\u00e9n a szakszervezetek \u00e9s egy\u00e9b munk\u00e1sszervez\u0151d\u00e9sekkel egy\u00fctt felvonul\u00e1st tartanak a nyolc\u00f3r\u00e1s munkaid\u0151 bevezet\u00e9se miatt.<\/p>\n<h2>Magyarorsz\u00e1gon is elkezd\u0151dnek a felvonul\u00e1sok<\/h2>\n<p>A II. Internacion\u00e1l\u00e9 hat\u00e1rozat\u00e1hoz csatlakozott Magyarorsz\u00e1g is, ahol szint\u00e9n 1890. m\u00e1jus 1-\u00e9n tartott\u00e1k meg az el\u0151sz\u00f6r t\u00f6megdemonstr\u00e1ci\u00f3t.<\/p>\n<blockquote class=\"article__extraTxt\"><p>A II. Internacion\u00e1l\u00e9 1891-es m\u00e1sodik kongresszus\u00e1n m\u00e1jus elsej\u00e9t hivatalosan is a &#8222;munk\u00e1soszt\u00e1ly nemzetk\u00f6zi \u00f6sszefog\u00e1s\u00e1nak harcos \u00fcnnep\u00e9v\u00e9&#8221; nyilv\u00e1n\u00edtott\u00e1k.<\/p><\/blockquote>\n<p>A roml\u00f3 \u00e9letk\u00f6r\u00fclm\u00e9nyek miatt 1917-ben m\u00e1r hatalmas t\u00f6megek mentek utc\u00e1ra, aminek hat\u00e1s\u00e1ra Tisza Istv\u00e1n munkasz\u00fcneti napp\u00e1 nyilv\u00e1n\u00edtotta m\u00e1jus 1-\u00e9t.<\/p>\n<p>Az els\u0151 dokument\u00e1lt magyarorsz\u00e1gi felvonul\u00e1s 1919-ben volt \u00e9s sok\u00e1ig ez volt az egyetlen m\u00e1jus 1-i utcai megmozdul\u00e1s. Ebben az id\u0151szakban a prolet\u00e1rdiktat\u00fara gy\u0151zelme miatt a Tan\u00e1csk\u00f6zt\u00e1rsas\u00e1g volt hatalmon, akik <strong>igen grandi\u00f3zus megmozdul\u00e1st szerveztek Budapest utc\u00e1ira<\/strong>. Pedig az els\u0151 vil\u00e1gh\u00e1bor\u00fat k\u00f6vet\u0151en nem volt sok okuk a magyaroknak az \u00fcnnepl\u00e9sre, az esem\u00e9ny ink\u00e1bb egyfajta er\u0151demonstr\u00e1ci\u00f3 volt.<\/p>\n<p>Az 1919-ben m\u0171k\u00f6d\u0151 propagandasajt\u00f3 \u00fagy sz\u00e1molt be az esem\u00e9nyr\u0151l, hogy <strong>eg\u00e9sz Budapest v\u00f6r\u00f6sbe \u00f6lt\u00f6z\u00f6tt<\/strong>. A k\u00e9peket eln\u00e9zve pedig azt gondolhatjuk, hogy ez az \u00e1ll\u00edt\u00e1s nem is volt annyira er\u0151s t\u00falz\u00e1s.<\/p>\n\n\t<div id=\"cegPostCnt_2\" class=\"o-cegPostCnt -inContent\" data-title=\"Retr\u00f3 fot\u00f3kon: \u00edgy \u00fcnnepelt\u00e9k nagysz\u00fcleink m\u00e1jus 1-j\u00e9t \u2013 s\u00f6r, virsli, z\u00e1szl\u00f3k \u00e9s felvonul\u00e1sok\">\n\t\t<a class=\"o-cegPostCnt__opener m-cegOpener _ce_measure_widget _ce_measure_link\" data-ce-measure-widget=\"gallery-open\"\n   href=\"?gallery=2\/1\/majus-1-1919-Fortepan-Schoch-Frigyes\">\n\t<img decoding=\"async\" src=\"https:\/\/www.startlap.hu\/utazas\/uploads\/sites\/3\/2023\/04\/majus-1-1919-Fortepan-Schoch-Frigyes.jpg\" class=\"m-cegOpener__image\" alt=\"\" sizes=\"(max-width: 991px) 100vw, (max-width: 1039px) 66vw, 684px\" srcset=\"https:\/\/www.startlap.hu\/utazas\/uploads\/sites\/3\/2023\/04\/majus-1-1919-Fortepan-Schoch-Frigyes.jpg 1200w, https:\/\/www.startlap.hu\/utazas\/uploads\/sites\/3\/2023\/04\/majus-1-1919-Fortepan-Schoch-Frigyes-755x611.jpg 755w, https:\/\/www.startlap.hu\/utazas\/uploads\/sites\/3\/2023\/04\/majus-1-1919-Fortepan-Schoch-Frigyes-285x230.jpg 285w, https:\/\/www.startlap.hu\/utazas\/uploads\/sites\/3\/2023\/04\/majus-1-1919-Fortepan-Schoch-Frigyes-433x350.jpg 433w\" \/>\t<div class=\"m-cegOpener__btn\"><i class=\"far fa-clone\"><\/i><\/div>\n<\/a>\n<div class=\"o-cegPostCnt__layer m-cegLayer _ce_measure_widget\" data-ce-measure-widget=\"gallery-layer\" style=\"display: none\">\n\t<div class=\"m-cegLayer__top m-cegHeader _ce_measure_widget\" data-ce-measure-widget=\"gallery-header\">\n\t\t\t\t\t<span class=\"m-cegHeader__logo\"><span class=\"a-cegLogo\"><\/span><\/span>\n\t\t\t\t<div class=\"m-cegHeader__imgCnt\">\n\t\t\t<img decoding=\"async\" src=\"https:\/\/www.startlap.hu\/utazas\/uploads\/sites\/3\/2023\/04\/majus-1-1919-Fortepan-Schoch-Frigyes.jpg\" class=\"m-cegHeader__imgOpener\" alt=\"\" \/>\t\t<\/div>\n\t\t<h2 class=\"m-cegHeader__title a-cegGalleryTitle\"><i class=\"fa fa-angle-left\"><\/i>Retr\u00f3 fot\u00f3kon: \u00edgy \u00fcnnepelt\u00e9k nagysz\u00fcleink m\u00e1jus 1-j\u00e9t \u2013 s\u00f6r, virsli, z\u00e1szl\u00f3k \u00e9s felvonul\u00e1sok<\/h2>\n\t\t<div class=\"m-cegHeader__pagination a-cegPagination\"><\/div>\n\t\t<div class=\"m-cegHeader__closeBtn close-button nlc-icon-close _ce_measure_link _ce_measure_widget\" data-ce-measure-widget=\"gallery-close-btn\"><i class=\"fa fa-times\" aria-hidden=\"true\"><\/i><\/div>\n\t<\/div>\n\t<div class=\"m-cegLayer__screen\">\n\t\t<div class=\"m-cegLayer__carousel m-cegCarousel\">\n\t\t\t\t\t\t\t\n\t\t\t\t<div\n\t\t\t\t\tclass=\"m-cegCarousel__item\"\n\t\t\t\t\tdata-type=\"image\"\n\t\t\t\t\tdata-id=\"2\/1\/majus-1-1919-Fortepan-Schoch-Frigyes\"\n\t\t\t\t\tdata-image-url=\"https:\/\/www.startlap.hu\/utazas\/uploads\/sites\/3\/2023\/04\/majus-1-1919-Fortepan-Schoch-Frigyes.jpg\"\n\t\t\t\t\tdata-title=\"majus-1-1919-Fortepan-Schoch-Frigyes\"\n\t\t\t\t\tdata-desc=\"Ferenciek tere a Kossuth Lajos utca fel\u0151l n\u00e9zve. Balra m\u00e1jus 1-i dekor\u00e1ci\u00f3 Lenin \u00e9s Karl Liebknecht szobr\u00e1val (Fot\u00f3: Fortepan\/Schoch Frigyes)\">\n\n\t\t\t\t\t<!-- image -->\n\t\t\t\t\t<div class=\"m-cegCarousel__floatingCnt\">\n\t\t\t\t\t\t<img decoding=\"async\" src=\"https:\/\/www.startlap.hu\/utazas\/uploads\/sites\/3\/2023\/04\/majus-1-1919-Fortepan-Schoch-Frigyes.jpg\" class=\"m-cegCarousel__image\" alt=\"\" \/>\t\t\t\t\t\t<span class=\"fa m-cegCarousel__zoom _ce_measure_link _ce_measure_widget\" data-ce-measure-widget=\"gallery-zoom-btn\"><\/span>\n\t\t\t\t\t<\/div>\n\n\t\t\t\t\t<!-- thumb icon \/ counter, caption  -->\n\t\t\t\t\t<div class=\"m-cegCarousel__captionCnt m-cegCaption\">\n\t\t\t\t\t\t<span class=\"m-cegCaption__thumbIcon a-cegThumbIcon _ce_measure_widget _ce_measure_link\"\n\t\t\t\t\t\t\t  data-ce-measure-widget=\"thumbnails-btn\"\n\t\t\t\t\t\t\t  data-ce-measure-widget=\"gallery-thumbnails\"><i class=\" fa fa-th-large\"><\/i><\/span>\n\t\t\t\t\t\t<span class=\"m-cegCaption__pagination a-cegPagination\">\n\t\t\t\t\t\t\t<span class=\"a-cegPagination__current\">1<\/span>\/6\t\t\t\t\t\t<\/span>\n\t\t\t\t\t\t<span class=\"m-cegCaption__caption\">majus-1-1919-Fortepan-Schoch-Frigyes<\/span>\n\t\t\t\t\t<\/div>\n\n\t\t\t\t\t<!-- Image description -->\n\t\t\t\t\t<div class=\"m-cegCarousel__desc a-cegDesc\">Ferenciek tere a Kossuth Lajos utca fel\u0151l n\u00e9zve. Balra m\u00e1jus 1-i dekor\u00e1ci\u00f3 Lenin \u00e9s Karl Liebknecht szobr\u00e1val (Fot\u00f3: Fortepan\/Schoch Frigyes)<\/div>\n\n\t\t\t\t\t<!-- Image social share icons -->\n\t\t\t\t\t<div class=\"m-cegCarousel__socialCnt m-cegSocial\">\n\t\t\t\t\t\t<span class=\"m-cegSocial__text\">Fot\u00f3 megoszt\u00e1sa:<\/span><span class=\"m-cegSocial__iconWrap\"><span class=\"m-cegSocial__icon -facebook _ce_measure_link _ce_measure_widget\" data-ce-measure-widget=\"facebookGallery-btn\"><i class=\"fab fa-facebook-f\"><\/i><\/span><span class=\"m-cegSocial__icon -pinterest _ce_measure_link _ce_measure_widget\" data-ce-measure-widget=\"printeresGallery-btn\"><i class=\"fab fa-pinterest-p\"><\/i><\/span><span class=\"m-cegSocial__icon -email _ce_measure_link _ce_measure_widget\" data-ce-measure-widget=\"emailGallery-btn\"><i class=\"far fa-envelope\"><\/i><\/span><span class=\"m-cegSocial__icon -clipboard _ce_measure_link _ce_measure_widget\" data-ce-measure-widget=\"clipboardGallery-btn\"><i class=\"fa fa-link\"><\/i><\/span><\/span>\t\t\t\t\t<\/div>\n\t\t\t\t<\/div>\n\t\t\t\t\t\t\t\n\t\t\t\t<div\n\t\t\t\t\tclass=\"m-cegCarousel__item\"\n\t\t\t\t\tdata-type=\"image\"\n\t\t\t\t\tdata-id=\"2\/2\/majus-1-1919-Fortepan-Pechi-Laszlo\"\n\t\t\t\t\tdata-image-url=\"https:\/\/www.startlap.hu\/utazas\/uploads\/sites\/3\/2023\/04\/majus-1-1919-Fortepan-Pechi-Laszlo.jpg\"\n\t\t\t\t\tdata-title=\"majus-1-1919-Fortepan-Pechi-Laszlo\"\n\t\t\t\t\tdata-desc=\"Kossuth Lajos utca m\u00e1jus 1-i dekor\u00e1ci\u00f3ja az Astoria keresztez\u0151d\u00e9sb\u0151l n\u00e9zve. (Fot\u00f3: Fortepan\/P\u00e9chi L\u00e1szl\u00f3)\">\n\n\t\t\t\t\t<!-- image -->\n\t\t\t\t\t<div class=\"m-cegCarousel__floatingCnt\">\n\t\t\t\t\t\t<img decoding=\"async\" src=\"https:\/\/www.startlap.hu\/utazas\/uploads\/sites\/3\/2023\/04\/majus-1-1919-Fortepan-Pechi-Laszlo.jpg\" class=\"m-cegCarousel__image\" alt=\"1919. m\u00e1jus 1.\" \/>\t\t\t\t\t\t<span class=\"fa m-cegCarousel__zoom _ce_measure_link _ce_measure_widget\" data-ce-measure-widget=\"gallery-zoom-btn\"><\/span>\n\t\t\t\t\t<\/div>\n\n\t\t\t\t\t<!-- thumb icon \/ counter, caption  -->\n\t\t\t\t\t<div class=\"m-cegCarousel__captionCnt m-cegCaption\">\n\t\t\t\t\t\t<span class=\"m-cegCaption__thumbIcon a-cegThumbIcon _ce_measure_widget _ce_measure_link\"\n\t\t\t\t\t\t\t  data-ce-measure-widget=\"thumbnails-btn\"\n\t\t\t\t\t\t\t  data-ce-measure-widget=\"gallery-thumbnails\"><i class=\" fa fa-th-large\"><\/i><\/span>\n\t\t\t\t\t\t<span class=\"m-cegCaption__pagination a-cegPagination\">\n\t\t\t\t\t\t\t<span class=\"a-cegPagination__current\">2<\/span>\/6\t\t\t\t\t\t<\/span>\n\t\t\t\t\t\t<span class=\"m-cegCaption__caption\">majus-1-1919-Fortepan-Pechi-Laszlo<\/span>\n\t\t\t\t\t<\/div>\n\n\t\t\t\t\t<!-- Image description -->\n\t\t\t\t\t<div class=\"m-cegCarousel__desc a-cegDesc\">Kossuth Lajos utca m\u00e1jus 1-i dekor\u00e1ci\u00f3ja az Astoria keresztez\u0151d\u00e9sb\u0151l n\u00e9zve. (Fot\u00f3: Fortepan\/P\u00e9chi L\u00e1szl\u00f3)<\/div>\n\n\t\t\t\t\t<!-- Image social share icons -->\n\t\t\t\t\t<div class=\"m-cegCarousel__socialCnt m-cegSocial\">\n\t\t\t\t\t\t<span class=\"m-cegSocial__text\">Fot\u00f3 megoszt\u00e1sa:<\/span><span class=\"m-cegSocial__iconWrap\"><span class=\"m-cegSocial__icon -facebook _ce_measure_link _ce_measure_widget\" data-ce-measure-widget=\"facebookGallery-btn\"><i class=\"fab fa-facebook-f\"><\/i><\/span><span class=\"m-cegSocial__icon -pinterest _ce_measure_link _ce_measure_widget\" data-ce-measure-widget=\"printeresGallery-btn\"><i class=\"fab fa-pinterest-p\"><\/i><\/span><span class=\"m-cegSocial__icon -email _ce_measure_link _ce_measure_widget\" data-ce-measure-widget=\"emailGallery-btn\"><i class=\"far fa-envelope\"><\/i><\/span><span class=\"m-cegSocial__icon -clipboard _ce_measure_link _ce_measure_widget\" data-ce-measure-widget=\"clipboardGallery-btn\"><i class=\"fa fa-link\"><\/i><\/span><\/span>\t\t\t\t\t<\/div>\n\t\t\t\t<\/div>\n\t\t\t\t\t\t\t\n\t\t\t\t<div\n\t\t\t\t\tclass=\"m-cegCarousel__item\"\n\t\t\t\t\tdata-type=\"image\"\n\t\t\t\t\tdata-id=\"2\/3\/majus-1-1919-Fortepan-Marics-Zoltan\"\n\t\t\t\t\tdata-image-url=\"https:\/\/www.startlap.hu\/utazas\/uploads\/sites\/3\/2023\/04\/majus-1-1919-Fortepan-Marics-Zoltan.jpg\"\n\t\t\t\t\tdata-title=\"majus-1-1919-Fortepan-Marics-Zoltan\"\n\t\t\t\t\tdata-desc=\"Kod\u00e1ly k\u00f6r\u00f6nd a 1919. m\u00e1jus 1-i felvonul\u00e1son (Fot\u00f3: Fortepan\/Marics Zolt\u00e1n)\">\n\n\t\t\t\t\t<!-- image -->\n\t\t\t\t\t<div class=\"m-cegCarousel__floatingCnt\">\n\t\t\t\t\t\t<img decoding=\"async\" src=\"https:\/\/www.startlap.hu\/utazas\/uploads\/sites\/3\/2023\/04\/majus-1-1919-Fortepan-Marics-Zoltan.jpg\" class=\"m-cegCarousel__image\" alt=\"\" \/>\t\t\t\t\t\t<span class=\"fa m-cegCarousel__zoom _ce_measure_link _ce_measure_widget\" data-ce-measure-widget=\"gallery-zoom-btn\"><\/span>\n\t\t\t\t\t<\/div>\n\n\t\t\t\t\t<!-- thumb icon \/ counter, caption  -->\n\t\t\t\t\t<div class=\"m-cegCarousel__captionCnt m-cegCaption\">\n\t\t\t\t\t\t<span class=\"m-cegCaption__thumbIcon a-cegThumbIcon _ce_measure_widget _ce_measure_link\"\n\t\t\t\t\t\t\t  data-ce-measure-widget=\"thumbnails-btn\"\n\t\t\t\t\t\t\t  data-ce-measure-widget=\"gallery-thumbnails\"><i class=\" fa fa-th-large\"><\/i><\/span>\n\t\t\t\t\t\t<span class=\"m-cegCaption__pagination a-cegPagination\">\n\t\t\t\t\t\t\t<span class=\"a-cegPagination__current\">3<\/span>\/6\t\t\t\t\t\t<\/span>\n\t\t\t\t\t\t<span class=\"m-cegCaption__caption\">majus-1-1919-Fortepan-Marics-Zoltan<\/span>\n\t\t\t\t\t<\/div>\n\n\t\t\t\t\t<!-- Image description -->\n\t\t\t\t\t<div class=\"m-cegCarousel__desc a-cegDesc\">Kod\u00e1ly k\u00f6r\u00f6nd a 1919. m\u00e1jus 1-i felvonul\u00e1son (Fot\u00f3: Fortepan\/Marics Zolt\u00e1n)<\/div>\n\n\t\t\t\t\t<!-- Image social share icons -->\n\t\t\t\t\t<div class=\"m-cegCarousel__socialCnt m-cegSocial\">\n\t\t\t\t\t\t<span class=\"m-cegSocial__text\">Fot\u00f3 megoszt\u00e1sa:<\/span><span class=\"m-cegSocial__iconWrap\"><span class=\"m-cegSocial__icon -facebook _ce_measure_link _ce_measure_widget\" data-ce-measure-widget=\"facebookGallery-btn\"><i class=\"fab fa-facebook-f\"><\/i><\/span><span class=\"m-cegSocial__icon -pinterest _ce_measure_link _ce_measure_widget\" data-ce-measure-widget=\"printeresGallery-btn\"><i class=\"fab fa-pinterest-p\"><\/i><\/span><span class=\"m-cegSocial__icon -email _ce_measure_link _ce_measure_widget\" data-ce-measure-widget=\"emailGallery-btn\"><i class=\"far fa-envelope\"><\/i><\/span><span class=\"m-cegSocial__icon -clipboard _ce_measure_link _ce_measure_widget\" data-ce-measure-widget=\"clipboardGallery-btn\"><i class=\"fa fa-link\"><\/i><\/span><\/span>\t\t\t\t\t<\/div>\n\t\t\t\t<\/div>\n\t\t\t\t\t\t\t\t\t\t\t\t<div\n\t\t\t\t\t\tclass=\"m-cegCarousel__item -banner\"\n\t\t\t\t\t\tdata-type=\"banner\"\n\t\t\t\t\t\tdata-id=\"2\/4\/banner\"\n\t\t\t\t\t\tdata-image-url=\"\"\n\t\t\t\t\t\tdata-title=\"\"\n\t\t\t\t\t\tdata-desc=\"\">\n\n\t\t\t\t\t\t<div class=\"m-cegCarousel__floatingCnt banner-container gallery-content010\"><\/div>\n\n\t\t\t\t\t<\/div>\n\t\t\t\t\t\t\t\t\t\n\t\t\t\t<div\n\t\t\t\t\tclass=\"m-cegCarousel__item\"\n\t\t\t\t\tdata-type=\"image\"\n\t\t\t\t\tdata-id=\"2\/5\/majus-1-1919-Fortepan-Marics-Zoltan-2\"\n\t\t\t\t\tdata-image-url=\"https:\/\/www.startlap.hu\/utazas\/uploads\/sites\/3\/2023\/04\/majus-1-1919-Fortepan-Marics-Zoltan-2.jpg\"\n\t\t\t\t\tdata-title=\"majus-1-1919-Fortepan-Marics-Zoltan-2\"\n\t\t\t\t\tdata-desc=\"1919. m\u00e1jus 1-i dekor\u00e1ci\u00f3ja a Margit h\u00eddr\u00f3l n\u00e9zve. K\u00e9pen a Margit szigetre vezet\u0151 \u00fat (Fot\u00f3: Fortepan\/Marics Zolt\u00e1n)\">\n\n\t\t\t\t\t<!-- image -->\n\t\t\t\t\t<div class=\"m-cegCarousel__floatingCnt\">\n\t\t\t\t\t\t<img decoding=\"async\" src=\"https:\/\/www.startlap.hu\/utazas\/uploads\/sites\/3\/2023\/04\/majus-1-1919-Fortepan-Marics-Zoltan-2.jpg\" class=\"m-cegCarousel__image\" alt=\"\" \/>\t\t\t\t\t\t<span class=\"fa m-cegCarousel__zoom _ce_measure_link _ce_measure_widget\" data-ce-measure-widget=\"gallery-zoom-btn\"><\/span>\n\t\t\t\t\t<\/div>\n\n\t\t\t\t\t<!-- thumb icon \/ counter, caption  -->\n\t\t\t\t\t<div class=\"m-cegCarousel__captionCnt m-cegCaption\">\n\t\t\t\t\t\t<span class=\"m-cegCaption__thumbIcon a-cegThumbIcon _ce_measure_widget _ce_measure_link\"\n\t\t\t\t\t\t\t  data-ce-measure-widget=\"thumbnails-btn\"\n\t\t\t\t\t\t\t  data-ce-measure-widget=\"gallery-thumbnails\"><i class=\" fa fa-th-large\"><\/i><\/span>\n\t\t\t\t\t\t<span class=\"m-cegCaption__pagination a-cegPagination\">\n\t\t\t\t\t\t\t<span class=\"a-cegPagination__current\">5<\/span>\/6\t\t\t\t\t\t<\/span>\n\t\t\t\t\t\t<span class=\"m-cegCaption__caption\">majus-1-1919-Fortepan-Marics-Zoltan-2<\/span>\n\t\t\t\t\t<\/div>\n\n\t\t\t\t\t<!-- Image description -->\n\t\t\t\t\t<div class=\"m-cegCarousel__desc a-cegDesc\">1919. m\u00e1jus 1-i dekor\u00e1ci\u00f3ja a Margit h\u00eddr\u00f3l n\u00e9zve. K\u00e9pen a Margit szigetre vezet\u0151 \u00fat (Fot\u00f3: Fortepan\/Marics Zolt\u00e1n)<\/div>\n\n\t\t\t\t\t<!-- Image social share icons -->\n\t\t\t\t\t<div class=\"m-cegCarousel__socialCnt m-cegSocial\">\n\t\t\t\t\t\t<span class=\"m-cegSocial__text\">Fot\u00f3 megoszt\u00e1sa:<\/span><span class=\"m-cegSocial__iconWrap\"><span class=\"m-cegSocial__icon -facebook _ce_measure_link _ce_measure_widget\" data-ce-measure-widget=\"facebookGallery-btn\"><i class=\"fab fa-facebook-f\"><\/i><\/span><span class=\"m-cegSocial__icon -pinterest _ce_measure_link _ce_measure_widget\" data-ce-measure-widget=\"printeresGallery-btn\"><i class=\"fab fa-pinterest-p\"><\/i><\/span><span class=\"m-cegSocial__icon -email _ce_measure_link _ce_measure_widget\" data-ce-measure-widget=\"emailGallery-btn\"><i class=\"far fa-envelope\"><\/i><\/span><span class=\"m-cegSocial__icon -clipboard _ce_measure_link _ce_measure_widget\" data-ce-measure-widget=\"clipboardGallery-btn\"><i class=\"fa fa-link\"><\/i><\/span><\/span>\t\t\t\t\t<\/div>\n\t\t\t\t<\/div>\n\t\t\t\t\t\t\t\n\t\t\t\t<div\n\t\t\t\t\tclass=\"m-cegCarousel__item\"\n\t\t\t\t\tdata-type=\"image\"\n\t\t\t\t\tdata-id=\"2\/6\/majus-1-1919-Fortepan-Marics-Zoltan-3\"\n\t\t\t\t\tdata-image-url=\"https:\/\/www.startlap.hu\/utazas\/uploads\/sites\/3\/2023\/04\/majus-1-1919-Fortepan-Marics-Zoltan-3.jpg\"\n\t\t\t\t\tdata-title=\"majus-1-1919-Fortepan-Marics-Zoltan-3\"\n\t\t\t\t\tdata-desc=\"A Millenniumi eml\u00e9km\u0171 f\u00f6l\u00e9 \u00e9p\u00edtett 1919. m\u00e1jus 1-i v\u00f6r\u00f6s d\u00edszlet. Ez a k\u00e9s\u0151bbi H\u0151s\u00f6k tere (Fot\u00f3: Fortepan\/Marics Zolt\u00e1n)\">\n\n\t\t\t\t\t<!-- image -->\n\t\t\t\t\t<div class=\"m-cegCarousel__floatingCnt\">\n\t\t\t\t\t\t<img decoding=\"async\" src=\"https:\/\/www.startlap.hu\/utazas\/uploads\/sites\/3\/2023\/04\/majus-1-1919-Fortepan-Marics-Zoltan-3.jpg\" class=\"m-cegCarousel__image\" alt=\"\" \/>\t\t\t\t\t\t<span class=\"fa m-cegCarousel__zoom _ce_measure_link _ce_measure_widget\" data-ce-measure-widget=\"gallery-zoom-btn\"><\/span>\n\t\t\t\t\t<\/div>\n\n\t\t\t\t\t<!-- thumb icon \/ counter, caption  -->\n\t\t\t\t\t<div class=\"m-cegCarousel__captionCnt m-cegCaption\">\n\t\t\t\t\t\t<span class=\"m-cegCaption__thumbIcon a-cegThumbIcon _ce_measure_widget _ce_measure_link\"\n\t\t\t\t\t\t\t  data-ce-measure-widget=\"thumbnails-btn\"\n\t\t\t\t\t\t\t  data-ce-measure-widget=\"gallery-thumbnails\"><i class=\" fa fa-th-large\"><\/i><\/span>\n\t\t\t\t\t\t<span class=\"m-cegCaption__pagination a-cegPagination\">\n\t\t\t\t\t\t\t<span class=\"a-cegPagination__current\">6<\/span>\/6\t\t\t\t\t\t<\/span>\n\t\t\t\t\t\t<span class=\"m-cegCaption__caption\">majus-1-1919-Fortepan-Marics-Zoltan-3<\/span>\n\t\t\t\t\t<\/div>\n\n\t\t\t\t\t<!-- Image description -->\n\t\t\t\t\t<div class=\"m-cegCarousel__desc a-cegDesc\">A Millenniumi eml\u00e9km\u0171 f\u00f6l\u00e9 \u00e9p\u00edtett 1919. m\u00e1jus 1-i v\u00f6r\u00f6s d\u00edszlet. Ez a k\u00e9s\u0151bbi H\u0151s\u00f6k tere (Fot\u00f3: Fortepan\/Marics Zolt\u00e1n)<\/div>\n\n\t\t\t\t\t<!-- Image social share icons -->\n\t\t\t\t\t<div class=\"m-cegCarousel__socialCnt m-cegSocial\">\n\t\t\t\t\t\t<span class=\"m-cegSocial__text\">Fot\u00f3 megoszt\u00e1sa:<\/span><span class=\"m-cegSocial__iconWrap\"><span class=\"m-cegSocial__icon -facebook _ce_measure_link _ce_measure_widget\" data-ce-measure-widget=\"facebookGallery-btn\"><i class=\"fab fa-facebook-f\"><\/i><\/span><span class=\"m-cegSocial__icon -pinterest _ce_measure_link _ce_measure_widget\" data-ce-measure-widget=\"printeresGallery-btn\"><i class=\"fab fa-pinterest-p\"><\/i><\/span><span class=\"m-cegSocial__icon -email _ce_measure_link _ce_measure_widget\" data-ce-measure-widget=\"emailGallery-btn\"><i class=\"far fa-envelope\"><\/i><\/span><span class=\"m-cegSocial__icon -clipboard _ce_measure_link _ce_measure_widget\" data-ce-measure-widget=\"clipboardGallery-btn\"><i class=\"fa fa-link\"><\/i><\/span><\/span>\t\t\t\t\t<\/div>\n\t\t\t\t<\/div>\n\t\t\t\t\t\t\t\t<\/div>\n\t\t<div class=\"m-cegLayer__thumbnails m-cegThumbList _ce_measure_widget\" data-ce-measure-widget=\"gallery-thumb-list\">\n\t\t\t\t\t\t\t\t\t\t\t<div class=\"m-cegThumbList__item\"\n\t\t\t\t\tdata-id=\"2\/1\/majus-1-1919-Fortepan-Schoch-Frigyes\"\n\t\t\t\t\tdata-index=\"0\">\n\t\t\t\t\t<img decoding=\"async\" src=\"https:\/\/www.startlap.hu\/utazas\/uploads\/sites\/3\/2023\/04\/majus-1-1919-Fortepan-Schoch-Frigyes.jpg\" class=\"m-cegThumbList__image _ce_measure_link\" alt=\"\" \/>\t\t\t\t<\/div>\n\t\t\t\t\t\t\t\t\t\t\t<div class=\"m-cegThumbList__item\"\n\t\t\t\t\tdata-id=\"2\/2\/majus-1-1919-Fortepan-Pechi-Laszlo\"\n\t\t\t\t\tdata-index=\"1\">\n\t\t\t\t\t<img decoding=\"async\" src=\"https:\/\/www.startlap.hu\/utazas\/uploads\/sites\/3\/2023\/04\/majus-1-1919-Fortepan-Pechi-Laszlo.jpg\" class=\"m-cegThumbList__image _ce_measure_link\" alt=\"1919. m\u00e1jus 1.\" \/>\t\t\t\t<\/div>\n\t\t\t\t\t\t\t\t\t\t\t<div class=\"m-cegThumbList__item\"\n\t\t\t\t\tdata-id=\"2\/3\/majus-1-1919-Fortepan-Marics-Zoltan\"\n\t\t\t\t\tdata-index=\"2\">\n\t\t\t\t\t<img decoding=\"async\" src=\"https:\/\/www.startlap.hu\/utazas\/uploads\/sites\/3\/2023\/04\/majus-1-1919-Fortepan-Marics-Zoltan.jpg\" class=\"m-cegThumbList__image _ce_measure_link\" alt=\"\" \/>\t\t\t\t<\/div>\n\t\t\t\t\t\t\t\t\t\t\t\t\t\t\t<div class=\"m-cegThumbList__item\"\n\t\t\t\t\tdata-id=\"2\/5\/majus-1-1919-Fortepan-Marics-Zoltan-2\"\n\t\t\t\t\tdata-index=\"4\">\n\t\t\t\t\t<img decoding=\"async\" src=\"https:\/\/www.startlap.hu\/utazas\/uploads\/sites\/3\/2023\/04\/majus-1-1919-Fortepan-Marics-Zoltan-2.jpg\" class=\"m-cegThumbList__image _ce_measure_link\" alt=\"\" \/>\t\t\t\t<\/div>\n\t\t\t\t\t\t\t\t\t\t\t<div class=\"m-cegThumbList__item\"\n\t\t\t\t\tdata-id=\"2\/6\/majus-1-1919-Fortepan-Marics-Zoltan-3\"\n\t\t\t\t\tdata-index=\"5\">\n\t\t\t\t\t<img decoding=\"async\" src=\"https:\/\/www.startlap.hu\/utazas\/uploads\/sites\/3\/2023\/04\/majus-1-1919-Fortepan-Marics-Zoltan-3.jpg\" class=\"m-cegThumbList__image _ce_measure_link\" alt=\"\" \/>\t\t\t\t<\/div>\n\t\t\t\t\t<\/div>\n\t<\/div>\n\t<div class=\"m-cegLayer__sidebar m-cegSidebar _ce_measure_widget\" data-ce-measure-widget=\"gallery-sidebar\">\n\n\t\t<div class=\"m-cegSidebar__desc a-cegDesc _ce_measure_widget\" data-ce-measure-widget=\"gallery-desc\"><\/div>\n\n\t\t<div class=\"m-cegSidebar__socialCnt m-cegSocial -sidebar _ce_measure_widget\" data-ce-measure-widget=\"gallery-social\">\n\t\t\t<span class=\"m-cegSocial__text\">Fot\u00f3 megoszt\u00e1sa:<\/span><span class=\"m-cegSocial__iconWrap\"><span class=\"m-cegSocial__icon -facebook _ce_measure_link _ce_measure_widget\" data-ce-measure-widget=\"facebookGallery-btn\"><i class=\"fab fa-facebook-f\"><\/i><\/span><span class=\"m-cegSocial__icon -pinterest _ce_measure_link _ce_measure_widget\" data-ce-measure-widget=\"printeresGallery-btn\"><i class=\"fab fa-pinterest-p\"><\/i><\/span><span class=\"m-cegSocial__icon -email _ce_measure_link _ce_measure_widget\" data-ce-measure-widget=\"emailGallery-btn\"><i class=\"far fa-envelope\"><\/i><\/span><span class=\"m-cegSocial__icon -clipboard _ce_measure_link _ce_measure_widget\" data-ce-measure-widget=\"clipboardGallery-btn\"><i class=\"fa fa-link\"><\/i><\/span><\/span>\t\t<\/div>\n\n\t\t<div class=\"gallery-right010 banner-container\"><\/div>\n\t\t<div class=\"gallery-right020 banner-container\"><\/div>\n\n\t<\/div>\n<\/div>\n\t<\/div>\n\n\t<script>\n\t\tjQuery(function () {\n\t\t\tvar id = '#cegPostCnt_2';\n\t\t\tjQuery( id ).articleGallery({\n\t\t\t\tonChanged: function (event) {\n\t\t\t\t\t\tthis.renderSidebarCTS( 'gallery-right010' );\n\t\t\t\t\t\tthis.renderSidebarCTS( 'gallery-right020' );\n\t\t\t\t\t\tthis.renderBannerSlideCTS(  event,\n\t\t\t\t\t\t\t\t\t\t\t\t\t[\n\t\t\t\t\t\t\t\t\t\t\t\t\t\t'gallery-content010',\n\t\t\t\t\t\t\t\t\t\t\t\t\t\t'gallery-content020',\n\t\t\t\t\t\t\t\t\t\t\t\t\t\t'gallery-content030'\n\t\t\t\t\t\t\t\t\t\t\t\t\t]);\n\t\t\t\t}\n\t\t\t});\n\t\t});\n\t<\/script>\t\n<h2>\u00c1llami \u00fcnnepp\u00e9 v\u00e1lik m\u00e1jus 1.<\/h2>\n<p>1945-ben, a szovjet megsz\u00e1ll\u00e1st k\u00f6vet\u0151en egyre ink\u00e1bb szervezett m\u00f3don, majd a Szovjetuni\u00f3ba val\u00f3 beolvad\u00e1skor m\u00e1r kifejezetten k\u00f6zponti ir\u00e1ny\u00edt\u00e1ssal ker\u00fclt megrendez\u00e9sre a k\u00fcl\u00f6n\u00f6s \u00fcnnepl\u00e9s. Az sem volt ritka, hogy a szovjet orsz\u00e1gokhoz hasonl\u00f3an Magyarorsz\u00e1gon is <strong>sz\u00e1zezrek vonultak fel<\/strong> a kijel\u00f6lt \u00fatvonalon.<\/p>\n<blockquote class=\"article__extraTxt\"><p>Ezt k\u00f6vet\u0151en pedig a k\u00f6zparkokban s\u00f6rrel \u00e9s virslivel \u00fcnnepeltek.<\/p><\/blockquote>\n<p>A felvonul\u00e1s egyik fontos eleme volt &#8211; ahogy azt majd a k\u00e9s\u0151bbiekben is l\u00e1thatjuk &#8211; hogy <strong>a felvonul\u00f3k tal\u00e1lkozhattak a p\u00e1rt vagy az adott telep\u00fcl\u00e9s vezet\u0151ivel<\/strong>.<\/p>\n<p>A felvonul\u00e1sok a k\u00fcl\u00f6nb\u00f6z\u0151 gy\u00e1rak \u00e9s \u00fczemek saj\u00e1t, nagym\u00e9ret\u0171 alkot\u00e1saival vonultak fel. A cip\u0151gy\u00e1rban dolgoz\u00f3k p\u00e9ld\u00e1ul egy hatalmas cip\u0151t gur\u00edtottak v\u00e9gig a felvonul\u00e1s \u00fatvonal\u00e1n, m\u00edg az Inotai H\u0151er\u0151m\u0171 munkat\u00e1rsai hatalmas k\u00e9m\u00e9nyeket vonultattak fel.<\/p>\n<h2>Ilyen volt a munka \u00fcnnepe a magyar nagyv\u00e1rosokban<\/h2>\n<p>Nem csak Budapesten, hanem egyre t\u00f6bb vid\u00e9ki nagyv\u00e1rosban is megjelent a m\u00e1jus 1-i \u00fcnneps\u00e9g. Mivel ez a nap els\u0151sorban a gy\u00e1ri dolgoz\u00f3k \u00fcnnepe volt, olyan helyeken tartottak felvonul\u00e1sokat, ahol m\u0171k\u00f6d\u00f6tt valamilyen nagyobb \u00fczem.<\/p>\n<blockquote class=\"article__extraTxt\"><p>Viszonylag kor\u00e1n, 1947-ben m\u00e1r tartottak felvonul\u00e1st Gy\u0151rben, de nem sokkal k\u00e9s\u0151bb Szegeden, K\u0151szegen, <a href=\"https:\/\/www.startlap.hu\/utazas\/pecs-mecsek-baranya-dzsami-orfu-abaliget-2022\/\" target=\"_blank\" rel=\"noopener noreferrer\">P\u00e9csen<\/a>, J\u00e1szber\u00e9nyben \u00e9s t\u00f6bb v\u00e1rosban is utc\u00e1ra vonultak a munk\u00e1sok.<\/p><\/blockquote>\n<p>Itt is az volt a jellemz\u0151, hogy a k\u00fcl\u00f6nb\u00f6z\u0151 nagy\u00fczemek saj\u00e1t install\u00e1ci\u00f3val vonultak fel az utc\u00e1kon, melynek<strong> mindk\u00e9t oldala megtelt b\u00e1m\u00e9szkod\u00f3kkal<\/strong>. T\u00f6bb helyen l\u00e1that\u00f3 a budapesti rendezv\u00e9nyhez hasonl\u00f3an egy fel\u00e1ll\u00edtott trib\u00fcn, melyeken a helyi vezet\u0151k foglaltak helyet \u00e9s mondtak besz\u00e9det az \u00f6sszegy\u0171lt t\u00f6megnek.<\/p>\n<p>Mutatunk n\u00e9h\u00e1ny k\u00e9pet arr\u00f3l is, hogyan zajlottak le Budapesten k\u00edv\u00fcl a felvonul\u00e1sok \u00e9s az \u00fcnneps\u00e9gek a rendszerv\u00e1lt\u00e1sig bez\u00e1r\u00f3lag.<\/p>\n\n\t<div id=\"cegPostCnt_3\" class=\"o-cegPostCnt -inContent\" data-title=\"Retr\u00f3 fot\u00f3kon: \u00edgy \u00fcnnepelt\u00e9k nagysz\u00fcleink m\u00e1jus 1-j\u00e9t \u2013 s\u00f6r, virsli, z\u00e1szl\u00f3k \u00e9s felvonul\u00e1sok\">\n\t\t<a class=\"o-cegPostCnt__opener m-cegOpener _ce_measure_widget _ce_measure_link\" data-ce-measure-widget=\"gallery-open\"\n   href=\"?gallery=3\/1\/Szeged-1953-Horv\u00e1th-J\u00f3zsef-2\">\n\t<img decoding=\"async\" src=\"https:\/\/www.startlap.hu\/utazas\/uploads\/sites\/3\/2023\/04\/Szeged-1953-Horv\u00e1th-J\u00f3zsef-2.jpg\" class=\"m-cegOpener__image\" alt=\"\" sizes=\"(max-width: 991px) 100vw, (max-width: 1039px) 66vw, 684px\" srcset=\"https:\/\/www.startlap.hu\/utazas\/uploads\/sites\/3\/2023\/04\/Szeged-1953-Horv\u00e1th-J\u00f3zsef-2.jpg 1200w, https:\/\/www.startlap.hu\/utazas\/uploads\/sites\/3\/2023\/04\/Szeged-1953-Horv\u00e1th-J\u00f3zsef-2-755x504.jpg 755w, https:\/\/www.startlap.hu\/utazas\/uploads\/sites\/3\/2023\/04\/Szeged-1953-Horv\u00e1th-J\u00f3zsef-2-524x350.jpg 524w\" \/>\t<div class=\"m-cegOpener__btn\"><i class=\"far fa-clone\"><\/i><\/div>\n<\/a>\n<div class=\"o-cegPostCnt__layer m-cegLayer _ce_measure_widget\" data-ce-measure-widget=\"gallery-layer\" style=\"display: none\">\n\t<div class=\"m-cegLayer__top m-cegHeader _ce_measure_widget\" data-ce-measure-widget=\"gallery-header\">\n\t\t\t\t\t<span class=\"m-cegHeader__logo\"><span class=\"a-cegLogo\"><\/span><\/span>\n\t\t\t\t<div class=\"m-cegHeader__imgCnt\">\n\t\t\t<img decoding=\"async\" src=\"https:\/\/www.startlap.hu\/utazas\/uploads\/sites\/3\/2023\/04\/Szeged-1953-Horv\u00e1th-J\u00f3zsef-2.jpg\" class=\"m-cegHeader__imgOpener\" alt=\"\" \/>\t\t<\/div>\n\t\t<h2 class=\"m-cegHeader__title a-cegGalleryTitle\"><i class=\"fa fa-angle-left\"><\/i>Retr\u00f3 fot\u00f3kon: \u00edgy \u00fcnnepelt\u00e9k nagysz\u00fcleink m\u00e1jus 1-j\u00e9t \u2013 s\u00f6r, virsli, z\u00e1szl\u00f3k \u00e9s felvonul\u00e1sok<\/h2>\n\t\t<div class=\"m-cegHeader__pagination a-cegPagination\"><\/div>\n\t\t<div class=\"m-cegHeader__closeBtn close-button nlc-icon-close _ce_measure_link _ce_measure_widget\" data-ce-measure-widget=\"gallery-close-btn\"><i class=\"fa fa-times\" aria-hidden=\"true\"><\/i><\/div>\n\t<\/div>\n\t<div class=\"m-cegLayer__screen\">\n\t\t<div class=\"m-cegLayer__carousel m-cegCarousel\">\n\t\t\t\t\t\t\t\n\t\t\t\t<div\n\t\t\t\t\tclass=\"m-cegCarousel__item\"\n\t\t\t\t\tdata-type=\"image\"\n\t\t\t\t\tdata-id=\"3\/1\/Szeged-1953-Horv\u00e1th-J\u00f3zsef-2\"\n\t\t\t\t\tdata-image-url=\"https:\/\/www.startlap.hu\/utazas\/uploads\/sites\/3\/2023\/04\/Szeged-1953-Horv\u00e1th-J\u00f3zsef-2.jpg\"\n\t\t\t\t\tdata-title=\"Szeged-1953-Horv\u00e1th J\u00f3zsef-2\"\n\t\t\t\t\tdata-desc=\"Felvonul\u00e1s 1953-ban, Szegeden\n(Fot\u00f3: Fortepan\/Horv\u00e1th J\u00f3zsef)\">\n\n\t\t\t\t\t<!-- image -->\n\t\t\t\t\t<div class=\"m-cegCarousel__floatingCnt\">\n\t\t\t\t\t\t<img decoding=\"async\" src=\"https:\/\/www.startlap.hu\/utazas\/uploads\/sites\/3\/2023\/04\/Szeged-1953-Horv\u00e1th-J\u00f3zsef-2.jpg\" class=\"m-cegCarousel__image\" alt=\"\" \/>\t\t\t\t\t\t<span class=\"fa m-cegCarousel__zoom _ce_measure_link _ce_measure_widget\" data-ce-measure-widget=\"gallery-zoom-btn\"><\/span>\n\t\t\t\t\t<\/div>\n\n\t\t\t\t\t<!-- thumb icon \/ counter, caption  -->\n\t\t\t\t\t<div class=\"m-cegCarousel__captionCnt m-cegCaption\">\n\t\t\t\t\t\t<span class=\"m-cegCaption__thumbIcon a-cegThumbIcon _ce_measure_widget _ce_measure_link\"\n\t\t\t\t\t\t\t  data-ce-measure-widget=\"thumbnails-btn\"\n\t\t\t\t\t\t\t  data-ce-measure-widget=\"gallery-thumbnails\"><i class=\" fa fa-th-large\"><\/i><\/span>\n\t\t\t\t\t\t<span class=\"m-cegCaption__pagination a-cegPagination\">\n\t\t\t\t\t\t\t<span class=\"a-cegPagination__current\">1<\/span>\/17\t\t\t\t\t\t<\/span>\n\t\t\t\t\t\t<span class=\"m-cegCaption__caption\">Szeged-1953-Horv\u00e1th J\u00f3zsef-2<\/span>\n\t\t\t\t\t<\/div>\n\n\t\t\t\t\t<!-- Image description -->\n\t\t\t\t\t<div class=\"m-cegCarousel__desc a-cegDesc\">Felvonul\u00e1s 1953-ban, Szegeden\n(Fot\u00f3: Fortepan\/Horv\u00e1th J\u00f3zsef)<\/div>\n\n\t\t\t\t\t<!-- Image social share icons -->\n\t\t\t\t\t<div class=\"m-cegCarousel__socialCnt m-cegSocial\">\n\t\t\t\t\t\t<span class=\"m-cegSocial__text\">Fot\u00f3 megoszt\u00e1sa:<\/span><span class=\"m-cegSocial__iconWrap\"><span class=\"m-cegSocial__icon -facebook _ce_measure_link _ce_measure_widget\" data-ce-measure-widget=\"facebookGallery-btn\"><i class=\"fab fa-facebook-f\"><\/i><\/span><span class=\"m-cegSocial__icon -pinterest _ce_measure_link _ce_measure_widget\" data-ce-measure-widget=\"printeresGallery-btn\"><i class=\"fab fa-pinterest-p\"><\/i><\/span><span class=\"m-cegSocial__icon -email _ce_measure_link _ce_measure_widget\" data-ce-measure-widget=\"emailGallery-btn\"><i class=\"far fa-envelope\"><\/i><\/span><span class=\"m-cegSocial__icon -clipboard _ce_measure_link _ce_measure_widget\" data-ce-measure-widget=\"clipboardGallery-btn\"><i class=\"fa fa-link\"><\/i><\/span><\/span>\t\t\t\t\t<\/div>\n\t\t\t\t<\/div>\n\t\t\t\t\t\t\t\n\t\t\t\t<div\n\t\t\t\t\tclass=\"m-cegCarousel__item\"\n\t\t\t\t\tdata-type=\"image\"\n\t\t\t\t\tdata-id=\"3\/2\/Szeged-1953-Horv\u00e1th-J\u00f3zsef\"\n\t\t\t\t\tdata-image-url=\"https:\/\/www.startlap.hu\/utazas\/uploads\/sites\/3\/2023\/04\/Szeged-1953-Horv\u00e1th-J\u00f3zsef.jpg\"\n\t\t\t\t\tdata-title=\"Szeged-1953-Horv\u00e1th J\u00f3zsef\"\n\t\t\t\t\tdata-desc=\"1953, Szeged\n(Fot\u00f3: Fortepan\/Horv\u00e1th J\u00f3zsef)\">\n\n\t\t\t\t\t<!-- image -->\n\t\t\t\t\t<div class=\"m-cegCarousel__floatingCnt\">\n\t\t\t\t\t\t<img decoding=\"async\" src=\"https:\/\/www.startlap.hu\/utazas\/uploads\/sites\/3\/2023\/04\/Szeged-1953-Horv\u00e1th-J\u00f3zsef.jpg\" class=\"m-cegCarousel__image\" alt=\"\" \/>\t\t\t\t\t\t<span class=\"fa m-cegCarousel__zoom _ce_measure_link _ce_measure_widget\" data-ce-measure-widget=\"gallery-zoom-btn\"><\/span>\n\t\t\t\t\t<\/div>\n\n\t\t\t\t\t<!-- thumb icon \/ counter, caption  -->\n\t\t\t\t\t<div class=\"m-cegCarousel__captionCnt m-cegCaption\">\n\t\t\t\t\t\t<span class=\"m-cegCaption__thumbIcon a-cegThumbIcon _ce_measure_widget _ce_measure_link\"\n\t\t\t\t\t\t\t  data-ce-measure-widget=\"thumbnails-btn\"\n\t\t\t\t\t\t\t  data-ce-measure-widget=\"gallery-thumbnails\"><i class=\" fa fa-th-large\"><\/i><\/span>\n\t\t\t\t\t\t<span class=\"m-cegCaption__pagination a-cegPagination\">\n\t\t\t\t\t\t\t<span class=\"a-cegPagination__current\">2<\/span>\/17\t\t\t\t\t\t<\/span>\n\t\t\t\t\t\t<span class=\"m-cegCaption__caption\">Szeged-1953-Horv\u00e1th J\u00f3zsef<\/span>\n\t\t\t\t\t<\/div>\n\n\t\t\t\t\t<!-- Image description -->\n\t\t\t\t\t<div class=\"m-cegCarousel__desc a-cegDesc\">1953, Szeged\n(Fot\u00f3: Fortepan\/Horv\u00e1th J\u00f3zsef)<\/div>\n\n\t\t\t\t\t<!-- Image social share icons -->\n\t\t\t\t\t<div class=\"m-cegCarousel__socialCnt m-cegSocial\">\n\t\t\t\t\t\t<span class=\"m-cegSocial__text\">Fot\u00f3 megoszt\u00e1sa:<\/span><span class=\"m-cegSocial__iconWrap\"><span class=\"m-cegSocial__icon -facebook _ce_measure_link _ce_measure_widget\" data-ce-measure-widget=\"facebookGallery-btn\"><i class=\"fab fa-facebook-f\"><\/i><\/span><span class=\"m-cegSocial__icon -pinterest _ce_measure_link _ce_measure_widget\" data-ce-measure-widget=\"printeresGallery-btn\"><i class=\"fab fa-pinterest-p\"><\/i><\/span><span class=\"m-cegSocial__icon -email _ce_measure_link _ce_measure_widget\" data-ce-measure-widget=\"emailGallery-btn\"><i class=\"far fa-envelope\"><\/i><\/span><span class=\"m-cegSocial__icon -clipboard _ce_measure_link _ce_measure_widget\" data-ce-measure-widget=\"clipboardGallery-btn\"><i class=\"fa fa-link\"><\/i><\/span><\/span>\t\t\t\t\t<\/div>\n\t\t\t\t<\/div>\n\t\t\t\t\t\t\t\n\t\t\t\t<div\n\t\t\t\t\tclass=\"m-cegCarousel__item\"\n\t\t\t\t\tdata-type=\"image\"\n\t\t\t\t\tdata-id=\"3\/3\/Gyor-1947-Konok-Tam\u00e1s-id\"\n\t\t\t\t\tdata-image-url=\"https:\/\/www.startlap.hu\/utazas\/uploads\/sites\/3\/2023\/04\/Gyor-1947-Konok-Tam\u00e1s-id.jpg\"\n\t\t\t\t\tdata-title=\"Gyor-1947-Konok Tam\u00e1s id\"\n\t\t\t\t\tdata-desc=\"\u00cdgy vonultak fel 1947 m\u00e1jus 1-\u00e9n Gy\u0151rban (Fot\u00f3: Fortepan\/Konok Tam\u00e1s id)\">\n\n\t\t\t\t\t<!-- image -->\n\t\t\t\t\t<div class=\"m-cegCarousel__floatingCnt\">\n\t\t\t\t\t\t<img decoding=\"async\" src=\"https:\/\/www.startlap.hu\/utazas\/uploads\/sites\/3\/2023\/04\/Gyor-1947-Konok-Tam\u00e1s-id.jpg\" class=\"m-cegCarousel__image\" alt=\"\" \/>\t\t\t\t\t\t<span class=\"fa m-cegCarousel__zoom _ce_measure_link _ce_measure_widget\" data-ce-measure-widget=\"gallery-zoom-btn\"><\/span>\n\t\t\t\t\t<\/div>\n\n\t\t\t\t\t<!-- thumb icon \/ counter, caption  -->\n\t\t\t\t\t<div class=\"m-cegCarousel__captionCnt m-cegCaption\">\n\t\t\t\t\t\t<span class=\"m-cegCaption__thumbIcon a-cegThumbIcon _ce_measure_widget _ce_measure_link\"\n\t\t\t\t\t\t\t  data-ce-measure-widget=\"thumbnails-btn\"\n\t\t\t\t\t\t\t  data-ce-measure-widget=\"gallery-thumbnails\"><i class=\" fa fa-th-large\"><\/i><\/span>\n\t\t\t\t\t\t<span class=\"m-cegCaption__pagination a-cegPagination\">\n\t\t\t\t\t\t\t<span class=\"a-cegPagination__current\">3<\/span>\/17\t\t\t\t\t\t<\/span>\n\t\t\t\t\t\t<span class=\"m-cegCaption__caption\">Gyor-1947-Konok Tam\u00e1s id<\/span>\n\t\t\t\t\t<\/div>\n\n\t\t\t\t\t<!-- Image description -->\n\t\t\t\t\t<div class=\"m-cegCarousel__desc a-cegDesc\">\u00cdgy vonultak fel 1947 m\u00e1jus 1-\u00e9n Gy\u0151rban (Fot\u00f3: Fortepan\/Konok Tam\u00e1s id)<\/div>\n\n\t\t\t\t\t<!-- Image social share icons -->\n\t\t\t\t\t<div class=\"m-cegCarousel__socialCnt m-cegSocial\">\n\t\t\t\t\t\t<span class=\"m-cegSocial__text\">Fot\u00f3 megoszt\u00e1sa:<\/span><span class=\"m-cegSocial__iconWrap\"><span class=\"m-cegSocial__icon -facebook _ce_measure_link _ce_measure_widget\" data-ce-measure-widget=\"facebookGallery-btn\"><i class=\"fab fa-facebook-f\"><\/i><\/span><span class=\"m-cegSocial__icon -pinterest _ce_measure_link _ce_measure_widget\" data-ce-measure-widget=\"printeresGallery-btn\"><i class=\"fab fa-pinterest-p\"><\/i><\/span><span class=\"m-cegSocial__icon -email _ce_measure_link _ce_measure_widget\" data-ce-measure-widget=\"emailGallery-btn\"><i class=\"far fa-envelope\"><\/i><\/span><span class=\"m-cegSocial__icon -clipboard _ce_measure_link _ce_measure_widget\" data-ce-measure-widget=\"clipboardGallery-btn\"><i class=\"fa fa-link\"><\/i><\/span><\/span>\t\t\t\t\t<\/div>\n\t\t\t\t<\/div>\n\t\t\t\t\t\t\t\t\t\t\t\t<div\n\t\t\t\t\t\tclass=\"m-cegCarousel__item -banner\"\n\t\t\t\t\t\tdata-type=\"banner\"\n\t\t\t\t\t\tdata-id=\"3\/4\/banner\"\n\t\t\t\t\t\tdata-image-url=\"\"\n\t\t\t\t\t\tdata-title=\"\"\n\t\t\t\t\t\tdata-desc=\"\">\n\n\t\t\t\t\t\t<div class=\"m-cegCarousel__floatingCnt banner-container gallery-content010\"><\/div>\n\n\t\t\t\t\t<\/div>\n\t\t\t\t\t\t\t\t\t\n\t\t\t\t<div\n\t\t\t\t\tclass=\"m-cegCarousel__item\"\n\t\t\t\t\tdata-type=\"image\"\n\t\t\t\t\tdata-id=\"3\/5\/1969-esztergom-Alm\u00e1ssy-L\u00e1szl\u00f3\"\n\t\t\t\t\tdata-image-url=\"https:\/\/www.startlap.hu\/utazas\/uploads\/sites\/3\/2023\/04\/1969-esztergom-Alm\u00e1ssy-L\u00e1szl\u00f3.jpg\"\n\t\t\t\t\tdata-title=\"1969-esztergom-Alm\u00e1ssy L\u00e1szl\u00f3\"\n\t\t\t\t\tdata-desc=\"Felvonul\u00f3k az Esztergomi Bazilika el\u0151tt (Fot\u00f3: Alm\u00e1ssy L\u00e1szl\u00f3)\">\n\n\t\t\t\t\t<!-- image -->\n\t\t\t\t\t<div class=\"m-cegCarousel__floatingCnt\">\n\t\t\t\t\t\t<img decoding=\"async\" src=\"https:\/\/www.startlap.hu\/utazas\/uploads\/sites\/3\/2023\/04\/1969-esztergom-Alm\u00e1ssy-L\u00e1szl\u00f3.jpg\" class=\"m-cegCarousel__image\" alt=\"\" \/>\t\t\t\t\t\t<span class=\"fa m-cegCarousel__zoom _ce_measure_link _ce_measure_widget\" data-ce-measure-widget=\"gallery-zoom-btn\"><\/span>\n\t\t\t\t\t<\/div>\n\n\t\t\t\t\t<!-- thumb icon \/ counter, caption  -->\n\t\t\t\t\t<div class=\"m-cegCarousel__captionCnt m-cegCaption\">\n\t\t\t\t\t\t<span class=\"m-cegCaption__thumbIcon a-cegThumbIcon _ce_measure_widget _ce_measure_link\"\n\t\t\t\t\t\t\t  data-ce-measure-widget=\"thumbnails-btn\"\n\t\t\t\t\t\t\t  data-ce-measure-widget=\"gallery-thumbnails\"><i class=\" fa fa-th-large\"><\/i><\/span>\n\t\t\t\t\t\t<span class=\"m-cegCaption__pagination a-cegPagination\">\n\t\t\t\t\t\t\t<span class=\"a-cegPagination__current\">5<\/span>\/17\t\t\t\t\t\t<\/span>\n\t\t\t\t\t\t<span class=\"m-cegCaption__caption\">1969-esztergom-Alm\u00e1ssy L\u00e1szl\u00f3<\/span>\n\t\t\t\t\t<\/div>\n\n\t\t\t\t\t<!-- Image description -->\n\t\t\t\t\t<div class=\"m-cegCarousel__desc a-cegDesc\">Felvonul\u00f3k az Esztergomi Bazilika el\u0151tt (Fot\u00f3: Alm\u00e1ssy L\u00e1szl\u00f3)<\/div>\n\n\t\t\t\t\t<!-- Image social share icons -->\n\t\t\t\t\t<div class=\"m-cegCarousel__socialCnt m-cegSocial\">\n\t\t\t\t\t\t<span class=\"m-cegSocial__text\">Fot\u00f3 megoszt\u00e1sa:<\/span><span class=\"m-cegSocial__iconWrap\"><span class=\"m-cegSocial__icon -facebook _ce_measure_link _ce_measure_widget\" data-ce-measure-widget=\"facebookGallery-btn\"><i class=\"fab fa-facebook-f\"><\/i><\/span><span class=\"m-cegSocial__icon -pinterest _ce_measure_link _ce_measure_widget\" data-ce-measure-widget=\"printeresGallery-btn\"><i class=\"fab fa-pinterest-p\"><\/i><\/span><span class=\"m-cegSocial__icon -email _ce_measure_link _ce_measure_widget\" data-ce-measure-widget=\"emailGallery-btn\"><i class=\"far fa-envelope\"><\/i><\/span><span class=\"m-cegSocial__icon -clipboard _ce_measure_link _ce_measure_widget\" data-ce-measure-widget=\"clipboardGallery-btn\"><i class=\"fa fa-link\"><\/i><\/span><\/span>\t\t\t\t\t<\/div>\n\t\t\t\t<\/div>\n\t\t\t\t\t\t\t\n\t\t\t\t<div\n\t\t\t\t\tclass=\"m-cegCarousel__item\"\n\t\t\t\t\tdata-type=\"image\"\n\t\t\t\t\tdata-id=\"3\/6\/1974-esztergom-Alm\u00e1ssy-L\u00e1szl\u00f3\"\n\t\t\t\t\tdata-image-url=\"https:\/\/www.startlap.hu\/utazas\/uploads\/sites\/3\/2023\/04\/1974-esztergom-Alm\u00e1ssy-L\u00e1szl\u00f3.jpg\"\n\t\t\t\t\tdata-title=\"1974-esztergom-Alm\u00e1ssy L\u00e1szl\u00f3\"\n\t\t\t\t\tdata-desc=\"Felvonul\u00f3k Esztergom utc\u00e1in 1974 m\u00e1jus 1-\u00e9n  (Fot\u00f3: Alm\u00e1ssy L\u00e1szl\u00f3)\">\n\n\t\t\t\t\t<!-- image -->\n\t\t\t\t\t<div class=\"m-cegCarousel__floatingCnt\">\n\t\t\t\t\t\t<img decoding=\"async\" src=\"https:\/\/www.startlap.hu\/utazas\/uploads\/sites\/3\/2023\/04\/1974-esztergom-Alm\u00e1ssy-L\u00e1szl\u00f3.jpg\" class=\"m-cegCarousel__image\" alt=\"\" \/>\t\t\t\t\t\t<span class=\"fa m-cegCarousel__zoom _ce_measure_link _ce_measure_widget\" data-ce-measure-widget=\"gallery-zoom-btn\"><\/span>\n\t\t\t\t\t<\/div>\n\n\t\t\t\t\t<!-- thumb icon \/ counter, caption  -->\n\t\t\t\t\t<div class=\"m-cegCarousel__captionCnt m-cegCaption\">\n\t\t\t\t\t\t<span class=\"m-cegCaption__thumbIcon a-cegThumbIcon _ce_measure_widget _ce_measure_link\"\n\t\t\t\t\t\t\t  data-ce-measure-widget=\"thumbnails-btn\"\n\t\t\t\t\t\t\t  data-ce-measure-widget=\"gallery-thumbnails\"><i class=\" fa fa-th-large\"><\/i><\/span>\n\t\t\t\t\t\t<span class=\"m-cegCaption__pagination a-cegPagination\">\n\t\t\t\t\t\t\t<span class=\"a-cegPagination__current\">6<\/span>\/17\t\t\t\t\t\t<\/span>\n\t\t\t\t\t\t<span class=\"m-cegCaption__caption\">1974-esztergom-Alm\u00e1ssy L\u00e1szl\u00f3<\/span>\n\t\t\t\t\t<\/div>\n\n\t\t\t\t\t<!-- Image description -->\n\t\t\t\t\t<div class=\"m-cegCarousel__desc a-cegDesc\">Felvonul\u00f3k Esztergom utc\u00e1in 1974 m\u00e1jus 1-\u00e9n  (Fot\u00f3: Alm\u00e1ssy L\u00e1szl\u00f3)<\/div>\n\n\t\t\t\t\t<!-- Image social share icons -->\n\t\t\t\t\t<div class=\"m-cegCarousel__socialCnt m-cegSocial\">\n\t\t\t\t\t\t<span class=\"m-cegSocial__text\">Fot\u00f3 megoszt\u00e1sa:<\/span><span class=\"m-cegSocial__iconWrap\"><span class=\"m-cegSocial__icon -facebook _ce_measure_link _ce_measure_widget\" data-ce-measure-widget=\"facebookGallery-btn\"><i class=\"fab fa-facebook-f\"><\/i><\/span><span class=\"m-cegSocial__icon -pinterest _ce_measure_link _ce_measure_widget\" data-ce-measure-widget=\"printeresGallery-btn\"><i class=\"fab fa-pinterest-p\"><\/i><\/span><span class=\"m-cegSocial__icon -email _ce_measure_link _ce_measure_widget\" data-ce-measure-widget=\"emailGallery-btn\"><i class=\"far fa-envelope\"><\/i><\/span><span class=\"m-cegSocial__icon -clipboard _ce_measure_link _ce_measure_widget\" data-ce-measure-widget=\"clipboardGallery-btn\"><i class=\"fa fa-link\"><\/i><\/span><\/span>\t\t\t\t\t<\/div>\n\t\t\t\t<\/div>\n\t\t\t\t\t\t\t\n\t\t\t\t<div\n\t\t\t\t\tclass=\"m-cegCarousel__item\"\n\t\t\t\t\tdata-type=\"image\"\n\t\t\t\t\tdata-id=\"3\/7\/1968-Cegled-Urb\u00e1n-Tam\u00e1s\"\n\t\t\t\t\tdata-image-url=\"https:\/\/www.startlap.hu\/utazas\/uploads\/sites\/3\/2023\/04\/1968-Cegled-Urb\u00e1n-Tam\u00e1s.jpg\"\n\t\t\t\t\tdata-title=\"1968-Cegled-Urb\u00e1n Tam\u00e1s\"\n\t\t\t\t\tdata-desc=\"1968. m\u00e1jus 1-e Cegl\u00e9den (Fot\u00f3: Fortepan\/Urb\u00e1n Tam\u00e1s)\">\n\n\t\t\t\t\t<!-- image -->\n\t\t\t\t\t<div class=\"m-cegCarousel__floatingCnt\">\n\t\t\t\t\t\t<img decoding=\"async\" src=\"https:\/\/www.startlap.hu\/utazas\/uploads\/sites\/3\/2023\/04\/1968-Cegled-Urb\u00e1n-Tam\u00e1s.jpg\" class=\"m-cegCarousel__image\" alt=\"\" \/>\t\t\t\t\t\t<span class=\"fa m-cegCarousel__zoom _ce_measure_link _ce_measure_widget\" data-ce-measure-widget=\"gallery-zoom-btn\"><\/span>\n\t\t\t\t\t<\/div>\n\n\t\t\t\t\t<!-- thumb icon \/ counter, caption  -->\n\t\t\t\t\t<div class=\"m-cegCarousel__captionCnt m-cegCaption\">\n\t\t\t\t\t\t<span class=\"m-cegCaption__thumbIcon a-cegThumbIcon _ce_measure_widget _ce_measure_link\"\n\t\t\t\t\t\t\t  data-ce-measure-widget=\"thumbnails-btn\"\n\t\t\t\t\t\t\t  data-ce-measure-widget=\"gallery-thumbnails\"><i class=\" fa fa-th-large\"><\/i><\/span>\n\t\t\t\t\t\t<span class=\"m-cegCaption__pagination a-cegPagination\">\n\t\t\t\t\t\t\t<span class=\"a-cegPagination__current\">7<\/span>\/17\t\t\t\t\t\t<\/span>\n\t\t\t\t\t\t<span class=\"m-cegCaption__caption\">1968-Cegled-Urb\u00e1n Tam\u00e1s<\/span>\n\t\t\t\t\t<\/div>\n\n\t\t\t\t\t<!-- Image description -->\n\t\t\t\t\t<div class=\"m-cegCarousel__desc a-cegDesc\">1968. m\u00e1jus 1-e Cegl\u00e9den (Fot\u00f3: Fortepan\/Urb\u00e1n Tam\u00e1s)<\/div>\n\n\t\t\t\t\t<!-- Image social share icons -->\n\t\t\t\t\t<div class=\"m-cegCarousel__socialCnt m-cegSocial\">\n\t\t\t\t\t\t<span class=\"m-cegSocial__text\">Fot\u00f3 megoszt\u00e1sa:<\/span><span class=\"m-cegSocial__iconWrap\"><span class=\"m-cegSocial__icon -facebook _ce_measure_link _ce_measure_widget\" data-ce-measure-widget=\"facebookGallery-btn\"><i class=\"fab fa-facebook-f\"><\/i><\/span><span class=\"m-cegSocial__icon -pinterest _ce_measure_link _ce_measure_widget\" data-ce-measure-widget=\"printeresGallery-btn\"><i class=\"fab fa-pinterest-p\"><\/i><\/span><span class=\"m-cegSocial__icon -email _ce_measure_link _ce_measure_widget\" data-ce-measure-widget=\"emailGallery-btn\"><i class=\"far fa-envelope\"><\/i><\/span><span class=\"m-cegSocial__icon -clipboard _ce_measure_link _ce_measure_widget\" data-ce-measure-widget=\"clipboardGallery-btn\"><i class=\"fa fa-link\"><\/i><\/span><\/span>\t\t\t\t\t<\/div>\n\t\t\t\t<\/div>\n\t\t\t\t\t\t\t\t\t\t\t\t<div\n\t\t\t\t\t\tclass=\"m-cegCarousel__item -banner\"\n\t\t\t\t\t\tdata-type=\"banner\"\n\t\t\t\t\t\tdata-id=\"3\/8\/banner\"\n\t\t\t\t\t\tdata-image-url=\"\"\n\t\t\t\t\t\tdata-title=\"\"\n\t\t\t\t\t\tdata-desc=\"\">\n\n\t\t\t\t\t\t<div class=\"m-cegCarousel__floatingCnt banner-container gallery-content020\"><\/div>\n\n\t\t\t\t\t<\/div>\n\t\t\t\t\t\t\t\t\t\n\t\t\t\t<div\n\t\t\t\t\tclass=\"m-cegCarousel__item\"\n\t\t\t\t\tdata-type=\"image\"\n\t\t\t\t\tdata-id=\"3\/9\/Momor-1968-P\u00e9terffy-Istv\u00e1n-2\"\n\t\t\t\t\tdata-image-url=\"https:\/\/www.startlap.hu\/utazas\/uploads\/sites\/3\/2023\/04\/Momor-1968-P\u00e9terffy-Istv\u00e1n-2.jpg\"\n\t\t\t\t\tdata-title=\"Momor-1968-P\u00e9terffy Istv\u00e1n-2\"\n\t\t\t\t\tdata-desc=\"Felvonul\u00e1s Monoron 1968-ban (Fot\u00f3: Fortepan\/P\u00e9terffy Istv\u00e1n)\">\n\n\t\t\t\t\t<!-- image -->\n\t\t\t\t\t<div class=\"m-cegCarousel__floatingCnt\">\n\t\t\t\t\t\t<img decoding=\"async\" src=\"https:\/\/www.startlap.hu\/utazas\/uploads\/sites\/3\/2023\/04\/Momor-1968-P\u00e9terffy-Istv\u00e1n-2.jpg\" class=\"m-cegCarousel__image\" alt=\"\" \/>\t\t\t\t\t\t<span class=\"fa m-cegCarousel__zoom _ce_measure_link _ce_measure_widget\" data-ce-measure-widget=\"gallery-zoom-btn\"><\/span>\n\t\t\t\t\t<\/div>\n\n\t\t\t\t\t<!-- thumb icon \/ counter, caption  -->\n\t\t\t\t\t<div class=\"m-cegCarousel__captionCnt m-cegCaption\">\n\t\t\t\t\t\t<span class=\"m-cegCaption__thumbIcon a-cegThumbIcon _ce_measure_widget _ce_measure_link\"\n\t\t\t\t\t\t\t  data-ce-measure-widget=\"thumbnails-btn\"\n\t\t\t\t\t\t\t  data-ce-measure-widget=\"gallery-thumbnails\"><i class=\" fa fa-th-large\"><\/i><\/span>\n\t\t\t\t\t\t<span class=\"m-cegCaption__pagination a-cegPagination\">\n\t\t\t\t\t\t\t<span class=\"a-cegPagination__current\">9<\/span>\/17\t\t\t\t\t\t<\/span>\n\t\t\t\t\t\t<span class=\"m-cegCaption__caption\">Momor-1968-P\u00e9terffy Istv\u00e1n-2<\/span>\n\t\t\t\t\t<\/div>\n\n\t\t\t\t\t<!-- Image description -->\n\t\t\t\t\t<div class=\"m-cegCarousel__desc a-cegDesc\">Felvonul\u00e1s Monoron 1968-ban (Fot\u00f3: Fortepan\/P\u00e9terffy Istv\u00e1n)<\/div>\n\n\t\t\t\t\t<!-- Image social share icons -->\n\t\t\t\t\t<div class=\"m-cegCarousel__socialCnt m-cegSocial\">\n\t\t\t\t\t\t<span class=\"m-cegSocial__text\">Fot\u00f3 megoszt\u00e1sa:<\/span><span class=\"m-cegSocial__iconWrap\"><span class=\"m-cegSocial__icon -facebook _ce_measure_link _ce_measure_widget\" data-ce-measure-widget=\"facebookGallery-btn\"><i class=\"fab fa-facebook-f\"><\/i><\/span><span class=\"m-cegSocial__icon -pinterest _ce_measure_link _ce_measure_widget\" data-ce-measure-widget=\"printeresGallery-btn\"><i class=\"fab fa-pinterest-p\"><\/i><\/span><span class=\"m-cegSocial__icon -email _ce_measure_link _ce_measure_widget\" data-ce-measure-widget=\"emailGallery-btn\"><i class=\"far fa-envelope\"><\/i><\/span><span class=\"m-cegSocial__icon -clipboard _ce_measure_link _ce_measure_widget\" data-ce-measure-widget=\"clipboardGallery-btn\"><i class=\"fa fa-link\"><\/i><\/span><\/span>\t\t\t\t\t<\/div>\n\t\t\t\t<\/div>\n\t\t\t\t\t\t\t\n\t\t\t\t<div\n\t\t\t\t\tclass=\"m-cegCarousel__item\"\n\t\t\t\t\tdata-type=\"image\"\n\t\t\t\t\tdata-id=\"3\/10\/Momor-1968-P\u00e9terffy-Istv\u00e1n\"\n\t\t\t\t\tdata-image-url=\"https:\/\/www.startlap.hu\/utazas\/uploads\/sites\/3\/2023\/04\/Momor-1968-P\u00e9terffy-Istv\u00e1n.jpg\"\n\t\t\t\t\tdata-title=\"Momor-1968-P\u00e9terffy Istv\u00e1n\"\n\t\t\t\t\tdata-desc=\"Besz\u00e9dek Monoron m\u00e1jus 1-e alkalm\u00e1val (Fot\u00f3: Fortepan\/-P\u00e9terffy Istv\u00e1n)\">\n\n\t\t\t\t\t<!-- image -->\n\t\t\t\t\t<div class=\"m-cegCarousel__floatingCnt\">\n\t\t\t\t\t\t<img decoding=\"async\" src=\"https:\/\/www.startlap.hu\/utazas\/uploads\/sites\/3\/2023\/04\/Momor-1968-P\u00e9terffy-Istv\u00e1n.jpg\" class=\"m-cegCarousel__image\" alt=\"\" \/>\t\t\t\t\t\t<span class=\"fa m-cegCarousel__zoom _ce_measure_link _ce_measure_widget\" data-ce-measure-widget=\"gallery-zoom-btn\"><\/span>\n\t\t\t\t\t<\/div>\n\n\t\t\t\t\t<!-- thumb icon \/ counter, caption  -->\n\t\t\t\t\t<div class=\"m-cegCarousel__captionCnt m-cegCaption\">\n\t\t\t\t\t\t<span class=\"m-cegCaption__thumbIcon a-cegThumbIcon _ce_measure_widget _ce_measure_link\"\n\t\t\t\t\t\t\t  data-ce-measure-widget=\"thumbnails-btn\"\n\t\t\t\t\t\t\t  data-ce-measure-widget=\"gallery-thumbnails\"><i class=\" fa fa-th-large\"><\/i><\/span>\n\t\t\t\t\t\t<span class=\"m-cegCaption__pagination a-cegPagination\">\n\t\t\t\t\t\t\t<span class=\"a-cegPagination__current\">10<\/span>\/17\t\t\t\t\t\t<\/span>\n\t\t\t\t\t\t<span class=\"m-cegCaption__caption\">Momor-1968-P\u00e9terffy Istv\u00e1n<\/span>\n\t\t\t\t\t<\/div>\n\n\t\t\t\t\t<!-- Image description -->\n\t\t\t\t\t<div class=\"m-cegCarousel__desc a-cegDesc\">Besz\u00e9dek Monoron m\u00e1jus 1-e alkalm\u00e1val (Fot\u00f3: Fortepan\/-P\u00e9terffy Istv\u00e1n)<\/div>\n\n\t\t\t\t\t<!-- Image social share icons -->\n\t\t\t\t\t<div class=\"m-cegCarousel__socialCnt m-cegSocial\">\n\t\t\t\t\t\t<span class=\"m-cegSocial__text\">Fot\u00f3 megoszt\u00e1sa:<\/span><span class=\"m-cegSocial__iconWrap\"><span class=\"m-cegSocial__icon -facebook _ce_measure_link _ce_measure_widget\" data-ce-measure-widget=\"facebookGallery-btn\"><i class=\"fab fa-facebook-f\"><\/i><\/span><span class=\"m-cegSocial__icon -pinterest _ce_measure_link _ce_measure_widget\" data-ce-measure-widget=\"printeresGallery-btn\"><i class=\"fab fa-pinterest-p\"><\/i><\/span><span class=\"m-cegSocial__icon -email _ce_measure_link _ce_measure_widget\" data-ce-measure-widget=\"emailGallery-btn\"><i class=\"far fa-envelope\"><\/i><\/span><span class=\"m-cegSocial__icon -clipboard _ce_measure_link _ce_measure_widget\" data-ce-measure-widget=\"clipboardGallery-btn\"><i class=\"fa fa-link\"><\/i><\/span><\/span>\t\t\t\t\t<\/div>\n\t\t\t\t<\/div>\n\t\t\t\t\t\t\t\n\t\t\t\t<div\n\t\t\t\t\tclass=\"m-cegCarousel__item\"\n\t\t\t\t\tdata-type=\"image\"\n\t\t\t\t\tdata-id=\"3\/11\/Pecs-1967-Pluh\u00e1r-G\u00e1bor\"\n\t\t\t\t\tdata-image-url=\"https:\/\/www.startlap.hu\/utazas\/uploads\/sites\/3\/2023\/04\/Pecs-1967-Pluh\u00e1r-G\u00e1bor.jpg\"\n\t\t\t\t\tdata-title=\"Pecs-1967-Pluh\u00e1r G\u00e1bor\"\n\t\t\t\t\tdata-desc=\"Felvonul\u00f3k \u00e9rkeznek P\u00e9csen a Sz\u00e9chenyi t\u00e9rre 1967-ben (Fot\u00f3: Fortepan\/Pluh\u00e1r G\u00e1bor)\">\n\n\t\t\t\t\t<!-- image -->\n\t\t\t\t\t<div class=\"m-cegCarousel__floatingCnt\">\n\t\t\t\t\t\t<img decoding=\"async\" src=\"https:\/\/www.startlap.hu\/utazas\/uploads\/sites\/3\/2023\/04\/Pecs-1967-Pluh\u00e1r-G\u00e1bor.jpg\" class=\"m-cegCarousel__image\" alt=\"\" \/>\t\t\t\t\t\t<span class=\"fa m-cegCarousel__zoom _ce_measure_link _ce_measure_widget\" data-ce-measure-widget=\"gallery-zoom-btn\"><\/span>\n\t\t\t\t\t<\/div>\n\n\t\t\t\t\t<!-- thumb icon \/ counter, caption  -->\n\t\t\t\t\t<div class=\"m-cegCarousel__captionCnt m-cegCaption\">\n\t\t\t\t\t\t<span class=\"m-cegCaption__thumbIcon a-cegThumbIcon _ce_measure_widget _ce_measure_link\"\n\t\t\t\t\t\t\t  data-ce-measure-widget=\"thumbnails-btn\"\n\t\t\t\t\t\t\t  data-ce-measure-widget=\"gallery-thumbnails\"><i class=\" fa fa-th-large\"><\/i><\/span>\n\t\t\t\t\t\t<span class=\"m-cegCaption__pagination a-cegPagination\">\n\t\t\t\t\t\t\t<span class=\"a-cegPagination__current\">11<\/span>\/17\t\t\t\t\t\t<\/span>\n\t\t\t\t\t\t<span class=\"m-cegCaption__caption\">Pecs-1967-Pluh\u00e1r G\u00e1bor<\/span>\n\t\t\t\t\t<\/div>\n\n\t\t\t\t\t<!-- Image description -->\n\t\t\t\t\t<div class=\"m-cegCarousel__desc a-cegDesc\">Felvonul\u00f3k \u00e9rkeznek P\u00e9csen a Sz\u00e9chenyi t\u00e9rre 1967-ben (Fot\u00f3: Fortepan\/Pluh\u00e1r G\u00e1bor)<\/div>\n\n\t\t\t\t\t<!-- Image social share icons -->\n\t\t\t\t\t<div class=\"m-cegCarousel__socialCnt m-cegSocial\">\n\t\t\t\t\t\t<span class=\"m-cegSocial__text\">Fot\u00f3 megoszt\u00e1sa:<\/span><span class=\"m-cegSocial__iconWrap\"><span class=\"m-cegSocial__icon -facebook _ce_measure_link _ce_measure_widget\" data-ce-measure-widget=\"facebookGallery-btn\"><i class=\"fab fa-facebook-f\"><\/i><\/span><span class=\"m-cegSocial__icon -pinterest _ce_measure_link _ce_measure_widget\" data-ce-measure-widget=\"printeresGallery-btn\"><i class=\"fab fa-pinterest-p\"><\/i><\/span><span class=\"m-cegSocial__icon -email _ce_measure_link _ce_measure_widget\" data-ce-measure-widget=\"emailGallery-btn\"><i class=\"far fa-envelope\"><\/i><\/span><span class=\"m-cegSocial__icon -clipboard _ce_measure_link _ce_measure_widget\" data-ce-measure-widget=\"clipboardGallery-btn\"><i class=\"fa fa-link\"><\/i><\/span><\/span>\t\t\t\t\t<\/div>\n\t\t\t\t<\/div>\n\t\t\t\t\t\t\t\t\t\t\t\t<div\n\t\t\t\t\t\tclass=\"m-cegCarousel__item -banner\"\n\t\t\t\t\t\tdata-type=\"banner\"\n\t\t\t\t\t\tdata-id=\"3\/12\/banner\"\n\t\t\t\t\t\tdata-image-url=\"\"\n\t\t\t\t\t\tdata-title=\"\"\n\t\t\t\t\t\tdata-desc=\"\">\n\n\t\t\t\t\t\t<div class=\"m-cegCarousel__floatingCnt banner-container gallery-content030\"><\/div>\n\n\t\t\t\t\t<\/div>\n\t\t\t\t\t\t\t\t\t\n\t\t\t\t<div\n\t\t\t\t\tclass=\"m-cegCarousel__item\"\n\t\t\t\t\tdata-type=\"image\"\n\t\t\t\t\tdata-id=\"3\/13\/1960-Jaszbereny-Morvay-Kinga-2\"\n\t\t\t\t\tdata-image-url=\"https:\/\/www.startlap.hu\/utazas\/uploads\/sites\/3\/2023\/04\/1960-Jaszbereny-Morvay-Kinga-2.jpg\"\n\t\t\t\t\tdata-title=\"1960-Jaszbereny-Morvay Kinga-2\"\n\t\t\t\t\tdata-desc=\"Felvonul\u00f3k J\u00e1szber\u00e9nyben, 1960-ban (Fot\u00f3: Fortepan\/Morvay Kinga)\">\n\n\t\t\t\t\t<!-- image -->\n\t\t\t\t\t<div class=\"m-cegCarousel__floatingCnt\">\n\t\t\t\t\t\t<img decoding=\"async\" src=\"https:\/\/www.startlap.hu\/utazas\/uploads\/sites\/3\/2023\/04\/1960-Jaszbereny-Morvay-Kinga-2.jpg\" class=\"m-cegCarousel__image\" alt=\"\" \/>\t\t\t\t\t\t<span class=\"fa m-cegCarousel__zoom _ce_measure_link _ce_measure_widget\" data-ce-measure-widget=\"gallery-zoom-btn\"><\/span>\n\t\t\t\t\t<\/div>\n\n\t\t\t\t\t<!-- thumb icon \/ counter, caption  -->\n\t\t\t\t\t<div class=\"m-cegCarousel__captionCnt m-cegCaption\">\n\t\t\t\t\t\t<span class=\"m-cegCaption__thumbIcon a-cegThumbIcon _ce_measure_widget _ce_measure_link\"\n\t\t\t\t\t\t\t  data-ce-measure-widget=\"thumbnails-btn\"\n\t\t\t\t\t\t\t  data-ce-measure-widget=\"gallery-thumbnails\"><i class=\" fa fa-th-large\"><\/i><\/span>\n\t\t\t\t\t\t<span class=\"m-cegCaption__pagination a-cegPagination\">\n\t\t\t\t\t\t\t<span class=\"a-cegPagination__current\">13<\/span>\/17\t\t\t\t\t\t<\/span>\n\t\t\t\t\t\t<span class=\"m-cegCaption__caption\">1960-Jaszbereny-Morvay Kinga-2<\/span>\n\t\t\t\t\t<\/div>\n\n\t\t\t\t\t<!-- Image description -->\n\t\t\t\t\t<div class=\"m-cegCarousel__desc a-cegDesc\">Felvonul\u00f3k J\u00e1szber\u00e9nyben, 1960-ban (Fot\u00f3: Fortepan\/Morvay Kinga)<\/div>\n\n\t\t\t\t\t<!-- Image social share icons -->\n\t\t\t\t\t<div class=\"m-cegCarousel__socialCnt m-cegSocial\">\n\t\t\t\t\t\t<span class=\"m-cegSocial__text\">Fot\u00f3 megoszt\u00e1sa:<\/span><span class=\"m-cegSocial__iconWrap\"><span class=\"m-cegSocial__icon -facebook _ce_measure_link _ce_measure_widget\" data-ce-measure-widget=\"facebookGallery-btn\"><i class=\"fab fa-facebook-f\"><\/i><\/span><span class=\"m-cegSocial__icon -pinterest _ce_measure_link _ce_measure_widget\" data-ce-measure-widget=\"printeresGallery-btn\"><i class=\"fab fa-pinterest-p\"><\/i><\/span><span class=\"m-cegSocial__icon -email _ce_measure_link _ce_measure_widget\" data-ce-measure-widget=\"emailGallery-btn\"><i class=\"far fa-envelope\"><\/i><\/span><span class=\"m-cegSocial__icon -clipboard _ce_measure_link _ce_measure_widget\" data-ce-measure-widget=\"clipboardGallery-btn\"><i class=\"fa fa-link\"><\/i><\/span><\/span>\t\t\t\t\t<\/div>\n\t\t\t\t<\/div>\n\t\t\t\t\t\t\t\n\t\t\t\t<div\n\t\t\t\t\tclass=\"m-cegCarousel__item\"\n\t\t\t\t\tdata-type=\"image\"\n\t\t\t\t\tdata-id=\"3\/14\/1960-Jaszbereny-Morvay-Kinga\"\n\t\t\t\t\tdata-image-url=\"https:\/\/www.startlap.hu\/utazas\/uploads\/sites\/3\/2023\/04\/1960-Jaszbereny-Morvay-Kinga.jpg\"\n\t\t\t\t\tdata-title=\"1960-Jaszbereny-Morvay Kinga\"\n\t\t\t\t\tdata-desc=\"Felvonul\u00f3k J\u00e1szber\u00e9nyben, 1960-ban (Fot\u00f3: Fortepan\/Morvay Kinga)\">\n\n\t\t\t\t\t<!-- image -->\n\t\t\t\t\t<div class=\"m-cegCarousel__floatingCnt\">\n\t\t\t\t\t\t<img decoding=\"async\" src=\"https:\/\/www.startlap.hu\/utazas\/uploads\/sites\/3\/2023\/04\/1960-Jaszbereny-Morvay-Kinga.jpg\" class=\"m-cegCarousel__image\" alt=\"\" \/>\t\t\t\t\t\t<span class=\"fa m-cegCarousel__zoom _ce_measure_link _ce_measure_widget\" data-ce-measure-widget=\"gallery-zoom-btn\"><\/span>\n\t\t\t\t\t<\/div>\n\n\t\t\t\t\t<!-- thumb icon \/ counter, caption  -->\n\t\t\t\t\t<div class=\"m-cegCarousel__captionCnt m-cegCaption\">\n\t\t\t\t\t\t<span class=\"m-cegCaption__thumbIcon a-cegThumbIcon _ce_measure_widget _ce_measure_link\"\n\t\t\t\t\t\t\t  data-ce-measure-widget=\"thumbnails-btn\"\n\t\t\t\t\t\t\t  data-ce-measure-widget=\"gallery-thumbnails\"><i class=\" fa fa-th-large\"><\/i><\/span>\n\t\t\t\t\t\t<span class=\"m-cegCaption__pagination a-cegPagination\">\n\t\t\t\t\t\t\t<span class=\"a-cegPagination__current\">14<\/span>\/17\t\t\t\t\t\t<\/span>\n\t\t\t\t\t\t<span class=\"m-cegCaption__caption\">1960-Jaszbereny-Morvay Kinga<\/span>\n\t\t\t\t\t<\/div>\n\n\t\t\t\t\t<!-- Image description -->\n\t\t\t\t\t<div class=\"m-cegCarousel__desc a-cegDesc\">Felvonul\u00f3k J\u00e1szber\u00e9nyben, 1960-ban (Fot\u00f3: Fortepan\/Morvay Kinga)<\/div>\n\n\t\t\t\t\t<!-- Image social share icons -->\n\t\t\t\t\t<div class=\"m-cegCarousel__socialCnt m-cegSocial\">\n\t\t\t\t\t\t<span class=\"m-cegSocial__text\">Fot\u00f3 megoszt\u00e1sa:<\/span><span class=\"m-cegSocial__iconWrap\"><span class=\"m-cegSocial__icon -facebook _ce_measure_link _ce_measure_widget\" data-ce-measure-widget=\"facebookGallery-btn\"><i class=\"fab fa-facebook-f\"><\/i><\/span><span class=\"m-cegSocial__icon -pinterest _ce_measure_link _ce_measure_widget\" data-ce-measure-widget=\"printeresGallery-btn\"><i class=\"fab fa-pinterest-p\"><\/i><\/span><span class=\"m-cegSocial__icon -email _ce_measure_link _ce_measure_widget\" data-ce-measure-widget=\"emailGallery-btn\"><i class=\"far fa-envelope\"><\/i><\/span><span class=\"m-cegSocial__icon -clipboard _ce_measure_link _ce_measure_widget\" data-ce-measure-widget=\"clipboardGallery-btn\"><i class=\"fa fa-link\"><\/i><\/span><\/span>\t\t\t\t\t<\/div>\n\t\t\t\t<\/div>\n\t\t\t\t\t\t\t\n\t\t\t\t<div\n\t\t\t\t\tclass=\"m-cegCarousel__item\"\n\t\t\t\t\tdata-type=\"image\"\n\t\t\t\t\tdata-id=\"3\/15\/Koszeg-1959-Bar\u00e1th-Endre-2\"\n\t\t\t\t\tdata-image-url=\"https:\/\/www.startlap.hu\/utazas\/uploads\/sites\/3\/2023\/04\/Koszeg-1959-Bar\u00e1th-Endre-2.jpg\"\n\t\t\t\t\tdata-title=\"Koszeg-1959-Bar\u00e1th Endre-2\"\n\t\t\t\t\tdata-desc=\"Felvonul\u00e1s K\u0151szegen - kifesz\u00edtve az \u00e9gbolt fel\u00e9 egy hatalmas v\u00f6r\u00f6s csillag 1959-ben (Fot\u00f3: Fortepan\/Bar\u00e1th Endre)\">\n\n\t\t\t\t\t<!-- image -->\n\t\t\t\t\t<div class=\"m-cegCarousel__floatingCnt\">\n\t\t\t\t\t\t<img decoding=\"async\" src=\"https:\/\/www.startlap.hu\/utazas\/uploads\/sites\/3\/2023\/04\/Koszeg-1959-Bar\u00e1th-Endre-2.jpg\" class=\"m-cegCarousel__image\" alt=\"\" \/>\t\t\t\t\t\t<span class=\"fa m-cegCarousel__zoom _ce_measure_link _ce_measure_widget\" data-ce-measure-widget=\"gallery-zoom-btn\"><\/span>\n\t\t\t\t\t<\/div>\n\n\t\t\t\t\t<!-- thumb icon \/ counter, caption  -->\n\t\t\t\t\t<div class=\"m-cegCarousel__captionCnt m-cegCaption\">\n\t\t\t\t\t\t<span class=\"m-cegCaption__thumbIcon a-cegThumbIcon _ce_measure_widget _ce_measure_link\"\n\t\t\t\t\t\t\t  data-ce-measure-widget=\"thumbnails-btn\"\n\t\t\t\t\t\t\t  data-ce-measure-widget=\"gallery-thumbnails\"><i class=\" fa fa-th-large\"><\/i><\/span>\n\t\t\t\t\t\t<span class=\"m-cegCaption__pagination a-cegPagination\">\n\t\t\t\t\t\t\t<span class=\"a-cegPagination__current\">15<\/span>\/17\t\t\t\t\t\t<\/span>\n\t\t\t\t\t\t<span class=\"m-cegCaption__caption\">Koszeg-1959-Bar\u00e1th Endre-2<\/span>\n\t\t\t\t\t<\/div>\n\n\t\t\t\t\t<!-- Image description -->\n\t\t\t\t\t<div class=\"m-cegCarousel__desc a-cegDesc\">Felvonul\u00e1s K\u0151szegen - kifesz\u00edtve az \u00e9gbolt fel\u00e9 egy hatalmas v\u00f6r\u00f6s csillag 1959-ben (Fot\u00f3: Fortepan\/Bar\u00e1th Endre)<\/div>\n\n\t\t\t\t\t<!-- Image social share icons -->\n\t\t\t\t\t<div class=\"m-cegCarousel__socialCnt m-cegSocial\">\n\t\t\t\t\t\t<span class=\"m-cegSocial__text\">Fot\u00f3 megoszt\u00e1sa:<\/span><span class=\"m-cegSocial__iconWrap\"><span class=\"m-cegSocial__icon -facebook _ce_measure_link _ce_measure_widget\" data-ce-measure-widget=\"facebookGallery-btn\"><i class=\"fab fa-facebook-f\"><\/i><\/span><span class=\"m-cegSocial__icon -pinterest _ce_measure_link _ce_measure_widget\" data-ce-measure-widget=\"printeresGallery-btn\"><i class=\"fab fa-pinterest-p\"><\/i><\/span><span class=\"m-cegSocial__icon -email _ce_measure_link _ce_measure_widget\" data-ce-measure-widget=\"emailGallery-btn\"><i class=\"far fa-envelope\"><\/i><\/span><span class=\"m-cegSocial__icon -clipboard _ce_measure_link _ce_measure_widget\" data-ce-measure-widget=\"clipboardGallery-btn\"><i class=\"fa fa-link\"><\/i><\/span><\/span>\t\t\t\t\t<\/div>\n\t\t\t\t<\/div>\n\t\t\t\t\t\t\t\t\t\t\t\t<div\n\t\t\t\t\t\tclass=\"m-cegCarousel__item -banner\"\n\t\t\t\t\t\tdata-type=\"banner\"\n\t\t\t\t\t\tdata-id=\"3\/16\/banner\"\n\t\t\t\t\t\tdata-image-url=\"\"\n\t\t\t\t\t\tdata-title=\"\"\n\t\t\t\t\t\tdata-desc=\"\">\n\n\t\t\t\t\t\t<div class=\"m-cegCarousel__floatingCnt banner-container gallery-content010\"><\/div>\n\n\t\t\t\t\t<\/div>\n\t\t\t\t\t\t\t\t\t\n\t\t\t\t<div\n\t\t\t\t\tclass=\"m-cegCarousel__item\"\n\t\t\t\t\tdata-type=\"image\"\n\t\t\t\t\tdata-id=\"3\/17\/1977-eger-Urb\u00e1n-Tam\u00e1s\"\n\t\t\t\t\tdata-image-url=\"https:\/\/www.startlap.hu\/utazas\/uploads\/sites\/3\/2023\/04\/1977-eger-Urb\u00e1n-Tam\u00e1s.jpg\"\n\t\t\t\t\tdata-title=\"1977-eger-Urb\u00e1n Tam\u00e1s\"\n\t\t\t\t\tdata-desc=\"Felvonul\u00f3k Egerben, 1977-ben\n(Fot\u00f3: Fortepan\/Urb\u00e1n Tam\u00e1s)\">\n\n\t\t\t\t\t<!-- image -->\n\t\t\t\t\t<div class=\"m-cegCarousel__floatingCnt\">\n\t\t\t\t\t\t<img decoding=\"async\" src=\"https:\/\/www.startlap.hu\/utazas\/uploads\/sites\/3\/2023\/04\/1977-eger-Urb\u00e1n-Tam\u00e1s.jpg\" class=\"m-cegCarousel__image\" alt=\"\" \/>\t\t\t\t\t\t<span class=\"fa m-cegCarousel__zoom _ce_measure_link _ce_measure_widget\" data-ce-measure-widget=\"gallery-zoom-btn\"><\/span>\n\t\t\t\t\t<\/div>\n\n\t\t\t\t\t<!-- thumb icon \/ counter, caption  -->\n\t\t\t\t\t<div class=\"m-cegCarousel__captionCnt m-cegCaption\">\n\t\t\t\t\t\t<span class=\"m-cegCaption__thumbIcon a-cegThumbIcon _ce_measure_widget _ce_measure_link\"\n\t\t\t\t\t\t\t  data-ce-measure-widget=\"thumbnails-btn\"\n\t\t\t\t\t\t\t  data-ce-measure-widget=\"gallery-thumbnails\"><i class=\" fa fa-th-large\"><\/i><\/span>\n\t\t\t\t\t\t<span class=\"m-cegCaption__pagination a-cegPagination\">\n\t\t\t\t\t\t\t<span class=\"a-cegPagination__current\">17<\/span>\/17\t\t\t\t\t\t<\/span>\n\t\t\t\t\t\t<span class=\"m-cegCaption__caption\">1977-eger-Urb\u00e1n Tam\u00e1s<\/span>\n\t\t\t\t\t<\/div>\n\n\t\t\t\t\t<!-- Image description -->\n\t\t\t\t\t<div class=\"m-cegCarousel__desc a-cegDesc\">Felvonul\u00f3k Egerben, 1977-ben\n(Fot\u00f3: Fortepan\/Urb\u00e1n Tam\u00e1s)<\/div>\n\n\t\t\t\t\t<!-- Image social share icons -->\n\t\t\t\t\t<div class=\"m-cegCarousel__socialCnt m-cegSocial\">\n\t\t\t\t\t\t<span class=\"m-cegSocial__text\">Fot\u00f3 megoszt\u00e1sa:<\/span><span class=\"m-cegSocial__iconWrap\"><span class=\"m-cegSocial__icon -facebook _ce_measure_link _ce_measure_widget\" data-ce-measure-widget=\"facebookGallery-btn\"><i class=\"fab fa-facebook-f\"><\/i><\/span><span class=\"m-cegSocial__icon -pinterest _ce_measure_link _ce_measure_widget\" data-ce-measure-widget=\"printeresGallery-btn\"><i class=\"fab fa-pinterest-p\"><\/i><\/span><span class=\"m-cegSocial__icon -email _ce_measure_link _ce_measure_widget\" data-ce-measure-widget=\"emailGallery-btn\"><i class=\"far fa-envelope\"><\/i><\/span><span class=\"m-cegSocial__icon -clipboard _ce_measure_link _ce_measure_widget\" data-ce-measure-widget=\"clipboardGallery-btn\"><i class=\"fa fa-link\"><\/i><\/span><\/span>\t\t\t\t\t<\/div>\n\t\t\t\t<\/div>\n\t\t\t\t\t\t\t\t<\/div>\n\t\t<div class=\"m-cegLayer__thumbnails m-cegThumbList _ce_measure_widget\" data-ce-measure-widget=\"gallery-thumb-list\">\n\t\t\t\t\t\t\t\t\t\t\t<div class=\"m-cegThumbList__item\"\n\t\t\t\t\tdata-id=\"3\/1\/Szeged-1953-Horv\u00e1th-J\u00f3zsef-2\"\n\t\t\t\t\tdata-index=\"0\">\n\t\t\t\t\t<img decoding=\"async\" src=\"https:\/\/www.startlap.hu\/utazas\/uploads\/sites\/3\/2023\/04\/Szeged-1953-Horv\u00e1th-J\u00f3zsef-2.jpg\" class=\"m-cegThumbList__image _ce_measure_link\" alt=\"\" \/>\t\t\t\t<\/div>\n\t\t\t\t\t\t\t\t\t\t\t<div class=\"m-cegThumbList__item\"\n\t\t\t\t\tdata-id=\"3\/2\/Szeged-1953-Horv\u00e1th-J\u00f3zsef\"\n\t\t\t\t\tdata-index=\"1\">\n\t\t\t\t\t<img decoding=\"async\" src=\"https:\/\/www.startlap.hu\/utazas\/uploads\/sites\/3\/2023\/04\/Szeged-1953-Horv\u00e1th-J\u00f3zsef.jpg\" class=\"m-cegThumbList__image _ce_measure_link\" alt=\"\" \/>\t\t\t\t<\/div>\n\t\t\t\t\t\t\t\t\t\t\t<div class=\"m-cegThumbList__item\"\n\t\t\t\t\tdata-id=\"3\/3\/Gyor-1947-Konok-Tam\u00e1s-id\"\n\t\t\t\t\tdata-index=\"2\">\n\t\t\t\t\t<img decoding=\"async\" src=\"https:\/\/www.startlap.hu\/utazas\/uploads\/sites\/3\/2023\/04\/Gyor-1947-Konok-Tam\u00e1s-id.jpg\" class=\"m-cegThumbList__image _ce_measure_link\" alt=\"\" \/>\t\t\t\t<\/div>\n\t\t\t\t\t\t\t\t\t\t\t\t\t\t\t<div class=\"m-cegThumbList__item\"\n\t\t\t\t\tdata-id=\"3\/5\/1969-esztergom-Alm\u00e1ssy-L\u00e1szl\u00f3\"\n\t\t\t\t\tdata-index=\"4\">\n\t\t\t\t\t<img decoding=\"async\" src=\"https:\/\/www.startlap.hu\/utazas\/uploads\/sites\/3\/2023\/04\/1969-esztergom-Alm\u00e1ssy-L\u00e1szl\u00f3.jpg\" class=\"m-cegThumbList__image _ce_measure_link\" alt=\"\" \/>\t\t\t\t<\/div>\n\t\t\t\t\t\t\t\t\t\t\t<div class=\"m-cegThumbList__item\"\n\t\t\t\t\tdata-id=\"3\/6\/1974-esztergom-Alm\u00e1ssy-L\u00e1szl\u00f3\"\n\t\t\t\t\tdata-index=\"5\">\n\t\t\t\t\t<img decoding=\"async\" src=\"https:\/\/www.startlap.hu\/utazas\/uploads\/sites\/3\/2023\/04\/1974-esztergom-Alm\u00e1ssy-L\u00e1szl\u00f3.jpg\" class=\"m-cegThumbList__image _ce_measure_link\" alt=\"\" \/>\t\t\t\t<\/div>\n\t\t\t\t\t\t\t\t\t\t\t<div class=\"m-cegThumbList__item\"\n\t\t\t\t\tdata-id=\"3\/7\/1968-Cegled-Urb\u00e1n-Tam\u00e1s\"\n\t\t\t\t\tdata-index=\"6\">\n\t\t\t\t\t<img decoding=\"async\" src=\"https:\/\/www.startlap.hu\/utazas\/uploads\/sites\/3\/2023\/04\/1968-Cegled-Urb\u00e1n-Tam\u00e1s.jpg\" class=\"m-cegThumbList__image _ce_measure_link\" alt=\"\" \/>\t\t\t\t<\/div>\n\t\t\t\t\t\t\t\t\t\t\t\t\t\t\t<div class=\"m-cegThumbList__item\"\n\t\t\t\t\tdata-id=\"3\/9\/Momor-1968-P\u00e9terffy-Istv\u00e1n-2\"\n\t\t\t\t\tdata-index=\"8\">\n\t\t\t\t\t<img decoding=\"async\" src=\"https:\/\/www.startlap.hu\/utazas\/uploads\/sites\/3\/2023\/04\/Momor-1968-P\u00e9terffy-Istv\u00e1n-2.jpg\" class=\"m-cegThumbList__image _ce_measure_link\" alt=\"\" \/>\t\t\t\t<\/div>\n\t\t\t\t\t\t\t\t\t\t\t<div class=\"m-cegThumbList__item\"\n\t\t\t\t\tdata-id=\"3\/10\/Momor-1968-P\u00e9terffy-Istv\u00e1n\"\n\t\t\t\t\tdata-index=\"9\">\n\t\t\t\t\t<img decoding=\"async\" src=\"https:\/\/www.startlap.hu\/utazas\/uploads\/sites\/3\/2023\/04\/Momor-1968-P\u00e9terffy-Istv\u00e1n.jpg\" class=\"m-cegThumbList__image _ce_measure_link\" alt=\"\" \/>\t\t\t\t<\/div>\n\t\t\t\t\t\t\t\t\t\t\t<div class=\"m-cegThumbList__item\"\n\t\t\t\t\tdata-id=\"3\/11\/Pecs-1967-Pluh\u00e1r-G\u00e1bor\"\n\t\t\t\t\tdata-index=\"10\">\n\t\t\t\t\t<img decoding=\"async\" src=\"https:\/\/www.startlap.hu\/utazas\/uploads\/sites\/3\/2023\/04\/Pecs-1967-Pluh\u00e1r-G\u00e1bor.jpg\" class=\"m-cegThumbList__image _ce_measure_link\" alt=\"\" \/>\t\t\t\t<\/div>\n\t\t\t\t\t\t\t\t\t\t\t\t\t\t\t<div class=\"m-cegThumbList__item\"\n\t\t\t\t\tdata-id=\"3\/13\/1960-Jaszbereny-Morvay-Kinga-2\"\n\t\t\t\t\tdata-index=\"12\">\n\t\t\t\t\t<img decoding=\"async\" src=\"https:\/\/www.startlap.hu\/utazas\/uploads\/sites\/3\/2023\/04\/1960-Jaszbereny-Morvay-Kinga-2.jpg\" class=\"m-cegThumbList__image _ce_measure_link\" alt=\"\" \/>\t\t\t\t<\/div>\n\t\t\t\t\t\t\t\t\t\t\t<div class=\"m-cegThumbList__item\"\n\t\t\t\t\tdata-id=\"3\/14\/1960-Jaszbereny-Morvay-Kinga\"\n\t\t\t\t\tdata-index=\"13\">\n\t\t\t\t\t<img decoding=\"async\" src=\"https:\/\/www.startlap.hu\/utazas\/uploads\/sites\/3\/2023\/04\/1960-Jaszbereny-Morvay-Kinga.jpg\" class=\"m-cegThumbList__image _ce_measure_link\" alt=\"\" \/>\t\t\t\t<\/div>\n\t\t\t\t\t\t\t\t\t\t\t<div class=\"m-cegThumbList__item\"\n\t\t\t\t\tdata-id=\"3\/15\/Koszeg-1959-Bar\u00e1th-Endre-2\"\n\t\t\t\t\tdata-index=\"14\">\n\t\t\t\t\t<img decoding=\"async\" src=\"https:\/\/www.startlap.hu\/utazas\/uploads\/sites\/3\/2023\/04\/Koszeg-1959-Bar\u00e1th-Endre-2.jpg\" class=\"m-cegThumbList__image _ce_measure_link\" alt=\"\" \/>\t\t\t\t<\/div>\n\t\t\t\t\t\t\t\t\t\t\t\t\t\t\t<div class=\"m-cegThumbList__item\"\n\t\t\t\t\tdata-id=\"3\/17\/1977-eger-Urb\u00e1n-Tam\u00e1s\"\n\t\t\t\t\tdata-index=\"16\">\n\t\t\t\t\t<img decoding=\"async\" src=\"https:\/\/www.startlap.hu\/utazas\/uploads\/sites\/3\/2023\/04\/1977-eger-Urb\u00e1n-Tam\u00e1s.jpg\" class=\"m-cegThumbList__image _ce_measure_link\" alt=\"\" \/>\t\t\t\t<\/div>\n\t\t\t\t\t<\/div>\n\t<\/div>\n\t<div class=\"m-cegLayer__sidebar m-cegSidebar _ce_measure_widget\" data-ce-measure-widget=\"gallery-sidebar\">\n\n\t\t<div class=\"m-cegSidebar__desc a-cegDesc _ce_measure_widget\" data-ce-measure-widget=\"gallery-desc\"><\/div>\n\n\t\t<div class=\"m-cegSidebar__socialCnt m-cegSocial -sidebar _ce_measure_widget\" data-ce-measure-widget=\"gallery-social\">\n\t\t\t<span class=\"m-cegSocial__text\">Fot\u00f3 megoszt\u00e1sa:<\/span><span class=\"m-cegSocial__iconWrap\"><span class=\"m-cegSocial__icon -facebook _ce_measure_link _ce_measure_widget\" data-ce-measure-widget=\"facebookGallery-btn\"><i class=\"fab fa-facebook-f\"><\/i><\/span><span class=\"m-cegSocial__icon -pinterest _ce_measure_link _ce_measure_widget\" data-ce-measure-widget=\"printeresGallery-btn\"><i class=\"fab fa-pinterest-p\"><\/i><\/span><span class=\"m-cegSocial__icon -email _ce_measure_link _ce_measure_widget\" data-ce-measure-widget=\"emailGallery-btn\"><i class=\"far fa-envelope\"><\/i><\/span><span class=\"m-cegSocial__icon -clipboard _ce_measure_link _ce_measure_widget\" data-ce-measure-widget=\"clipboardGallery-btn\"><i class=\"fa fa-link\"><\/i><\/span><\/span>\t\t<\/div>\n\n\t\t<div class=\"gallery-right010 banner-container\"><\/div>\n\t\t<div class=\"gallery-right020 banner-container\"><\/div>\n\n\t<\/div>\n<\/div>\n\t<\/div>\n\n\t<script>\n\t\tjQuery(function () {\n\t\t\tvar id = '#cegPostCnt_3';\n\t\t\tjQuery( id ).articleGallery({\n\t\t\t\tonChanged: function (event) {\n\t\t\t\t\t\tthis.renderSidebarCTS( 'gallery-right010' );\n\t\t\t\t\t\tthis.renderSidebarCTS( 'gallery-right020' );\n\t\t\t\t\t\tthis.renderBannerSlideCTS(  event,\n\t\t\t\t\t\t\t\t\t\t\t\t\t[\n\t\t\t\t\t\t\t\t\t\t\t\t\t\t'gallery-content010',\n\t\t\t\t\t\t\t\t\t\t\t\t\t\t'gallery-content020',\n\t\t\t\t\t\t\t\t\t\t\t\t\t\t'gallery-content030'\n\t\t\t\t\t\t\t\t\t\t\t\t\t]);\n\t\t\t\t}\n\t\t\t});\n\t\t});\n\t<\/script>\t\n<h2>A s\u00f6r \u00e9s virsli szinte k\u00f6telez\u0151 volt<\/h2>\n<p>A felvonul\u00e1sra val\u00f3sz\u00edn\u0171 sokan nem mentek volna el, ha annak v\u00e9g\u00e9n nem lett volna <strong>ingyen virsli \u00e9s s\u00f6r<\/strong>. Persze jogosan mer\u00fclhet fel a k\u00e9rd\u00e9s, hogy egy olyan orsz\u00e1gban, ahol kiemelked\u0151 a bortermel\u00e9s, mi\u00e9rt \u00e9ppen s\u00f6rt \u00e9s virslit adtak a munk\u00e1soknak?<\/p>\n<p>A v\u00e1lasz sokkal egyszer\u0171bb, mint gondoln\u00e1nk. Mivel bort, valamint a legt\u00f6bb h\u00fast a vid\u00e9ki paraszts\u00e1g k\u00e9sz\u00edtette el, addig a s\u00f6rt, de legf\u0151k\u00e9pp <strong>a virslit az ipari proletari\u00e1tus gy\u00e1rtotta le, \u00edgy adva volt, hogy az \u0151 \u00fcnnep\u00fck\u00f6n az \u00e1ltaluk k\u00e9sz\u00edtett \u00e9teleket fogyassz\u00e1k<\/strong>.<\/p>\n<figure id=\"attachment_55092\" aria-describedby=\"caption-attachment-55092\" style=\"width: 755px\" class=\"wp-caption alignnone\"><img loading=\"lazy\" decoding=\"async\" class=\"size-article-size-large-image wp-image-55092\" src=\"https:\/\/www.startlap.hu\/utazas\/uploads\/sites\/3\/2023\/04\/sor-1959-Bauer-S\u00e1ndor-755x666.jpg\" alt=\"\" width=\"755\" height=\"666\" srcset=\"https:\/\/www.startlap.hu\/utazas\/uploads\/sites\/3\/2023\/04\/sor-1959-Bauer-S\u00e1ndor-755x666.jpg 755w, https:\/\/www.startlap.hu\/utazas\/uploads\/sites\/3\/2023\/04\/sor-1959-Bauer-S\u00e1ndor-397x350.jpg 397w, https:\/\/www.startlap.hu\/utazas\/uploads\/sites\/3\/2023\/04\/sor-1959-Bauer-S\u00e1ndor.jpg 1200w\" sizes=\"auto, (max-width: 755px) 100vw, 755px\" \/><figcaption id=\"caption-attachment-55092\" class=\"wp-caption-text\">Fot\u00f3: Fortepan\/Bauer S\u00e1ndor<\/figcaption><\/figure>\n<p>A s\u00f6r\u00f6ket jellemz\u0151en \u00fagy pr\u00f3b\u00e1lt\u00e1k a poharakba \u00f6nteni &#8211; ha m\u00e1r ingyen volt &#8211; hogy j\u00f3 sok habja legyen, \u00edgy m\u00e9g t\u00f6bb fel\u00e9 tudt\u00e1k sz\u00e9tosztani. Egyes feljegyz\u00e9sek szerint el\u0151tte j\u00f3l fel is vizezt\u00e9k \u0151ket.<\/p>\n<p>Az ev\u00e9s-iv\u00e1s jellemz\u0151en a k\u00f6zparkokban t\u00f6rt\u00e9nt.<\/p>\n<h2>A V\u00e1rosliget volt a budapesti maj\u00e1lisok egyik k\u00f6zpontja<\/h2>\n<p>Budapesten a m\u00e1jus 1-jei felvonul\u00e1sok egyik legeml\u00e9kezetesebb helysz\u00edne a <a href=\"https:\/\/www.startlap.hu\/utazas\/budapest-vajdahunyad-vara-varosliget-latnivalok-fotok\/\" target=\"_blank\" rel=\"noopener\">V\u00e1rosliget<\/a> volt, ami sok\u00e1ig nemcsak a t\u00f6megrendezv\u00e9nyek v\u00e9gpontjak\u00e9nt, hanem a nap laz\u00e1bb, csal\u00e1diasabb r\u00e9sz\u00e9nek sz\u00ednterek\u00e9nt is m\u0171k\u00f6d\u00f6tt.<\/p>\n<p>A hivatalos programok, besz\u00e9dek \u00e9s felvonul\u00e1sok ut\u00e1n sokan itt folytatt\u00e1k az \u00fcnnepl\u00e9st: a park megtelt s\u00e9t\u00e1l\u00f3kkal, gyerekes csal\u00e1dokkal, b\u00fcf\u00e9kkel, mutatv\u00e1nyosokkal, s\u00f6rrel \u00e9s virslivel. A V\u00e1rosliget \u00edgy a k\u00f6telez\u0151 politikai \u00fcnnepb\u0151l fokozatosan olyan tavaszi szabadt\u00e9ri programm\u00e1 is v\u00e1lt, amelynek hangulat\u00e1ra ma m\u00e1r sokan ink\u00e1bb retr\u00f3 csal\u00e1di eml\u00e9kk\u00e9nt gondolnak vissza.<\/p>\n<h2>Hol \u00e9rezhet\u0151 ma is a retr\u00f3 maj\u00e1lis hangulata?<\/h2>\n<p>B\u00e1r a k\u00f6telez\u0151 felvonul\u00e1sok, a trib\u00fcn\u00f6k \u00e9s a politikai jelszavak m\u00e1r a m\u00falt r\u00e9szei, a r\u00e9gi maj\u00e1lisok hangulat\u00e1b\u00f3l sok minden megmaradt a mai <strong><a href=\"https:\/\/www.startlap.hu\/utazas\/majalis-majus-elseje-programok-orszagos-ajanlo-budapest-2026\/\" target=\"_blank\" rel=\"noopener\">m\u00e1jus elsejei programokban<\/a><\/strong> is.<\/p>\n<p>A V\u00e1rosligetben p\u00e9ld\u00e1ul ma is a klasszikus v\u00e1s\u00e1ri forgatag, a vid\u00e1mparki elemek, a koncertek, a street food \u00e9s az eg\u00e9sz napos csal\u00e1di programok adj\u00e1k a maj\u00e1lis\u00e9lm\u00e9nyt, m\u00edg a <a href=\"http:\/\/tabanfesztival.hu\/\" target=\"_blank\" target=\"_blank\" rel=\"noopener\">Tab\u00e1nban<\/a> ink\u00e1bb a pokr\u00f3cos, f\u0171ben \u00fcl\u0151s, gener\u00e1ci\u00f3kat \u00f6sszehoz\u00f3 koncertpiknik id\u00e9zi meg a r\u00e9gi k\u00f6z\u00f6ss\u00e9gi \u00fcnnepek hangulat\u00e1t.<\/p>\n<p>A B\u00f3kay-kertben a m\u00e1jusfa\u00e1ll\u00edt\u00e1s, a n\u00e9pi k\u00f6rhinta, a k\u00e9zm\u0171ves foglalkoz\u00e1sok \u00e9s a csal\u00e1di programok hozz\u00e1k vissza a hagyom\u00e1nyosabb maj\u00e1lisvil\u00e1got, vid\u00e9ken pedig Szegeden, P\u00e9csen vagy Veszpr\u00e9mben is megmaradtak azok az elemek, amelyek miatt m\u00e1jus 1-je sokaknak ma is a tavasz egyik legvid\u00e1mabb szabadt\u00e9ri \u00fcnnepe: koncertek, v\u00e1s\u00e1ri \u00e9telek, gyerekprogramok, k\u00f6rhint\u00e1k, k\u00f6z\u00f6ss\u00e9gi f\u0151z\u00e9s \u00e9s eg\u00e9sz napos ligeti ny\u00fczsg\u00e9s.<\/p>\n<p><em><strong>Cikk\u00fcnk friss\u00fclt: 2026.05.01.<\/strong><\/em><\/p>\n<div class=\"o-widget m-readMoreWidget -readMore u-shortDecorLineAfter row widget-container _ce_measure_widget bigdata-widget read-more\" data-ce-measure-widget=\"olvass tov\u00e1bb\">\n\t<div class=\"m-readMoreWidget__imgWrapper image-wrapper col-12 col-md-4 no-p\">\n\t\t<a class=\"m-readMoreWidget__imgLink\" href=\"https:\/\/www.startlap.hu\/utazas\/konnyu-tanosveny-tura-magyarorszag\/\" >\n\t\t\t<img decoding=\"async\" src=\"https:\/\/www.startlap.hu\/utazas\/uploads\/sites\/3\/2026\/04\/tura-fahid-350x285.jpg\" class=\"m-readMoreWidget__img\">\n\t\t<\/a>\n\t<\/div>\n\t<div class=\"m-readMoreWidget__titleWrapper title-wrapper col-12 col-md-8\">\n\t\t<span class=\"m-readMoreWidget__titleLabel u-shortDecorLineBefore label hidden-sm-up\">Ez is \u00e9rdekelhet:<\/span>\n\t\t<h3 class=\"m-readMoreWidget__title title\">\n\t\t\t<a class=\"m-readMoreWidget__titleLink -secondFont u-bold u-upperCase\" href=\"https:\/\/www.startlap.hu\/utazas\/konnyu-tanosveny-tura-magyarorszag\/\" >Top 10 k\u00f6nny\u0171 tan\u00f6sv\u00e9nyt\u00fara, amiket a nagymama is szeretni fog<\/a>\n\t\t<\/h3>\n\t\t<a class=\"m-readMoreWidget__btn -coloredBack u-tC link\" href=\"https:\/\/www.startlap.hu\/utazas\/konnyu-tanosveny-tura-magyarorszag\/\" >Elolvasom<\/a>\n\t<\/div>\n<\/div>\n","protected":false},"excerpt":{"rendered":"<p>Mutatjuk, hogyan \u00fcnnepelte Magyarorsz\u00e1g 1919-t\u0151l kezdve a rendszerv\u00e1lt\u00e1sig bez\u00e1r\u00f3lag m\u00e1jus 1-\u00e9t \u00e9s azt is el\u00e1ruljuk, mi\u00e9rt \u00e9ppen s\u00f6rt \u00e9s virslit adtak a munk\u00e1soknak az \u00fcnneps\u00e9geken. <\/p>\n","protected":false},"author":58,"featured_media":55060,"comment_status":"closed","ping_status":"closed","sticky":false,"template":"","format":"standard","meta":{"footnotes":""},"categories":[7],"tags":[4202,4129,2333,1119],"class_list":["post-55053","post","type-post","status-publish","format-standard","has-post-thumbnail","hentry","category-belfold-utazas","tag-fortepan","tag-majus-1","tag-retro","tag-unnep"],"aioseo_notices":[],"_links":{"self":[{"href":"https:\/\/www.startlap.hu\/utazas\/wp-json\/wp\/v2\/posts\/55053","targetHints":{"allow":["GET"]}}],"collection":[{"href":"https:\/\/www.startlap.hu\/utazas\/wp-json\/wp\/v2\/posts"}],"about":[{"href":"https:\/\/www.startlap.hu\/utazas\/wp-json\/wp\/v2\/types\/post"}],"author":[{"embeddable":true,"href":"https:\/\/www.startlap.hu\/utazas\/wp-json\/wp\/v2\/users\/58"}],"replies":[{"embeddable":true,"href":"https:\/\/www.startlap.hu\/utazas\/wp-json\/wp\/v2\/comments?post=55053"}],"version-history":[{"count":15,"href":"https:\/\/www.startlap.hu\/utazas\/wp-json\/wp\/v2\/posts\/55053\/revisions"}],"predecessor-version":[{"id":106640,"href":"https:\/\/www.startlap.hu\/utazas\/wp-json\/wp\/v2\/posts\/55053\/revisions\/106640"}],"wp:featuredmedia":[{"embeddable":true,"href":"https:\/\/www.startlap.hu\/utazas\/wp-json\/wp\/v2\/media\/55060"}],"wp:attachment":[{"href":"https:\/\/www.startlap.hu\/utazas\/wp-json\/wp\/v2\/media?parent=55053"}],"wp:term":[{"taxonomy":"category","embeddable":true,"href":"https:\/\/www.startlap.hu\/utazas\/wp-json\/wp\/v2\/categories?post=55053"},{"taxonomy":"post_tag","embeddable":true,"href":"https:\/\/www.startlap.hu\/utazas\/wp-json\/wp\/v2\/tags?post=55053"}],"curies":[{"name":"wp","href":"https:\/\/api.w.org\/{rel}","templated":true}]}}