{"id":55029,"date":"2023-04-20T12:39:31","date_gmt":"2023-04-20T10:39:31","guid":{"rendered":"https:\/\/www.startlap.hu\/utazas\/?p=55029"},"modified":"2023-04-20T12:39:31","modified_gmt":"2023-04-20T10:39:31","slug":"portofino-olaszorszag-buntetes","status":"publish","type":"post","link":"https:\/\/www.startlap.hu\/utazas\/portofino-olaszorszag-buntetes\/","title":{"rendered":"B\u00fcntet\u00e9st kap az a turista, aki sok\u00e1ig n\u00e9zel\u0151dik az egyik olasz v\u00e1rosban"},"content":{"rendered":"<p>Egyre t\u00f6bb olasz v\u00e1ros vezet be korl\u00e1toz\u00e1sokat, annyira sok turista \u00e9rkezik hozz\u00e1juk. El\u0151sz\u00f6r <a href=\"https:\/\/www.startlap.hu\/utazas\/velence-halasztas-belepo\/\" target=\"_blank\" rel=\"noopener noreferrer\">Velence<\/a> jelentette be, hogy bel\u00e9p\u00e9si d\u00edjat fog szedni \u00e9s korl\u00e1tozni fogj\u00e1k a l\u00e1togat\u00f3k sz\u00e1m\u00e1t.<\/p>\n<p>A k\u00f6zelm\u00faltban pedig <a href=\"https:\/\/www.startlap.hu\/utazas\/del-tirol-olaszorszag-korlatozas\/\" target=\"_blank\" rel=\"noopener noreferrer\">D\u00e9l-Tirolban<\/a> jelentett\u00e9k be, hogy korl\u00e1tozz\u00e1k a sz\u00e1ll\u00e1shelyek sz\u00e1m\u00e1t, valamint bizonyos telep\u00fcl\u00e9sekre csak t\u00f6megk\u00f6zleked\u00e9ssel lehet majd eljutni.<\/p>\n<h2>Portofino sem b\u00edrja a be\u00f6z\u00f6nl\u0151 turist\u00e1kat<\/h2>\n<p>A sz\u00ednes h\u00e1zair\u00f3l ismert olasz hal\u00e1szfalu, <strong>Portofino is k\u00e9nytelen volt \u00faj szab\u00e1lyokat bevezetni<\/strong>. Az \u00f6tsz\u00e1z f\u0151s telep\u00fcl\u00e9s a ny\u00e1ri id\u0151szakban t\u00f6bb ezer f\u0151re duzzad a turist\u00e1k miatt &#8211; \u00edrja a <a href=\"https:\/\/www.travelandleisure.com\/portofino-italy-lingering-new-tourist-fine-7482472\" target=\"_blank\" target=\"_blank\" rel=\"noopener noreferrer\">Travel+Leisure<\/a>.<\/p>\n<figure id=\"attachment_55030\" aria-describedby=\"caption-attachment-55030\" style=\"width: 755px\" class=\"wp-caption alignnone\"><img loading=\"lazy\" decoding=\"async\" class=\"size-article-size-large-image wp-image-55030\" src=\"https:\/\/www.startlap.hu\/utazas\/uploads\/sites\/3\/2023\/04\/Portofino-olaszorszag-755x503.jpg\" alt=\"Az olaszorsz\u00e1gi Portofino v\u00e1ros\" width=\"755\" height=\"503\" srcset=\"https:\/\/www.startlap.hu\/utazas\/uploads\/sites\/3\/2023\/04\/Portofino-olaszorszag-755x503.jpg 755w, https:\/\/www.startlap.hu\/utazas\/uploads\/sites\/3\/2023\/04\/Portofino-olaszorszag-525x350.jpg 525w, https:\/\/www.startlap.hu\/utazas\/uploads\/sites\/3\/2023\/04\/Portofino-olaszorszag.jpg 1200w\" sizes=\"auto, (max-width: 755px) 100vw, 755px\" \/><figcaption id=\"caption-attachment-55030\" class=\"wp-caption-text\">Fot\u00f3: Getty Images<\/figcaption><\/figure>\n<p>A n\u00e9pszer\u0171 telep\u00fcl\u00e9sre annyian \u00e9rkeztek az elm\u00falt \u00e9vekben, hogy bizonyos helyeken egyszer\u0171en nem lehetett elf\u00e9rni. Ez pedig jelent\u0151s torl\u00f3d\u00e1st \u00e9s forgalmi dug\u00f3kat okozott Portofinoban. A n\u00e9pszer\u0171 helysz\u00edneket a j\u00f6v\u0151ben v\u00f6r\u00f6s z\u00f3nak\u00e9nt hat\u00e1rozz\u00e1k meg.<\/p>\n<blockquote class=\"article__extraTxt\"><p>Ezeken a helyeken tilos lesz meg\u00e1llni \u00e9s elid\u0151zni. Aki ezt m\u00e9gis megteszi, annak 68 \u00e9s 275 eur\u00f3 k\u00f6z\u00f6tti p\u00e9nzb\u00edrs\u00e1got szabhatnak ki.<\/p><\/blockquote>\n<p>A k\u00f6r\u00fclbel\u00fcl 25 ezer \u00e9s 100 ezer forint k\u00f6z\u00f6tti \u00f6sszeget a reggeli \u00f3r\u00e1kt\u00f3l eg\u00e9szen 18 \u00f3r\u00e1ig szabhatj\u00e1k ki a hat\u00f3s\u00e1gok a ny\u00e1ri szezon v\u00e9g\u00e9ig, azaz okt\u00f3ber 15-ig.<\/p>\n<div class=\"o-widget m-readMoreWidget -readMore u-shortDecorLineAfter row widget-container _ce_measure_widget bigdata-widget read-more\" data-ce-measure-widget=\"olvass tov\u00e1bb\">\n\t<div class=\"m-readMoreWidget__imgWrapper image-wrapper col-12 col-md-4 no-p\">\n\t\t<a class=\"m-readMoreWidget__imgLink\" href=\"https:\/\/www.startlap.hu\/utazas\/kikoltozes-penz-olaszorszag-spanyolorszag-gorogorszag-uj-zeland-fotok\/\" >\n\t\t\t<img decoding=\"async\" src=\"https:\/\/www.startlap.hu\/utazas\/uploads\/sites\/3\/2023\/04\/presicce_olaszorszag-2-350x285.jpg\" class=\"m-readMoreWidget__img\">\n\t\t<\/a>\n\t<\/div>\n\t<div class=\"m-readMoreWidget__titleWrapper title-wrapper col-12 col-md-8\">\n\t\t<span class=\"m-readMoreWidget__titleLabel u-shortDecorLineBefore label hidden-sm-up\">Ez is \u00e9rdekelhet:<\/span>\n\t\t<h3 class=\"m-readMoreWidget__title title\">\n\t\t\t<a class=\"m-readMoreWidget__titleLink -secondFont u-bold u-upperCase\" href=\"https:\/\/www.startlap.hu\/utazas\/kikoltozes-penz-olaszorszag-spanyolorszag-gorogorszag-uj-zeland-fotok\/\" >Orsz\u00e1gok, ahol fizetnek az\u00e9rt, hogy odak\u00f6lt\u00f6zz<\/a>\n\t\t<\/h3>\n\t\t<a class=\"m-readMoreWidget__btn -coloredBack u-tC link\" href=\"https:\/\/www.startlap.hu\/utazas\/kikoltozes-penz-olaszorszag-spanyolorszag-gorogorszag-uj-zeland-fotok\/\" >Elolvasom<\/a>\n\t<\/div>\n<\/div>\n","protected":false},"excerpt":{"rendered":"<p>Annyira sok turista lepte el Portofin\u00f3t, hogy ak\u00e1r 100 ezer forintnyi b\u00fcntet\u00e9st is ki kell fizetnie annak, aki sok\u00e1ig id\u0151zik a kijel\u00f6lt helyeken.<\/p>\n","protected":false},"author":58,"featured_media":55030,"comment_status":"closed","ping_status":"closed","sticky":false,"template":"","format":"standard","meta":{"footnotes":""},"categories":[70],"tags":[1836,2003,15],"class_list":["post-55029","post","type-post","status-publish","format-standard","has-post-thumbnail","hentry","category-vilag","tag-buntetes","tag-korlatozas","tag-olaszorszag"],"aioseo_notices":[],"_links":{"self":[{"href":"https:\/\/www.startlap.hu\/utazas\/wp-json\/wp\/v2\/posts\/55029","targetHints":{"allow":["GET"]}}],"collection":[{"href":"https:\/\/www.startlap.hu\/utazas\/wp-json\/wp\/v2\/posts"}],"about":[{"href":"https:\/\/www.startlap.hu\/utazas\/wp-json\/wp\/v2\/types\/post"}],"author":[{"embeddable":true,"href":"https:\/\/www.startlap.hu\/utazas\/wp-json\/wp\/v2\/users\/58"}],"replies":[{"embeddable":true,"href":"https:\/\/www.startlap.hu\/utazas\/wp-json\/wp\/v2\/comments?post=55029"}],"version-history":[{"count":8,"href":"https:\/\/www.startlap.hu\/utazas\/wp-json\/wp\/v2\/posts\/55029\/revisions"}],"predecessor-version":[{"id":55040,"href":"https:\/\/www.startlap.hu\/utazas\/wp-json\/wp\/v2\/posts\/55029\/revisions\/55040"}],"wp:featuredmedia":[{"embeddable":true,"href":"https:\/\/www.startlap.hu\/utazas\/wp-json\/wp\/v2\/media\/55030"}],"wp:attachment":[{"href":"https:\/\/www.startlap.hu\/utazas\/wp-json\/wp\/v2\/media?parent=55029"}],"wp:term":[{"taxonomy":"category","embeddable":true,"href":"https:\/\/www.startlap.hu\/utazas\/wp-json\/wp\/v2\/categories?post=55029"},{"taxonomy":"post_tag","embeddable":true,"href":"https:\/\/www.startlap.hu\/utazas\/wp-json\/wp\/v2\/tags?post=55029"}],"curies":[{"name":"wp","href":"https:\/\/api.w.org\/{rel}","templated":true}]}}