{"id":54204,"date":"2023-04-05T12:59:23","date_gmt":"2023-04-05T10:59:23","guid":{"rendered":"https:\/\/www.startlap.hu\/utazas\/?p=54204"},"modified":"2023-04-05T12:59:23","modified_gmt":"2023-04-05T10:59:23","slug":"nemetorszag-deutschlandticket","status":"publish","type":"post","link":"https:\/\/www.startlap.hu\/utazas\/nemetorszag-deutschlandticket\/","title":{"rendered":"M\u00e1r 49 eur\u00f3b\u00f3l k\u00f6rbeutazhat\u00f3 N\u00e9metorsz\u00e1g m\u00e1just\u00f3l"},"content":{"rendered":"<p>\u00c1prilis 3-\u00e1n kezdt\u00e9k el \u00e9rt\u00e9kes\u00edteni a Deutschland-Ticket n\u00e9vre keresztelt 49 eur\u00f3s havi b\u00e9rleteket, amivel <strong>m\u00e1jus 1-t\u0151l korl\u00e1tlan sz\u00e1mban lehet utazni szerte N\u00e9metorsz\u00e1gban<\/strong> &#8211; \u00edrja az <a href=\"https:\/\/www.euronews.com\/travel\/2023\/04\/04\/deutschlandticket-germany-launches-49-per-month-ticket-for-trains-buses-and-trams\" target=\"_blank\" target=\"_blank\" rel=\"noopener noreferrer\">Euronews<\/a>.<\/p>\n<h2>N\u00e9pszer\u0171 volt a tavaly bevezetett jegy<\/h2>\n<p>A Deutschland-Ticket, vagy m\u00e1s nev\u00e9n D-Ticket bevezet\u00e9se nem el\u0151zm\u00e9ny n\u00e9lk\u00fcli. Tavaly ny\u00e1ron, j\u00fanius \u00e9s augusztus k\u00f6z\u00f6tt<strong> mind\u00f6ssze 9 eur\u00f3\u00e9rt lehetett utazni<\/strong> a kedvezm\u00e9nyes, eg\u00e9sz orsz\u00e1gra kiterjed\u0151 b\u00e9rlettel.&nbsp;<\/p>\n<p>A jegy akkor annyira n\u00e9pszer\u0171 volt, hogy rendszeresen okozott fennakad\u00e1sokat a t\u00f6megk\u00f6zleked\u00e9sben, ugyanis a n\u00e9met \u00e1llampolg\u00e1rokon k\u00edv\u00fcl sz\u00e1mtalan turista is kihaszn\u00e1lta a lehet\u0151s\u00e9get, hogy beutazza eg\u00e9sz <a href=\"https:\/\/www.startlap.hu\/utazas\/ot-bamulatos-kastely-nemetorszagban\/\" target=\"_blank\" rel=\"noopener noreferrer\">N\u00e9metorsz\u00e1got<\/a>.<\/p>\n<p>A sz\u00f6vets\u00e9gi parlament ezt k\u00f6vet\u0151en &nbsp;hossz\u00fa egyeztet\u00e9s ut\u00e1n, m\u00e1rcius k\u00f6zep\u00e9n fogadta az \u00faj b\u00e9rleti konstrukci\u00f3t, amelyet a Bundesrat v\u00e9g\u00fcl v\u00e1ltoztat\u00e1s n\u00e9lk\u00fcl j\u00f3v\u00e1hagyott. Az egyel\u0151re 2025-ig sz\u00f3l\u00f3 meg\u00e1llapod\u00e1s szerint a sz\u00f6vets\u00e9gi korm\u00e1ny \u00e9s a tartom\u00e1nyok fele-fele ar\u00e1nyban, egy\u00fcttv\u00e9ve \u00e9vente h\u00e1rommilli\u00e1rd eur\u00f3val seg\u00edtik ki a k\u00f6zleked\u00e9si v\u00e1llalatokat.<\/p>\n<figure id=\"attachment_54205\" aria-describedby=\"caption-attachment-54205\" style=\"width: 755px\" class=\"wp-caption alignnone\"><img loading=\"lazy\" decoding=\"async\" class=\"size-article-size-large-image wp-image-54205\" src=\"https:\/\/www.startlap.hu\/utazas\/uploads\/sites\/3\/2023\/04\/nemetorszag-vonat-tomegkozlekedes-755x503.jpg\" alt=\"Vas\u00fat\u00e1llom\u00e1s \u00e9s vonat N\u00e9metorsz\u00e1gban\" width=\"755\" height=\"503\" srcset=\"https:\/\/www.startlap.hu\/utazas\/uploads\/sites\/3\/2023\/04\/nemetorszag-vonat-tomegkozlekedes-755x503.jpg 755w, https:\/\/www.startlap.hu\/utazas\/uploads\/sites\/3\/2023\/04\/nemetorszag-vonat-tomegkozlekedes-525x350.jpg 525w, https:\/\/www.startlap.hu\/utazas\/uploads\/sites\/3\/2023\/04\/nemetorszag-vonat-tomegkozlekedes.jpg 1200w\" sizes=\"auto, (max-width: 755px) 100vw, 755px\" \/><figcaption id=\"caption-attachment-54205\" class=\"wp-caption-text\">Fot\u00f3: Ying Tang \/ NurPhoto \/ AFP<\/figcaption><\/figure>\n<h2>\u00cdgy v\u00e1s\u00e1rolhat\u00f3 meg az \u00faj b\u00e9rlet<\/h2>\n<p>A Deutschlandticket m\u00e1r kaphat\u00f3, amit havi el\u0151fizet\u00e9sben lehet megv\u00e1s\u00e1rolni. Ezt az el\u0151fizet\u00e9st viszont b\u00e1rmikor le lehet majd mondani. A jegy pap\u00edrmentesen okostelefon-alkalmaz\u00e1ssal, a jegyp\u00e9nzt\u00e1rakban ig\u00e9nyelhet\u0151 chipk\u00e1rty\u00e1val vagy kinyomtatott QR-k\u00f3ddal is haszn\u00e1lhat\u00f3.<\/p>\n<p><strong>\u00c1ra havonta 49 eur\u00f3 lesz<\/strong>, azaz napi 1,60 eur\u00f3ba fog ker\u00fcli. Ez j\u00f3val magasabb, mint a tavaly ny\u00e1ron haszn\u00e1lt 9 eur\u00f3s b\u00e9rlet, viszont \u00edgy is hatalmas \u00f6sszeget lehet megtakar\u00edtani, ha azt vessz\u00fck figyelembe, hogy egy <a href=\"https:\/\/www.startlap.hu\/utazas\/berlin-tegel-zold-kornyezettudatossag-2022\/\" target=\"_blank\" rel=\"noopener noreferrer\">berlini<\/a> havi b\u00e9rlet jelenleg 86 eur\u00f3ba ker\u00fcl.<\/p>\n<h2>Itt haszn\u00e1lhat\u00f3 a D-Ticket<\/h2>\n<p>A b\u00e9rlet az eg\u00e9sz orsz\u00e1gban \u00e9rv\u00e9nyes <strong>a helyi k\u00f6z\u00f6ss\u00e9gi k\u00f6zleked\u00e9si v\u00e1llalatok j\u00e1ratain \u00e9s a Deutsche Bahn vas\u00fatt\u00e1rsas\u00e1g region\u00e1lis j\u00e1ratain<\/strong>.<\/p>\n<p>Nem vehet\u0151 ig\u00e9nybe viszont a DB Fernverkehr AG vagy m\u00e1s t\u00e1vols\u00e1gi j\u00e1ratokon, p\u00e9ld\u00e1ul a FlixTrain (IC, EC, ICE) \u00e1ltal \u00fczemeltetett j\u00e1ratain.<\/p>\n<p>Ez azt jelenti, hogy p\u00e9ld\u00e1ul egy Berlin &#8211; Frankfurt vonalon <a href=\"https:\/\/www.startlap.hu\/utazas\/gyorsvasut-parizs-berlin-2024\/\" target=\"_blank\" rel=\"noopener noreferrer\">gyorsvonattal<\/a> csak a kor\u00e1bbi \u00e1rakon lehet utazni. A D-Tickettel ez a t\u00e1v csak j\u00f3val lassabban tehet\u0151 meg a region\u00e1lis j\u00e1ratokkal, viszont az nem j\u00e1r semmilyen plusz k\u00f6lts\u00e9ggel.<\/p>\n<div class=\"o-widget m-readMoreWidget -readMore u-shortDecorLineAfter row widget-container _ce_measure_widget bigdata-widget read-more\" data-ce-measure-widget=\"olvass tov\u00e1bb\">\n\t<div class=\"m-readMoreWidget__imgWrapper image-wrapper col-12 col-md-4 no-p\">\n\t\t<a class=\"m-readMoreWidget__imgLink\" href=\"https:\/\/www.startlap.hu\/utazas\/kornyezettudatos-zold-utazas-auto-vonat-busz-repulo-osszehasonlitas-budapest-praga\/\" >\n\t\t\t<img decoding=\"async\" src=\"https:\/\/www.startlap.hu\/utazas\/uploads\/sites\/3\/2023\/03\/praga-utazas-350x285.jpg\" class=\"m-readMoreWidget__img\">\n\t\t<\/a>\n\t<\/div>\n\t<div class=\"m-readMoreWidget__titleWrapper title-wrapper col-12 col-md-8\">\n\t\t<span class=\"m-readMoreWidget__titleLabel u-shortDecorLineBefore label hidden-sm-up\">Ez is \u00e9rdekelhet:<\/span>\n\t\t<h3 class=\"m-readMoreWidget__title title\">\n\t\t\t<a class=\"m-readMoreWidget__titleLink -secondFont u-bold u-upperCase\" href=\"https:\/\/www.startlap.hu\/utazas\/kornyezettudatos-zold-utazas-auto-vonat-busz-repulo-osszehasonlitas-budapest-praga\/\" >Megn\u00e9zt\u00fck, hogyan z\u00f6ldebb az \u00fat Pr\u00e1g\u00e1ba: aut\u00f3val, busszal, vonattal vagy rep\u00fcl\u0151vel?<\/a>\n\t\t<\/h3>\n\t\t<a class=\"m-readMoreWidget__btn -coloredBack u-tC link\" href=\"https:\/\/www.startlap.hu\/utazas\/kornyezettudatos-zold-utazas-auto-vonat-busz-repulo-osszehasonlitas-budapest-praga\/\" >Elolvasom<\/a>\n\t<\/div>\n<\/div>\n","protected":false},"excerpt":{"rendered":"<p>M\u00e1r lehet v\u00e1s\u00e1rolni a 49 eur\u00f3s havi b\u00e9rletb\u0151l, amivel m\u00e1just\u00f3l korl\u00e1tlan sz\u00e1mban lehet utazni eg\u00e9sz N\u00e9metorsz\u00e1gban a helyi \u00e9s region\u00e1lis j\u00e1ratokon.<\/p>\n","protected":false},"author":58,"featured_media":54205,"comment_status":"closed","ping_status":"closed","sticky":false,"template":"","format":"standard","meta":{"footnotes":""},"categories":[70],"tags":[1867,193],"class_list":["post-54204","post","type-post","status-publish","format-standard","has-post-thumbnail","hentry","category-vilag","tag-berlet","tag-nemetorszag"],"aioseo_notices":[],"_links":{"self":[{"href":"https:\/\/www.startlap.hu\/utazas\/wp-json\/wp\/v2\/posts\/54204","targetHints":{"allow":["GET"]}}],"collection":[{"href":"https:\/\/www.startlap.hu\/utazas\/wp-json\/wp\/v2\/posts"}],"about":[{"href":"https:\/\/www.startlap.hu\/utazas\/wp-json\/wp\/v2\/types\/post"}],"author":[{"embeddable":true,"href":"https:\/\/www.startlap.hu\/utazas\/wp-json\/wp\/v2\/users\/58"}],"replies":[{"embeddable":true,"href":"https:\/\/www.startlap.hu\/utazas\/wp-json\/wp\/v2\/comments?post=54204"}],"version-history":[{"count":5,"href":"https:\/\/www.startlap.hu\/utazas\/wp-json\/wp\/v2\/posts\/54204\/revisions"}],"predecessor-version":[{"id":54252,"href":"https:\/\/www.startlap.hu\/utazas\/wp-json\/wp\/v2\/posts\/54204\/revisions\/54252"}],"wp:featuredmedia":[{"embeddable":true,"href":"https:\/\/www.startlap.hu\/utazas\/wp-json\/wp\/v2\/media\/54205"}],"wp:attachment":[{"href":"https:\/\/www.startlap.hu\/utazas\/wp-json\/wp\/v2\/media?parent=54204"}],"wp:term":[{"taxonomy":"category","embeddable":true,"href":"https:\/\/www.startlap.hu\/utazas\/wp-json\/wp\/v2\/categories?post=54204"},{"taxonomy":"post_tag","embeddable":true,"href":"https:\/\/www.startlap.hu\/utazas\/wp-json\/wp\/v2\/tags?post=54204"}],"curies":[{"name":"wp","href":"https:\/\/api.w.org\/{rel}","templated":true}]}}