{"id":53903,"date":"2023-03-30T20:34:52","date_gmt":"2023-03-30T18:34:52","guid":{"rendered":"https:\/\/www.startlap.hu\/utazas\/?p=53903"},"modified":"2023-03-30T20:34:52","modified_gmt":"2023-03-30T18:34:52","slug":"okosjegy-intercity-mav-vonat-vasut","status":"publish","type":"post","link":"https:\/\/www.startlap.hu\/utazas\/okosjegy-intercity-mav-vonat-vasut\/","title":{"rendered":"Okosjeggyel m\u00e1r minden belf\u00f6ldi InterCityn lehet utazni"},"content":{"rendered":"<p>A k\u00f6zlem\u00e9ny szerint azok az utasok, akik az interneten \u00e9s a M\u00c1V applik\u00e1ci\u00f3n v\u00e1lthat\u00f3 okosjegyet v\u00e1lasztj\u00e1k, ak\u00e1r 40 sz\u00e1zal\u00e9kkal kedvez\u0151bb \u00e1ron utazhatnak a p\u00e9nzt\u00e1rban v\u00e1ltott teljes \u00e1r\u00fa jegyhez k\u00e9pest.<\/p>\n<p>Az okosjegy \u00e1ra mag\u00e1ban foglalja a <strong>helybiztos\u00edt\u00e1s d\u00edj\u00e1t<\/strong> is, tov\u00e1bbi kedvezm\u00e9ny a jegy\u00e1rb\u00f3l nem vehet\u0151 ig\u00e9nybe.<\/p>\n<p>A Szeged, Debrecen-Ny\u00edregyh\u00e1za, P\u00e9cs, Zalaegerszeg, B\u00e9k\u00e9scsaba, Miskolc \u00e9s Kaposv\u00e1r fel\u00e9 k\u00f6zleked\u0151 InterCity <strong><a href=\"https:\/\/www.startlap.hu\/utazas\/budapestrol-indulo-vonatokat-is-erint-a-nemet-sztrajk\/\" target=\"_blank\" rel=\"noopener noreferrer\">vonatokra<\/a><\/strong> eddig t\u00f6bb mint 144 ezer okosjegyet v\u00e1ltottak az utasok id\u00e9n.<\/p>\n<figure id=\"attachment_53905\" aria-describedby=\"caption-attachment-53905\" style=\"width: 755px\" class=\"wp-caption alignnone\"><img loading=\"lazy\" decoding=\"async\" class=\"size-article-size-large-image wp-image-53905\" src=\"https:\/\/www.startlap.hu\/utazas\/uploads\/sites\/3\/2023\/03\/mav_vonat_keleti_palyaudvar-755x486.jpg\" alt=\"A M\u00c1V Start Zrt. elektromotor-meghajt\u00e1s\u00fa Stadler FLIRT t\u00edpus\u00fa vonataib\u00f3l v\u00e1r k\u00e9t szerelv\u00e9ny a menetrend szerinti indul\u00e1sra a f\u00f5v\u00e1ros Keleti p\u00e1lyaudvar\u00e1nak csarnok\u00e9p\u00fclet\u00e9ben.\" width=\"755\" height=\"486\" srcset=\"https:\/\/www.startlap.hu\/utazas\/uploads\/sites\/3\/2023\/03\/mav_vonat_keleti_palyaudvar-755x486.jpg 755w, https:\/\/www.startlap.hu\/utazas\/uploads\/sites\/3\/2023\/03\/mav_vonat_keleti_palyaudvar-543x350.jpg 543w, https:\/\/www.startlap.hu\/utazas\/uploads\/sites\/3\/2023\/03\/mav_vonat_keleti_palyaudvar.jpg 1200w\" sizes=\"auto, (max-width: 755px) 100vw, 755px\" \/><figcaption id=\"caption-attachment-53905\" class=\"wp-caption-text\">Fot\u00f3:<br \/>MTVA\/Bizom\u00e1nyosi: J\u00e1szai Csaba<\/figcaption><\/figure>\n<p>Az okosjegyek kiterjeszt\u00e9se tov\u00e1bbi vonalakon is v\u00e1rhat\u00f3 a j\u00f6v\u0151ben. Ezzel a megold\u00e1ssal a vas\u00fat val\u00f3s alternat\u00edv\u00e1t k\u00edn\u00e1l az aut\u00f3z\u00e1s, ak\u00e1r a telekocsi helyett, t\u00e1mogatva ezzel a k\u00f6rnyezetbar\u00e1tabb t\u00e1vols\u00e1gi k\u00f6z\u00f6ss\u00e9gi k\u00f6zleked\u00e9s haszn\u00e1lat\u00e1t &#8211; olvashat\u00f3 a M\u00c1V k\u00f6zlem\u00e9ny\u00e9ben.<\/p>\n<div class=\"o-widget m-readMoreWidget -readMore u-shortDecorLineAfter row widget-container _ce_measure_widget bigdata-widget read-more\" data-ce-measure-widget=\"olvass tov\u00e1bb\">\n\t<div class=\"m-readMoreWidget__imgWrapper image-wrapper col-12 col-md-4 no-p\">\n\t\t<a class=\"m-readMoreWidget__imgLink\" href=\"https:\/\/www.startlap.hu\/utazas\/varmegyeberlet-orszagberlet-fontos-tudnivalok\/\" >\n\t\t\t<img decoding=\"async\" src=\"https:\/\/www.startlap.hu\/utazas\/uploads\/sites\/3\/2023\/02\/vonat-350x285.jpg\" class=\"m-readMoreWidget__img\">\n\t\t<\/a>\n\t<\/div>\n\t<div class=\"m-readMoreWidget__titleWrapper title-wrapper col-12 col-md-8\">\n\t\t<span class=\"m-readMoreWidget__titleLabel u-shortDecorLineBefore label hidden-sm-up\">Ez is \u00e9rdekelhet:<\/span>\n\t\t<h3 class=\"m-readMoreWidget__title title\">\n\t\t\t<a class=\"m-readMoreWidget__titleLink -secondFont u-bold u-upperCase\" href=\"https:\/\/www.startlap.hu\/utazas\/varmegyeberlet-orszagberlet-fontos-tudnivalok\/\" >Fontos r\u00e9szletek az olcs\u00f3, helyk\u00f6zi b\u00e9rletekr\u0151l<\/a>\n\t\t<\/h3>\n\t\t<a class=\"m-readMoreWidget__btn -coloredBack u-tC link\" href=\"https:\/\/www.startlap.hu\/utazas\/varmegyeberlet-orszagberlet-fontos-tudnivalok\/\" >Elolvasom<\/a>\n\t<\/div>\n<\/div>\n<p><span style=\"font-size: 12px\">(MTI)<\/span><\/p>\n","protected":false},"excerpt":{"rendered":"<p>M\u00e1r a Balaton d\u00e9li partja, valamint Gy\u0151r \u00e9s Szombathely fel\u00e9 is v\u00e1lthat\u00f3 okosjegy, ez\u00e1ltal ez a szolg\u00e1ltat\u00e1s m\u00e1r minden Magyarorsz\u00e1gon k\u00f6zleked\u0151 belf\u00f6ldi InterCity-j\u00e1raton el\u00e9rhet\u0151, t\u00f6bb mint 80 v\u00e1ros fel\u00e9 &#8211; k\u00f6z\u00f6lte a M\u00c1V Zrt. cs\u00fct\u00f6rt\u00f6k\u00f6n.<\/p>\n","protected":false},"author":8,"featured_media":53905,"comment_status":"closed","ping_status":"closed","sticky":false,"template":"","format":"standard","meta":{"footnotes":""},"categories":[7],"tags":[4342,4158,821,820],"class_list":["post-53903","post","type-post","status-publish","format-standard","has-post-thumbnail","hentry","category-belfold-utazas","tag-intercity","tag-okosjegy","tag-vasut","tag-vonat"],"aioseo_notices":[],"_links":{"self":[{"href":"https:\/\/www.startlap.hu\/utazas\/wp-json\/wp\/v2\/posts\/53903","targetHints":{"allow":["GET"]}}],"collection":[{"href":"https:\/\/www.startlap.hu\/utazas\/wp-json\/wp\/v2\/posts"}],"about":[{"href":"https:\/\/www.startlap.hu\/utazas\/wp-json\/wp\/v2\/types\/post"}],"author":[{"embeddable":true,"href":"https:\/\/www.startlap.hu\/utazas\/wp-json\/wp\/v2\/users\/8"}],"replies":[{"embeddable":true,"href":"https:\/\/www.startlap.hu\/utazas\/wp-json\/wp\/v2\/comments?post=53903"}],"version-history":[{"count":3,"href":"https:\/\/www.startlap.hu\/utazas\/wp-json\/wp\/v2\/posts\/53903\/revisions"}],"predecessor-version":[{"id":53907,"href":"https:\/\/www.startlap.hu\/utazas\/wp-json\/wp\/v2\/posts\/53903\/revisions\/53907"}],"wp:featuredmedia":[{"embeddable":true,"href":"https:\/\/www.startlap.hu\/utazas\/wp-json\/wp\/v2\/media\/53905"}],"wp:attachment":[{"href":"https:\/\/www.startlap.hu\/utazas\/wp-json\/wp\/v2\/media?parent=53903"}],"wp:term":[{"taxonomy":"category","embeddable":true,"href":"https:\/\/www.startlap.hu\/utazas\/wp-json\/wp\/v2\/categories?post=53903"},{"taxonomy":"post_tag","embeddable":true,"href":"https:\/\/www.startlap.hu\/utazas\/wp-json\/wp\/v2\/tags?post=53903"}],"curies":[{"name":"wp","href":"https:\/\/api.w.org\/{rel}","templated":true}]}}