{"id":53614,"date":"2023-03-25T11:20:27","date_gmt":"2023-03-25T10:20:27","guid":{"rendered":"https:\/\/www.startlap.hu\/utazas\/?p=53614"},"modified":"2023-03-25T11:22:15","modified_gmt":"2023-03-25T10:22:15","slug":"ujranyitas-toalmas-gyogyfurdo","status":"publish","type":"post","link":"https:\/\/www.startlap.hu\/utazas\/ujranyitas-toalmas-gyogyfurdo\/","title":{"rendered":"\u00dajranyit egy gy\u00f3gyvizes strand Budapestt\u0151l nem messze"},"content":{"rendered":"<p>A f\u00fcrd\u0151 alig 55 kilom\u00e9terre tal\u00e1lhat\u00f3 Budapestt\u0151l, \u00e9s <strong>h\u00e1rom medence is rendelkez\u00e9sre \u00e1ll<\/strong> a gy\u00f3gyvizek kedvel\u0151i sz\u00e1m\u00e1ra &#8211; \u00edrja a <a href=\"https:\/\/termalonline.hu\/termal-hirek\/iden-ujranyitnak-egy-gyogyvizes-furdot-pest-megyeben\" target=\"_blank\" target=\"_blank\" rel=\"noopener noreferrer\"><strong>Termalonline.hu<\/strong><\/a>. A T\u00f3alm\u00e1son tal\u00e1lhat\u00f3 hely m\u00e1r 1971-t\u0151l nyitva \u00e1ll a nagyk\u00f6z\u00f6ns\u00e9g sz\u00e1m\u00e1ra.&nbsp;<\/p>\n<p>A f\u00fcrd\u0151 szezon\u00e1lisan \u00fczemelt eg\u00e9szen a 2021-es szezonig. Akkor egy 260 milli\u00f3s t\u00e1mogat\u00e1s seg\u00edts\u00e9g\u00e9vel megkezdt\u00e9k a fel\u00faj\u00edt\u00e1s, ez\u00e9rt a 2022-ben v\u00e9gig z\u00e1rva volt.<\/p>\n<figure id=\"attachment_53616\" aria-describedby=\"caption-attachment-53616\" style=\"width: 755px\" class=\"wp-caption alignnone\"><img loading=\"lazy\" decoding=\"async\" class=\"size-article-size-large-image wp-image-53616\" src=\"https:\/\/www.startlap.hu\/utazas\/uploads\/sites\/3\/2023\/03\/toalmas_strand-755x503.jpg\" alt=\"A t\u00f3alm\u00e1si Szent Andr\u00e1s Gy\u00f3gyvizes Strand\" width=\"755\" height=\"503\" srcset=\"https:\/\/www.startlap.hu\/utazas\/uploads\/sites\/3\/2023\/03\/toalmas_strand-755x503.jpg 755w, https:\/\/www.startlap.hu\/utazas\/uploads\/sites\/3\/2023\/03\/toalmas_strand-525x350.jpg 525w, https:\/\/www.startlap.hu\/utazas\/uploads\/sites\/3\/2023\/03\/toalmas_strand.jpg 1200w\" sizes=\"auto, (max-width: 755px) 100vw, 755px\" \/><figcaption id=\"caption-attachment-53616\" class=\"wp-caption-text\">Fot\u00f3: Toalmas.hu<\/figcaption><\/figure>\n<p>A telep\u00fcl\u00e9s honlapj\u00e1n megjelent t\u00e1j\u00e9koztat\u00e1s szerint a munk\u00e1k d\u00f6nt\u0151 r\u00e9sz\u00e9vel elk\u00e9sz\u00fcltek, \u00e9s <strong>v\u00e1rhat\u00f3an 2023. j\u00fanius 1-j\u00e9n \u00fajranyitnak<\/strong>. A t\u00f3alm\u00e1si&nbsp;Szent Andr\u00e1s Gy\u00f3gyvizes Strand megszerezn\u00e9 a gy\u00f3gyf\u00fcrd\u0151 c\u00edmet is.<\/p>\n<div class=\"o-widget m-readMoreWidget -readMore u-shortDecorLineAfter row widget-container _ce_measure_widget bigdata-widget read-more\" data-ce-measure-widget=\"olvass tov\u00e1bb\">\n\t<div class=\"m-readMoreWidget__imgWrapper image-wrapper col-12 col-md-4 no-p\">\n\t\t<a class=\"m-readMoreWidget__imgLink\" href=\"https:\/\/www.startlap.hu\/utazas\/elmenyfurdo-mezokovesd-nyitas\/\" >\n\t\t\t<img decoding=\"async\" src=\"https:\/\/www.startlap.hu\/utazas\/uploads\/sites\/3\/2023\/03\/zsory_gyogyfurdo-350x285.jpg\" class=\"m-readMoreWidget__img\">\n\t\t<\/a>\n\t<\/div>\n\t<div class=\"m-readMoreWidget__titleWrapper title-wrapper col-12 col-md-8\">\n\t\t<span class=\"m-readMoreWidget__titleLabel u-shortDecorLineBefore label hidden-sm-up\">Ez is \u00e9rdekelhet:<\/span>\n\t\t<h3 class=\"m-readMoreWidget__title title\">\n\t\t\t<a class=\"m-readMoreWidget__titleLink -secondFont u-bold u-upperCase\" href=\"https:\/\/www.startlap.hu\/utazas\/elmenyfurdo-mezokovesd-nyitas\/\" >\u00dajranyit a fedett \u00e9lm\u00e9nyf\u00fcrd\u0151 Mez\u0151k\u00f6vesden<\/a>\n\t\t<\/h3>\n\t\t<a class=\"m-readMoreWidget__btn -coloredBack u-tC link\" href=\"https:\/\/www.startlap.hu\/utazas\/elmenyfurdo-mezokovesd-nyitas\/\" >Elolvasom<\/a>\n\t<\/div>\n<\/div>\n","protected":false},"excerpt":{"rendered":"<p>A ny\u00e1r els\u0151 napj\u00e1n m\u00e1r v\u00e1rja a vend\u00e9geket a Szent Andr\u00e1s Gy\u00f3gyvizes Strand, Pest v\u00e1rmegye \u00e9s J\u00e1sz-Nagykun-Szolnok hat\u00e1r\u00e1n. <\/p>\n","protected":false},"author":8,"featured_media":53616,"comment_status":"closed","ping_status":"closed","sticky":false,"template":"","format":"standard","meta":{"footnotes":""},"categories":[7],"tags":[7819,7820],"class_list":["post-53614","post","type-post","status-publish","format-standard","has-post-thumbnail","hentry","category-belfold-utazas","tag-szent-andras-gyogyvizes-strand","tag-toalmas"],"aioseo_notices":[],"_links":{"self":[{"href":"https:\/\/www.startlap.hu\/utazas\/wp-json\/wp\/v2\/posts\/53614","targetHints":{"allow":["GET"]}}],"collection":[{"href":"https:\/\/www.startlap.hu\/utazas\/wp-json\/wp\/v2\/posts"}],"about":[{"href":"https:\/\/www.startlap.hu\/utazas\/wp-json\/wp\/v2\/types\/post"}],"author":[{"embeddable":true,"href":"https:\/\/www.startlap.hu\/utazas\/wp-json\/wp\/v2\/users\/8"}],"replies":[{"embeddable":true,"href":"https:\/\/www.startlap.hu\/utazas\/wp-json\/wp\/v2\/comments?post=53614"}],"version-history":[{"count":6,"href":"https:\/\/www.startlap.hu\/utazas\/wp-json\/wp\/v2\/posts\/53614\/revisions"}],"predecessor-version":[{"id":53621,"href":"https:\/\/www.startlap.hu\/utazas\/wp-json\/wp\/v2\/posts\/53614\/revisions\/53621"}],"wp:featuredmedia":[{"embeddable":true,"href":"https:\/\/www.startlap.hu\/utazas\/wp-json\/wp\/v2\/media\/53616"}],"wp:attachment":[{"href":"https:\/\/www.startlap.hu\/utazas\/wp-json\/wp\/v2\/media?parent=53614"}],"wp:term":[{"taxonomy":"category","embeddable":true,"href":"https:\/\/www.startlap.hu\/utazas\/wp-json\/wp\/v2\/categories?post=53614"},{"taxonomy":"post_tag","embeddable":true,"href":"https:\/\/www.startlap.hu\/utazas\/wp-json\/wp\/v2\/tags?post=53614"}],"curies":[{"name":"wp","href":"https:\/\/api.w.org\/{rel}","templated":true}]}}