{"id":52538,"date":"2023-03-04T07:19:49","date_gmt":"2023-03-04T06:19:49","guid":{"rendered":"https:\/\/www.startlap.hu\/utazas\/?p=52538"},"modified":"2023-03-03T16:31:58","modified_gmt":"2023-03-03T15:31:58","slug":"utca-embere-video-utazasi-szokasok-2023","status":"publish","type":"post","link":"https:\/\/www.startlap.hu\/utazas\/utca-embere-video-utazasi-szokasok-2023\/","title":{"rendered":"Megk\u00e9rdezt\u00fck az utca ember\u00e9t, hova \u00e9s mennyi\u00e9rt utazna el?"},"content":{"rendered":"<p>M\u00edg egy \u00e9vvel ezel\u0151tt a koronav\u00edrus-j\u00e1rv\u00e1ny jelentett akad\u00e1lyt az utaz\u00e1sok ter\u00e9n, addig id\u00e9n a gazdas\u00e1gi k\u00f6r\u00fclm\u00e9nyek \u00e9s az <a href=\"https:\/\/www.startlap.hu\/vasarlas\/inflacio-taxi-zsebpenz-arstop-serteshus-kotelezo-biztositas\/\" target=\"_blank\" rel=\"noopener noreferrer\">infl\u00e1ci\u00f3<\/a> m\u00e9rs\u00e9kelheti a magyarok utaz\u00e1si kedv\u00e9t \u00e9s lehet\u0151s\u00e9geit &#8211; der\u00fclt ki egy friss felm\u00e9r\u00e9sb\u0151l. Ennek aprop\u00f3j\u00e1n Budapesten k\u00e9rdezt\u00fck a j\u00e1r\u00f3kel\u0151ket, hogy <strong>terveznek-e utaz\u00e1st az idei \u00e9vre?<\/strong> Arra is k\u00edv\u00e1ncsiak voltunk, hogy<strong> egy-egy utaz\u00e1sra mennyi p\u00e9nzt sz\u00e1nnak.&nbsp;<\/strong><\/p>\n<div style=\"position:relative; overflow:hidden; padding-bottom:56.25%\"><iframe loading=\"lazy\" src=\"https:\/\/cdn.jwplayer.com\/players\/ufcWm9Z2-CxtHD760.html\" width=\"100%\" height=\"100%\" frameborder=\"0\" scrolling=\"auto\" title=\"Megk\u00e9rdezt\u00fck az utca ember\u00e9t, hova \u00e9s mennyi\u00e9rt utazna el?\" style=\"position:absolute;\" allowfullscreen><\/iframe><\/div>\n<div class=\"o-widget m-readMoreWidget -readMore u-shortDecorLineAfter row widget-container _ce_measure_widget bigdata-widget read-more\" data-ce-measure-widget=\"olvass tov\u00e1bb\">\n\t<div class=\"m-readMoreWidget__imgWrapper image-wrapper col-12 col-md-4 no-p\">\n\t\t<a class=\"m-readMoreWidget__imgLink\" href=\"https:\/\/www.startlap.hu\/utazas\/hova-utazzunk-tavasszal-belfold-kulfold-ajanlo\/\" >\n\t\t\t<img decoding=\"async\" src=\"https:\/\/www.startlap.hu\/utazas\/uploads\/sites\/3\/2023\/03\/tavaszi-taj-350x285.jpg\" class=\"m-readMoreWidget__img\">\n\t\t<\/a>\n\t<\/div>\n\t<div class=\"m-readMoreWidget__titleWrapper title-wrapper col-12 col-md-8\">\n\t\t<span class=\"m-readMoreWidget__titleLabel u-shortDecorLineBefore label hidden-sm-up\">Ez is \u00e9rdekelhet:<\/span>\n\t\t<h3 class=\"m-readMoreWidget__title title\">\n\t\t\t<a class=\"m-readMoreWidget__titleLink -secondFont u-bold u-upperCase\" href=\"https:\/\/www.startlap.hu\/utazas\/hova-utazzunk-tavasszal-belfold-kulfold-ajanlo\/\" >Hova utazzunk tavasszal? Mes\u00e9s \u00fati c\u00e9lok itthon \u00e9s a nagyvil\u00e1gban<\/a>\n\t\t<\/h3>\n\t\t<a class=\"m-readMoreWidget__btn -coloredBack u-tC link\" href=\"https:\/\/www.startlap.hu\/utazas\/hova-utazzunk-tavasszal-belfold-kulfold-ajanlo\/\" >Elolvasom<\/a>\n\t<\/div>\n<\/div>\n","protected":false},"excerpt":{"rendered":"<p>Arr\u00f3l k\u00e9rdezt\u00fcnk j\u00e1r\u00f3kel\u0151ket, hogy a gazdas\u00e1gi v\u00e1ls\u00e1g ellen\u00e9re terveznek-e utaz\u00e1st az idei \u00e9vre, \u00e9s ha igen, akkor mennyi p\u00e9nzt sz\u00e1nnak r\u00e1? Vide\u00f3ban a v\u00e1laszok.<\/p>\n","protected":false},"author":58,"featured_media":52569,"comment_status":"closed","ping_status":"closed","sticky":false,"template":"","format":"standard","meta":{"footnotes":""},"categories":[7],"tags":[131,148,94,186],"class_list":["post-52538","post","type-post","status-publish","format-standard","has-post-thumbnail","hentry","category-belfold-utazas","tag-belfoldi-utazas","tag-kulfoldi-utazas","tag-nyaralas","tag-video"],"aioseo_notices":[],"_links":{"self":[{"href":"https:\/\/www.startlap.hu\/utazas\/wp-json\/wp\/v2\/posts\/52538","targetHints":{"allow":["GET"]}}],"collection":[{"href":"https:\/\/www.startlap.hu\/utazas\/wp-json\/wp\/v2\/posts"}],"about":[{"href":"https:\/\/www.startlap.hu\/utazas\/wp-json\/wp\/v2\/types\/post"}],"author":[{"embeddable":true,"href":"https:\/\/www.startlap.hu\/utazas\/wp-json\/wp\/v2\/users\/58"}],"replies":[{"embeddable":true,"href":"https:\/\/www.startlap.hu\/utazas\/wp-json\/wp\/v2\/comments?post=52538"}],"version-history":[{"count":7,"href":"https:\/\/www.startlap.hu\/utazas\/wp-json\/wp\/v2\/posts\/52538\/revisions"}],"predecessor-version":[{"id":52581,"href":"https:\/\/www.startlap.hu\/utazas\/wp-json\/wp\/v2\/posts\/52538\/revisions\/52581"}],"wp:featuredmedia":[{"embeddable":true,"href":"https:\/\/www.startlap.hu\/utazas\/wp-json\/wp\/v2\/media\/52569"}],"wp:attachment":[{"href":"https:\/\/www.startlap.hu\/utazas\/wp-json\/wp\/v2\/media?parent=52538"}],"wp:term":[{"taxonomy":"category","embeddable":true,"href":"https:\/\/www.startlap.hu\/utazas\/wp-json\/wp\/v2\/categories?post=52538"},{"taxonomy":"post_tag","embeddable":true,"href":"https:\/\/www.startlap.hu\/utazas\/wp-json\/wp\/v2\/tags?post=52538"}],"curies":[{"name":"wp","href":"https:\/\/api.w.org\/{rel}","templated":true}]}}