{"id":52035,"date":"2023-02-22T15:33:08","date_gmt":"2023-02-22T14:33:08","guid":{"rendered":"https:\/\/www.startlap.hu\/utazas\/?p=52035"},"modified":"2023-02-22T15:20:31","modified_gmt":"2023-02-22T14:20:31","slug":"portugalia-almendres-cromlech-fotok","status":"publish","type":"post","link":"https:\/\/www.startlap.hu\/utazas\/portugalia-almendres-cromlech-fotok\/","title":{"rendered":"Stonehenge-n\u00e9l ak\u00e1r 2000 \u00e9vvel is id\u0151sebbek lehetnek a portug\u00e1l k\u0151oszlopok"},"content":{"rendered":"<p>A brit Stonehenge-t val\u00f3sz\u00edn\u0171 senkinek nem kell bemutatni, ellenben a portug\u00e1l <strong>Almendres Cromlech<\/strong>-t igen, pedig az itt tal\u00e1lhat\u00f3 k\u0151k\u00f6r\u00f6ket j\u00f3val kor\u00e1bban \u00e9p\u00edthett\u00e9k fel &#8211; \u00edrja az <a href=\"https:\/\/www.ancient-origins.net\/ancient-places-europe\/almendres-cromlech-twin-megalithic-stone-circles-portugal-003329\" target=\"_blank\" target=\"_blank\" rel=\"noopener noreferrer\">AncientOrigins<\/a>.<\/p>\n<p>A k\u00e9t k\u00f6rben elhelyezett <strong>95 darab k\u0151t\u00f6mb az Ib\u00e9riai-f\u00e9lsziget&nbsp;legnagyobb megalitikus lel\u0151helye<\/strong>.<\/p>\n<blockquote class=\"article__extraTxt\"><p>Egyes kutat\u00e1sok szerint id\u0151sz\u00e1m\u00edt\u00e1sunk el\u0151tt 5000 \u00e9vvel k\u00e9sz\u00fclhetett el az Almendres Cromlech, a m\u00e1sodik gy\u0171r\u0171 fel\u00e9p\u00edt\u00e9s\u00e9vel.<\/p><\/blockquote>\n<p>Azt is felt\u00e9telezik, hogy k\u00e9tezer \u00e9vvel k\u00e9s\u0151bb, <strong>id\u0151sz\u00e1m\u00edt\u00e1sunk el\u0151tt&nbsp;3000 k\u00f6r\u00fcl t\u00f6bb k\u00f6vet is \u00e1thelyeztek, hogy azok igazodjanak a Nap, a Hold \u00e9s a csillagok mozg\u00e1s\u00e1hoz<\/strong>.&nbsp;Mivel a k\u00f6vek a&nbsp;nap\u00e9jegyenl\u0151s\u00e9ghez viszony\u00edtva lettek elhelyezve, azokat v\u00e9lhet\u0151en csillag\u00e1szati \u200b\u200bmegfigyel\u00e9sekhez, szertart\u00e1sokhoz vagy spiritu\u00e1lis c\u00e9lokra haszn\u00e1lt\u00e1k.<\/p>\n<p>K\u00f6r\u00fclbel\u00fcl<strong> egy tucat monoliton csod\u00e1val hat\u00e1ros m\u00f3don ma is l\u00e1that\u00f3k&nbsp;<\/strong><b>faragott rajzok<\/b>, els\u0151sorban&nbsp;k\u00edgy\u00f3szer\u0171 form\u00e1k \u00e9s k\u00f6r\u00f6k. N\u00e9h\u00e1nyukban emberszer\u0171 alakok l\u00e1that\u00f3k, amelyek val\u00f3sz\u00edn\u0171leg isteneket vagy istens\u00e9geket \u00e1br\u00e1zolnak.<\/p>\n\n\t<div id=\"cegPostCnt_1\" class=\"o-cegPostCnt -inContent\" data-title=\"Stonehenge-n\u00e9l ak\u00e1r 2000 \u00e9vvel is id\u0151sebbek lehetnek a portug\u00e1l k\u0151oszlopok\">\n\t\t<a class=\"o-cegPostCnt__opener m-cegOpener _ce_measure_widget _ce_measure_link\" data-ce-measure-widget=\"gallery-open\"\n   href=\"?gallery=1\/1\/almendres-cromlech-5\">\n\t<img decoding=\"async\" src=\"https:\/\/www.startlap.hu\/utazas\/uploads\/sites\/3\/2023\/02\/almendres-cromlech-5.jpg\" class=\"m-cegOpener__image\" alt=\"Almendres Cromlech Portug\u00e1li\u00e1ban\" sizes=\"(max-width: 991px) 100vw, (max-width: 1039px) 66vw, 684px\" srcset=\"https:\/\/www.startlap.hu\/utazas\/uploads\/sites\/3\/2023\/02\/almendres-cromlech-5.jpg 1200w, https:\/\/www.startlap.hu\/utazas\/uploads\/sites\/3\/2023\/02\/almendres-cromlech-5-755x520.jpg 755w, https:\/\/www.startlap.hu\/utazas\/uploads\/sites\/3\/2023\/02\/almendres-cromlech-5-508x350.jpg 508w\" \/>\t<div class=\"m-cegOpener__btn\"><i class=\"far fa-clone\"><\/i><\/div>\n<\/a>\n<div class=\"o-cegPostCnt__layer m-cegLayer _ce_measure_widget\" data-ce-measure-widget=\"gallery-layer\" style=\"display: none\">\n\t<div class=\"m-cegLayer__top m-cegHeader _ce_measure_widget\" data-ce-measure-widget=\"gallery-header\">\n\t\t\t\t\t<span class=\"m-cegHeader__logo\"><span class=\"a-cegLogo\"><\/span><\/span>\n\t\t\t\t<div class=\"m-cegHeader__imgCnt\">\n\t\t\t<img decoding=\"async\" src=\"https:\/\/www.startlap.hu\/utazas\/uploads\/sites\/3\/2023\/02\/almendres-cromlech-5.jpg\" class=\"m-cegHeader__imgOpener\" alt=\"Almendres Cromlech Portug\u00e1li\u00e1ban\" \/>\t\t<\/div>\n\t\t<h2 class=\"m-cegHeader__title a-cegGalleryTitle\"><i class=\"fa fa-angle-left\"><\/i>Stonehenge-n\u00e9l ak\u00e1r 2000 \u00e9vvel is id\u0151sebbek lehetnek a portug\u00e1l k\u0151oszlopok<\/h2>\n\t\t<div class=\"m-cegHeader__pagination a-cegPagination\"><\/div>\n\t\t<div class=\"m-cegHeader__closeBtn close-button nlc-icon-close _ce_measure_link _ce_measure_widget\" data-ce-measure-widget=\"gallery-close-btn\"><i class=\"fa fa-times\" aria-hidden=\"true\"><\/i><\/div>\n\t<\/div>\n\t<div class=\"m-cegLayer__screen\">\n\t\t<div class=\"m-cegLayer__carousel m-cegCarousel\">\n\t\t\t\t\t\t\t\n\t\t\t\t<div\n\t\t\t\t\tclass=\"m-cegCarousel__item\"\n\t\t\t\t\tdata-type=\"image\"\n\t\t\t\t\tdata-id=\"1\/1\/almendres-cromlech-5\"\n\t\t\t\t\tdata-image-url=\"https:\/\/www.startlap.hu\/utazas\/uploads\/sites\/3\/2023\/02\/almendres-cromlech-5.jpg\"\n\t\t\t\t\tdata-title=\"Almendres Cromlech Portug\u00e1li\u00e1ban\"\n\t\t\t\t\tdata-desc=\"A Portug\u00e1li\u00e1ban tal\u00e1lhat\u00f3 \u0151si Almendres Cromlech. (Fot\u00f3: Martin Zwick\/REDA&amp;CO\/Universal Images Group\/Getty Images)\">\n\n\t\t\t\t\t<!-- image -->\n\t\t\t\t\t<div class=\"m-cegCarousel__floatingCnt\">\n\t\t\t\t\t\t<img decoding=\"async\" src=\"https:\/\/www.startlap.hu\/utazas\/uploads\/sites\/3\/2023\/02\/almendres-cromlech-5.jpg\" class=\"m-cegCarousel__image\" alt=\"Almendres Cromlech Portug\u00e1li\u00e1ban\" \/>\t\t\t\t\t\t<span class=\"fa m-cegCarousel__zoom _ce_measure_link _ce_measure_widget\" data-ce-measure-widget=\"gallery-zoom-btn\"><\/span>\n\t\t\t\t\t<\/div>\n\n\t\t\t\t\t<!-- thumb icon \/ counter, caption  -->\n\t\t\t\t\t<div class=\"m-cegCarousel__captionCnt m-cegCaption\">\n\t\t\t\t\t\t<span class=\"m-cegCaption__thumbIcon a-cegThumbIcon _ce_measure_widget _ce_measure_link\"\n\t\t\t\t\t\t\t  data-ce-measure-widget=\"thumbnails-btn\"\n\t\t\t\t\t\t\t  data-ce-measure-widget=\"gallery-thumbnails\"><i class=\" fa fa-th-large\"><\/i><\/span>\n\t\t\t\t\t\t<span class=\"m-cegCaption__pagination a-cegPagination\">\n\t\t\t\t\t\t\t<span class=\"a-cegPagination__current\">1<\/span>\/5\t\t\t\t\t\t<\/span>\n\t\t\t\t\t\t<span class=\"m-cegCaption__caption\">Almendres Cromlech Portug\u00e1li\u00e1ban<\/span>\n\t\t\t\t\t<\/div>\n\n\t\t\t\t\t<!-- Image description -->\n\t\t\t\t\t<div class=\"m-cegCarousel__desc a-cegDesc\">A Portug\u00e1li\u00e1ban tal\u00e1lhat\u00f3 \u0151si Almendres Cromlech. (Fot\u00f3: Martin Zwick\/REDA&amp;CO\/Universal Images Group\/Getty Images)<\/div>\n\n\t\t\t\t\t<!-- Image social share icons -->\n\t\t\t\t\t<div class=\"m-cegCarousel__socialCnt m-cegSocial\">\n\t\t\t\t\t\t<span class=\"m-cegSocial__text\">Fot\u00f3 megoszt\u00e1sa:<\/span><span class=\"m-cegSocial__iconWrap\"><span class=\"m-cegSocial__icon -facebook _ce_measure_link _ce_measure_widget\" data-ce-measure-widget=\"facebookGallery-btn\"><i class=\"fab fa-facebook-f\"><\/i><\/span><span class=\"m-cegSocial__icon -pinterest _ce_measure_link _ce_measure_widget\" data-ce-measure-widget=\"printeresGallery-btn\"><i class=\"fab fa-pinterest-p\"><\/i><\/span><span class=\"m-cegSocial__icon -email _ce_measure_link _ce_measure_widget\" data-ce-measure-widget=\"emailGallery-btn\"><i class=\"far fa-envelope\"><\/i><\/span><span class=\"m-cegSocial__icon -clipboard _ce_measure_link _ce_measure_widget\" data-ce-measure-widget=\"clipboardGallery-btn\"><i class=\"fa fa-link\"><\/i><\/span><\/span>\t\t\t\t\t<\/div>\n\t\t\t\t<\/div>\n\t\t\t\t\t\t\t\n\t\t\t\t<div\n\t\t\t\t\tclass=\"m-cegCarousel__item\"\n\t\t\t\t\tdata-type=\"image\"\n\t\t\t\t\tdata-id=\"1\/2\/almendres-cromlech-4\"\n\t\t\t\t\tdata-image-url=\"https:\/\/www.startlap.hu\/utazas\/uploads\/sites\/3\/2023\/02\/almendres-cromlech-4.jpg\"\n\t\t\t\t\tdata-title=\"Almendres Cromlech Portug\u00e1li\u00e1ban\"\n\t\t\t\t\tdata-desc=\"A Portug\u00e1li\u00e1ban tal\u00e1lhat\u00f3 \u0151si Almendres Cromlech. (Fot\u00f3: Pascal Deloche\/Godong\/Universal Images Group\/Getty Images)\">\n\n\t\t\t\t\t<!-- image -->\n\t\t\t\t\t<div class=\"m-cegCarousel__floatingCnt\">\n\t\t\t\t\t\t<img decoding=\"async\" src=\"https:\/\/www.startlap.hu\/utazas\/uploads\/sites\/3\/2023\/02\/almendres-cromlech-4.jpg\" class=\"m-cegCarousel__image\" alt=\"Almendres Cromlech Portug\u00e1li\u00e1ban\" \/>\t\t\t\t\t\t<span class=\"fa m-cegCarousel__zoom _ce_measure_link _ce_measure_widget\" data-ce-measure-widget=\"gallery-zoom-btn\"><\/span>\n\t\t\t\t\t<\/div>\n\n\t\t\t\t\t<!-- thumb icon \/ counter, caption  -->\n\t\t\t\t\t<div class=\"m-cegCarousel__captionCnt m-cegCaption\">\n\t\t\t\t\t\t<span class=\"m-cegCaption__thumbIcon a-cegThumbIcon _ce_measure_widget _ce_measure_link\"\n\t\t\t\t\t\t\t  data-ce-measure-widget=\"thumbnails-btn\"\n\t\t\t\t\t\t\t  data-ce-measure-widget=\"gallery-thumbnails\"><i class=\" fa fa-th-large\"><\/i><\/span>\n\t\t\t\t\t\t<span class=\"m-cegCaption__pagination a-cegPagination\">\n\t\t\t\t\t\t\t<span class=\"a-cegPagination__current\">2<\/span>\/5\t\t\t\t\t\t<\/span>\n\t\t\t\t\t\t<span class=\"m-cegCaption__caption\">Almendres Cromlech Portug\u00e1li\u00e1ban<\/span>\n\t\t\t\t\t<\/div>\n\n\t\t\t\t\t<!-- Image description -->\n\t\t\t\t\t<div class=\"m-cegCarousel__desc a-cegDesc\">A Portug\u00e1li\u00e1ban tal\u00e1lhat\u00f3 \u0151si Almendres Cromlech. (Fot\u00f3: Pascal Deloche\/Godong\/Universal Images Group\/Getty Images)<\/div>\n\n\t\t\t\t\t<!-- Image social share icons -->\n\t\t\t\t\t<div class=\"m-cegCarousel__socialCnt m-cegSocial\">\n\t\t\t\t\t\t<span class=\"m-cegSocial__text\">Fot\u00f3 megoszt\u00e1sa:<\/span><span class=\"m-cegSocial__iconWrap\"><span class=\"m-cegSocial__icon -facebook _ce_measure_link _ce_measure_widget\" data-ce-measure-widget=\"facebookGallery-btn\"><i class=\"fab fa-facebook-f\"><\/i><\/span><span class=\"m-cegSocial__icon -pinterest _ce_measure_link _ce_measure_widget\" data-ce-measure-widget=\"printeresGallery-btn\"><i class=\"fab fa-pinterest-p\"><\/i><\/span><span class=\"m-cegSocial__icon -email _ce_measure_link _ce_measure_widget\" data-ce-measure-widget=\"emailGallery-btn\"><i class=\"far fa-envelope\"><\/i><\/span><span class=\"m-cegSocial__icon -clipboard _ce_measure_link _ce_measure_widget\" data-ce-measure-widget=\"clipboardGallery-btn\"><i class=\"fa fa-link\"><\/i><\/span><\/span>\t\t\t\t\t<\/div>\n\t\t\t\t<\/div>\n\t\t\t\t\t\t\t\n\t\t\t\t<div\n\t\t\t\t\tclass=\"m-cegCarousel__item\"\n\t\t\t\t\tdata-type=\"image\"\n\t\t\t\t\tdata-id=\"1\/3\/almendres-cromlech-3\"\n\t\t\t\t\tdata-image-url=\"https:\/\/www.startlap.hu\/utazas\/uploads\/sites\/3\/2023\/02\/almendres-cromlech-3.jpg\"\n\t\t\t\t\tdata-title=\"Almendres Cromlech Portug\u00e1li\u00e1ban\"\n\t\t\t\t\tdata-desc=\"A Portug\u00e1li\u00e1ban tal\u00e1lhat\u00f3 \u0151si Almendres Cromlech (Fot\u00f3: Pascal .Deloche\/Godong\/Universal Images Group\/ Getty Images)\">\n\n\t\t\t\t\t<!-- image -->\n\t\t\t\t\t<div class=\"m-cegCarousel__floatingCnt\">\n\t\t\t\t\t\t<img decoding=\"async\" src=\"https:\/\/www.startlap.hu\/utazas\/uploads\/sites\/3\/2023\/02\/almendres-cromlech-3.jpg\" class=\"m-cegCarousel__image\" alt=\"Almendres Cromlech Portug\u00e1li\u00e1ban\" \/>\t\t\t\t\t\t<span class=\"fa m-cegCarousel__zoom _ce_measure_link _ce_measure_widget\" data-ce-measure-widget=\"gallery-zoom-btn\"><\/span>\n\t\t\t\t\t<\/div>\n\n\t\t\t\t\t<!-- thumb icon \/ counter, caption  -->\n\t\t\t\t\t<div class=\"m-cegCarousel__captionCnt m-cegCaption\">\n\t\t\t\t\t\t<span class=\"m-cegCaption__thumbIcon a-cegThumbIcon _ce_measure_widget _ce_measure_link\"\n\t\t\t\t\t\t\t  data-ce-measure-widget=\"thumbnails-btn\"\n\t\t\t\t\t\t\t  data-ce-measure-widget=\"gallery-thumbnails\"><i class=\" fa fa-th-large\"><\/i><\/span>\n\t\t\t\t\t\t<span class=\"m-cegCaption__pagination a-cegPagination\">\n\t\t\t\t\t\t\t<span class=\"a-cegPagination__current\">3<\/span>\/5\t\t\t\t\t\t<\/span>\n\t\t\t\t\t\t<span class=\"m-cegCaption__caption\">Almendres Cromlech Portug\u00e1li\u00e1ban<\/span>\n\t\t\t\t\t<\/div>\n\n\t\t\t\t\t<!-- Image description -->\n\t\t\t\t\t<div class=\"m-cegCarousel__desc a-cegDesc\">A Portug\u00e1li\u00e1ban tal\u00e1lhat\u00f3 \u0151si Almendres Cromlech (Fot\u00f3: Pascal .Deloche\/Godong\/Universal Images Group\/ Getty Images)<\/div>\n\n\t\t\t\t\t<!-- Image social share icons -->\n\t\t\t\t\t<div class=\"m-cegCarousel__socialCnt m-cegSocial\">\n\t\t\t\t\t\t<span class=\"m-cegSocial__text\">Fot\u00f3 megoszt\u00e1sa:<\/span><span class=\"m-cegSocial__iconWrap\"><span class=\"m-cegSocial__icon -facebook _ce_measure_link _ce_measure_widget\" data-ce-measure-widget=\"facebookGallery-btn\"><i class=\"fab fa-facebook-f\"><\/i><\/span><span class=\"m-cegSocial__icon -pinterest _ce_measure_link _ce_measure_widget\" data-ce-measure-widget=\"printeresGallery-btn\"><i class=\"fab fa-pinterest-p\"><\/i><\/span><span class=\"m-cegSocial__icon -email _ce_measure_link _ce_measure_widget\" data-ce-measure-widget=\"emailGallery-btn\"><i class=\"far fa-envelope\"><\/i><\/span><span class=\"m-cegSocial__icon -clipboard _ce_measure_link _ce_measure_widget\" data-ce-measure-widget=\"clipboardGallery-btn\"><i class=\"fa fa-link\"><\/i><\/span><\/span>\t\t\t\t\t<\/div>\n\t\t\t\t<\/div>\n\t\t\t\t\t\t\t\t\t\t\t\t<div\n\t\t\t\t\t\tclass=\"m-cegCarousel__item -banner\"\n\t\t\t\t\t\tdata-type=\"banner\"\n\t\t\t\t\t\tdata-id=\"1\/4\/banner\"\n\t\t\t\t\t\tdata-image-url=\"\"\n\t\t\t\t\t\tdata-title=\"\"\n\t\t\t\t\t\tdata-desc=\"\">\n\n\t\t\t\t\t\t<div class=\"m-cegCarousel__floatingCnt banner-container gallery-content010\"><\/div>\n\n\t\t\t\t\t<\/div>\n\t\t\t\t\t\t\t\t\t\n\t\t\t\t<div\n\t\t\t\t\tclass=\"m-cegCarousel__item\"\n\t\t\t\t\tdata-type=\"image\"\n\t\t\t\t\tdata-id=\"1\/5\/almendres-cromlech-1\"\n\t\t\t\t\tdata-image-url=\"https:\/\/www.startlap.hu\/utazas\/uploads\/sites\/3\/2023\/02\/almendres-cromlech-1.jpg\"\n\t\t\t\t\tdata-title=\"Almendres Cromlech (Cromeleque dos Almendres)\"\n\t\t\t\t\tdata-desc=\"A Portug\u00e1li\u00e1ban tal\u00e1lhat\u00f3 \u0151si Almendres Cromlech (Fot\u00f3: Martin Zwick\/REDA&amp;CO\/Universal Images Group\/Getty Images)\">\n\n\t\t\t\t\t<!-- image -->\n\t\t\t\t\t<div class=\"m-cegCarousel__floatingCnt\">\n\t\t\t\t\t\t<img decoding=\"async\" src=\"https:\/\/www.startlap.hu\/utazas\/uploads\/sites\/3\/2023\/02\/almendres-cromlech-1.jpg\" class=\"m-cegCarousel__image\" alt=\"Almendres Cromlech\" \/>\t\t\t\t\t\t<span class=\"fa m-cegCarousel__zoom _ce_measure_link _ce_measure_widget\" data-ce-measure-widget=\"gallery-zoom-btn\"><\/span>\n\t\t\t\t\t<\/div>\n\n\t\t\t\t\t<!-- thumb icon \/ counter, caption  -->\n\t\t\t\t\t<div class=\"m-cegCarousel__captionCnt m-cegCaption\">\n\t\t\t\t\t\t<span class=\"m-cegCaption__thumbIcon a-cegThumbIcon _ce_measure_widget _ce_measure_link\"\n\t\t\t\t\t\t\t  data-ce-measure-widget=\"thumbnails-btn\"\n\t\t\t\t\t\t\t  data-ce-measure-widget=\"gallery-thumbnails\"><i class=\" fa fa-th-large\"><\/i><\/span>\n\t\t\t\t\t\t<span class=\"m-cegCaption__pagination a-cegPagination\">\n\t\t\t\t\t\t\t<span class=\"a-cegPagination__current\">5<\/span>\/5\t\t\t\t\t\t<\/span>\n\t\t\t\t\t\t<span class=\"m-cegCaption__caption\">Almendres Cromlech (Cromeleque dos Almendres)<\/span>\n\t\t\t\t\t<\/div>\n\n\t\t\t\t\t<!-- Image description -->\n\t\t\t\t\t<div class=\"m-cegCarousel__desc a-cegDesc\">A Portug\u00e1li\u00e1ban tal\u00e1lhat\u00f3 \u0151si Almendres Cromlech (Fot\u00f3: Martin Zwick\/REDA&amp;CO\/Universal Images Group\/Getty Images)<\/div>\n\n\t\t\t\t\t<!-- Image social share icons -->\n\t\t\t\t\t<div class=\"m-cegCarousel__socialCnt m-cegSocial\">\n\t\t\t\t\t\t<span class=\"m-cegSocial__text\">Fot\u00f3 megoszt\u00e1sa:<\/span><span class=\"m-cegSocial__iconWrap\"><span class=\"m-cegSocial__icon -facebook _ce_measure_link _ce_measure_widget\" data-ce-measure-widget=\"facebookGallery-btn\"><i class=\"fab fa-facebook-f\"><\/i><\/span><span class=\"m-cegSocial__icon -pinterest _ce_measure_link _ce_measure_widget\" data-ce-measure-widget=\"printeresGallery-btn\"><i class=\"fab fa-pinterest-p\"><\/i><\/span><span class=\"m-cegSocial__icon -email _ce_measure_link _ce_measure_widget\" data-ce-measure-widget=\"emailGallery-btn\"><i class=\"far fa-envelope\"><\/i><\/span><span class=\"m-cegSocial__icon -clipboard _ce_measure_link _ce_measure_widget\" data-ce-measure-widget=\"clipboardGallery-btn\"><i class=\"fa fa-link\"><\/i><\/span><\/span>\t\t\t\t\t<\/div>\n\t\t\t\t<\/div>\n\t\t\t\t\t\t\t\t<\/div>\n\t\t<div class=\"m-cegLayer__thumbnails m-cegThumbList _ce_measure_widget\" data-ce-measure-widget=\"gallery-thumb-list\">\n\t\t\t\t\t\t\t\t\t\t\t<div class=\"m-cegThumbList__item\"\n\t\t\t\t\tdata-id=\"1\/1\/almendres-cromlech-5\"\n\t\t\t\t\tdata-index=\"0\">\n\t\t\t\t\t<img decoding=\"async\" src=\"https:\/\/www.startlap.hu\/utazas\/uploads\/sites\/3\/2023\/02\/almendres-cromlech-5.jpg\" class=\"m-cegThumbList__image _ce_measure_link\" alt=\"Almendres Cromlech Portug\u00e1li\u00e1ban\" \/>\t\t\t\t<\/div>\n\t\t\t\t\t\t\t\t\t\t\t<div class=\"m-cegThumbList__item\"\n\t\t\t\t\tdata-id=\"1\/2\/almendres-cromlech-4\"\n\t\t\t\t\tdata-index=\"1\">\n\t\t\t\t\t<img decoding=\"async\" src=\"https:\/\/www.startlap.hu\/utazas\/uploads\/sites\/3\/2023\/02\/almendres-cromlech-4.jpg\" class=\"m-cegThumbList__image _ce_measure_link\" alt=\"Almendres Cromlech Portug\u00e1li\u00e1ban\" \/>\t\t\t\t<\/div>\n\t\t\t\t\t\t\t\t\t\t\t<div class=\"m-cegThumbList__item\"\n\t\t\t\t\tdata-id=\"1\/3\/almendres-cromlech-3\"\n\t\t\t\t\tdata-index=\"2\">\n\t\t\t\t\t<img decoding=\"async\" src=\"https:\/\/www.startlap.hu\/utazas\/uploads\/sites\/3\/2023\/02\/almendres-cromlech-3.jpg\" class=\"m-cegThumbList__image _ce_measure_link\" alt=\"Almendres Cromlech Portug\u00e1li\u00e1ban\" \/>\t\t\t\t<\/div>\n\t\t\t\t\t\t\t\t\t\t\t\t\t\t\t<div class=\"m-cegThumbList__item\"\n\t\t\t\t\tdata-id=\"1\/5\/almendres-cromlech-1\"\n\t\t\t\t\tdata-index=\"4\">\n\t\t\t\t\t<img decoding=\"async\" src=\"https:\/\/www.startlap.hu\/utazas\/uploads\/sites\/3\/2023\/02\/almendres-cromlech-1.jpg\" class=\"m-cegThumbList__image _ce_measure_link\" alt=\"Almendres Cromlech\" \/>\t\t\t\t<\/div>\n\t\t\t\t\t<\/div>\n\t<\/div>\n\t<div class=\"m-cegLayer__sidebar m-cegSidebar _ce_measure_widget\" data-ce-measure-widget=\"gallery-sidebar\">\n\n\t\t<div class=\"m-cegSidebar__desc a-cegDesc _ce_measure_widget\" data-ce-measure-widget=\"gallery-desc\"><\/div>\n\n\t\t<div class=\"m-cegSidebar__socialCnt m-cegSocial -sidebar _ce_measure_widget\" data-ce-measure-widget=\"gallery-social\">\n\t\t\t<span class=\"m-cegSocial__text\">Fot\u00f3 megoszt\u00e1sa:<\/span><span class=\"m-cegSocial__iconWrap\"><span class=\"m-cegSocial__icon -facebook _ce_measure_link _ce_measure_widget\" data-ce-measure-widget=\"facebookGallery-btn\"><i class=\"fab fa-facebook-f\"><\/i><\/span><span class=\"m-cegSocial__icon -pinterest _ce_measure_link _ce_measure_widget\" data-ce-measure-widget=\"printeresGallery-btn\"><i class=\"fab fa-pinterest-p\"><\/i><\/span><span class=\"m-cegSocial__icon -email _ce_measure_link _ce_measure_widget\" data-ce-measure-widget=\"emailGallery-btn\"><i class=\"far fa-envelope\"><\/i><\/span><span class=\"m-cegSocial__icon -clipboard _ce_measure_link _ce_measure_widget\" data-ce-measure-widget=\"clipboardGallery-btn\"><i class=\"fa fa-link\"><\/i><\/span><\/span>\t\t<\/div>\n\n\t\t<div class=\"gallery-right010 banner-container\"><\/div>\n\t\t<div class=\"gallery-right020 banner-container\"><\/div>\n\n\t<\/div>\n<\/div>\n\t<\/div>\n\n\t<script>\n\t\tjQuery(function () {\n\t\t\tvar id = '#cegPostCnt_1';\n\t\t\tjQuery( id ).articleGallery({\n\t\t\t\tonChanged: function (event) {\n\t\t\t\t\t\tthis.renderSidebarCTS( 'gallery-right010' );\n\t\t\t\t\t\tthis.renderSidebarCTS( 'gallery-right020' );\n\t\t\t\t\t\tthis.renderBannerSlideCTS(  event,\n\t\t\t\t\t\t\t\t\t\t\t\t\t[\n\t\t\t\t\t\t\t\t\t\t\t\t\t\t'gallery-content010',\n\t\t\t\t\t\t\t\t\t\t\t\t\t\t'gallery-content020',\n\t\t\t\t\t\t\t\t\t\t\t\t\t\t'gallery-content030'\n\t\t\t\t\t\t\t\t\t\t\t\t\t]);\n\t\t\t\t}\n\t\t\t});\n\t\t});\n\t<\/script>\t\n<p>Az<strong> Almendres Cromlech pontos funkci\u00f3ja viszont tov\u00e1bbra is rejt\u00e9ly<\/strong>, \u00e9s val\u00f3sz\u00edn\u0171leg m\u00e9g eltart egy ideig, am\u00edg megfejtik a k\u0151oszlopok titkait. R\u00e1ad\u00e1sul ezt a helyet nem olyan r\u00e9gen, az 1960-as \u00e9vekben fedezt\u00e9k fel \u00fajra \u00e9s kezdt\u00e9k el a felt\u00e1r\u00e1sokat.<\/p>\n<h2>\u00cdgy l\u00e1togathat\u00f3 meg az \u0151si Almendres Cromlech<\/h2>\n<p>A k\u0151oszlopokat viszonylag nehezen lehet megk\u00f6zel\u00edteni, ez\u00e9rt kevesen l\u00e1togatj\u00e1k. Aut\u00f3val nagyj\u00e1b\u00f3l f\u00e9l \u00f3r\u00e1nyi \u00fatra van a legk\u00f6zelebbi v\u00e1rost\u00f3l, \u00c9vor\u00e1t\u00f3l. A <a href=\"https:\/\/www.startlap.hu\/utazas\/porto-latnivalok-portugalia-steiner-kristof-beszamolo\/\" target=\"_blank\" rel=\"noopener noreferrer\">Portug\u00e1li\u00e1ba<\/a> l\u00e1togat\u00f3 turist\u00e1k az\u00e9rt is ker\u00fclhetik el ezt a k\u00fcl\u00f6nleges helysz\u00edn, mert \u00c9vora k\u00e9t \u00e9s f\u00e9l \u00f3r\u00e1nyi vonat\u00fatra van Lisszabont\u00f3l, de busszal is 2 \u00f3ra, aut\u00f3val pedig b\u0151 m\u00e1sf\u00e9l \u00f3ra.<\/p>\n<p>Aki viszont r\u00e1sz\u00e1nja mag\u00e1t, hogy ell\u00e1togasson ide, <strong>b\u00e1rmikor megn\u00e9zheti a k\u0151t\u00f6mb\u00f6ket \u00e9s m\u00e9g bel\u00e9p\u0151d\u00edjat sem kell fizetnie<\/strong>.<\/p>\n<div class=\"o-widget m-readMoreWidget -readMore u-shortDecorLineAfter row widget-container _ce_measure_widget bigdata-widget read-more\" data-ce-measure-widget=\"olvass tov\u00e1bb\">\n\t<div class=\"m-readMoreWidget__imgWrapper image-wrapper col-12 col-md-4 no-p\">\n\t\t<a class=\"m-readMoreWidget__imgLink\" href=\"https:\/\/www.startlap.hu\/utazas\/torokorszag-sziria-foldrenges-tortenelmi-epuletek-omlas-fotok\/\" >\n\t\t\t<img decoding=\"async\" src=\"https:\/\/www.startlap.hu\/utazas\/uploads\/sites\/3\/2023\/02\/068_AA_11022023_1061329-350x285.jpg\" class=\"m-readMoreWidget__img\">\n\t\t<\/a>\n\t<\/div>\n\t<div class=\"m-readMoreWidget__titleWrapper title-wrapper col-12 col-md-8\">\n\t\t<span class=\"m-readMoreWidget__titleLabel u-shortDecorLineBefore label hidden-sm-up\">Ez is \u00e9rdekelhet:<\/span>\n\t\t<h3 class=\"m-readMoreWidget__title title\">\n\t\t\t<a class=\"m-readMoreWidget__titleLink -secondFont u-bold u-upperCase\" href=\"https:\/\/www.startlap.hu\/utazas\/torokorszag-sziria-foldrenges-tortenelmi-epuletek-omlas-fotok\/\" >P\u00e1ratlan helysz\u00ednek, amik megsemmis\u00fcltek a t\u00f6r\u00f6k-sz\u00edr f\u00f6ldreng\u00e9sben<\/a>\n\t\t<\/h3>\n\t\t<a class=\"m-readMoreWidget__btn -coloredBack u-tC link\" href=\"https:\/\/www.startlap.hu\/utazas\/torokorszag-sziria-foldrenges-tortenelmi-epuletek-omlas-fotok\/\" >Elolvasom<\/a>\n\t<\/div>\n<\/div>\n","protected":false},"excerpt":{"rendered":"<p>Az Almendres Cromlech egy \u0151skori k\u0151k\u00f6r a portug\u00e1l \u00c9vora v\u00e1ros mellett, amit tud\u00f3sok szerint id\u0151sz\u00e1m\u00edt\u00e1sunk el\u0151tt 5000 \u00e9vvel \u00e9p\u00edthettek fel.<\/p>\n","protected":false},"author":58,"featured_media":52036,"comment_status":"closed","ping_status":"closed","sticky":false,"template":"","format":"standard","meta":{"footnotes":""},"categories":[70],"tags":[335],"class_list":["post-52035","post","type-post","status-publish","format-standard","has-post-thumbnail","hentry","category-vilag","tag-portugalia"],"aioseo_notices":[],"_links":{"self":[{"href":"https:\/\/www.startlap.hu\/utazas\/wp-json\/wp\/v2\/posts\/52035","targetHints":{"allow":["GET"]}}],"collection":[{"href":"https:\/\/www.startlap.hu\/utazas\/wp-json\/wp\/v2\/posts"}],"about":[{"href":"https:\/\/www.startlap.hu\/utazas\/wp-json\/wp\/v2\/types\/post"}],"author":[{"embeddable":true,"href":"https:\/\/www.startlap.hu\/utazas\/wp-json\/wp\/v2\/users\/58"}],"replies":[{"embeddable":true,"href":"https:\/\/www.startlap.hu\/utazas\/wp-json\/wp\/v2\/comments?post=52035"}],"version-history":[{"count":10,"href":"https:\/\/www.startlap.hu\/utazas\/wp-json\/wp\/v2\/posts\/52035\/revisions"}],"predecessor-version":[{"id":52086,"href":"https:\/\/www.startlap.hu\/utazas\/wp-json\/wp\/v2\/posts\/52035\/revisions\/52086"}],"wp:featuredmedia":[{"embeddable":true,"href":"https:\/\/www.startlap.hu\/utazas\/wp-json\/wp\/v2\/media\/52036"}],"wp:attachment":[{"href":"https:\/\/www.startlap.hu\/utazas\/wp-json\/wp\/v2\/media?parent=52035"}],"wp:term":[{"taxonomy":"category","embeddable":true,"href":"https:\/\/www.startlap.hu\/utazas\/wp-json\/wp\/v2\/categories?post=52035"},{"taxonomy":"post_tag","embeddable":true,"href":"https:\/\/www.startlap.hu\/utazas\/wp-json\/wp\/v2\/tags?post=52035"}],"curies":[{"name":"wp","href":"https:\/\/api.w.org\/{rel}","templated":true}]}}