{"id":50367,"date":"2023-01-17T18:55:40","date_gmt":"2023-01-17T17:55:40","guid":{"rendered":"https:\/\/www.startlap.hu\/utazas\/?p=50367"},"modified":"2023-01-17T18:55:40","modified_gmt":"2023-01-17T17:55:40","slug":"oriasi-ujitas-a-magyar-autopalya-matricaknal","status":"publish","type":"post","link":"https:\/\/www.startlap.hu\/utazas\/oriasi-ujitas-a-magyar-autopalya-matricaknal\/","title":{"rendered":"\u00d3ri\u00e1si \u00faj\u00edt\u00e1s a magyar aut\u00f3p\u00e1lya-matric\u00e1kn\u00e1l"},"content":{"rendered":"<p>Kiemelt\u00e9k, az \u00fcgyfelek ig\u00e9nyeihez igaz\u00edtva, az \u00faj v\u00e1llalati digitaliz\u00e1ci\u00f3s t\u00f6rekv\u00e9seket szem el\u0151tt tartva ind\u00edtott\u00e1k el a saj\u00e1t e-matrica-lek\u00e9rdez\u0151j\u00fcket, amely a N\u00daSZ szerint ebben a t\u00e9m\u00e1ban az egyetlen pontos \u00e9s hivatalos t\u00e1j\u00e9koztat\u00e1st tartalmaz\u00f3 online fel\u00fclet Magyarorsz\u00e1gon.<\/p>\n<h2>Teljesk\u00f6r\u0171 inform\u00e1ci\u00f3t tartalmaz<\/h2>\n<p><em>A telefonos \u00fcgyf\u00e9lszolg\u00e1latra \u00e9rkez\u0151 h\u00edv\u00e1sok k\u00f6z\u00fcl minden \u00f6t\u00f6dikben az adott j\u00e1rm\u0171re \u00e9rv\u00e9nyes aut\u00f3p\u00e1lya-matric\u00e1r\u00f3l \u00e9rdekl\u0151dnek az \u00fcgyfelek, tavaly nagyj\u00e1b\u00f3l 25 ezer alkalommal k\u00e9rdeztek r\u00e1 az e-matric\u00e1ra \u00e9s az \u00e9rv\u00e9nyess\u00e9gre<\/em> &#8211; \u00edrt\u00e1k a k\u00f6zlem\u00e9nyben.<\/p>\n<p>R\u00e9szletezt\u00e9k, hogy az e-matrica-lek\u00e9rdez\u0151 a t\u00e1rsas\u00e1g meg\u00fajult <strong>nemzetiutdij.hu oldal\u00e1n \u00e9rhet\u0151 el<\/strong>, seg\u00edts\u00e9g\u00e9vel b\u00e1rki megn\u00e9zheti, hogy egy adott g\u00e9pj\u00e1rm\u0171 a lek\u00e9rdez\u00e9s id\u0151pillanat\u00e1ban rendelkezik-e \u00e9rv\u00e9nyes aut\u00f3p\u00e1lya-matric\u00e1val.<\/p>\n<figure id=\"attachment_2228459\" aria-describedby=\"caption-attachment-2228459\" style=\"width: 755px\" class=\"wp-caption alignnone\"><img loading=\"lazy\" decoding=\"async\" class=\"size-article-size-large-image wp-image-2228459\" src=\"https:\/\/www.startlap.hu\/vasarlas\/uploads\/2023\/01\/autopalya_-755x409.jpg\" alt=\"Vas\u00e1rnap kora d\u00e9lut\u00e1ni szem\u00e9lyg\u00e9pkocsi forgalom az M1-es \u00e9s az M7-es aut\u00f3p\u00e1ly\u00e1k k\u00f6z\u00f6s f\u0151v\u00e1rosi bevezet\u0151 szakasz\u00e1n Buda\u00f6rs t\u00e9rs\u00e9g\u00e9ben.\" width=\"755\" height=\"409\"><figcaption id=\"caption-attachment-2228459\" class=\"wp-caption-text\">MTVA\/Bizom\u00e1nyosi: J\u00e1szai Csaba<\/figcaption><\/figure>\n<p>Az adatok leh\u00edv\u00e1sa a N\u00daSZ Zrt. saj\u00e1t adatb\u00e1zis\u00e1b\u00f3l t\u00f6rt\u00e9nik, amely teljesk\u00f6r\u0171 inform\u00e1ci\u00f3t tartalmaz a hazai d\u00edjk\u00f6teles utakra t\u00f6rt\u00e9nt matricav\u00e1s\u00e1rl\u00e1sokr\u00f3l.<\/p>\n<p>A lek\u00e9rdez\u00e9s eredm\u00e9nye nem f\u00fcgg a v\u00e1s\u00e1rl\u00e1s m\u00f3dj\u00e1t\u00f3l, hely\u00e9t\u0151l, azaz <strong>mindegy, hogy a vignett\u00e1t a N\u00daSZ Zrt.-n\u00e9l vagy a t\u00e1rsas\u00e1g viszontelad\u00f3 partnerein kereszt\u00fcl<\/strong>, benzink\u00faton, az interneten, esetleg SMS-ben vagy mobilapplik\u00e1ci\u00f3n kereszt\u00fcl vett\u00e9k-e meg &#8211; h\u00edvt\u00e1k fel a figyelmet a k\u00f6zlem\u00e9nyben.<\/p>\n<h2>Az eredm\u00e9ny mindig a lek\u00e9rdez\u00e9s id\u0151pontj\u00e1ra vonatkozik<\/h2>\n<p>Hangs\u00falyozt\u00e1k, az \u00e9rv\u00e9nyes e-matric\u00e1k lek\u00e9rdez\u00e9se egyszer\u0171 \u00e9s gyors, nincs sz\u00fcks\u00e9g hozz\u00e1 el\u0151zetes regisztr\u00e1ci\u00f3ra, csak a j\u00e1rm\u0171 fels\u00e9gjelz\u00e9s\u00e9t \u00e9s rendsz\u00e1m\u00e1t kell megadni a folyamat sor\u00e1n.<\/p>\n<p>Az eredm\u00e9ny mindig a lek\u00e9rdez\u00e9s id\u0151pontj\u00e1ra vonatkozik, \u00e9s az <strong>\u00e9ppen aktu\u00e1lisan \u00e9rv\u00e9nyes e-matric\u00e1k adatait tartalmazza<\/strong>, \u00edgy a vignetta t\u00edpus\u00e1t, \u00e9rv\u00e9nyess\u00e9gi idej\u00e9t, valamint t\u00f6bb megyei matrica eset\u00e9n a megy\u00e9k felsorol\u00e1s\u00e1t.<\/p>\n<figure id=\"attachment_2228460\" aria-describedby=\"caption-attachment-2228460\" style=\"width: 755px\" class=\"wp-caption alignnone\"><img loading=\"lazy\" decoding=\"async\" class=\"size-article-size-large-image wp-image-2228460\" src=\"https:\/\/www.startlap.hu\/vasarlas\/uploads\/2023\/01\/autopalya2-755x463.jpg\" alt=\"Szem\u00e9lyaut\u00f3k haladnak az M30-as aut\u00f3\u00faton Borsod-Aba\u00faj-Zempl\u00e9n megy\u00e9ben.\" width=\"755\" height=\"463\"><figcaption id=\"caption-attachment-2228460\" class=\"wp-caption-text\">MTVA\/Bizom\u00e1nyosi: J\u00e1szai Csaba<\/figcaption><\/figure>\n<p>A k\u00f6zlem\u00e9nyben kit\u00e9rtek arra, amennyiben a rendszer nem tal\u00e1l az adatb\u00e1zisban \u00e9rv\u00e9nyes e-matric\u00e1t, a fel\u00fcletr\u0151l egy kattint\u00e1ssal el lehet jutni a t\u00e1rsas\u00e1g \u00e9rt\u00e9kes\u00edt\u00e9si fel\u00fclet\u00e9re, ahol az \u00fathaszn\u00e1l\u00f3 meg tudja v\u00e1s\u00e1rolni a sz\u00fcks\u00e9ges \u00fathaszn\u00e1lati jogosults\u00e1got.<\/p>\n<blockquote class=\"article__extraTxt\"><p>\u00c9ves szinten mintegy 15 milli\u00f3 darab e-matric\u00e1t v\u00e1s\u00e1rolnak a k\u00f6zleked\u0151k k\u00f6r\u00fclbel\u00fcl 6,5-7 milli\u00f3 j\u00e1rm\u0171re.<\/p><\/blockquote>\n<p>A megv\u00e1s\u00e1rolt aut\u00f3p\u00e1lya-matric\u00e1k legnagyobb r\u00e9sz\u00e9t <strong>szem\u00e9lyg\u00e9pj\u00e1rm\u0171vekre (D1 d\u00edjkateg\u00f3ria) veszik az \u00fathaszn\u00e1l\u00f3k<\/strong>, nekik jelentheti a legnagyobb seg\u00edts\u00e9get az \u00fajonnan indul\u00f3 e-matrica-lek\u00e9rdez\u0151 &#8211; ismertett\u00e9k a k\u00f6zlem\u00e9nyben.<\/p>\n<p>Az online fel\u00fclet b\u00e1rmikor haszn\u00e1lhat\u00f3, de <strong>k\u00fcl\u00f6n\u00f6sen hasznos a d\u00edjk\u00f6teles \u00fatra val\u00f3 felhajt\u00e1s el\u0151tt<\/strong>, hiszen seg\u00edts\u00e9get ny\u00fajt abban, hogy a k\u00f6zleked\u0151k a hivatalos, pontos inform\u00e1ci\u00f3 birtok\u00e1ban a szab\u00e1lyoknak megfelel\u0151en tudj\u00e1k haszn\u00e1lni a hazai d\u00edjk\u00f6teles gyorsforgalmi utakat &#8211; t\u00e1j\u00e9koztatott a Nemzeti \u00datd\u00edjfizet\u00e9si Szolg\u00e1ltat\u00f3 Zrt.<\/p>\n<p><span style=\"font-size: 12px\">(MTI)<\/span><\/p>\n","protected":false},"excerpt":{"rendered":"<p>A Nemzeti \u00datd\u00edjfizet\u00e9si Szolg\u00e1ltat\u00f3 Zrt. (N\u00daSZ) elind\u00edtotta online e-matrica-lek\u00e9rdez\u0151 fel\u00fclet\u00e9t, ahol egy adott j\u00e1rm\u0171re \u00e9rv\u00e9nyes aut\u00f3p\u00e1lya-matric\u00e1kr\u00f3l lehet t\u00e1j\u00e9koz\u00f3dni, ezzel a t\u00e1rsas\u00e1g \u00fajabb l\u00e9p\u00e9st tett az \u00fcgyint\u00e9z\u00e9si folyamatok digitaliz\u00e1l\u00e1s\u00e1ra &#8211; k\u00f6z\u00f6lte a szolg\u00e1ltat\u00f3 kedden.<\/p>\n","protected":false},"author":8,"featured_media":50368,"comment_status":"open","ping_status":"open","sticky":false,"template":"","format":"standard","meta":{"footnotes":""},"categories":[7],"tags":[1147,3470],"class_list":["post-50367","post","type-post","status-publish","format-standard","has-post-thumbnail","hentry","category-belfold-utazas","tag-autopalya","tag-autopalya-matrica"],"aioseo_notices":[],"_links":{"self":[{"href":"https:\/\/www.startlap.hu\/utazas\/wp-json\/wp\/v2\/posts\/50367","targetHints":{"allow":["GET"]}}],"collection":[{"href":"https:\/\/www.startlap.hu\/utazas\/wp-json\/wp\/v2\/posts"}],"about":[{"href":"https:\/\/www.startlap.hu\/utazas\/wp-json\/wp\/v2\/types\/post"}],"author":[{"embeddable":true,"href":"https:\/\/www.startlap.hu\/utazas\/wp-json\/wp\/v2\/users\/8"}],"replies":[{"embeddable":true,"href":"https:\/\/www.startlap.hu\/utazas\/wp-json\/wp\/v2\/comments?post=50367"}],"version-history":[{"count":3,"href":"https:\/\/www.startlap.hu\/utazas\/wp-json\/wp\/v2\/posts\/50367\/revisions"}],"predecessor-version":[{"id":50371,"href":"https:\/\/www.startlap.hu\/utazas\/wp-json\/wp\/v2\/posts\/50367\/revisions\/50371"}],"wp:featuredmedia":[{"embeddable":true,"href":"https:\/\/www.startlap.hu\/utazas\/wp-json\/wp\/v2\/media\/50368"}],"wp:attachment":[{"href":"https:\/\/www.startlap.hu\/utazas\/wp-json\/wp\/v2\/media?parent=50367"}],"wp:term":[{"taxonomy":"category","embeddable":true,"href":"https:\/\/www.startlap.hu\/utazas\/wp-json\/wp\/v2\/categories?post=50367"},{"taxonomy":"post_tag","embeddable":true,"href":"https:\/\/www.startlap.hu\/utazas\/wp-json\/wp\/v2\/tags?post=50367"}],"curies":[{"name":"wp","href":"https:\/\/api.w.org\/{rel}","templated":true}]}}