{"id":45739,"date":"2022-07-31T12:58:29","date_gmt":"2022-07-31T10:58:29","guid":{"rendered":"https:\/\/www.startlap.hu\/utazas\/?p=45739"},"modified":"2022-07-31T12:58:29","modified_gmt":"2022-07-31T10:58:29","slug":"volkswagen-dron","status":"publish","type":"post","link":"https:\/\/www.startlap.hu\/utazas\/volkswagen-dron\/","title":{"rendered":"Meg\u00e9rkezett a Volkswagen dr\u00f3nja, amiben egy eg\u00e9sz csal\u00e1d elf\u00e9r"},"content":{"rendered":"<p>Hamarabb elj\u00f6het a nap, mint gondoln\u00e1nk, amikor az \u00e9gre tekint\u00fcnk, \u00e9s l\u00e1tjuk, ahogy szomsz\u00e9daink rep\u00fcl\u0151 aut\u00f3ikkal elsz\u00e1guldanak mellett\u00fcnk. Bemutat\u00e1sra ker\u00fclt ugyanis a Volkswagen Group China szem\u00e9lysz\u00e1ll\u00edt\u00f3 dr\u00f3nja, a V.MO protot\u00edpusa, amelyen 2020 \u00f3ta dolgozott a k\u00ednai le\u00e1nyv\u00e1llalat.<\/p>\n<p>Az eVTOL (electric vertical take-off and landing, vagyis egy f\u00fcgg\u0151leges fel- \u00e9s lesz\u00e1ll\u00e1sra k\u00e9pes l\u00e9gi j\u00e1rm\u0171) tervez\u00e9s\u00e9ben a Tangerine nev\u0171 londoni sz\u00e9khely\u0171 diz\u00e1jnst\u00fadi\u00f3 is r\u00e9szt vett, miut\u00e1n megnyert egy versenyt a Volkswagennel val\u00f3 egy\u00fcttm\u0171k\u00f6d\u00e9sre. A st\u00fadi\u00f3 feladata a <a href=\"https:\/\/www.startlap.hu\/vasarlas\/szelfi-dron-snap-2022\/\" target=\"_blank\" rel=\"noopener noreferrer\">dr\u00f3n<\/a> k\u00fcls\u0151 \u00e9s bels\u0151 kialak\u00edt\u00e1s\u00e1nak megtervez\u00e9se volt.<\/p>\n<figure id=\"attachment_45741\" aria-describedby=\"caption-attachment-45741\" style=\"width: 755px\" class=\"wp-caption alignnone\"><img loading=\"lazy\" decoding=\"async\" class=\"size-article-size-large-image wp-image-45741\" src=\"https:\/\/www.startlap.hu\/utazas\/uploads\/sites\/3\/2022\/07\/volkswagen-dr\u00f3n-755x503.jpg\" alt=\"A V.MO k\u00edv\u00fclr\u0151l - elk\u00e9sz\u00fclt a Volkswagen szem\u00e9lysz\u00e1ll\u00edt\u00f3 dr\u00f3nj\u00e1nak protot\u00edpusa\" width=\"755\" height=\"503\" srcset=\"https:\/\/www.startlap.hu\/utazas\/uploads\/sites\/3\/2022\/07\/volkswagen-dr\u00f3n-755x503.jpg 755w, https:\/\/www.startlap.hu\/utazas\/uploads\/sites\/3\/2022\/07\/volkswagen-dr\u00f3n-525x350.jpg 525w, https:\/\/www.startlap.hu\/utazas\/uploads\/sites\/3\/2022\/07\/volkswagen-dr\u00f3n.jpg 1160w\" sizes=\"auto, (max-width: 755px) 100vw, 755px\" \/><figcaption id=\"caption-attachment-45741\" class=\"wp-caption-text\">Volkswagen<\/figcaption><\/figure>\n<p>A gy\u00e1rt\u00f3csapat \u00e1ltal a fekete-narancs cs\u00edkoz\u00e1s miatt &#8222;Rep\u00fcl\u0151 Tigrisnek&#8221; keresztelt elektromos szem\u00e9lyi rep\u00fcl\u0151g\u00e9p<strong> t\u00f6bb mint 11 m\u00e9ter hossz\u00fa, mintegy 10,5 m\u00e9ter sz\u00e9les, \u00e9s a sz\u00e1rnyakra hat, m\u00edg a g\u00e9ptest h\u00e1ts\u00f3 r\u00e9sz\u00e9hez k\u00e9t l\u00e9gcsavar van r\u00f6gz\u00edtve<\/strong>. A fel- \u00e9s lesz\u00e1ll\u00e1st megk\u00f6nny\u00edtend\u0151, a Rep\u00fcl\u0151 Tigris a helikopterekre jellemz\u0151 talpakkal rendelkezik.<\/p>\n<div class='iframe-wrapper youtube'><iframe loading=\"lazy\" title=\"VW Group China V.MO eVTOL designed in collaboration with tangerine\" width=\"500\" height=\"281\" src=\"https:\/\/www.youtube.com\/embed\/T5mLYrUyg1M?feature=oembed\" frameborder=\"0\" allow=\"accelerometer; autoplay; clipboard-write; encrypted-media; gyroscope; picture-in-picture; web-share\" referrerpolicy=\"strict-origin-when-cross-origin\" allowfullscreen><\/iframe><\/div>\n<p>A k\u00f6vetkez\u0151 k\u00e9t \u00e9vre a <a href=\"https:\/\/www.startlap.hu\/vasarlas\/hutotaska-volkswagen-t1-lakokocsi-strand\/\" target=\"_blank\" rel=\"noopener noreferrer\">Volkswagen<\/a> c\u00e9lja, hogy a V.MO-t szigor\u00fa tesztel\u00e9snek vess\u00e9k al\u00e1. A v\u00e9gs\u0151 tesztek sor\u00e1n a tervek szerint&nbsp;a j\u00e1rm\u0171<\/p>\n<blockquote class=\"article__extraTxt\"><p>&nbsp;n\u00e9gy utas befogad\u00e1s\u00e1ra lesz alkalmas a csomagokkal egy\u00fctt, \u00e9s \u00f6sszesen 200 kilom\u00e9tert tud majd megtenni.&nbsp;<\/p><\/blockquote>\n<p>A Volkswagen China t\u00e1rgyal\u00e1sokat folytat a szem\u00e9lysz\u00e1ll\u00edt\u00f3 rep\u00fcl\u0151 kereskedelmi c\u00e9l\u00fa gy\u00e1rt\u00e1s\u00e1hoz sz\u00fcks\u00e9ges tan\u00fas\u00edtv\u00e1ny megszerz\u00e9s\u00e9\u00e9rt.<\/p>\n<p>(via <a href=\"https:\/\/designtaxi.com\/news\/419712\/Volkswagen-Unveils-A-Prototype-Of-Its-X-Wing-Passenger-Drone\/\" target=\"_blank\" target=\"_blank\" rel=\"noopener noreferrer\">Designtaxi<\/a>)<\/p>\n<div class=\"o-widget m-readMoreWidget -readMore u-shortDecorLineAfter row widget-container _ce_measure_widget bigdata-widget read-more\" data-ce-measure-widget=\"olvass tov\u00e1bb\">\n\t<div class=\"m-readMoreWidget__imgWrapper image-wrapper col-12 col-md-4 no-p\">\n\t\t<a class=\"m-readMoreWidget__imgLink\" href=\"https:\/\/www.startlap.hu\/utazas\/jetson-one-repulo-auto\/\" >\n\t\t\t<img decoding=\"async\" src=\"https:\/\/www.startlap.hu\/utazas\/uploads\/sites\/3\/2022\/01\/GettyImages-93744911-350x285.jpg\" class=\"m-readMoreWidget__img\">\n\t\t<\/a>\n\t<\/div>\n\t<div class=\"m-readMoreWidget__titleWrapper title-wrapper col-12 col-md-8\">\n\t\t<span class=\"m-readMoreWidget__titleLabel u-shortDecorLineBefore label hidden-sm-up\">Ez is \u00e9rdekelhet:<\/span>\n\t\t<h3 class=\"m-readMoreWidget__title title\">\n\t\t\t<a class=\"m-readMoreWidget__titleLink -secondFont u-bold u-upperCase\" href=\"https:\/\/www.startlap.hu\/utazas\/jetson-one-repulo-auto\/\" >Meg\u00e9rkezett a pil\u00f3ta enged\u00e9ly n\u00e9lk\u00fcl vezethet\u0151 rep\u00fcl\u0151 aut\u00f3, m\u00e1r az el\u0151rendel\u00e9sen elkapkodt\u00e1k az \u00f6sszeset<\/a>\n\t\t<\/h3>\n\t\t<a class=\"m-readMoreWidget__btn -coloredBack u-tC link\" href=\"https:\/\/www.startlap.hu\/utazas\/jetson-one-repulo-auto\/\" >Elolvasom<\/a>\n\t<\/div>\n<\/div>\n","protected":false},"excerpt":{"rendered":"<p>A 11 m\u00e9ter hossz\u00fa V.MO-t a Volkswagen k\u00ednai le\u00e1nyv\u00e1llalata gy\u00e1rtotta le, \u00e9s a tervek szerint n\u00e9gy utassal fog tudni 200 kilom\u00e9teres t\u00e1vols\u00e1got megtenni.<\/p>\n","protected":false},"author":14,"featured_media":45741,"comment_status":"open","ping_status":"open","sticky":false,"template":"","format":"standard","meta":{"footnotes":""},"categories":[70],"tags":[3379,505,2769],"class_list":["post-45739","post","type-post","status-publish","format-standard","has-post-thumbnail","hentry","category-vilag","tag-dron","tag-repulogep","tag-volkswagen"],"aioseo_notices":[],"_links":{"self":[{"href":"https:\/\/www.startlap.hu\/utazas\/wp-json\/wp\/v2\/posts\/45739","targetHints":{"allow":["GET"]}}],"collection":[{"href":"https:\/\/www.startlap.hu\/utazas\/wp-json\/wp\/v2\/posts"}],"about":[{"href":"https:\/\/www.startlap.hu\/utazas\/wp-json\/wp\/v2\/types\/post"}],"author":[{"embeddable":true,"href":"https:\/\/www.startlap.hu\/utazas\/wp-json\/wp\/v2\/users\/14"}],"replies":[{"embeddable":true,"href":"https:\/\/www.startlap.hu\/utazas\/wp-json\/wp\/v2\/comments?post=45739"}],"version-history":[{"count":3,"href":"https:\/\/www.startlap.hu\/utazas\/wp-json\/wp\/v2\/posts\/45739\/revisions"}],"predecessor-version":[{"id":45744,"href":"https:\/\/www.startlap.hu\/utazas\/wp-json\/wp\/v2\/posts\/45739\/revisions\/45744"}],"wp:featuredmedia":[{"embeddable":true,"href":"https:\/\/www.startlap.hu\/utazas\/wp-json\/wp\/v2\/media\/45741"}],"wp:attachment":[{"href":"https:\/\/www.startlap.hu\/utazas\/wp-json\/wp\/v2\/media?parent=45739"}],"wp:term":[{"taxonomy":"category","embeddable":true,"href":"https:\/\/www.startlap.hu\/utazas\/wp-json\/wp\/v2\/categories?post=45739"},{"taxonomy":"post_tag","embeddable":true,"href":"https:\/\/www.startlap.hu\/utazas\/wp-json\/wp\/v2\/tags?post=45739"}],"curies":[{"name":"wp","href":"https:\/\/api.w.org\/{rel}","templated":true}]}}