{"id":45371,"date":"2022-07-15T15:40:43","date_gmt":"2022-07-15T13:40:43","guid":{"rendered":"https:\/\/www.startlap.hu\/utazas\/?p=45371"},"modified":"2022-07-15T14:40:56","modified_gmt":"2022-07-15T12:40:56","slug":"belepodijat-vezethetnek-be-a-magas-tatraban","status":"publish","type":"post","link":"https:\/\/www.startlap.hu\/utazas\/belepodijat-vezethetnek-be-a-magas-tatraban\/","title":{"rendered":"Bel\u00e9p\u0151d\u00edjat vezethetnek be a Magas-T\u00e1tr\u00e1ban"},"content":{"rendered":"<p>Id\u00e9n egyel\u0151re csak \u00f6nk\u00e9ntesen, 1 eur\u00f3s bel\u00e9p\u0151d\u00edjjal indulna el a rendszer \u2013 \u00edrja a <a href=\"https:\/\/telex.hu\/kulfold\/2022\/07\/15\/magas-tatra-tatrai-nemzeti-park-belepo-penz-fontolgatas-terv\" target=\"_blank\" target=\"_blank\" rel=\"noopener noreferrer\"><strong>Telex<\/strong><\/a> a szlov\u00e1k <a href=\"https:\/\/tvnoviny.sk\/domace\/clanok\/204819-vo-vysokych-tatrach-sa-pripravuju-na-vyberanie-vstupneho-platit-by-mali-aj-nevesty-ci-sportovci\" target=\"_blank\" target=\"_blank\" rel=\"noopener noreferrer\"><strong>Mark\u00edza h\u00edrad\u00f3ja<\/strong><\/a> alapj\u00e1n.<\/p>\n<blockquote class=\"article__extraTxt\"><p>A Magas-T\u00e1tra \u00e9vente n\u00e9gymilli\u00f3 turist\u00e1t vonz,<\/p><\/blockquote>\n<p>\u00edgy ha maradna a fejenk\u00e9nt egy eur\u00f3 az is rengeteg bev\u00e9telt hozna a Nemzeti Parknak, b\u00e1r a pontos \u00f6sszeget m\u00e9g nem lehet tudni.<\/p>\n<figure id=\"attachment_45372\" aria-describedby=\"caption-attachment-45372\" style=\"width: 755px\" class=\"wp-caption alignnone\"><img loading=\"lazy\" decoding=\"async\" class=\"size-article-size-large-image wp-image-45372\" src=\"https:\/\/www.startlap.hu\/utazas\/uploads\/sites\/3\/2022\/07\/magas-t\u00e1tra-755x503.jpg\" alt=\"Magas-T\u00e1tra\" width=\"755\" height=\"503\" srcset=\"https:\/\/www.startlap.hu\/utazas\/uploads\/sites\/3\/2022\/07\/magas-t\u00e1tra-755x503.jpg 755w, https:\/\/www.startlap.hu\/utazas\/uploads\/sites\/3\/2022\/07\/magas-t\u00e1tra-1536x1024.jpg 1536w, https:\/\/www.startlap.hu\/utazas\/uploads\/sites\/3\/2022\/07\/magas-t\u00e1tra-525x350.jpg 525w, https:\/\/www.startlap.hu\/utazas\/uploads\/sites\/3\/2022\/07\/magas-t\u00e1tra.jpg 1773w\" sizes=\"auto, (max-width: 755px) 100vw, 755px\" \/><figcaption id=\"caption-attachment-45372\" class=\"wp-caption-text\">Fot\u00f3: Getty Images<\/figcaption><\/figure>\n<p>Az viszont ismert, hogy a &#8222;h\u00e9tk\u00f6znapi&#8221; turist\u00e1knak kevesebbet kellene fizetni\u00fck, m\u00edg azoknak,<\/p>\n<blockquote class=\"article__extraTxt\"><p>akik rendezv\u00e9nyeket, forgat\u00e1sokat, fot\u00f3z\u00e1sokat akarnak tartani, t\u00f6bbe ker\u00fclne a bel\u00e9p\u00e9s.<\/p><\/blockquote>\n<p>P\u00e9ld\u00e1ul egy esk\u00fcv\u0151i fot\u00f3z\u00e1s \u00e1ra sz\u00e1z eur\u00f3 lenne. De azokt\u00f3l a sportol\u00f3kt\u00f3l is p\u00e9nzt k\u00e9rn\u00e9nek, akik a nemzeti parkban megrendezett versenyeken vesznek r\u00e9szt.<\/p>\n<p>Pavol Majko parkvezet\u0151 elmondta, hogy a p\u00e9nzt a turisztikai infrastrukt\u00fara karbantart\u00e1s\u00e1ra \u00e9s fejleszt\u00e9s\u00e9re ford\u00edtan\u00e1k.<\/p>\n<div class=\"o-widget m-readMoreWidget -readMore u-shortDecorLineAfter row widget-container _ce_measure_widget bigdata-widget read-more\" data-ce-measure-widget=\"olvass tov\u00e1bb\">\n\t<div class=\"m-readMoreWidget__imgWrapper image-wrapper col-12 col-md-4 no-p\">\n\t\t<a class=\"m-readMoreWidget__imgLink\" href=\"https:\/\/www.startlap.hu\/utazas\/a-hiressegeket-is-vonzotta-a-magas-tatra-a-monarchiaban-utazas-a-tortenelemben-iv-resz\/\" >\n\t\t\t<img decoding=\"async\" src=\"https:\/\/www.startlap.hu\/utazas\/uploads\/sites\/3\/2020\/11\/magas-tatra-350x285.jpg\" class=\"m-readMoreWidget__img\">\n\t\t<\/a>\n\t<\/div>\n\t<div class=\"m-readMoreWidget__titleWrapper title-wrapper col-12 col-md-8\">\n\t\t<span class=\"m-readMoreWidget__titleLabel u-shortDecorLineBefore label hidden-sm-up\">Ez is \u00e9rdekelhet:<\/span>\n\t\t<h3 class=\"m-readMoreWidget__title title\">\n\t\t\t<a class=\"m-readMoreWidget__titleLink -secondFont u-bold u-upperCase\" href=\"https:\/\/www.startlap.hu\/utazas\/a-hiressegeket-is-vonzotta-a-magas-tatra-a-monarchiaban-utazas-a-tortenelemben-iv-resz\/\" >A h\u00edress\u00e9geket is vonzotta a Magas-T\u00e1tra a Monarchi\u00e1ban \u2013 Utaz\u00e1s a t\u00f6rt\u00e9nelemben IV. r\u00e9sz<\/a>\n\t\t<\/h3>\n\t\t<a class=\"m-readMoreWidget__btn -coloredBack u-tC link\" href=\"https:\/\/www.startlap.hu\/utazas\/a-hiressegeket-is-vonzotta-a-magas-tatra-a-monarchiaban-utazas-a-tortenelemben-iv-resz\/\" >Elolvasom<\/a>\n\t<\/div>\n<\/div>\n","protected":false},"excerpt":{"rendered":"<p>Szlov\u00e1ki\u00e1ban bel\u00e9p\u0151d\u00edjat szedn\u00e9nek azokt\u00f3l, akik a T\u00e1trai Nemzeti Parkba akarnak kir\u00e1ndulni. <\/p>\n","protected":false},"author":56,"featured_media":45372,"comment_status":"open","ping_status":"open","sticky":false,"template":"","format":"standard","meta":{"footnotes":""},"categories":[70],"tags":[1934,7247,3235,1804,1637],"class_list":["post-45371","post","type-post","status-publish","format-standard","has-post-thumbnail","hentry","category-vilag","tag-belepojegy","tag-karpatok","tag-magas-tatra","tag-nemzeti-park","tag-szlovakia"],"aioseo_notices":[],"_links":{"self":[{"href":"https:\/\/www.startlap.hu\/utazas\/wp-json\/wp\/v2\/posts\/45371","targetHints":{"allow":["GET"]}}],"collection":[{"href":"https:\/\/www.startlap.hu\/utazas\/wp-json\/wp\/v2\/posts"}],"about":[{"href":"https:\/\/www.startlap.hu\/utazas\/wp-json\/wp\/v2\/types\/post"}],"author":[{"embeddable":true,"href":"https:\/\/www.startlap.hu\/utazas\/wp-json\/wp\/v2\/users\/56"}],"replies":[{"embeddable":true,"href":"https:\/\/www.startlap.hu\/utazas\/wp-json\/wp\/v2\/comments?post=45371"}],"version-history":[{"count":5,"href":"https:\/\/www.startlap.hu\/utazas\/wp-json\/wp\/v2\/posts\/45371\/revisions"}],"predecessor-version":[{"id":45377,"href":"https:\/\/www.startlap.hu\/utazas\/wp-json\/wp\/v2\/posts\/45371\/revisions\/45377"}],"wp:featuredmedia":[{"embeddable":true,"href":"https:\/\/www.startlap.hu\/utazas\/wp-json\/wp\/v2\/media\/45372"}],"wp:attachment":[{"href":"https:\/\/www.startlap.hu\/utazas\/wp-json\/wp\/v2\/media?parent=45371"}],"wp:term":[{"taxonomy":"category","embeddable":true,"href":"https:\/\/www.startlap.hu\/utazas\/wp-json\/wp\/v2\/categories?post=45371"},{"taxonomy":"post_tag","embeddable":true,"href":"https:\/\/www.startlap.hu\/utazas\/wp-json\/wp\/v2\/tags?post=45371"}],"curies":[{"name":"wp","href":"https:\/\/api.w.org\/{rel}","templated":true}]}}