{"id":44173,"date":"2022-07-05T06:08:32","date_gmt":"2022-07-05T04:08:32","guid":{"rendered":"https:\/\/www.startlap.hu\/utazas\/?p=44173"},"modified":"2022-07-03T08:17:12","modified_gmt":"2022-07-03T06:17:12","slug":"luxemburg","status":"publish","type":"post","link":"https:\/\/www.startlap.hu\/utazas\/luxemburg\/","title":{"rendered":"Egy N\u00f3gr\u00e1d megye m\u00e9ret\u0171 \u00e1llamban van Eur\u00f3pa legszebb terasza"},"content":{"rendered":"<div class=\"m-card -authorCard m-authorCard\">\n\t<div class=\"m-card__role\">Vend\u00e9gszerz\u0151<\/div>\n\t<img decoding=\"async\" class=\"m-card__img\" src=\"https:\/\/www.startlap.hu\/utazas\/uploads\/sites\/3\/2019\/08\/Bago\u0301-Tu\u0308nde.png\" alt=\"\u00c9let S\u00f3ja\">\n\t<div class=\"m-card__wrapCnt\">\n\t\t<h3 class=\"m-card__authorName\">\u00c9let S\u00f3ja<\/h3>\n\t\t<div class=\"m-card__txt\">Bag\u00f3 T\u00fcnde az \u00c9let s\u00f3ja blog szerz\u0151je. Foglalkozott kult\u00far\u00e1val, tan\u00edt\u00e1ssal, majd \u00e1tnyargalt jog\u00e1sznak. Szereti az \u00e9let s\u00f3j\u00e1t, az utaz\u00e1sokat, a gasztron\u00f3mi\u00e1t, a kult\u00far\u00e1t, a m\u0171v\u00e9szetet, a t\u00f6rt\u00e9nelmet, s mindent, ami megf\u0171szerezi az \u00e9let\u00fcnket.<\/div>\n\t\t<a class=\"m-card__linkBtn\" href=\"https:\/\/www.startlap.hu\/utazas\/author\/eletsoja\/\">Cikkei<\/a>\n\t<\/div>\n<\/div>\n\n<p>Els\u0151 tal\u00e1lkoz\u00e1som Luxemburggal tizenn\u00e9gy \u00e9vvel ezel\u0151tt t\u00f6rt\u00e9nt, az\u00f3ta nem \u00e9rtem, hogyan lehets\u00e9ges az, hogy a k\u00f6rnyezetemben csak kevesen t\u0171zik bakancslist\u00e1jukra ezt az eur\u00f3pai orsz\u00e1got. Szerelem volt els\u0151 l\u00e1t\u00e1sra \u2013 \u00e9lhetn\u00e9k ezzel a klis\u00e9s mondattal, de ez csak r\u00e9szben lenne igaz. Megtetszett, k\u00e9ts\u00e9gtelen, de val\u00f3j\u00e1ban a m\u00e1sodik l\u00e1togat\u00e1s alatt szerettem bel\u00e9 igaz\u00e1n. Szerelm\u00fcnk t\u00e1vkapcsolatra \u00edt\u00e9ltetett, az \u00fajabb \u00e9s \u00fajabb l\u00e1togat\u00e1sok azonban nem hagyt\u00e1k kialudni a t\u00fczet.<\/p>\n<figure id=\"attachment_44685\" aria-describedby=\"caption-attachment-44685\" style=\"width: 755px\" class=\"wp-caption aligncenter\"><a href=\"https:\/\/www.startlap.hu\/utazas\/uploads\/sites\/3\/2022\/06\/Foto\u03011-Luxembourg-e\u0301jjel.jpg\"><img loading=\"lazy\" decoding=\"async\" class=\"size-article-size-large-image wp-image-44685\" src=\"https:\/\/www.startlap.hu\/utazas\/uploads\/sites\/3\/2022\/06\/Foto\u03011-Luxembourg-e\u0301jjel-755x442.jpg\" alt=\"Luxemburg \u00e9jjel\" width=\"755\" height=\"442\" srcset=\"https:\/\/www.startlap.hu\/utazas\/uploads\/sites\/3\/2022\/06\/Foto\u03011-Luxembourg-e\u0301jjel-755x442.jpg 755w, https:\/\/www.startlap.hu\/utazas\/uploads\/sites\/3\/2022\/06\/Foto\u03011-Luxembourg-e\u0301jjel-597x350.jpg 597w, https:\/\/www.startlap.hu\/utazas\/uploads\/sites\/3\/2022\/06\/Foto\u03011-Luxembourg-e\u0301jjel.jpg 1280w\" sizes=\"auto, (max-width: 755px) 100vw, 755px\" \/><\/a><figcaption id=\"caption-attachment-44685\" class=\"wp-caption-text\">Luxemburg \u00e9jjel<\/figcaption><\/figure>\n<p>Az \u00c9let s\u00f3ja blogon t\u00f6bbsz\u00f6r is \u00edrtam Luxemburgr\u00f3l, n\u00e9h\u00e1nyan vissza is jeleztek, hogy mennyire igazam volt, t\u00e9nyleg leny\u0171g\u00f6z\u0151 a kis \u00e1llam. Az igazi visszacsatol\u00e1st, miszerint Luxemburgot l\u00e1tni kell, egy bar\u00e1ti csapat idegenvezet\u00e9se sor\u00e1n kaptam meg. \u00c1multak ott, h\u00e1l\u00e1lkodtak hazafel\u00e9 \u00e9s emlegetik mai napig a nagy Luxemburg-felfedez\u0151 t\u00far\u00e1t.<\/p>\n<p>Elfogults\u00e1gom \u2013 ami a szerelem miatt nyilv\u00e1n fenn\u00e1ll \u2013 olyan hossz\u00fa cikket eredm\u00e9nyezne, hogy nem f\u00e9rne ki a Startlap Utaz\u00e1s oldal\u00e1ra, ez\u00e9rt ink\u00e1bb csak k\u00e9peket villantok fel az orsz\u00e1gr\u00f3l n\u00e9h\u00e1ny tipp k\u00eds\u00e9ret\u00e9ben. Rem\u00e9lem, ebb\u0151l is j\u00f3l l\u00e1tszik majd, hogy Luxemburg kiv\u00e1l\u00f3 \u00fati c\u00e9l, olyan hely, amely nem fedezhet\u0151 fel csup\u00e1n egyetlen nap alatt. S ne feledj\u00fck, hogy Budapestr\u0151l k\u00f6zvetlen rep\u00fcl\u0151j\u00e1rattal k\u00f6nnyen eljuthatunk a vil\u00e1g egyetlen nagyhercegs\u00e9g\u00e9be, Luxemburgba.<\/p>\n<figure id=\"attachment_44686\" aria-describedby=\"caption-attachment-44686\" style=\"width: 755px\" class=\"wp-caption aligncenter\"><a href=\"https:\/\/www.startlap.hu\/utazas\/uploads\/sites\/3\/2022\/06\/Foto\u03012-Ponte_Adolph_hi\u0301d.jpg\"><img loading=\"lazy\" decoding=\"async\" class=\"size-article-size-large-image wp-image-44686\" src=\"https:\/\/www.startlap.hu\/utazas\/uploads\/sites\/3\/2022\/06\/Foto\u03012-Ponte_Adolph_hi\u0301d-755x635.jpg\" alt=\"Adolph h\u00edd Luxemburgban\" width=\"755\" height=\"635\" srcset=\"https:\/\/www.startlap.hu\/utazas\/uploads\/sites\/3\/2022\/06\/Foto\u03012-Ponte_Adolph_hi\u0301d-755x635.jpg 755w, https:\/\/www.startlap.hu\/utazas\/uploads\/sites\/3\/2022\/06\/Foto\u03012-Ponte_Adolph_hi\u0301d-416x350.jpg 416w, https:\/\/www.startlap.hu\/utazas\/uploads\/sites\/3\/2022\/06\/Foto\u03012-Ponte_Adolph_hi\u0301d.jpg 1280w\" sizes=\"auto, (max-width: 755px) 100vw, 755px\" \/><\/a><figcaption id=\"caption-attachment-44686\" class=\"wp-caption-text\">Adolph h\u00edd Luxemburgban<\/figcaption><\/figure>\n<p>Luxemburg ugyanis nem csup\u00e1n Luxembourg v\u00e1ros\u00e1t jelenti, hanem egy <strong>N\u00f3gr\u00e1d megye nagys\u00e1g\u00fa orsz\u00e1got<\/strong>, amelyet az Ardennek dombjai \u00e9s erd\u0151inek z\u00f6ldje izgalmass\u00e1, tiszt\u00e1v\u00e1, a luxemburgi gr\u00f3fok (akik k\u00f6z\u00fcl egyik-m\u00e1sik n\u00e9met-r\u00f3mai cs\u00e1sz\u00e1r is lett) \u00e9s az orsz\u00e1got megsz\u00e1ll\u00f3 burgundi, spanyol, francia \u00e9s porosz er\u0151k v\u00e1rkast\u00e9lyai t\u00f6rt\u00e9nelmiv\u00e9, az Eur\u00f3pai Uni\u00f3 irodah\u00e1zai modernn\u00e9, a v\u00f6r\u00f6s szikl\u00e1k egykori b\u00e1ny\u00e1i gazdagg\u00e1, lak\u00f3i (akik k\u00f6z\u00f6tt sok a portug\u00e1l sz\u00e1rmaz\u00e1s\u00fa, de vannak a vil\u00e1g minden t\u00e1j\u00e1r\u00f3l bev\u00e1ndorl\u00f3k),&nbsp; \u00e9s az orsz\u00e1gban elfogadott h\u00e1rom hivatalos nyelv (luxemburgi, francia, n\u00e9met) pedig soksz\u00edn\u0171v\u00e9 tesznek.<\/p>\n<h2><strong>A f\u0151v\u00e1ros legizgalmasabb pontjai<\/strong><\/h2>\n<p>Luxembourg v\u00e1ros\u00e1ban az els\u0151 hely, amely mindig izgalomba hoz, az a <strong>P\u00e9trusse foly\u00f3 v\u00f6lgye<\/strong>. Z\u00f6ldbe burkolt rejt\u00e9lyes szikl\u00e1k keretezik, amelyeken id\u0151nk\u00e9nt sehov\u00e1 sem vezet\u0151 l\u00e9pcs\u0151k vagy s\u00f6t\u00e9ts\u00e9gbe burkol\u00f3dz\u00f3 v\u00e1jatok bukkannak fel. Az egykori er\u0151db\u0151l, amelynek romjain a v\u00e1ros sz\u00e9kel, ma m\u00e1r csak a kazamat\u00e1k maradtak fent, de kell\u0151en titokzatosak ahhoz, hogy v\u00e9gigj\u00e1rjuk. (Ahogyan t\u00e1volabb a Bock szikl\u00e1k kazamat\u00e1it is.) A P\u00e9trusse-v\u00f6lgy parkj\u00e1ban nem csup\u00e1n a kellemes kl\u00edm\u00e1nak \u00e9s az \u00e9ltet\u0151 es\u0151nek k\u00f6sz\u00f6nhet\u0151 z\u00f6lddel futhatunk \u00f6ssze, hanem a v\u00e1ros lak\u00f3i precizit\u00e1s\u00e1nak, mondhatni tisztas\u00e1gm\u00e1ni\u00e1j\u00e1nak is tan\u00fai lehet\u00fcnk. Ahogy a viadukt\u00e9p\u00edt\u00e9szetnek is.<\/p>\n<figure id=\"attachment_44687\" aria-describedby=\"caption-attachment-44687\" style=\"width: 755px\" class=\"wp-caption aligncenter\"><a href=\"https:\/\/www.startlap.hu\/utazas\/uploads\/sites\/3\/2022\/06\/Foto\u03013Pe\u0301trusse-folyo\u0301-vo\u0308lgye.jpg\"><img loading=\"lazy\" decoding=\"async\" class=\"size-article-size-large-image wp-image-44687\" src=\"https:\/\/www.startlap.hu\/utazas\/uploads\/sites\/3\/2022\/06\/Foto\u03013Pe\u0301trusse-folyo\u0301-vo\u0308lgye-755x562.jpg\" alt=\"P\u00e9trusse foly\u00f3 v\u00f6lgye\" width=\"755\" height=\"562\" srcset=\"https:\/\/www.startlap.hu\/utazas\/uploads\/sites\/3\/2022\/06\/Foto\u03013Pe\u0301trusse-folyo\u0301-vo\u0308lgye-755x562.jpg 755w, https:\/\/www.startlap.hu\/utazas\/uploads\/sites\/3\/2022\/06\/Foto\u03013Pe\u0301trusse-folyo\u0301-vo\u0308lgye-471x350.jpg 471w, https:\/\/www.startlap.hu\/utazas\/uploads\/sites\/3\/2022\/06\/Foto\u03013Pe\u0301trusse-folyo\u0301-vo\u0308lgye.jpg 1280w\" sizes=\"auto, (max-width: 755px) 100vw, 755px\" \/><\/a><figcaption id=\"caption-attachment-44687\" class=\"wp-caption-text\">P\u00e9trusse foly\u00f3 v\u00f6lgye<\/figcaption><\/figure>\n<p><strong><em><u>Tipp:<\/u><\/em><\/strong> A Pont Adolphe-n\u00e1l n\u00e9zz\u00fcnk le, majd s\u00e9t\u00e1ljunk le a v\u00f6lgybe \u00e9s n\u00e9zz\u00fcnk fel. (Tudom, ez most azt\u00e1n nagyon \u201e\u00fct\u0151s\u201d tipp, de elhihetitek, hasznos.)<\/p>\n<p>Barna fal\u00e1val s s\u00f6t\u00e9t tornyaival nem messze a h\u00eddt\u00f3l \u00e1ll a <strong>luxembourgi Notre Dame<\/strong>, amelynek kript\u00e1ja \u0151rzi a nagyhercegi csal\u00e1d elhunyt tagjainak \u00f6r\u00f6k \u00e1lm\u00e1t. \u00c9n azt mondom, hagyjuk \u0151ket b\u00e9k\u00e9ben nyugodni, mi vegy\u00fck ink\u00e1bb az ir\u00e1nyt az Alzette foly\u00f3 fel\u00e9. Nem t\u00e9vesztj\u00fck el, mert a P\u00e9trusse is arra halad.<\/p>\n<figure id=\"attachment_44688\" aria-describedby=\"caption-attachment-44688\" style=\"width: 755px\" class=\"wp-caption aligncenter\"><a href=\"https:\/\/www.startlap.hu\/utazas\/uploads\/sites\/3\/2022\/06\/Foto\u03014Euro\u0301pa-legszebb-terasza.jpg\"><img loading=\"lazy\" decoding=\"async\" class=\"size-article-size-large-image wp-image-44688\" src=\"https:\/\/www.startlap.hu\/utazas\/uploads\/sites\/3\/2022\/06\/Foto\u03014Euro\u0301pa-legszebb-terasza-755x429.jpg\" alt=\"Eur\u00f3pa legszebb terasza Luxemburgban\" width=\"755\" height=\"429\" srcset=\"https:\/\/www.startlap.hu\/utazas\/uploads\/sites\/3\/2022\/06\/Foto\u03014Euro\u0301pa-legszebb-terasza-755x429.jpg 755w, https:\/\/www.startlap.hu\/utazas\/uploads\/sites\/3\/2022\/06\/Foto\u03014Euro\u0301pa-legszebb-terasza-616x350.jpg 616w, https:\/\/www.startlap.hu\/utazas\/uploads\/sites\/3\/2022\/06\/Foto\u03014Euro\u0301pa-legszebb-terasza.jpg 1280w\" sizes=\"auto, (max-width: 755px) 100vw, 755px\" \/><\/a><figcaption id=\"caption-attachment-44688\" class=\"wp-caption-text\">Eur\u00f3pa legszebb terasza<\/figcaption><\/figure>\n<p>Az als\u00f3 v\u00e1ros cs\u00f6ndes utc\u00e1in \u00e1t a fels\u0151 v\u00e1rosr\u00e9szre ny\u00edl\u00f3 sz\u00e9p panor\u00e1m\u00e1hoz \u00e9rkez\u00fcnk, \u00e9s miut\u00e1n el\u00e9rj\u00fck az Alzette-et, <strong>el\u00e9nk t\u00e1rul Eur\u00f3pa legszebb terasza<\/strong>. Ebben a v\u00f6lgyben \u00f3r\u00e1kig andaloghat a l\u00e1togat\u00f3, v\u00e9g\u00fcl a Bock kazamat\u00e1k ut\u00e1n, a Rue de Pont utca egyik v\u00e9g\u00e9n egy panor\u00e1malift seg\u00edts\u00e9g\u00e9vel visszatekinthet\u00fcnk a megtett \u00fatra.<\/p>\n<p>Nem messze az Alzette foly\u00f3 kanyarulat\u00e1t\u00f3l szer\u00e9ny st\u00edlus\u00e1val, szinte k\u00f6rnyezet\u00e9be olvadva tal\u00e1ljuk a nagyhercegi csal\u00e1d palot\u00e1j\u00e1t, amely z\u00e1szl\u00f3val hirdeti, ha lak\u00f3i otthon tart\u00f3zkodnak.<\/p>\n<figure id=\"attachment_44689\" aria-describedby=\"caption-attachment-44689\" style=\"width: 755px\" class=\"wp-caption aligncenter\"><a href=\"https:\/\/www.startlap.hu\/utazas\/uploads\/sites\/3\/2022\/06\/Foto\u03015a-Nagyhercegi-palota.jpg\"><img loading=\"lazy\" decoding=\"async\" class=\"size-article-size-large-image wp-image-44689\" src=\"https:\/\/www.startlap.hu\/utazas\/uploads\/sites\/3\/2022\/06\/Foto\u03015a-Nagyhercegi-palota-755x748.jpg\" alt=\"Nagyhercegi palota Luxemburgban\" width=\"755\" height=\"748\" srcset=\"https:\/\/www.startlap.hu\/utazas\/uploads\/sites\/3\/2022\/06\/Foto\u03015a-Nagyhercegi-palota-755x748.jpg 755w, https:\/\/www.startlap.hu\/utazas\/uploads\/sites\/3\/2022\/06\/Foto\u03015a-Nagyhercegi-palota-353x350.jpg 353w, https:\/\/www.startlap.hu\/utazas\/uploads\/sites\/3\/2022\/06\/Foto\u03015a-Nagyhercegi-palota.jpg 1280w\" sizes=\"auto, (max-width: 755px) 100vw, 755px\" \/><\/a><figcaption id=\"caption-attachment-44689\" class=\"wp-caption-text\">Nagyhercegi palota Luxemburgban<\/figcaption><\/figure>\n<p><strong><em><u>Tipp<\/u><\/em><\/strong>: A belv\u00e1rosban legjobb gyalog k\u00f6zlekedni, mert akkor olyan helyekre bukkanhatunk, mint <strong>Bonn asszony csokis \u00fczlete, a nagyhercegi palot\u00e1val szemben, ahol <\/strong>mindig sokan lesznek, de akkora s\u00fctem\u00e9nyeket k\u00edn\u00e1lnak, hogy leesik m\u00e9g a sokat l\u00e1tott \u00e9dess\u00e9gm\u00e1ni\u00e1sok \u00e1lla is. A finoms\u00e1gokon t\u00fal t\u00f6k\u00e9letes hely megfigyelni a posztol\u00f3 katon\u00e1kat \u00e9s rem\u00e9nykedni, hogy kil\u00e9p a nagyhercegi csal\u00e1d valamelyik tagja a kapun.<\/p>\n<p>S ha m\u00e1r kell\u0151en lej\u00e1rtuk a l\u00e1bunkat, akkor aj\u00e1nlom a <strong>Hop on, Hop off buszt<\/strong>. A <em>G\u00eblle Fra<\/em>, azaz arany h\u00f6lgy (ahogy a luxemburgi bar\u00e1tunk mondta: a koszor\u00fadob\u00e1l\u00f3 n\u0151) melletti t\u00e9ren indulnak a j\u00e1ratok.<\/p>\n<figure id=\"attachment_44690\" aria-describedby=\"caption-attachment-44690\" style=\"width: 755px\" class=\"wp-caption aligncenter\"><a href=\"https:\/\/www.startlap.hu\/utazas\/uploads\/sites\/3\/2022\/06\/Foto\u03015b-Arany-ho\u0308lgy-koszoru\u0301val-scaled.jpg\"><img loading=\"lazy\" decoding=\"async\" class=\"size-article-size-large-image wp-image-44690\" src=\"https:\/\/www.startlap.hu\/utazas\/uploads\/sites\/3\/2022\/06\/Foto\u03015b-Arany-ho\u0308lgy-koszoru\u0301val-755x1561.jpg\" alt=\"Arany h\u00f6lgy koszor\u00faval Luxemburgban\" width=\"755\" height=\"1561\" srcset=\"https:\/\/www.startlap.hu\/utazas\/uploads\/sites\/3\/2022\/06\/Foto\u03015b-Arany-ho\u0308lgy-koszoru\u0301val-755x1561.jpg 755w, https:\/\/www.startlap.hu\/utazas\/uploads\/sites\/3\/2022\/06\/Foto\u03015b-Arany-ho\u0308lgy-koszoru\u0301val-743x1536.jpg 743w, https:\/\/www.startlap.hu\/utazas\/uploads\/sites\/3\/2022\/06\/Foto\u03015b-Arany-ho\u0308lgy-koszoru\u0301val-990x2048.jpg 990w, https:\/\/www.startlap.hu\/utazas\/uploads\/sites\/3\/2022\/06\/Foto\u03015b-Arany-ho\u0308lgy-koszoru\u0301val-169x350.jpg 169w, https:\/\/www.startlap.hu\/utazas\/uploads\/sites\/3\/2022\/06\/Foto\u03015b-Arany-ho\u0308lgy-koszoru\u0301val-scaled.jpg 1238w\" sizes=\"auto, (max-width: 755px) 100vw, 755px\" \/><\/a><figcaption id=\"caption-attachment-44690\" class=\"wp-caption-text\">Arany h\u00f6lgy koszor\u00faval<\/figcaption><\/figure>\n<p>Ezzel k\u00f6nnyen \u00e9s gyorsan juthatunk el olyan t\u00e1volabbi pontokra is a f\u0151v\u00e1rosban, mint az uni\u00f3s negyed. A hely m\u00e1r csak \u00e9p\u00edt\u00e9szetileg is egy csoda, s ha \u00e9ppen hivatali id\u0151ben \u00e9rkez\u00fcnk, akkor j\u00f3 sz\u00f3rakoz\u00e1s a kiskoszt\u00fcm\u00f6ket \u00e9s nagygall\u00e9rokat n\u00e9zegetni. Nem besz\u00e9lve arr\u00f3l, hogy itt tal\u00e1lhat\u00f3 a <a href=\"https:\/\/www.mudam.com\" target=\"_blank\" target=\"_blank\" rel=\"noopener noreferrer\"><strong>MUDAM, a Modern M\u0171v\u00e9szetek M\u00fazeuma<\/strong><\/a>, ahol garant\u00e1ltan napokra t\u00e9m\u00e1t ad\u00f3 alkot\u00e1sokra akadunk majd.<\/p>\n<p><strong><em>Extra tipp a f\u0151v\u00e1rosban:<\/em><\/strong><\/p>\n<p>K\u00f3stolj\u00e1tok meg a luxemburgi konyh\u00e1t! Mi az igaz\u00e1n helyi \u00e9tel? Ja, azt nem tudom, mert \u00e9n igaz\u00e1b\u00f3l mindegyik nemzetinek mondott \u00e9tel\u00fckben felfedeztem a szomsz\u00e9dok (franci\u00e1k, n\u00e9metek, belg\u00e1k) hat\u00e1sait.<\/p>\n<p>Az azonban biztos, hogy Luxemburgban nem maradunk \u00e9hen.<\/p>\n<blockquote class=\"article__extraTxt\"><p>A f\u0151v\u00e1ros vonzza a nemzetk\u00f6zi konyh\u00e1t.<\/p><\/blockquote>\n<p><strong>H\u00e1rom \u00e9ttermet, amelyet mi kipr\u00f3b\u00e1ltunk, sz\u00edvesen aj\u00e1nlok<\/strong> nektek is. Az egyik egy brazil konyh\u00e1t viv\u0151 \u00e9tterem, a <strong><a href=\"http:\/\/www.batucada.lu\/\" target=\"_blank\" target=\"_blank\" rel=\"noopener noreferrer\">Batucada<\/a>,<\/strong> a m\u00e1sik k\u00e9t olasz bar\u00e1t \u00e1ltal \u00fczemeltetett hely, az <strong>Al Grappolo<\/strong> (nincs weboldaluk, s foglalni kell el\u0151re, de meg\u00e9ri, higgyetek nekem, itt tal\u00e1lj\u00e1tok: 30, rue Adolphe Fischer, L-1520 Luxembourg), m\u00edg a harmadik egy, az eddig ismert k\u00ednai \u00e9ttermeket magasan ver\u0151 hely, a <strong><a href=\"http:\/\/www.confucius.lu\/\" target=\"_blank\" target=\"_blank\" rel=\"noopener noreferrer\">Confucius<\/a>.<\/strong> M\u00edg a brazilokn\u00e1l fix \u00e9tlapr\u00f3l, addig az olaszn\u00e1l az aznapi piaci beszerz\u00e9sb\u0151l k\u00e9sz\u00fclt n\u00e9gy-\u00f6tf\u00e9le \u00e9telb\u0151l v\u00e1laszthattunk. A k\u00ednaiak pedig megleptek azzal, hogy \u00e9tterm\u00fckben nem integetett a macska, s a pekingi kacsa oml\u00f3ss\u00e1g\u00e1nak p\u00e1rj\u00e1ra neh\u00e9z lesz akadni. H\u00e1rom \u00e9tteremnek is egy a v\u00e9ge, megnyaltuk a t\u00edz ujjunkat mindegyikben.<\/p>\n<h2><strong>Ir\u00e1ny a vid\u00e9k!<\/strong><\/h2>\n<p>Luxembourg v\u00e1ros k\u00f6zpontj\u00e1t\u00f3l nem messze, Hamm v\u00e1rosr\u00e9szben tal\u00e1lhat\u00f3 az egyik legk\u00fcl\u00f6nlegesebb hangulat\u00fa temet\u0151, amelyben eddig j\u00e1rtam. A m\u00e1sodik vil\u00e1gh\u00e1bor\u00faban az Ardennekben elesett amerikai katon\u00e1k nyughelye a <a href=\"https:\/\/www.abmc.gov\/Luxembourg\" target=\"_blank\" target=\"_blank\" rel=\"noopener noreferrer\"><strong>Luxembourg American Cemetery<\/strong><\/a>, ahol \u2013 \u00fagy gondolom \u2013 ler\u00f3hatjuk h\u00e1l\u00e1nkat a mai szabad Eur\u00f3p\u00e1\u00e9rt. Megkap\u00f3 l\u00e1tv\u00e1ny, ahogy k\u00f6zel 5100 m\u00e1rv\u00e1nyba \u201e\u00f6nt\u00f6tt\u201d katona tiszteleg a m\u00e9ltatlan hal\u00e1llal t\u00e1voz\u00f3 Patton t\u00e1bornok el\u0151tt. Szavak helyett tal\u00e1n besz\u00e9desebb a fot\u00f3, amit ott k\u00e9sz\u00edtett\u00fcnk. Nem messze az amerikai temet\u0151t\u0151l tal\u00e1lhat\u00f3 egy, a n\u00e9met katon\u00e1knak fel\u00e1ll\u00edtott nyughely, azt is \u00e9rdemes megn\u00e9zni.<\/p>\n<figure id=\"attachment_44691\" aria-describedby=\"caption-attachment-44691\" style=\"width: 755px\" class=\"wp-caption aligncenter\"><a href=\"https:\/\/www.startlap.hu\/utazas\/uploads\/sites\/3\/2022\/06\/Foto\u03016-Amerikai-temeto\u030b.jpg\"><img loading=\"lazy\" decoding=\"async\" class=\"size-article-size-large-image wp-image-44691\" src=\"https:\/\/www.startlap.hu\/utazas\/uploads\/sites\/3\/2022\/06\/Foto\u03016-Amerikai-temeto\u030b-755x656.jpg\" alt=\"Amerikai katonai temet\u0151 Luxemburgban\" width=\"755\" height=\"656\" srcset=\"https:\/\/www.startlap.hu\/utazas\/uploads\/sites\/3\/2022\/06\/Foto\u03016-Amerikai-temeto\u030b-755x656.jpg 755w, https:\/\/www.startlap.hu\/utazas\/uploads\/sites\/3\/2022\/06\/Foto\u03016-Amerikai-temeto\u030b-403x350.jpg 403w, https:\/\/www.startlap.hu\/utazas\/uploads\/sites\/3\/2022\/06\/Foto\u03016-Amerikai-temeto\u030b.jpg 1280w\" sizes=\"auto, (max-width: 755px) 100vw, 755px\" \/><\/a><figcaption id=\"caption-attachment-44691\" class=\"wp-caption-text\">Amerikai katonai temet\u0151 Luxemburgban<\/figcaption><\/figure>\n<p><strong><a href=\"https:\/\/castle-vianden.lu\/\" target=\"_blank\" target=\"_blank\" rel=\"noopener noreferrer\">Vianden<\/a> Luxemburg legh\u00edresebb v\u00e1ra<\/strong>, r\u00e9szben fekv\u00e9s\u00e9nek, r\u00e9szben sz\u00e9ps\u00e9ges kin\u00e9zet\u00e9nek, s r\u00e9szben persze Victor Hug\u00f3nak is k\u00f6sz\u00f6nhet\u0151en. Miel\u0151tt elcs\u00e1buln\u00e1nk a v\u00e1r el\u0151tt, hogy azonnal berohanjunk, menj\u00fcnk el a felvon\u00f3ig, amely a v\u00e1rral szomsz\u00e9dos kis dombra visz fel benn\u00fcnket (39, rue du Sanatorium, L-9440 Vianden). Nagyon szeretem ezeket a nyitott, k\u00e9t\u00fcl\u00e9ses libeg\u0151ket, mindig olyan j\u00f3 rajtuk hallgatni a cs\u00f6ndet. Fentr\u0151l pedig az erd\u0151n kereszt\u00fcl s\u00e9t\u00e1lhatunk \u00e1t a v\u00e1rba, ahol kezd\u0151dhet az id\u0151utaz\u00e1s. Vianden v\u00e1rkast\u00e9lya ma is a hercegi csal\u00e1d tulajdon\u00e1ban van, hiszen fontos \u00e1llom\u00e1sa csal\u00e1djuk gy\u00f6kereinek. 1350-ben Vianden ur\u00e1nak l\u00e1ny\u00e1t vette feles\u00e9g\u00fcl Nassaui Ott\u00f3, megalap\u00edtva ezzel a holland \u00e9s luxemburgi uralkod\u00f3i csal\u00e1dokat.<\/p>\n<figure id=\"attachment_44692\" aria-describedby=\"caption-attachment-44692\" style=\"width: 755px\" class=\"wp-caption aligncenter\"><a href=\"https:\/\/www.startlap.hu\/utazas\/uploads\/sites\/3\/2022\/06\/Foto\u03017-Vianden-va\u0301ra.jpg\"><img loading=\"lazy\" decoding=\"async\" class=\"size-article-size-large-image wp-image-44692\" src=\"https:\/\/www.startlap.hu\/utazas\/uploads\/sites\/3\/2022\/06\/Foto\u03017-Vianden-va\u0301ra-755x511.jpg\" alt=\"Vianden v\u00e1ra\" width=\"755\" height=\"511\" srcset=\"https:\/\/www.startlap.hu\/utazas\/uploads\/sites\/3\/2022\/06\/Foto\u03017-Vianden-va\u0301ra-755x511.jpg 755w, https:\/\/www.startlap.hu\/utazas\/uploads\/sites\/3\/2022\/06\/Foto\u03017-Vianden-va\u0301ra-517x350.jpg 517w, https:\/\/www.startlap.hu\/utazas\/uploads\/sites\/3\/2022\/06\/Foto\u03017-Vianden-va\u0301ra.jpg 1280w\" sizes=\"auto, (max-width: 755px) 100vw, 755px\" \/><\/a><figcaption id=\"caption-attachment-44692\" class=\"wp-caption-text\">Vianden v\u00e1ra<\/figcaption><\/figure>\n<p>Ha m\u00e1r a v\u00e1rakn\u00e1l tartunk, akkor \u00e9rdemes elrobogni \u2013 m\u00e1r csak az ardenneki erd\u0151k miatt is \u2013 Clervaux-ig. Nemcsak egy k\u00fcls\u0151re impoz\u00e1ns v\u00e1rat, hanem bent m\u00e9g vagy egy tucatnyi m\u00e1sikat tal\u00e1lunk itt. A luxemburgi v\u00e1rmakettek ki\u00e1ll\u00edt\u00e1son elgondolkodik az ember, hogyan lesz egy ilyen kis orsz\u00e1gnak ennyi v\u00e1rkast\u00e9lya. <a href=\"https:\/\/www.clervaux.lu\/de\/willkommen.html\" target=\"_blank\" target=\"_blank\" rel=\"noopener noreferrer\"><strong>Clervaux<\/strong><\/a>&nbsp;legnagyobb attrakci\u00f3ja azonban az UNESCO vil\u00e1g\u00f6r\u00f6ks\u00e9g r\u00e9sz\u00e9t is k\u00e9pez\u0151 fot\u00f3ki\u00e1ll\u00edt\u00e1s, Az ember csal\u00e1dja (<strong>The Family of Man<\/strong>). Edward Steichen amerikai fotogr\u00e1fus, a New York-i Modern M\u0171v\u00e9szetek M\u00fazeum\u00e1nak kur\u00e1tora kezdem\u00e9nyezte \u00e9s k\u00e9sz\u00edtette el 1955-ben a ki\u00e1ll\u00edt\u00e1st. Steichen felh\u00edv\u00e1st tett k\u00f6z\u00e9, amelyre csaknem 2,5 milli\u00f3 f\u00e9nyk\u00e9p \u00e9rkezett a vil\u00e1g 68 orsz\u00e1g\u00e1b\u00f3l. Ezekb\u0151l v\u00e1logatta \u00f6ssze 273 fot\u00f3s 503 fot\u00f3j\u00e1t.<\/p>\n<p>A fot\u00f3k n\u00e9v n\u00e9lk\u00fcl, csakis fekete-feh\u00e9rben ker\u00fcltek ki\u00e1ll\u00edt\u00e1sra. Eleinte New Yorkban, majd utaz\u00f3 ki\u00e1ll\u00edt\u00e1sk\u00e9nt t\u00f6bb helyen a vil\u00e1gban, s v\u00e9g\u00fcl itt Clervaux-ban. A h\u00e1bor\u00fa ut\u00e1ni id\u0151szakban az emberi \u00e9rt\u00e9kekre, a csal\u00e1d \u00e9s az emberi kapcsolatok fontoss\u00e1g\u00e1ra k\u00edv\u00e1nta felh\u00edvni a figyelmet. A ki\u00e1ll\u00edt\u00e1s k\u00fcl\u00f6nlegess\u00e9ge, hogy nemcsak olyan h\u00edres fot\u00f3sok, mint Ansel Adams, Werner Bischof, Brassa\u00ef, Robert Capa, Henri Cartier-Bresson, Andreas Feininger, Fritz Goro, Dorothea Lange munk\u00e1i, hanem mag\u00e1nemberek fot\u00f3i is helyet kaptak.<\/p>\n<p>Hagyjunk id\u0151t a ki\u00e1ll\u00edt\u00e1sra, nem lehet v\u00e9gigrohanni!<\/p>\n<figure id=\"attachment_44693\" aria-describedby=\"caption-attachment-44693\" style=\"width: 755px\" class=\"wp-caption aligncenter\"><a href=\"https:\/\/www.startlap.hu\/utazas\/uploads\/sites\/3\/2022\/06\/Foto\u03018Clervaux_varudvar.jpg\"><img loading=\"lazy\" decoding=\"async\" class=\"size-article-size-large-image wp-image-44693\" src=\"https:\/\/www.startlap.hu\/utazas\/uploads\/sites\/3\/2022\/06\/Foto\u03018Clervaux_varudvar-755x503.jpg\" alt=\"Clervaux v\u00e1rudvar\" width=\"755\" height=\"503\" srcset=\"https:\/\/www.startlap.hu\/utazas\/uploads\/sites\/3\/2022\/06\/Foto\u03018Clervaux_varudvar-755x503.jpg 755w, https:\/\/www.startlap.hu\/utazas\/uploads\/sites\/3\/2022\/06\/Foto\u03018Clervaux_varudvar-525x350.jpg 525w, https:\/\/www.startlap.hu\/utazas\/uploads\/sites\/3\/2022\/06\/Foto\u03018Clervaux_varudvar.jpg 1280w\" sizes=\"auto, (max-width: 755px) 100vw, 755px\" \/><\/a><figcaption id=\"caption-attachment-44693\" class=\"wp-caption-text\">Clervaux v\u00e1rudvar<\/figcaption><\/figure>\n<p>Ha m\u00e9g b\u00edrj\u00e1tok a kast\u00e9lyokat, akkor az \u00e9n egyik kedvencemet, amely a legnagyobbnak sz\u00e1m\u00edt Luxemburgban, n\u00e9zz\u00e9tek meg. <a href=\"https:\/\/www.castle-bourscheid.lu\/wp5\/de\/\" target=\"_blank\" target=\"_blank\" rel=\"noopener noreferrer\"><strong>Bourscheid v\u00e1r\u00e1nak<\/strong><\/a>&nbsp;t\u00f6rt\u00e9nete eg\u00e9szen a 11. sz\u00e1zadig ny\u00falik vissza, ma pedig az \u00e1llam tulajdon\u00e1ban van, amely ezt is sz\u00e9pen rendben tartja. A v\u00e1rb\u00f3l p\u00e1ratlan a kil\u00e1t\u00e1s a Sauer-v\u00f6lgyre \u00e9s az Ardennekre.<\/p>\n<figure id=\"attachment_44694\" aria-describedby=\"caption-attachment-44694\" style=\"width: 755px\" class=\"wp-caption aligncenter\"><a href=\"https:\/\/www.startlap.hu\/utazas\/uploads\/sites\/3\/2022\/06\/Foto\u03019-Bourscheid-va\u0301ra.jpg\"><img loading=\"lazy\" decoding=\"async\" class=\"size-article-size-large-image wp-image-44694\" src=\"https:\/\/www.startlap.hu\/utazas\/uploads\/sites\/3\/2022\/06\/Foto\u03019-Bourscheid-va\u0301ra-755x419.jpg\" alt=\"Bourscheid v\u00e1ra\" width=\"755\" height=\"419\" srcset=\"https:\/\/www.startlap.hu\/utazas\/uploads\/sites\/3\/2022\/06\/Foto\u03019-Bourscheid-va\u0301ra-755x419.jpg 755w, https:\/\/www.startlap.hu\/utazas\/uploads\/sites\/3\/2022\/06\/Foto\u03019-Bourscheid-va\u0301ra-215x120.jpg 215w, https:\/\/www.startlap.hu\/utazas\/uploads\/sites\/3\/2022\/06\/Foto\u03019-Bourscheid-va\u0301ra-631x350.jpg 631w, https:\/\/www.startlap.hu\/utazas\/uploads\/sites\/3\/2022\/06\/Foto\u03019-Bourscheid-va\u0301ra.jpg 1280w\" sizes=\"auto, (max-width: 755px) 100vw, 755px\" \/><\/a><figcaption id=\"caption-attachment-44694\" class=\"wp-caption-text\">Bourscheid v\u00e1ra<\/figcaption><\/figure>\n<p>A <strong>Mosel foly\u00f3<\/strong> ment\u00e9n, amely hosszan hat\u00e1rk\u00e9nt is funkcion\u00e1l N\u00e9metorsz\u00e1g \u00e9s Luxemburg k\u00f6z\u00f6tt, aut\u00f3zni is egy \u00e9lm\u00e9ny, hiszen h\u00edres sz\u0151l\u0151sorai nagyon l\u00e1tv\u00e1nyoss\u00e1 teszik a partot. A legjobb azonban haj\u00f3ra sz\u00e1llni \u00e9s onnan megcsod\u00e1lni a t\u0151k\u00e9t, ahonnan a finom borok sz\u00e1rmaznak. A haj\u00f3r\u00f3l lesz\u00e1llva a bor\u00faton pedig m\u00e1r k\u00f3stolhatjuk is a friss feh\u00e9r ned\u0171t.<\/p>\n<figure id=\"attachment_44695\" aria-describedby=\"caption-attachment-44695\" style=\"width: 755px\" class=\"wp-caption aligncenter\"><a href=\"https:\/\/www.startlap.hu\/utazas\/uploads\/sites\/3\/2022\/06\/Foto\u030110-Mosel-folyo\u0301.jpg\"><img loading=\"lazy\" decoding=\"async\" class=\"size-article-size-large-image wp-image-44695\" src=\"https:\/\/www.startlap.hu\/utazas\/uploads\/sites\/3\/2022\/06\/Foto\u030110-Mosel-folyo\u0301-755x495.jpg\" alt=\"Mosel-foly\u00f3\" width=\"755\" height=\"495\" srcset=\"https:\/\/www.startlap.hu\/utazas\/uploads\/sites\/3\/2022\/06\/Foto\u030110-Mosel-folyo\u0301-755x495.jpg 755w, https:\/\/www.startlap.hu\/utazas\/uploads\/sites\/3\/2022\/06\/Foto\u030110-Mosel-folyo\u0301-250x165.jpg 250w, https:\/\/www.startlap.hu\/utazas\/uploads\/sites\/3\/2022\/06\/Foto\u030110-Mosel-folyo\u0301-534x350.jpg 534w, https:\/\/www.startlap.hu\/utazas\/uploads\/sites\/3\/2022\/06\/Foto\u030110-Mosel-folyo\u0301.jpg 1280w\" sizes=\"auto, (max-width: 755px) 100vw, 755px\" \/><\/a><figcaption id=\"caption-attachment-44695\" class=\"wp-caption-text\">Mosel-foly\u00f3<\/figcaption><\/figure>\n<p><strong>Esch-sur-S\u00fbre<\/strong> telep\u00fcl\u00e9s neve is m\u00e1r egy kuri\u00f3zum, legal\u00e1bbis, ami a kiejt\u00e9s\u00e9t illeti! A jelent\u00e9se Esch a Sauern\u00e1l. A Sauer foly\u00f3 \u00fagy k\u00f6rbe\u00f6leli ezt a kis feh\u00e9r h\u00e1zakkal teli v\u00e1rost, mint egy anya a gyermek\u00e9t. A s\u00e9ta az utc\u00e1kon fel\u00e9r egy megnyugtat\u00f3 massz\u00e1zzsal, kikapcsol, ellaz\u00edt, s a v\u00e9g\u00e9n m\u00e9g egy v\u00e1rrom t\u00f6rt\u00e9neteivel is megaj\u00e1nd\u00e9koz.<\/p>\n<figure id=\"attachment_44696\" aria-describedby=\"caption-attachment-44696\" style=\"width: 755px\" class=\"wp-caption aligncenter\"><a href=\"https:\/\/www.startlap.hu\/utazas\/uploads\/sites\/3\/2022\/06\/Foto\u030111-Esch_sur_sure_va\u0301rosa.jpg\"><img loading=\"lazy\" decoding=\"async\" class=\"size-article-size-large-image wp-image-44696\" src=\"https:\/\/www.startlap.hu\/utazas\/uploads\/sites\/3\/2022\/06\/Foto\u030111-Esch_sur_sure_va\u0301rosa-755x383.jpg\" alt=\"Esch-sur-S\u00fbre v\u00e1rosa\" width=\"755\" height=\"383\" srcset=\"https:\/\/www.startlap.hu\/utazas\/uploads\/sites\/3\/2022\/06\/Foto\u030111-Esch_sur_sure_va\u0301rosa-755x383.jpg 755w, https:\/\/www.startlap.hu\/utazas\/uploads\/sites\/3\/2022\/06\/Foto\u030111-Esch_sur_sure_va\u0301rosa-689x350.jpg 689w, https:\/\/www.startlap.hu\/utazas\/uploads\/sites\/3\/2022\/06\/Foto\u030111-Esch_sur_sure_va\u0301rosa.jpg 1280w\" sizes=\"auto, (max-width: 755px) 100vw, 755px\" \/><\/a><figcaption id=\"caption-attachment-44696\" class=\"wp-caption-text\">Esch-sur-S\u00fbre v\u00e1rosa<\/figcaption><\/figure>\n<p>Ami viszont k\u00f6nnyen elker\u00fclheti a figyelm\u00fcnket, az a v\u00e1ros hat\u00e1r\u00e1ban tal\u00e1lhat\u00f3 duzzaszt\u00f3g\u00e1t. Aut\u00f3val \u00e1thajthatunk rajta \u00e9s \u00e1t is s\u00e9t\u00e1lhatunk. Nekem, mint er\u0151t sug\u00e1rz\u00f3 \u00e9p\u00edt\u00e9szeti alkot\u00e1s, rendk\u00edv\u00fcli \u00e9lm\u00e9ny volt.<\/p>\n<figure id=\"attachment_44697\" aria-describedby=\"caption-attachment-44697\" style=\"width: 755px\" class=\"wp-caption aligncenter\"><a href=\"https:\/\/www.startlap.hu\/utazas\/uploads\/sites\/3\/2022\/06\/Foto\u030112-A-duzzaszto\u0301ga\u0301t.jpg\"><img loading=\"lazy\" decoding=\"async\" class=\"size-article-size-large-image wp-image-44697\" src=\"https:\/\/www.startlap.hu\/utazas\/uploads\/sites\/3\/2022\/06\/Foto\u030112-A-duzzaszto\u0301ga\u0301t-755x392.jpg\" alt=\"Duzzaszt\u00f3g\u00e1t Luxemburgban\" width=\"755\" height=\"392\" srcset=\"https:\/\/www.startlap.hu\/utazas\/uploads\/sites\/3\/2022\/06\/Foto\u030112-A-duzzaszto\u0301ga\u0301t-755x392.jpg 755w, https:\/\/www.startlap.hu\/utazas\/uploads\/sites\/3\/2022\/06\/Foto\u030112-A-duzzaszto\u0301ga\u0301t-675x350.jpg 675w, https:\/\/www.startlap.hu\/utazas\/uploads\/sites\/3\/2022\/06\/Foto\u030112-A-duzzaszto\u0301ga\u0301t.jpg 1280w\" sizes=\"auto, (max-width: 755px) 100vw, 755px\" \/><\/a><figcaption id=\"caption-attachment-44697\" class=\"wp-caption-text\">Duzzaszt\u00f3g\u00e1t Luxemburgban<\/figcaption><\/figure>\n<p>Ha m\u00e1r csak egy telep\u00fcl\u00e9sre marad id\u0151nk Luxemburgban, akkor az mindenk\u00e9ppen <strong>Echternach <\/strong>legyen. Nemcsak az\u00e9rt, mert az Angli\u00e1b\u00f3l 690 k\u00f6r\u00fcl ide \u00e9rkez\u0151 Willibrord szerzetesnek is annyira megtetszett a hely, hogy r\u00f6gt\u00f6n itt alap\u00edtott kolostort, hanem mert a kisv\u00e1ros hangulata is var\u00e1zslatos. Bizony\u00e1ra hozz\u00e1j\u00e1rul a csaknem 1500 \u00e9ves egyh\u00e1zi jelenl\u00e9t, a szerzetesek \u00e1ltal itt hagyott \u00f6r\u00f6ks\u00e9g. Az ap\u00e1ts\u00e1g m\u00fazeum\u00e1ban azt is megtudhatjuk, hogy az arany tint\u00e1val a szerzetesek \u00e1ltal \u00edrt k\u00f3dexek \u00e9s egy\u00e9b irom\u00e1nyok milyen cs\u00e1sz\u00e1ri udvarokba jutottak el a k\u00f6z\u00e9pkor hajnal\u00e1n.<\/p>\n<h2><strong>Amit m\u00e9g mi sem l\u00e1ttunk!<\/strong><\/h2>\n<figure id=\"attachment_44698\" aria-describedby=\"caption-attachment-44698\" style=\"width: 755px\" class=\"wp-caption aligncenter\"><a href=\"https:\/\/www.startlap.hu\/utazas\/uploads\/sites\/3\/2022\/06\/Foto\u030113-Echernach_va\u0301rosa.jpg\"><img loading=\"lazy\" decoding=\"async\" class=\"wp-image-44698 size-article-size-large-image\" src=\"https:\/\/www.startlap.hu\/utazas\/uploads\/sites\/3\/2022\/06\/Foto\u030113-Echernach_va\u0301rosa-755x508.jpg\" alt=\"Echernach va\u0301rosa Luxembugrban\" width=\"755\" height=\"508\" srcset=\"https:\/\/www.startlap.hu\/utazas\/uploads\/sites\/3\/2022\/06\/Foto\u030113-Echernach_va\u0301rosa-755x508.jpg 755w, https:\/\/www.startlap.hu\/utazas\/uploads\/sites\/3\/2022\/06\/Foto\u030113-Echernach_va\u0301rosa-520x350.jpg 520w, https:\/\/www.startlap.hu\/utazas\/uploads\/sites\/3\/2022\/06\/Foto\u030113-Echernach_va\u0301rosa.jpg 1280w\" sizes=\"auto, (max-width: 755px) 100vw, 755px\" \/><\/a><figcaption id=\"caption-attachment-44698\" class=\"wp-caption-text\">Echernach va\u0301rosa Luxemburgban (Fot\u00f3k: Bag\u00f3 T\u00fcnde &#8211; \u00c9let s\u00f3ja blog)<\/figcaption><\/figure>\n<p>B\u00e1rmennyire hihetetlen, de m\u00e9g a n\u00e9gyszeri luxemburgi kiruccan\u00e1sunk sem volt el\u00e9g ahhoz, hogy mindent megn\u00e9zz\u00fcnk ebben a kis orsz\u00e1gban. Kimaradt t\u00f6bbek k\u00f6z\u00f6tt a <a href=\"https:\/\/www.visitluxembourg.com\/minett-unesco-biosphere-reserve\" target=\"_blank\" target=\"_blank\" rel=\"noopener noreferrer\">Minett<\/a>, az UNESCO vil\u00e1g\u00f6r\u00f6ks\u00e9ge r\u00e9sz\u00e9t k\u00e9pez\u0151 v\u00f6r\u00f6s szikl\u00e1s bioszf\u00e9ra-rezerv\u00e1tum.&nbsp;Az egykori b\u00e1ny\u00e1k \u00e9s az ide telep\u00fclt ipari tev\u00e9kenys\u00e9g ut\u00e1n a term\u00e9szet visszah\u00f3d\u00edt\u00e1s\u00e1nak lehet\u00fcnk tan\u00fai ezen a d\u00e9li vid\u00e9ken Luxemburgban.<\/p>\n<p>Csak r\u00e9szben ismerhett\u00fck meg a <a href=\"https:\/\/www.visitluxembourg.com\/mellerdall-unesco-global-geopark\" target=\"_blank\" target=\"_blank\" rel=\"noopener noreferrer\">M\u00ebllerdall UNESCO Glob\u00e1lis Geoparkot<\/a> is, amelyhez Beaufort, Bech, Berdorf, Consdorf, Echternach, Fischbach, Heffingen, Larochette, Nommern, Rosport-Mompach \u00e9s Waldbillig telep\u00fcl\u00e9sek tartoznak. Impoz\u00e1ns sziklaform\u00e1ci\u00f3k, m\u00e9ly v\u00f6lgyek \u00e9s hatalmas fenns\u00edkok jellemzik ezt a r\u00e9gi\u00f3t, ahol a luxemburgi homokk\u0151 Nyugat-Eur\u00f3pa egyik legimpoz\u00e1nsabb homokk\u0151 t\u00e1jk\u00e9p\u00e9t alkotja. A r\u00e9gi\u00f3 b\u00fcszke gy\u00fcm\u00f6lcs\u00f6skertjeire (bongerten), amelyekben t\u00f6bb sz\u00e1z gy\u00fcm\u00f6lcsfajta terem, nagy kiterjed\u00e9s\u0171 erd\u0151ire, ahol sz\u00e1mtalan t\u00fara\u00fatvonal vezet, egyed\u00fcl\u00e1ll\u00f3 p\u00e1fr\u00e1ny- \u00e9s mohafl\u00f3r\u00e1j\u00e1ra \u00e9s term\u00e9szetes erd\u0151rezerv\u00e1tumaira.<\/p>\n<p>M\u00e9g nek\u00fcnk is maradt felfedez\u00e9sre v\u00e1r\u00f3 hely ebben az apr\u00f3 orsz\u00e1gban \u00e9s annak, aki m\u00e9g nem j\u00e1rt ott, igazi kincsesb\u00e1nya. Ir\u00e1ny Luxemburg!<\/p>\n<div class=\"o-widget m-readMoreWidget -readMore u-shortDecorLineAfter row widget-container _ce_measure_widget bigdata-widget read-more\" data-ce-measure-widget=\"olvass tov\u00e1bb\">\n\t<div class=\"m-readMoreWidget__imgWrapper image-wrapper col-12 col-md-4 no-p\">\n\t\t<a class=\"m-readMoreWidget__imgLink\" href=\"https:\/\/www.startlap.hu\/utazas\/var-ausztria-horvatorszag-szlovenia-romania-szerbia-szlovakia\/\" >\n\t\t\t<img decoding=\"async\" src=\"https:\/\/www.startlap.hu\/utazas\/uploads\/sites\/3\/2021\/06\/Hochosterwitz-350x285.jpg\" class=\"m-readMoreWidget__img\">\n\t\t<\/a>\n\t<\/div>\n\t<div class=\"m-readMoreWidget__titleWrapper title-wrapper col-12 col-md-8\">\n\t\t<span class=\"m-readMoreWidget__titleLabel u-shortDecorLineBefore label hidden-sm-up\">Ez is \u00e9rdekelhet:<\/span>\n\t\t<h3 class=\"m-readMoreWidget__title title\">\n\t\t\t<a class=\"m-readMoreWidget__titleLink -secondFont u-bold u-upperCase\" href=\"https:\/\/www.startlap.hu\/utazas\/var-ausztria-horvatorszag-szlovenia-romania-szerbia-szlovakia\/\" >A legszebb v\u00e1rak a k\u00f6zvetlen szomsz\u00e9dban<\/a>\n\t\t<\/h3>\n\t\t<a class=\"m-readMoreWidget__btn -coloredBack u-tC link\" href=\"https:\/\/www.startlap.hu\/utazas\/var-ausztria-horvatorszag-szlovenia-romania-szerbia-szlovakia\/\" >Elolvasom<\/a>\n\t<\/div>\n<\/div>\n","protected":false},"excerpt":{"rendered":"<p>A f\u0151v\u00e1ros kazamat\u00e1i vagy az Eur\u00f3pa legszebb erk\u00e9lyek\u00e9nt emlegetett Alzette-v\u00f6lgy mellett, a viandeni, a bourscheidi, a clervaux-i v\u00e1rak, a b\u00e1nyatelepek mellett vas\u00e9rct\u0151l v\u00f6r\u00f6s\u00f6d\u0151 szikl\u00e1k \u00e9s a Mosel foly\u00f3 ment\u00e9n fekv\u0151 sz\u0151l\u00e9szetek is Luxemburg, a kis nagyhercegs\u00e9g p\u00e1ratlan \u00e9s kihagyhatatlan l\u00e1tnival\u00f3i.<\/p>\n","protected":false},"author":31,"featured_media":44688,"comment_status":"open","ping_status":"open","sticky":false,"template":"","format":"standard","meta":{"footnotes":""},"categories":[9],"tags":[984,1028],"class_list":["post-44173","post","type-post","status-publish","format-standard","has-post-thumbnail","hentry","category-utazok","tag-luxemburg","tag-mosel-folyo"],"aioseo_notices":[],"_links":{"self":[{"href":"https:\/\/www.startlap.hu\/utazas\/wp-json\/wp\/v2\/posts\/44173","targetHints":{"allow":["GET"]}}],"collection":[{"href":"https:\/\/www.startlap.hu\/utazas\/wp-json\/wp\/v2\/posts"}],"about":[{"href":"https:\/\/www.startlap.hu\/utazas\/wp-json\/wp\/v2\/types\/post"}],"author":[{"embeddable":true,"href":"https:\/\/www.startlap.hu\/utazas\/wp-json\/wp\/v2\/users\/31"}],"replies":[{"embeddable":true,"href":"https:\/\/www.startlap.hu\/utazas\/wp-json\/wp\/v2\/comments?post=44173"}],"version-history":[{"count":4,"href":"https:\/\/www.startlap.hu\/utazas\/wp-json\/wp\/v2\/posts\/44173\/revisions"}],"predecessor-version":[{"id":44700,"href":"https:\/\/www.startlap.hu\/utazas\/wp-json\/wp\/v2\/posts\/44173\/revisions\/44700"}],"wp:featuredmedia":[{"embeddable":true,"href":"https:\/\/www.startlap.hu\/utazas\/wp-json\/wp\/v2\/media\/44688"}],"wp:attachment":[{"href":"https:\/\/www.startlap.hu\/utazas\/wp-json\/wp\/v2\/media?parent=44173"}],"wp:term":[{"taxonomy":"category","embeddable":true,"href":"https:\/\/www.startlap.hu\/utazas\/wp-json\/wp\/v2\/categories?post=44173"},{"taxonomy":"post_tag","embeddable":true,"href":"https:\/\/www.startlap.hu\/utazas\/wp-json\/wp\/v2\/tags?post=44173"}],"curies":[{"name":"wp","href":"https:\/\/api.w.org\/{rel}","templated":true}]}}