{"id":44110,"date":"2022-06-22T15:27:27","date_gmt":"2022-06-22T13:27:27","guid":{"rendered":"https:\/\/www.startlap.hu\/utazas\/?p=44110"},"modified":"2022-06-22T15:27:27","modified_gmt":"2022-06-22T13:27:27","slug":"moszkva-amerikai-nagykovetseg","status":"publish","type":"post","link":"https:\/\/www.startlap.hu\/utazas\/moszkva-amerikai-nagykovetseg\/","title":{"rendered":"Orosz fricska az amerikai nagyk\u00f6vets\u00e9g ellen"},"content":{"rendered":"<p>Kor\u00e1bban az <a href=\"https:\/\/www.startlap.hu\/utazas\/utas-landolt-repulogep\/\" target=\"_blank\" rel=\"noopener noreferrer\"><strong>amerikai<\/strong><\/a> diplom\u00e1ciai c\u00edme Bolsaja Gyevjatyinszkaja utca volt. A rendelet \u00e9rtelm\u00e9ben a moszkvai k\u00f6zponti k\u00f6zigazgat\u00e1si k\u00f6rzet Presznyenszkij ker\u00fcletnek a Bolsaja Gyevjatyinszkaja utc\u00e1t\u00f3l a Malaja Konyjusovszkaja utc\u00e1ig, a Konyjusovszkaja utca ment\u00e9n terjed\u0151, eddig el nem nevezett ter\u00fclet neve a Donyecki N\u00e9pk\u00f6zt\u00e1rsas\u00e1g tere lett. A ter\u00fcleten l\u00e9v\u0151 kor\u00e1bbi c\u00edmeket elt\u00f6r\u00f6lt\u00e9k.<\/p>\n<blockquote class=\"article__extraTxt\"><p>\u00cdgy a Donyecki N\u00e9pk\u00f6zt\u00e1rsas\u00e1g tere 1. lett hivatalosan a moszkvai amerikai nagyk\u00f6vets\u00e9g c\u00edme Szergej Szobjanyin, az orosz f\u0151v\u00e1ros polg\u00e1rmestere \u00e1ltal szerd\u00e1n kiadott rendelet alapj\u00e1n.<\/p><\/blockquote>\n<p>Az elnevez\u00e9sr\u0151l a moszkvai \u00f6nkorm\u00e1nyzat \u00e1ltal ki\u00edrt online n\u00e9pszavaz\u00e1s szavaz\u00e1s d\u00f6nt\u00f6tt: &#8222;a Donyecki N\u00e9pk\u00f6zt\u00e1rsas\u00e1g tere&#8221; a voksok 44,69 sz\u00e1zal\u00e9k\u00e1val v\u00e9gzett az \u00e9len.<\/p>\n<figure id=\"attachment_44111\" aria-describedby=\"caption-attachment-44111\" style=\"width: 755px\" class=\"wp-caption alignnone\"><img loading=\"lazy\" decoding=\"async\" class=\"size-article-size-large-image wp-image-44111\" src=\"https:\/\/www.startlap.hu\/utazas\/uploads\/sites\/3\/2022\/06\/amerikai_nagykovetseg_moszkva-755x508.jpg\" alt=\"Moszkvai amerikai nagyk\u00f6vets\u00e9g \" width=\"755\" height=\"508\" srcset=\"https:\/\/www.startlap.hu\/utazas\/uploads\/sites\/3\/2022\/06\/amerikai_nagykovetseg_moszkva-755x508.jpg 755w, https:\/\/www.startlap.hu\/utazas\/uploads\/sites\/3\/2022\/06\/amerikai_nagykovetseg_moszkva-520x350.jpg 520w, https:\/\/www.startlap.hu\/utazas\/uploads\/sites\/3\/2022\/06\/amerikai_nagykovetseg_moszkva.jpg 800w\" sizes=\"auto, (max-width: 755px) 100vw, 755px\" \/><figcaption id=\"caption-attachment-44111\" class=\"wp-caption-text\">Fot\u00f3: MTI\/EPA\/Makszim Sipenkov<\/figcaption><\/figure>\n<p>Az az elk\u00e9pzel\u00e9s, hogy a teret &#8222;a Donyec-medence v\u00e9d\u0151ir\u0151l&#8221; nevezz\u00e9k el, 31,54 sz\u00e1zal\u00e9kot kapott, \u00e9s a v\u00e9lem\u00e9nynyilv\u00e1n\u00edt\u00f3k 8,33 sz\u00e1zal\u00e9ka v\u00e9lekedett \u00fagy, hogy az <a href=\"https:\/\/www.startlap.hu\/utazas\/new-york-amerika-szabadsag-szobor-titkok\/\" target=\"_blank\" rel=\"noopener noreferrer\"><strong>amerikai<\/strong><\/a> diplom\u00e1ciai misszi\u00f3 c\u00edm\u00e9nek mag\u00e1ban kellene foglalnia a donyecki &#8222;n\u00e9pi mil\u00edci\u00e1hoz&#8221; tartoz\u00f3 Szparta z\u00e1szl\u00f3alj elesett parancsnok\u00e1nak, Vlagyimir Zsog\u00e1nak a nev\u00e9t, akinek Vlagyimir Putyin eln\u00f6k posztumusz az Oroszorsz\u00e1g H\u0151se c\u00edmet is adom\u00e1nyozta.<\/p>\n<blockquote class=\"article__extraTxt\"><p>A f\u0151v\u00e1rosi el\u00f6lj\u00e1r\u00f3s\u00e1g k\u00f6z\u00f6lte, hogy teret fognak elnevezni a csak Moszkva \u00e1ltal elismert Luhanszki N\u00e9pk\u00f6zt\u00e1rsas\u00e1gr\u00f3l is.<\/p><\/blockquote>\n<p>A helysz\u00ednr\u0151l szint\u00e9n online szavaz\u00e1s fog d\u00f6nteni. Sajt\u00f3\u00e9rtes\u00fcl\u00e9sek szerint j\u00f3 es\u00e9llyel a brit \u00e9s a n\u00e9met nagyk\u00f6vets\u00e9g k\u00f6z\u00f6tt d\u0151lhet el, hogy melyik kapja ezt az \u00faj c\u00edmet.<\/p>\n<p>Az ukrajnai h\u00e1bor\u00fa kit\u00f6r\u00e9se ut\u00e1n t\u00f6bb eur\u00f3pai NATO-tag- \u00e9s tagjel\u00f6lt orsz\u00e1g v\u00e1rosaiban neveztek \u00e1t utc\u00e1t, \u00fatszakaszt vagy teret k\u00f6zvetlen\u00fcl a helyi orosz k\u00e9pviseletekn\u00e9l vagy azok k\u00f6zel\u00e9ben Ukrajna ir\u00e1nti szolidarit\u00e1sb\u00f3l.<\/p>\n<p>A m\u00e9di\u00e1ban megjelent h\u00edrek szerint az orosz nagyk\u00f6vets\u00e9g k\u00f6rny\u00e9k\u00e9nek &#8222;elukr\u00e1nos\u00edt\u00e1s\u00e1ra&#8221; k\u00e9sz\u00fcl Washington is.<\/p>\n<div class=\"o-widget m-readMoreWidget -readMore u-shortDecorLineAfter row widget-container _ce_measure_widget bigdata-widget read-more\" data-ce-measure-widget=\"olvass tov\u00e1bb\">\n\t<div class=\"m-readMoreWidget__imgWrapper image-wrapper col-12 col-md-4 no-p\">\n\t\t<a class=\"m-readMoreWidget__imgLink\" href=\"https:\/\/www.startlap.hu\/utazas\/a-vilag-tobb-vezeto-szallodalanca-csatlakozott-az-oroszorszag-elleni-embargohoz\/\" >\n\t\t\t<img decoding=\"async\" src=\"https:\/\/www.startlap.hu\/utazas\/uploads\/sites\/3\/2022\/03\/hyatt_hotel-350x285.jpg\" class=\"m-readMoreWidget__img\">\n\t\t<\/a>\n\t<\/div>\n\t<div class=\"m-readMoreWidget__titleWrapper title-wrapper col-12 col-md-8\">\n\t\t<span class=\"m-readMoreWidget__titleLabel u-shortDecorLineBefore label hidden-sm-up\">Ez is \u00e9rdekelhet:<\/span>\n\t\t<h3 class=\"m-readMoreWidget__title title\">\n\t\t\t<a class=\"m-readMoreWidget__titleLink -secondFont u-bold u-upperCase\" href=\"https:\/\/www.startlap.hu\/utazas\/a-vilag-tobb-vezeto-szallodalanca-csatlakozott-az-oroszorszag-elleni-embargohoz\/\" >A vil\u00e1g t\u00f6bb vezet\u0151 sz\u00e1llodal\u00e1nca csatlakozott az Oroszorsz\u00e1g elleni embarg\u00f3hoz<\/a>\n\t\t<\/h3>\n\t\t<a class=\"m-readMoreWidget__btn -coloredBack u-tC link\" href=\"https:\/\/www.startlap.hu\/utazas\/a-vilag-tobb-vezeto-szallodalanca-csatlakozott-az-oroszorszag-elleni-embargohoz\/\" >Elolvasom<\/a>\n\t<\/div>\n<\/div>\n<p>(MTI)<\/p>\n","protected":false},"excerpt":{"rendered":"<p>Megv\u00e1ltoztatt\u00e1k annak a t\u00e9rnek a nev\u00e9t, ahol Moszkv\u00e1ban\u00a0az amerikai nagyk\u00f6vets\u00e9g \u00e1ll. Az \u00faj elnevez\u00e9s alapj\u00e1n egy\u00e1ltal\u00e1n\u00a0nem v\u00e9letlen\u00fcl. <\/p>\n","protected":false},"author":8,"featured_media":44111,"comment_status":"open","ping_status":"open","sticky":false,"template":"","format":"standard","meta":{"footnotes":""},"categories":[70],"tags":[385],"class_list":["post-44110","post","type-post","status-publish","format-standard","has-post-thumbnail","hentry","category-vilag","tag-moszkva"],"aioseo_notices":[],"_links":{"self":[{"href":"https:\/\/www.startlap.hu\/utazas\/wp-json\/wp\/v2\/posts\/44110","targetHints":{"allow":["GET"]}}],"collection":[{"href":"https:\/\/www.startlap.hu\/utazas\/wp-json\/wp\/v2\/posts"}],"about":[{"href":"https:\/\/www.startlap.hu\/utazas\/wp-json\/wp\/v2\/types\/post"}],"author":[{"embeddable":true,"href":"https:\/\/www.startlap.hu\/utazas\/wp-json\/wp\/v2\/users\/8"}],"replies":[{"embeddable":true,"href":"https:\/\/www.startlap.hu\/utazas\/wp-json\/wp\/v2\/comments?post=44110"}],"version-history":[{"count":1,"href":"https:\/\/www.startlap.hu\/utazas\/wp-json\/wp\/v2\/posts\/44110\/revisions"}],"predecessor-version":[{"id":44113,"href":"https:\/\/www.startlap.hu\/utazas\/wp-json\/wp\/v2\/posts\/44110\/revisions\/44113"}],"wp:featuredmedia":[{"embeddable":true,"href":"https:\/\/www.startlap.hu\/utazas\/wp-json\/wp\/v2\/media\/44111"}],"wp:attachment":[{"href":"https:\/\/www.startlap.hu\/utazas\/wp-json\/wp\/v2\/media?parent=44110"}],"wp:term":[{"taxonomy":"category","embeddable":true,"href":"https:\/\/www.startlap.hu\/utazas\/wp-json\/wp\/v2\/categories?post=44110"},{"taxonomy":"post_tag","embeddable":true,"href":"https:\/\/www.startlap.hu\/utazas\/wp-json\/wp\/v2\/tags?post=44110"}],"curies":[{"name":"wp","href":"https:\/\/api.w.org\/{rel}","templated":true}]}}