{"id":42394,"date":"2022-05-31T06:03:47","date_gmt":"2022-05-31T04:03:47","guid":{"rendered":"https:\/\/www.startlap.hu\/utazas\/?p=42394"},"modified":"2022-05-26T14:48:20","modified_gmt":"2022-05-26T12:48:20","slug":"kalvaria-budaors-kohegy-tatai-kalvaria-tihany-vorosto-barnag-kirandulas-belfold","status":"publish","type":"post","link":"https:\/\/www.startlap.hu\/utazas\/kalvaria-budaors-kohegy-tatai-kalvaria-tihany-vorosto-barnag-kirandulas-belfold\/","title":{"rendered":"5+1 szemet gy\u00f6ny\u00f6rk\u00f6dtet\u0151 k\u00e1lv\u00e1ria itthon, amit l\u00e1tni kell"},"content":{"rendered":"<div class=\"m-card -authorCard m-authorCard\">\n\t<div class=\"m-card__role\">Vend\u00e9gszerz\u0151<\/div>\n\t<img decoding=\"async\" class=\"m-card__img\" src=\"https:\/\/www.startlap.hu\/utazas\/uploads\/sites\/3\/2021\/09\/vendegszerzo_130x158.png\" alt=\"ERRE-ARRA fot\u00f3s aj\u00e1nl\u00f3\">\n\t<div class=\"m-card__wrapCnt\">\n\t\t<h3 class=\"m-card__authorName\">ERRE-ARRA fot\u00f3s aj\u00e1nl\u00f3<\/h3>\n\t\t<div class=\"m-card__txt\">Fazekas Krisztina, az ERRE-ARRA fot\u00f3s aj\u00e1nl\u00f3 alap\u00edt\u00f3ja olyan \u00e9p\u00edtett \u00e9s term\u00e9szeti \u00f6r\u00f6ks\u00e9geket mutat meg, amelyek mellett gyakran csak els\u00e9t\u00e1lunk, viszont sokkal t\u00f6bbet mondanak ann\u00e1l, mint gondoln\u00e1nk. Honlapj\u00e1r\u00f3l elismer\u0151en nyilatkoznak olyan szem\u00e9lyek, mint Balogh L\u00e1szl\u00f3 Pulitzer-d\u00edjas fot\u00f3riporter, vagy Dr. Medvigy Endre J\u00f3zsef Attila-d\u00edjas irodalomkutat\u00f3.<\/div>\n\t\t<a class=\"m-card__linkBtn\" href=\"https:\/\/www.startlap.hu\/utazas\/author\/errearrablog\/\">Cikkei<\/a>\n\t<\/div>\n<\/div>\n\n<h2>1. A tihanyi k\u00e1lv\u00e1ria, avagy a tihanyi szabadt\u00e9ri ki\u00e1ll\u00edt\u00e1s<\/h2>\n<p>R\u00e9gi fot\u00f3k alapj\u00e1n elmondhat\u00f3, hogy kor\u00e1bban&nbsp; kidolgozottabb volt a <strong>tihanyi k\u00e1lv\u00e1ria<\/strong> h\u00e1rom keresztje k\u00f6r\u00fcli ter\u00fclet, kicsit l\u00e1tv\u00e1nyosabb panor\u00e1ma is volt a k\u00e1lv\u00e1ri\u00e1r\u00f3l, azonban n\u00e9h\u00e1ny \u00e9ve \u00fajra van tihanyi k\u00e1lv\u00e1ri\u00e1nk k\u00e9pz\u0151m\u0171v\u00e9szeti alkot\u00e1sokkal, st\u00e1ci\u00f3k legv\u00e9g\u00e9n a megtal\u00e1lt, \u00e9s visszasz\u00e1ll\u00edtott szobrokkal, valamint csod\u00e1latos kil\u00e1t\u00e1ssal. Sz\u00f3val most \u00fajra lehet m\u00e1szni, lehet fentr\u0151l letekinteni a Tihanyi Ap\u00e1ts\u00e1gra, hisz gy\u00f6ny\u00f6r\u0171 a kil\u00e1t\u00e1s, lehet szabadt\u00e9ri ki\u00e1ll\u00edt\u00e1s feelinget meg\u00e9lni: a tizenn\u00e9gy <a href=\"https:\/\/www.errearra.org\/tihanyi-kalvaria\" target=\"_blank\" target=\"_blank\" rel=\"noopener noreferrer\">st\u00e1ci\u00f3<\/a> olyan, mintha egy ki\u00e1ll\u00edt\u00e1st n\u00e9zn\u00e9nk v\u00e9gig.<\/p>\n<figure id=\"attachment_42922\" aria-describedby=\"caption-attachment-42922\" style=\"width: 755px\" class=\"wp-caption aligncenter\"><a href=\"https:\/\/www.startlap.hu\/utazas\/uploads\/sites\/3\/2022\/05\/tihanyi_kalvaria.jpg\"><img loading=\"lazy\" decoding=\"async\" class=\"wp-image-42922 size-article-size-large-image\" src=\"https:\/\/www.startlap.hu\/utazas\/uploads\/sites\/3\/2022\/05\/tihanyi_kalvaria-755x504.jpg\" alt=\"\" width=\"755\" height=\"504\" srcset=\"https:\/\/www.startlap.hu\/utazas\/uploads\/sites\/3\/2022\/05\/tihanyi_kalvaria-755x504.jpg 755w, https:\/\/www.startlap.hu\/utazas\/uploads\/sites\/3\/2022\/05\/tihanyi_kalvaria-524x350.jpg 524w, https:\/\/www.startlap.hu\/utazas\/uploads\/sites\/3\/2022\/05\/tihanyi_kalvaria.jpg 1385w\" sizes=\"auto, (max-width: 755px) 100vw, 755px\" \/><\/a><figcaption id=\"caption-attachment-42922\" class=\"wp-caption-text\">A tihanyi K\u00e1lv\u00e1ria<\/figcaption><\/figure>\n<p>&nbsp;<\/p>\n<h2>2. A v\u00f6r\u00f6st\u00f3i k\u00e1lv\u00e1ria tetej\u00e9r\u0151l csod\u00e1latos l\u00e1tv\u00e1ny t\u00e1rul el\u00e9d<\/h2>\n<p>Ha fels\u00e9t\u00e1lsz a <a href=\"https:\/\/www.errearra.org\/vorosto-kalvaria\" target=\"_blank\" target=\"_blank\" rel=\"noopener noreferrer\"><strong>v\u00f6r\u00f6st\u00f3i k\u00e1lv\u00e1ria<\/strong><\/a> k\u00e1poln\u00e1j\u00e1hoz, \u00e9s visszafordulsz, el\u00e1mulsz a l\u00e1tv\u00e1nyt\u00f3l. Beles\u00fcppedsz a term\u00e9szet harm\u00f3ni\u00e1j\u00e1ba.<\/p>\n<blockquote class=\"article__extraTxt\"><p>Ha tiszta a leveg\u0151, l\u00e1thatod <a href=\"https:\/\/www.startlap.hu\/utazas\/nyartol-latogathato-a-megujult-nagyvazsonyi-var\/\" target=\"_blank\" rel=\"noopener noreferrer\">V\u00e1zsonyk\u0151 v\u00e1r\u00e1t<\/a>, a Kab-hegyet \u00e9s a d\u00e9li Bakonyt.<\/p><\/blockquote>\n<p>Az 1700-as \u00e9vek v\u00e9g\u00e9n nagy divat lehetett a k\u00e1lv\u00e1ria-\u00e1ll\u00edt\u00e1s, mert a barnagihoz (k\u00f6vetkez\u0151 bemutatott k\u00e1lv\u00e1ria) hasonl\u00f3an a v\u00f6r\u00f6sk\u0151i k\u00e1lv\u00e1ria, \u00e9s k\u00e1polna is ekkor \u00e9p\u00fclt. A <strong><a href=\"https:\/\/www.startlap.hu\/utazas\/video-vorosko-forras-bukk\/\" target=\"_blank\" rel=\"noopener noreferrer\">v\u00f6r\u00f6sk\u0151i<\/a> k\u00e1lv\u00e1ria<\/strong> 14 darab, 3 m\u00e9ter magas st\u00e1ci\u00f3b\u00f3l \u00e1ll, itt a st\u00e1ci\u00f3kban elhelyezett alkot\u00e1sokat nem kort\u00e1rs m\u0171v\u00e9sz (mint Barnagon), hanem egy 1916 k\u00f6r\u00fcl \u00e9l\u0151 m\u0171v\u00e9sz alkothatta. Ezeket a gy\u00f6ny\u00f6r\u0171, festett b\u00e1dogk\u00e9peket l\u00e1thatod ma is\/most is.<\/p>\n<figure id=\"attachment_42924\" aria-describedby=\"caption-attachment-42924\" style=\"width: 755px\" class=\"wp-caption aligncenter\"><a href=\"https:\/\/www.startlap.hu\/utazas\/uploads\/sites\/3\/2022\/05\/v\u00f6r\u00f6st\u00f3_k\u00e1lv\u00e1ria-scaled.jpg\"><img loading=\"lazy\" decoding=\"async\" class=\"wp-image-42924 size-article-size-large-image\" src=\"https:\/\/www.startlap.hu\/utazas\/uploads\/sites\/3\/2022\/05\/v\u00f6r\u00f6st\u00f3_k\u00e1lv\u00e1ria-755x503.jpg\" alt=\"\" width=\"755\" height=\"503\" srcset=\"https:\/\/www.startlap.hu\/utazas\/uploads\/sites\/3\/2022\/05\/v\u00f6r\u00f6st\u00f3_k\u00e1lv\u00e1ria-755x503.jpg 755w, https:\/\/www.startlap.hu\/utazas\/uploads\/sites\/3\/2022\/05\/v\u00f6r\u00f6st\u00f3_k\u00e1lv\u00e1ria-1536x1024.jpg 1536w, https:\/\/www.startlap.hu\/utazas\/uploads\/sites\/3\/2022\/05\/v\u00f6r\u00f6st\u00f3_k\u00e1lv\u00e1ria-2048x1365.jpg 2048w, https:\/\/www.startlap.hu\/utazas\/uploads\/sites\/3\/2022\/05\/v\u00f6r\u00f6st\u00f3_k\u00e1lv\u00e1ria-525x350.jpg 525w\" sizes=\"auto, (max-width: 755px) 100vw, 755px\" \/><\/a><figcaption id=\"caption-attachment-42924\" class=\"wp-caption-text\">A v\u00f6r\u00f6st\u00f3i k\u00e1lv\u00e1ria<\/figcaption><\/figure>\n<h2>3. A barnagi k\u00e1lv\u00e1ria, ami majdnem az eny\u00e9szet\u00e9 lett<\/h2>\n<p>Barnag Tihanyt\u00f3l 19 km-nyire, \u00e9szakra tal\u00e1lhat\u00f3. A barnagi k\u00e1lv\u00e1ria pedig <strong><a href=\"https:\/\/www.startlap.hu\/utazas\/veszprem-kilato-balaton-bakony\/\" target=\"_blank\" rel=\"noopener noreferrer\">Veszpr\u00e9m<\/a> megye<\/strong> legr\u00e9gebbi, sz\u00e1mos archaikus von\u00e1st \u0151rz\u0151 kereszt\u00fatja.<\/p>\n<blockquote class=\"article__extraTxt\"><p>A barnagi k\u00e1lv\u00e1ria val\u00f3s\u00e1gos ritkas\u00e1g a szakr\u00e1lis \u00e9p\u00edtm\u00e9nyek sor\u00e1ban.<\/p><\/blockquote>\n<p>8 st\u00e1ci\u00f3, a v\u00e9g\u00e9n \u00e1ll k\u00e1polna; minden st\u00e1ci\u00f3 egy-egy m\u0171v\u00e9szeti alkot\u00e1s, jelen esetben Somogyi Gy\u0151z\u0151 Kossuth-d\u00edjas grafikus \u00e9s fest\u0151 munk\u00e1ja. A k\u00e1lv\u00e1ria \u00edr\u00e1sos feljegyz\u00e9sek alapj\u00e1n az 1700-as \u00e9vek v\u00e9g\u00e9n ker\u00fclt ide, az 1960-as \u00e9vekben az \u00e1llagroml\u00e1s miatt kezdem\u00e9nyezt\u00e9k az \u00e9rt\u00e9kes m\u0171eml\u00e9k-egy\u00fcttes bont\u00e1s\u00e1t, amit akkor az Orsz\u00e1gos M\u0171eml\u00e9k\u00fcgyi Fel\u00fcgyel\u0151s\u00e9g nem engedett, \u00edgy 2003 \u00e9s 2012 k\u00f6z\u00f6tt az egyre rosszabb \u00e1llapotba ker\u00fclt k\u00e1lv\u00e1ria teljes fel\u00faj\u00edt\u00e1son esett \u00e1t. Az egyedi st\u00e1ci\u00f3-alkot\u00e1s\u00e9rt, \u00e9s a csod\u00e1latos t\u00e1j\u00e9rt \u00e9rdemes <strong><a href=\"https:\/\/www.errearra.org\/barnag-kalvaria\" target=\"_blank\" target=\"_blank\" rel=\"noopener noreferrer\">ide<\/a><\/strong> kattintani.<\/p>\n<figure id=\"attachment_42925\" aria-describedby=\"caption-attachment-42925\" style=\"width: 755px\" class=\"wp-caption aligncenter\"><a href=\"https:\/\/www.startlap.hu\/utazas\/uploads\/sites\/3\/2022\/05\/barnag_k\u00e1lv\u00e1ria.jpg\"><img loading=\"lazy\" decoding=\"async\" class=\"wp-image-42925 size-article-size-large-image\" src=\"https:\/\/www.startlap.hu\/utazas\/uploads\/sites\/3\/2022\/05\/barnag_k\u00e1lv\u00e1ria-755x503.jpg\" alt=\"\" width=\"755\" height=\"503\" srcset=\"https:\/\/www.startlap.hu\/utazas\/uploads\/sites\/3\/2022\/05\/barnag_k\u00e1lv\u00e1ria-755x503.jpg 755w, https:\/\/www.startlap.hu\/utazas\/uploads\/sites\/3\/2022\/05\/barnag_k\u00e1lv\u00e1ria-1536x1024.jpg 1536w, https:\/\/www.startlap.hu\/utazas\/uploads\/sites\/3\/2022\/05\/barnag_k\u00e1lv\u00e1ria-525x350.jpg 525w, https:\/\/www.startlap.hu\/utazas\/uploads\/sites\/3\/2022\/05\/barnag_k\u00e1lv\u00e1ria.jpg 1773w\" sizes=\"auto, (max-width: 755px) 100vw, 755px\" \/><\/a><figcaption id=\"caption-attachment-42925\" class=\"wp-caption-text\">A barnagi k\u00e1lv\u00e1ria<\/figcaption><\/figure>\n<h2>4. Szinte megmozdulnak, olyan \u00e9leth\u0171ek a tatai K\u00e1lv\u00e1ria-domb szobrai<\/h2>\n<p>Az eddigi legszebb k\u00e1lv\u00e1ria-dombi k\u00e1lv\u00e1ria szobrot\/szoborcsoportot <strong><a href=\"https:\/\/www.errearra.org\/tata-kalvaria-domb\" target=\"_blank\" target=\"_blank\" rel=\"noopener noreferrer\">Tat\u00e1n<\/a><\/strong> tal\u00e1ltuk. Csod\u00e1latos alkot\u00e1s, tal\u00e1n a tihanyi k\u00e1lv\u00e1riadomb tetej\u00e9n tal\u00e1lhat\u00f3 szobrok kidolgozotts\u00e1ga vetekszik a tatai\u00e9val. A tatai k\u00e1lv\u00e1ria szoborcsoport annyira, de annyira \u00e9letszer\u0171, az emberi test vonalait, ar\u00e1nyait, mozdulatait h\u0171en k\u00f6vet\u0151 alkot\u00e1s &#8211; val\u00f3dinak l\u00e1ttatott m\u00e9g a ruh\u00e1k es\u00e9se is -, hogy tulajdonk\u00e9ppen ha ezeket a szobrokat k\u00e9pzeletben kifested, felruh\u00e1zod sz\u00ednekkel, mozdulatokkal, id\u0151utazol, \u00e9s ott vagy J\u00e9zus keresztre fesz\u00edt\u00e9s\u00e9nek legval\u00f3sz\u00edn\u0171bb id\u0151pontj\u00e1ban, 33. \u00e1prilis 3-\u00e1n p\u00e9nteken, Jeruzs\u00e1lem hat\u00e1r\u00e1ban a K\u00e1lv\u00e1ria-dombon papucsban, v\u00e1lladon \u00e1tvetett v\u00e1szonruh\u00e1ban sokad magaddal.<\/p>\n<p>Ha nem akarsz annyira messzire utazni az id\u0151ben, hanem csak &#8211; szint\u00e9n k\u00e9pzeletben &#8211; b\u00e1m\u00e9szkodni szeretn\u00e9l Schweiger Antal, az alkot\u00f3 m\u0171hely\u00e9ben az alkot\u00e1si folyamata alkalm\u00e1val, akkor is t\u00f6bb mint 250 \u00e9vet kell visszautazz az id\u0151ben. Hogy a szobr\u00e1sz \u00e9pp J\u00e9zus Krisztust, vagy a keresztje t\u00f6v\u00e9ben l\u00e1that\u00f3 M\u00e1ria Magdoln\u00e1t, a szoborcsoport oldalain tal\u00e1lhat\u00f3 Sz\u0171z M\u00e1ri\u00e1t, Szent J\u00e1nos apostolt, vagy esetleg a fat\u00f6rzs jelleg\u0171 keresztre fesz\u00edtett latrok alapj\u00e1t mint\u00e1zta meg id\u0151utaz\u00e1sod alkalm\u00e1val, r\u00e1d b\u00edzzuk.<\/p>\n<figure id=\"attachment_42926\" aria-describedby=\"caption-attachment-42926\" style=\"width: 755px\" class=\"wp-caption aligncenter\"><a href=\"https:\/\/www.startlap.hu\/utazas\/uploads\/sites\/3\/2022\/05\/tata_kalvaria_Dobmb-scaled.jpg\"><img loading=\"lazy\" decoding=\"async\" class=\"wp-image-42926 size-article-size-large-image\" src=\"https:\/\/www.startlap.hu\/utazas\/uploads\/sites\/3\/2022\/05\/tata_kalvaria_Dobmb-755x503.jpg\" alt=\"\" width=\"755\" height=\"503\" srcset=\"https:\/\/www.startlap.hu\/utazas\/uploads\/sites\/3\/2022\/05\/tata_kalvaria_Dobmb-755x503.jpg 755w, https:\/\/www.startlap.hu\/utazas\/uploads\/sites\/3\/2022\/05\/tata_kalvaria_Dobmb-1536x1024.jpg 1536w, https:\/\/www.startlap.hu\/utazas\/uploads\/sites\/3\/2022\/05\/tata_kalvaria_Dobmb-2048x1365.jpg 2048w, https:\/\/www.startlap.hu\/utazas\/uploads\/sites\/3\/2022\/05\/tata_kalvaria_Dobmb-525x350.jpg 525w\" sizes=\"auto, (max-width: 755px) 100vw, 755px\" \/><\/a><figcaption id=\"caption-attachment-42926\" class=\"wp-caption-text\">A tatai k\u00e1lv\u00e1ria domb<\/figcaption><\/figure>\n<p>Tudd, hogy amikor els\u00e9t\u00e1lsz a tatai K\u00e1lv\u00e1ria-domb tetej\u00e9n tal\u00e1lhat\u00f3 k\u00e1polna mellett (az is van), \u00e9s szemrev\u00e9telezed a szoborcsoportot, 1958 \u00f3ta orsz\u00e1gos jelent\u0151s\u00e9g\u0171 term\u00e9szetv\u00e9delmi ter\u00fcleten, s\u0151t, Tata legmagasabb pontj\u00e1n, kil\u00e1t\u00f3\/kitekint\u0151 helyen (is) j\u00e1rsz.&nbsp;<\/p>\n<h2>5. Itt gejz\u00edrk\u00fapon s\u00e9t\u00e1lhatsz fel a k\u00e1lv\u00e1ria-domb tetej\u00e9re<\/h2>\n<p>Buda\u00f6rs\u00f6n k\u00e9t szakr\u00e1lis-vall\u00e1si helyre is fels\u00e9t\u00e1lhatsz. A egyik a <a href=\"https:\/\/www.errearra.org\/budaorsi-kalvaria-domb\" target=\"_blank\" target=\"_blank\" rel=\"noopener noreferrer\"><strong>buda\u00f6rsi K\u00e1lv\u00e1ria-domb<\/strong><\/a> &#8211; 173 m -, a m\u00e1sik a <strong>K\u0151-hegy<\/strong>&nbsp;&#8211; 235 m\u00e9ter -.<\/p>\n<p>Ha a K\u00e1lv\u00e1ria-dombot v\u00e1lasztod, szab\u00e1lyos alak\u00fa gejz\u00edrk\u00fapon s\u00e9t\u00e1lhatsz. Tetej\u00e9re <strong>babakocsival is bej\u00e1rhat\u00f3 szerpentinen<\/strong> vezet az \u00fat, st\u00e1ci\u00f3-alkot\u00e1sokkal megt\u0171zdelve. Szabadt\u00e9ri ki\u00e1ll\u00edt\u00e1sban lehet r\u00e9szed itt is, am\u00edg fel\u00e9rsz a cs\u00facsra. A st\u00e1ci\u00f3 alkot\u00e1sok jelen esetben sz\u00ednesek: \u00f3lom\u00fcveg alkot\u00e1sok. A buda\u00f6rsi K\u00e1lv\u00e1ria-domb egyedis\u00e9ge m\u00e9g a gejz\u00edr-k\u00fapi s\u00e9ta, \u00e9s a nagyon sz\u00ednes \u00f3lom\u00fcveg st\u00e1ci\u00f3s-alkot\u00e1sokon k\u00edv\u00fcl, hogy nem a dombtet\u0151n, hanem a domb alj\u00e1ban, a kiindul\u00f3ponton tal\u00e1lhat\u00f3 a k\u00e1polna.<\/p>\n<figure id=\"attachment_42927\" aria-describedby=\"caption-attachment-42927\" style=\"width: 755px\" class=\"wp-caption aligncenter\"><a href=\"https:\/\/www.startlap.hu\/utazas\/uploads\/sites\/3\/2022\/05\/buda\u00f6rsi_k\u00e1lv\u00e1ria_domb.jpg\"><img loading=\"lazy\" decoding=\"async\" class=\"wp-image-42927 size-article-size-large-image\" src=\"https:\/\/www.startlap.hu\/utazas\/uploads\/sites\/3\/2022\/05\/buda\u00f6rsi_k\u00e1lv\u00e1ria_domb-755x503.jpg\" alt=\"\" width=\"755\" height=\"503\" srcset=\"https:\/\/www.startlap.hu\/utazas\/uploads\/sites\/3\/2022\/05\/buda\u00f6rsi_k\u00e1lv\u00e1ria_domb-755x503.jpg 755w, https:\/\/www.startlap.hu\/utazas\/uploads\/sites\/3\/2022\/05\/buda\u00f6rsi_k\u00e1lv\u00e1ria_domb-1536x1024.jpg 1536w, https:\/\/www.startlap.hu\/utazas\/uploads\/sites\/3\/2022\/05\/buda\u00f6rsi_k\u00e1lv\u00e1ria_domb-525x350.jpg 525w, https:\/\/www.startlap.hu\/utazas\/uploads\/sites\/3\/2022\/05\/buda\u00f6rsi_k\u00e1lv\u00e1ria_domb.jpg 1773w\" sizes=\"auto, (max-width: 755px) 100vw, 755px\" \/><\/a><figcaption id=\"caption-attachment-42927\" class=\"wp-caption-text\">A buda\u00f6rsi K\u00e1lv\u00e1ria-domb<\/figcaption><\/figure>\n<h2>+1. Ha fels\u00e9t\u00e1lsz a buda\u00f6rsi K\u0151-hegyre&#8230;<\/h2>\n<p>Mivel tal\u00e1lkozhatsz, ha fels\u00e9t\u00e1lsz budapesti Gell\u00e9rt-heggyel azonos magass\u00e1g\u00fa buda\u00f6rsi <a href=\"https:\/\/www.errearra.org\/budaorsi-kohegy-kapolna\" target=\"_blank\" target=\"_blank\" rel=\"noopener noreferrer\">K\u0151-hegyre<\/a>, a 240 k\u00e9nyelmes l\u00e9pcs\u0151n kereszt\u00fcl t\u00f6rt\u00e9n\u0151 \u201ehegym\u00e1sz\u00e1s\u201d ut\u00e1n? P\u00e9ld\u00e1ul a a M\u00e1ria (vagy Wendler) k\u00e1poln\u00e1val &#8211; hisz gyakorlatilag bele\u00fctk\u00f6z\u00f6l -, kereszttel, Szenth\u00e1roms\u00e1g-szoborral, lez\u00e1rt barlangr\u00e9sszel (Wendler Ferenc miut\u00e1n meg\u00e9p\u00edttette a k\u00e1poln\u00e1t, felk\u00f6lt\u00f6z\u00f6tt ide, a barlangba \u00e9s remetes\u00e9get fogadott), s\u00edrhellyel a k\u00e1polna m\u00f6g\u00f6tt (Wendler Ferenc ide akart temetkezni sehova m\u00e1shova), \u201edolomit-fenns\u00edkkal\u201d, sz\u00e9l, es\u0151 \u00e9s j\u00e9g form\u00e1lta szikl\u00e1kkal, pap\u00edrs\u00e1rk\u00e1nyt ereget\u0151 gyerekekkel, szendvicset majszol\u00f3 csal\u00e1dokkal, h\u00e1tizs\u00e1kos kir\u00e1ndul\u00f3kkal, \u00e9s valami csod\u00e1latos kil\u00e1t\u00e1ssal&#8230;<\/p>\n<figure id=\"attachment_42928\" aria-describedby=\"caption-attachment-42928\" style=\"width: 755px\" class=\"wp-caption aligncenter\"><a href=\"https:\/\/www.startlap.hu\/utazas\/uploads\/sites\/3\/2022\/05\/buda\u00f6rsi_k\u0151hegy_k\u00e1polna.jpg\"><img loading=\"lazy\" decoding=\"async\" class=\"wp-image-42928 size-article-size-large-image\" src=\"https:\/\/www.startlap.hu\/utazas\/uploads\/sites\/3\/2022\/05\/buda\u00f6rsi_k\u0151hegy_k\u00e1polna-755x503.jpg\" alt=\"\" width=\"755\" height=\"503\" srcset=\"https:\/\/www.startlap.hu\/utazas\/uploads\/sites\/3\/2022\/05\/buda\u00f6rsi_k\u0151hegy_k\u00e1polna-755x503.jpg 755w, https:\/\/www.startlap.hu\/utazas\/uploads\/sites\/3\/2022\/05\/buda\u00f6rsi_k\u0151hegy_k\u00e1polna-1536x1024.jpg 1536w, https:\/\/www.startlap.hu\/utazas\/uploads\/sites\/3\/2022\/05\/buda\u00f6rsi_k\u0151hegy_k\u00e1polna-525x350.jpg 525w, https:\/\/www.startlap.hu\/utazas\/uploads\/sites\/3\/2022\/05\/buda\u00f6rsi_k\u0151hegy_k\u00e1polna.jpg 1773w\" sizes=\"auto, (max-width: 755px) 100vw, 755px\" \/><\/a><figcaption id=\"caption-attachment-42928\" class=\"wp-caption-text\">A buda\u00f6rsi K\u0151-hegy k\u00e1polna<\/figcaption><\/figure>\n<p>&nbsp;<\/p>\n<div class=\"o-widget m-readMoreWidget -readMore u-shortDecorLineAfter row widget-container _ce_measure_widget bigdata-widget read-more\" data-ce-measure-widget=\"olvass tov\u00e1bb\">\n\t<div class=\"m-readMoreWidget__imgWrapper image-wrapper col-12 col-md-4 no-p\">\n\t\t<a class=\"m-readMoreWidget__imgLink\" href=\"https:\/\/www.startlap.hu\/utazas\/muzeum-magyarorszag-sziklakorhaz-afrika-muzeum-balaton-nemzeti-torteneti-emlekpark-szelfi-muzeum-houdini-haz\/\" >\n\t\t\t<img decoding=\"async\" src=\"https:\/\/www.startlap.hu\/utazas\/uploads\/sites\/3\/2022\/05\/balogh-zoltan-szelfi-350x285.jpg\" class=\"m-readMoreWidget__img\">\n\t\t<\/a>\n\t<\/div>\n\t<div class=\"m-readMoreWidget__titleWrapper title-wrapper col-12 col-md-8\">\n\t\t<span class=\"m-readMoreWidget__titleLabel u-shortDecorLineBefore label hidden-sm-up\">Ez is \u00e9rdekelhet:<\/span>\n\t\t<h3 class=\"m-readMoreWidget__title title\">\n\t\t\t<a class=\"m-readMoreWidget__titleLink -secondFont u-bold u-upperCase\" href=\"https:\/\/www.startlap.hu\/utazas\/muzeum-magyarorszag-sziklakorhaz-afrika-muzeum-balaton-nemzeti-torteneti-emlekpark-szelfi-muzeum-houdini-haz\/\" >5 kev\u00e9sb\u00e9 ismert, izgalmas hazai m\u00fazeum, amit egyszer az \u00e9letben l\u00e1tni kell<\/a>\n\t\t<\/h3>\n\t\t<a class=\"m-readMoreWidget__btn -coloredBack u-tC link\" href=\"https:\/\/www.startlap.hu\/utazas\/muzeum-magyarorszag-sziklakorhaz-afrika-muzeum-balaton-nemzeti-torteneti-emlekpark-szelfi-muzeum-houdini-haz\/\" >Elolvasom<\/a>\n\t<\/div>\n<\/div>\n","protected":false},"excerpt":{"rendered":"<p>Azon fel\u00fcl, hogy a k\u00e1lv\u00e1ria J\u00e9zus kereszt\u00fatja, amely \u00e9p\u00edtett \u00f6r\u00f6ks\u00e9g szempontj\u00e1b\u00f3l egy komolyan \u00e1tgondolt \u00e9p\u00edt\u00e9szeti m\u0171, megtervezett st\u00e1ci\u00f3falakkal, k\u00e1poln\u00e1val, h\u00e1rom kereszttel (hol-mivel v\u00e9gz\u0151dik a s\u00e9ta), nem utols\u00f3sorban pedig a k\u00e1lv\u00e1ria k\u00e9pz\u0151m\u0171v\u00e9szek st\u00e1ci\u00f3kban elhelyezett alkot\u00e1sainak sz\u00ednhelye. Mutatunk n\u00e9h\u00e1ny gy\u00f6ny\u00f6r\u0171 hazai k\u00e1lv\u00e1ri\u00e1t, amiket \u00e9rdemes k\u00f6zelr\u0151l megvizsg\u00e1lni a kir\u00e1ndul\u00e1sunk sor\u00e1n! A st\u00edlust, a k\u00e9pek, az \u00e1br\u00e1k, a m\u0171vek egym\u00e1shoz val\u00f3 viszony\u00e1t. Hiszen a k\u00e1lv\u00e1ria nem csak egy kereszt\u00fat, \u00e9s \u00e9p\u00edtett \u00f6r\u00f6ks\u00e9g, hanem egy szabadt\u00e9ri, ingyenes ki\u00e1ll\u00edt\u00e1s is. <\/p>\n","protected":false},"author":48,"featured_media":42928,"comment_status":"open","ping_status":"open","sticky":false,"template":"","format":"standard","meta":{"footnotes":""},"categories":[7],"tags":[],"class_list":["post-42394","post","type-post","status-publish","format-standard","has-post-thumbnail","hentry","category-belfold-utazas"],"aioseo_notices":[],"_links":{"self":[{"href":"https:\/\/www.startlap.hu\/utazas\/wp-json\/wp\/v2\/posts\/42394","targetHints":{"allow":["GET"]}}],"collection":[{"href":"https:\/\/www.startlap.hu\/utazas\/wp-json\/wp\/v2\/posts"}],"about":[{"href":"https:\/\/www.startlap.hu\/utazas\/wp-json\/wp\/v2\/types\/post"}],"author":[{"embeddable":true,"href":"https:\/\/www.startlap.hu\/utazas\/wp-json\/wp\/v2\/users\/48"}],"replies":[{"embeddable":true,"href":"https:\/\/www.startlap.hu\/utazas\/wp-json\/wp\/v2\/comments?post=42394"}],"version-history":[{"count":15,"href":"https:\/\/www.startlap.hu\/utazas\/wp-json\/wp\/v2\/posts\/42394\/revisions"}],"predecessor-version":[{"id":42954,"href":"https:\/\/www.startlap.hu\/utazas\/wp-json\/wp\/v2\/posts\/42394\/revisions\/42954"}],"wp:featuredmedia":[{"embeddable":true,"href":"https:\/\/www.startlap.hu\/utazas\/wp-json\/wp\/v2\/media\/42928"}],"wp:attachment":[{"href":"https:\/\/www.startlap.hu\/utazas\/wp-json\/wp\/v2\/media?parent=42394"}],"wp:term":[{"taxonomy":"category","embeddable":true,"href":"https:\/\/www.startlap.hu\/utazas\/wp-json\/wp\/v2\/categories?post=42394"},{"taxonomy":"post_tag","embeddable":true,"href":"https:\/\/www.startlap.hu\/utazas\/wp-json\/wp\/v2\/tags?post=42394"}],"curies":[{"name":"wp","href":"https:\/\/api.w.org\/{rel}","templated":true}]}}