{"id":4235,"date":"2019-11-20T08:19:40","date_gmt":"2019-11-20T07:19:40","guid":{"rendered":"https:\/\/www.startlap.hu\/utazas\/?p=4235"},"modified":"2019-11-21T14:17:18","modified_gmt":"2019-11-21T13:17:18","slug":"kastelyszallo-dij-heritage-hotels-of-europe","status":"publish","type":"post","link":"https:\/\/www.startlap.hu\/utazas\/kastelyszallo-dij-heritage-hotels-of-europe\/","title":{"rendered":"Egyed\u00fcl\u00e1ll\u00f3 eur\u00f3pai d\u00edjakat nyert h\u00e1rom magyar kast\u00e9ly"},"content":{"rendered":"<p>H\u00e1rom magyar kast\u00e9ly is megkapta a <a href=\"https:\/\/heritagehotelsofeurope.com\/awards\/\" target=\"_blank\" target=\"_blank\" rel=\"noopener\"><strong>Heritage Hotels of Europe<\/strong><\/a> (HHE) d\u00edj\u00e1t november 17-\u00e9n, a Magyarorsz\u00e1g b\u00e9csi nagyk\u00f6vets\u00e9g\u00e9n megrendezett d\u00edj\u00e1tad\u00f3 esem\u00e9nyen &#8211; k\u00f6z\u00f6lte a Magyar Kast\u00e9lysz\u00e1llod\u00e1k \u00e9s T\u00f6rt\u00e9nelmi \u00c9p\u00fcletek Sz\u00f6vets\u00e9ge kedden az MTI-vel.<\/p>\n<p>A sz\u00f6vets\u00e9g k\u00f6zlem\u00e9nye szerint a Heritage Hotels of Europe d\u00edj <strong>a <a href=\"https:\/\/www.startlap.hu\/utazas\/kihagyhatatlan-kastelyszallok-magyarorszagon\/\" target=\"_blank\" rel=\"noopener\">t\u00f6rt\u00e9nelmi sz\u00e1llod\u00e1k<\/a> egyed\u00fcl\u00e1ll\u00f3 elismer\u00e9se<\/strong>, tisztelg\u00e9s az ezekbe a r\u00e9gi \u00e9p\u00fcletekbe &#8222;lelket var\u00e1zsl\u00f3&#8221; elhivatott tulajdonosok, \u00fczemeltet\u0151k \u00e9s munkat\u00e1rsak el\u0151tt.<\/p>\n<p>A 13 tagorsz\u00e1got sz\u00e1ml\u00e1l\u00f3 szervezetben id\u00e9n k\u00f6zel <strong>100 jel\u00f6lt indult a megm\u00e9rettet\u00e9sen<\/strong>. H\u00e9t kateg\u00f3ri\u00e1ban adtak \u00e1t d\u00edjakat, melyekhez egy k\u00fcl\u00f6nd\u00edjat is megszavazott a nemzetk\u00f6zi zs\u0171ri.<\/p>\n<ul>\n<li>A <strong>Heritage &amp; Design<\/strong> kateg\u00f3ri\u00e1ban a <strong>m\u00e1ndoki Forg\u00e1ch Kast\u00e9ly<\/strong> lett a teljes mez\u0151ny 3. legjobbja<\/li>\n<li>A <strong>Heritage &amp; Hospitality<\/strong> kateg\u00f3ri\u00e1ban a <strong>r\u00f6jt\u00f6kmuzsaji Szid\u00f3nia Kast\u00e9lysz\u00e1lloda<\/strong> lett a gy\u0151ztes.<\/li>\n<li>A <strong>Heritage &amp; Experience<\/strong> k\u00fcl\u00f6nd\u00edj\u00e1t a <strong>Gyulai Alm\u00e1sy-Kast\u00e9ly L\u00e1togat\u00f3k\u00f6zpont<\/strong> h\u00f3d\u00edtotta el.<\/li>\n<\/ul>\n<figure id=\"attachment_4237\" aria-describedby=\"caption-attachment-4237\" style=\"width: 1664px\" class=\"wp-caption alignnone\"><img loading=\"lazy\" decoding=\"async\" class=\"size-full wp-image-4237\" src=\"https:\/\/www.startlap.hu\/utazas\/uploads\/sites\/3\/2019\/11\/rojtokmuzsaj-szidonia-kastelyszalloda.jpg\" alt=\"\" width=\"1664\" height=\"840\" srcset=\"https:\/\/www.startlap.hu\/utazas\/uploads\/sites\/3\/2019\/11\/rojtokmuzsaj-szidonia-kastelyszalloda.jpg 1664w, https:\/\/www.startlap.hu\/utazas\/uploads\/sites\/3\/2019\/11\/rojtokmuzsaj-szidonia-kastelyszalloda-693x350.jpg 693w\" sizes=\"auto, (max-width: 1664px) 100vw, 1664px\" \/><figcaption id=\"caption-attachment-4237\" class=\"wp-caption-text\"><span style=\"font-size: 12px\">A r\u00f6jt\u00f6kmuzsaji Szid\u00f3nia Kast\u00e9lysz\u00e1lloda (Forr\u00e1s: szidonia.hu)<\/span><\/figcaption><\/figure>\n<p>J\u00f6v\u0151re Magyarorsz\u00e1g lesz a rangos esem\u00e9ny h\u00e1zigazd\u00e1ja.<\/p>\n<p>A Magyar Kast\u00e9lysz\u00e1llod\u00e1k \u00e9s T\u00f6rt\u00e9nelmi \u00c9p\u00fcletek Sz\u00f6vets\u00e9ge alap\u00edt\u00f3 tagja a HHE nemzetk\u00f6zi szervezetnek, melynek tagjai egym\u00e1st seg\u00edtik, k\u00f6zponti marketingstrat\u00e9gi\u00e1juk a kast\u00e9lyturizmus n\u00e9pszer\u0171s\u00edt\u00e9s\u00e9t t\u0171zte z\u00e1szlaj\u00e1ra.<\/p>\n<p><strong>2018-ban<\/strong> is volt magyar d\u00edjazott, akkor a <strong>Host of the Year d\u00edjat az als\u00f3pet\u00e9nyi Pr\u00f3nay kast\u00e9lynak<\/strong> \u00edt\u00e9lt\u00e9k oda.<\/p>\n","protected":false},"excerpt":{"rendered":"<p>Magyarorsz\u00e1g b\u00e9csi nagyk\u00f6vets\u00e9g\u00e9n vehett\u00e9k \u00e1t az elismer\u00e9seket.<\/p>\n","protected":false},"author":36,"featured_media":4236,"comment_status":"open","ping_status":"open","sticky":false,"template":"","format":"standard","meta":{"footnotes":""},"categories":[7],"tags":[766,32],"class_list":["post-4235","post","type-post","status-publish","format-standard","has-post-thumbnail","hentry","category-belfold-utazas","tag-kastelyszallo","tag-magyarorszag"],"aioseo_notices":[],"_links":{"self":[{"href":"https:\/\/www.startlap.hu\/utazas\/wp-json\/wp\/v2\/posts\/4235","targetHints":{"allow":["GET"]}}],"collection":[{"href":"https:\/\/www.startlap.hu\/utazas\/wp-json\/wp\/v2\/posts"}],"about":[{"href":"https:\/\/www.startlap.hu\/utazas\/wp-json\/wp\/v2\/types\/post"}],"author":[{"embeddable":true,"href":"https:\/\/www.startlap.hu\/utazas\/wp-json\/wp\/v2\/users\/36"}],"replies":[{"embeddable":true,"href":"https:\/\/www.startlap.hu\/utazas\/wp-json\/wp\/v2\/comments?post=4235"}],"version-history":[{"count":1,"href":"https:\/\/www.startlap.hu\/utazas\/wp-json\/wp\/v2\/posts\/4235\/revisions"}],"predecessor-version":[{"id":4238,"href":"https:\/\/www.startlap.hu\/utazas\/wp-json\/wp\/v2\/posts\/4235\/revisions\/4238"}],"wp:featuredmedia":[{"embeddable":true,"href":"https:\/\/www.startlap.hu\/utazas\/wp-json\/wp\/v2\/media\/4236"}],"wp:attachment":[{"href":"https:\/\/www.startlap.hu\/utazas\/wp-json\/wp\/v2\/media?parent=4235"}],"wp:term":[{"taxonomy":"category","embeddable":true,"href":"https:\/\/www.startlap.hu\/utazas\/wp-json\/wp\/v2\/categories?post=4235"},{"taxonomy":"post_tag","embeddable":true,"href":"https:\/\/www.startlap.hu\/utazas\/wp-json\/wp\/v2\/tags?post=4235"}],"curies":[{"name":"wp","href":"https:\/\/api.w.org\/{rel}","templated":true}]}}