{"id":41269,"date":"2022-03-27T13:19:18","date_gmt":"2022-03-27T11:19:18","guid":{"rendered":"https:\/\/www.startlap.hu\/utazas\/?p=41269"},"modified":"2022-03-27T13:19:18","modified_gmt":"2022-03-27T11:19:18","slug":"becs-koronavirus-wienerlinien","status":"publish","type":"post","link":"https:\/\/www.startlap.hu\/utazas\/becs-koronavirus-wienerlinien\/","title":{"rendered":"K\u00fcl\u00f6n\u00f6s int\u00e9zked\u00e9st hozott a b\u00e9csi BKV a koronav\u00edrus miatt"},"content":{"rendered":"<p>Mivel az osztr\u00e1k f\u0151v\u00e1rosban tov\u00e1bbra is magas az \u00faj koronav\u00edrus-fert\u0151z\u00f6ttek sz\u00e1ma, a <a href=\"https:\/\/www.startlap.hu\/utazas\/becs-wiener-linien-zold-kerites\/\" target=\"_blank\" rel=\"noopener noreferrer\">Wiener Linien<\/a>, vagyis a b\u00e9csi k\u00f6zleked\u00e9si v\u00e1llalat szokatlan l\u00e9p\u00e9st tett a k\u00f6z\u00f6ss\u00e9gi k\u00f6zleked\u00e9s fennakad\u00e1sok n\u00e9lk\u00fcli biztos\u00edt\u00e1sa \u00e9rdek\u00e9ben. Az ir\u00e1ny\u00edt\u00f3k\u00f6zpont dolgoz\u00f3i<strong> \u00f6nk\u00e9nt v\u00e1llalt\u00e1k, hogy egy h\u00e9tre bek\u00f6lt\u00f6zzenek munkahely\u00fckre, a v\u00e1llalat erdbergi igazgat\u00f3s\u00e1gba<\/strong> &#8211; \u00edrja a <a href=\"https:\/\/www.napi.hu\/nemzetkozi-gazdasag\/koronavirus-fertozes-jarvany-becs.749062.html\" target=\"_blank\" target=\"_blank\" rel=\"noopener noreferrer\"><strong>napi.hu<\/strong><\/a>.<\/p>\n<p>A k\u00f6zpontban \u00f6sszesen 29 munkat\u00e1rsat foglalkoztatnak, az \u0151 napi teend\u0151iknek k\u00f6sz\u00f6nhet\u0151, hogy a b\u00e9csi t\u00f6megk\u00f6zleked\u00e9si j\u00e1ratok az \u00e9v minden napj\u00e1n menetrend szerint haladnak. Naponta mintegy 120 v\u00e1ratlan esem\u00e9nnyel szembes\u00fclnek: ilyen p\u00e9ld\u00e1ul az, amikor elakad egy <a href=\"https:\/\/www.startlap.hu\/utazas\/europa-legszebb-adventi-villamosa-szavazas-miskolci-fenyvillamos\/\" target=\"_blank\" rel=\"noopener noreferrer\">villamos<\/a> egy tilosban parkol\u00f3 aut\u00f3 miatt, illetve feladataik k\u00f6z\u00e9 tartozik a forgalmi zavarok elh\u00e1r\u00edt\u00e1sa ut\u00e1n a k\u00f6zleked\u00e9s vissza\u00e1ll\u00edt\u00e1sa.<\/p>\n<figure id=\"attachment_41272\" aria-describedby=\"caption-attachment-41272\" style=\"width: 755px\" class=\"wp-caption alignnone\"><img loading=\"lazy\" decoding=\"async\" class=\"size-article-size-large-image wp-image-41272\" src=\"https:\/\/www.startlap.hu\/utazas\/uploads\/sites\/3\/2022\/03\/b\u00e9cs-villamos-covid-755x504.jpg\" alt=\"Villamos B\u00e9csben - a Wiener Linien dolgoz\u00f3i a munkahely\u00fckre k\u00f6lt\u00f6znek a koronav\u00edrus miatt\" width=\"755\" height=\"504\" srcset=\"https:\/\/www.startlap.hu\/utazas\/uploads\/sites\/3\/2022\/03\/b\u00e9cs-villamos-covid-755x504.jpg 755w, https:\/\/www.startlap.hu\/utazas\/uploads\/sites\/3\/2022\/03\/b\u00e9cs-villamos-covid-524x350.jpg 524w, https:\/\/www.startlap.hu\/utazas\/uploads\/sites\/3\/2022\/03\/b\u00e9cs-villamos-covid.jpg 1024w\" sizes=\"auto, (max-width: 755px) 100vw, 755px\" \/><figcaption id=\"caption-attachment-41272\" class=\"wp-caption-text\">Education Images\/Universal Images Group via Getty Images<\/figcaption><\/figure>\n<p>A munkat\u00e1rsak els\u0151 hat f\u0151s csoportja szombaton k\u00f6lt\u00f6z\u00f6tt be, sz\u00fcks\u00e9g eset\u00e9n tov\u00e1bbi hat f\u0151 v\u00e1ltja \u0151ket majd egy h\u00e9t m\u00falva. Az \u00e9rintettek <strong>fizikai \u00e9s pszichol\u00f3giai felk\u00e9sz\u00edt\u00e9st kaptak, a helysz\u00ednen pedig h\u00e1l\u00f3- \u00e9s pihen\u0151helyis\u00e9gek, tiszt\u00e1lkod\u00e1si lehet\u0151s\u00e9g \u00e9s teljes ell\u00e1t\u00e1s \u00e1ll rendelkez\u00e9sre<\/strong>. Ahogy az a jelen p\u00e9ld\u00e1b\u00f3l is l\u00e1that\u00f3, a Wiener Linienn\u00e9l el\u00e9g komolyan veszik a j\u00e1rv\u00e1nykezel\u00e9st, k\u00e9t \u00e9ve k\u00fcl\u00f6n v\u00e1ls\u00e1gst\u00e1b foglalkozik a koronav\u00edrus okozta probl\u00e9m\u00e1k megold\u00e1s\u00e1val.<\/p>\n<div class=\"o-widget m-readMoreWidget -readMore u-shortDecorLineAfter row widget-container _ce_measure_widget bigdata-widget read-more\" data-ce-measure-widget=\"olvass tov\u00e1bb\">\n\t<div class=\"m-readMoreWidget__imgWrapper image-wrapper col-12 col-md-4 no-p\">\n\t\t<a class=\"m-readMoreWidget__imgLink\" href=\"https:\/\/www.startlap.hu\/utazas\/ausztria-szigoritas-koronavirus\/\" >\n\t\t\t<img decoding=\"async\" src=\"https:\/\/www.startlap.hu\/utazas\/uploads\/sites\/3\/2022\/03\/ausztria_becs_kavehaz-350x285.jpg\" class=\"m-readMoreWidget__img\">\n\t\t<\/a>\n\t<\/div>\n\t<div class=\"m-readMoreWidget__titleWrapper title-wrapper col-12 col-md-8\">\n\t\t<span class=\"m-readMoreWidget__titleLabel u-shortDecorLineBefore label hidden-sm-up\">Ez is \u00e9rdekelhet:<\/span>\n\t\t<h3 class=\"m-readMoreWidget__title title\">\n\t\t\t<a class=\"m-readMoreWidget__titleLink -secondFont u-bold u-upperCase\" href=\"https:\/\/www.startlap.hu\/utazas\/ausztria-szigoritas-koronavirus\/\" >Ausztria j\u00f6v\u0151 h\u00e9ten ism\u00e9t szigor\u00fat<\/a>\n\t\t<\/h3>\n\t\t<a class=\"m-readMoreWidget__btn -coloredBack u-tC link\" href=\"https:\/\/www.startlap.hu\/utazas\/ausztria-szigoritas-koronavirus\/\" >Elolvasom<\/a>\n\t<\/div>\n<\/div>\n","protected":false},"excerpt":{"rendered":"<p>A Wiener Linien dolgoz\u00f3i egy h\u00e9tre bek\u00f6lt\u00f6ztek a munkahely\u00fckre a j\u00e1rv\u00e1ny miatt.<\/p>\n","protected":false},"author":14,"featured_media":41272,"comment_status":"open","ping_status":"open","sticky":false,"template":"","format":"standard","meta":{"footnotes":""},"categories":[70],"tags":[661,1484,1358],"class_list":["post-41269","post","type-post","status-publish","format-standard","has-post-thumbnail","hentry","category-vilag","tag-becs","tag-karanten","tag-koronavirus"],"aioseo_notices":[],"_links":{"self":[{"href":"https:\/\/www.startlap.hu\/utazas\/wp-json\/wp\/v2\/posts\/41269","targetHints":{"allow":["GET"]}}],"collection":[{"href":"https:\/\/www.startlap.hu\/utazas\/wp-json\/wp\/v2\/posts"}],"about":[{"href":"https:\/\/www.startlap.hu\/utazas\/wp-json\/wp\/v2\/types\/post"}],"author":[{"embeddable":true,"href":"https:\/\/www.startlap.hu\/utazas\/wp-json\/wp\/v2\/users\/14"}],"replies":[{"embeddable":true,"href":"https:\/\/www.startlap.hu\/utazas\/wp-json\/wp\/v2\/comments?post=41269"}],"version-history":[{"count":3,"href":"https:\/\/www.startlap.hu\/utazas\/wp-json\/wp\/v2\/posts\/41269\/revisions"}],"predecessor-version":[{"id":41274,"href":"https:\/\/www.startlap.hu\/utazas\/wp-json\/wp\/v2\/posts\/41269\/revisions\/41274"}],"wp:featuredmedia":[{"embeddable":true,"href":"https:\/\/www.startlap.hu\/utazas\/wp-json\/wp\/v2\/media\/41272"}],"wp:attachment":[{"href":"https:\/\/www.startlap.hu\/utazas\/wp-json\/wp\/v2\/media?parent=41269"}],"wp:term":[{"taxonomy":"category","embeddable":true,"href":"https:\/\/www.startlap.hu\/utazas\/wp-json\/wp\/v2\/categories?post=41269"},{"taxonomy":"post_tag","embeddable":true,"href":"https:\/\/www.startlap.hu\/utazas\/wp-json\/wp\/v2\/tags?post=41269"}],"curies":[{"name":"wp","href":"https:\/\/api.w.org\/{rel}","templated":true}]}}