{"id":41006,"date":"2022-03-19T10:20:40","date_gmt":"2022-03-19T09:20:40","guid":{"rendered":"https:\/\/www.startlap.hu\/utazas\/?p=41006"},"modified":"2022-04-08T06:12:28","modified_gmt":"2022-04-08T04:12:28","slug":"ausztria-szigoritas-koronavirus","status":"publish","type":"post","link":"https:\/\/www.startlap.hu\/utazas\/ausztria-szigoritas-koronavirus\/","title":{"rendered":"Ausztria j\u00f6v\u0151 h\u00e9ten ism\u00e9t szigor\u00fat"},"content":{"rendered":"<p>A fert\u0151z\u00f6ttekre tov\u00e1bb\u00e1 ism\u00e9t karant\u00e9nszab\u00e1lyok vonatkoznak majd, els\u0151sorban a k\u00f3rh\u00e1zakban \u00e9s az id\u0151sotthonokban.<\/p>\n<blockquote class=\"article__extraTxt\"><p>A t\u00e1rcavezet\u0151 azzal \u00e9rvelt, hogy az \u00faj int\u00e9zked\u00e9sek r\u00e9v\u00e9n megel\u0151zhet\u0151 az eg\u00e9szs\u00e9g\u00fcgyi int\u00e9zm\u00e9nyek t\u00falterhel\u00e9se.<\/p><\/blockquote>\n<p><a href=\"https:\/\/www.startlap.hu\/utazas\/ausztria-siszezon-koronavirus\/\" target=\"_blank\" rel=\"noopener noreferrer\"><strong>Ausztri\u00e1ban<\/strong><\/a> a SARS-CoV-2 nev\u0171 v\u00edrus igazoltan 3 335 900 embert fert\u0151z\u00f6tt meg \u00e9s 15 320-an haltak meg a v\u00edrus okozta Covid-19-betegs\u00e9g k\u00f6vetkezt\u00e9ben a baltimore-i Johns Hopkins egyetem p\u00e9ntek esti \u00f6sszes\u00edt\u00e9se szerint. A lakoss\u00e1g 74,16 sz\u00e1zal\u00e9ka kapta meg a teljes olt\u00e1si sort.<\/p>\n<p>Magyarorsz\u00e1gon m\u00e1rcius 7-t\u0151l nem k\u00f6telez\u0151 a maszkvisel\u00e9s z\u00e1rt t\u00e9rben sem, \u00e9s a t\u00f6bbi j\u00e1rv\u00e1ny\u00fcgyi korl\u00e1toz\u00e1s z\u00f6m\u00e9t is elt\u00f6r\u00f6lt\u00e9k.<\/p>\n<div class=\"o-widget m-readMoreWidget -readMore u-shortDecorLineAfter row widget-container _ce_measure_widget bigdata-widget read-more\" data-ce-measure-widget=\"olvass tov\u00e1bb\">\n\t<div class=\"m-readMoreWidget__imgWrapper image-wrapper col-12 col-md-4 no-p\">\n\t\t<a class=\"m-readMoreWidget__imgLink\" href=\"https:\/\/www.startlap.hu\/utazas\/zzzleepandgo-becs-repter-alvokabin\/\" >\n\t\t\t<img decoding=\"async\" src=\"https:\/\/www.startlap.hu\/utazas\/uploads\/sites\/3\/2022\/01\/Vienna-Airport-Cabins-2-350x285.jpg\" class=\"m-readMoreWidget__img\">\n\t\t<\/a>\n\t<\/div>\n\t<div class=\"m-readMoreWidget__titleWrapper title-wrapper col-12 col-md-8\">\n\t\t<span class=\"m-readMoreWidget__titleLabel u-shortDecorLineBefore label hidden-sm-up\">Ez is \u00e9rdekelhet:<\/span>\n\t\t<h3 class=\"m-readMoreWidget__title title\">\n\t\t\t<a class=\"m-readMoreWidget__titleLink -secondFont u-bold u-upperCase\" href=\"https:\/\/www.startlap.hu\/utazas\/zzzleepandgo-becs-repter-alvokabin\/\" >Alv\u00f3kapszul\u00e1k lept\u00e9k el a b\u00e9csi repteret<\/a>\n\t\t<\/h3>\n\t\t<a class=\"m-readMoreWidget__btn -coloredBack u-tC link\" href=\"https:\/\/www.startlap.hu\/utazas\/zzzleepandgo-becs-repter-alvokabin\/\" >Elolvasom<\/a>\n\t<\/div>\n<\/div>\n<p>&nbsp;<\/p>\n<p><span style=\"font-size: 12px\">(MTI)<\/span><\/p>\n","protected":false},"excerpt":{"rendered":"<p> A j\u00f6v\u0151 h\u00e9t k\u00f6zep\u00e9t\u0151l z\u00e1rt t\u00e9rben ism\u00e9t k\u00f6telez\u0151 lesz az FPP2 min\u0151s\u00e9g\u0171 maszk visel\u00e9se Ausztri\u00e1ban a koronav\u00edrus-j\u00e1rv\u00e1ny alakul\u00e1sa miatt &#8211; jelentette be sajt\u00f3t\u00e1j\u00e9koztat\u00f3j\u00e1n Johannes Rauch eg\u00e9szs\u00e9g\u00fcgyi miniszter B\u00e9csben.<\/p>\n","protected":false},"author":36,"featured_media":41007,"comment_status":"open","ping_status":"open","sticky":false,"template":"","format":"standard","meta":{"footnotes":""},"categories":[70],"tags":[307,6706,2683],"class_list":["post-41006","post","type-post","status-publish","format-standard","has-post-thumbnail","hentry","category-vilag","tag-ausztria","tag-megelozes","tag-szigoritas"],"aioseo_notices":[],"_links":{"self":[{"href":"https:\/\/www.startlap.hu\/utazas\/wp-json\/wp\/v2\/posts\/41006","targetHints":{"allow":["GET"]}}],"collection":[{"href":"https:\/\/www.startlap.hu\/utazas\/wp-json\/wp\/v2\/posts"}],"about":[{"href":"https:\/\/www.startlap.hu\/utazas\/wp-json\/wp\/v2\/types\/post"}],"author":[{"embeddable":true,"href":"https:\/\/www.startlap.hu\/utazas\/wp-json\/wp\/v2\/users\/36"}],"replies":[{"embeddable":true,"href":"https:\/\/www.startlap.hu\/utazas\/wp-json\/wp\/v2\/comments?post=41006"}],"version-history":[{"count":2,"href":"https:\/\/www.startlap.hu\/utazas\/wp-json\/wp\/v2\/posts\/41006\/revisions"}],"predecessor-version":[{"id":41009,"href":"https:\/\/www.startlap.hu\/utazas\/wp-json\/wp\/v2\/posts\/41006\/revisions\/41009"}],"wp:featuredmedia":[{"embeddable":true,"href":"https:\/\/www.startlap.hu\/utazas\/wp-json\/wp\/v2\/media\/41007"}],"wp:attachment":[{"href":"https:\/\/www.startlap.hu\/utazas\/wp-json\/wp\/v2\/media?parent=41006"}],"wp:term":[{"taxonomy":"category","embeddable":true,"href":"https:\/\/www.startlap.hu\/utazas\/wp-json\/wp\/v2\/categories?post=41006"},{"taxonomy":"post_tag","embeddable":true,"href":"https:\/\/www.startlap.hu\/utazas\/wp-json\/wp\/v2\/tags?post=41006"}],"curies":[{"name":"wp","href":"https:\/\/api.w.org\/{rel}","templated":true}]}}