{"id":40602,"date":"2022-03-07T07:51:15","date_gmt":"2022-03-07T06:51:15","guid":{"rendered":"https:\/\/www.startlap.hu\/utazas\/?p=40602"},"modified":"2022-03-09T14:32:08","modified_gmt":"2022-03-09T13:32:08","slug":"bekes-az-elfelejtett-megye-latnivaloi","status":"publish","type":"post","link":"https:\/\/www.startlap.hu\/utazas\/bekes-az-elfelejtett-megye-latnivaloi\/","title":{"rendered":"B\u00e9k\u00e9s, az elfelejtett megye l\u00e1tnival\u00f3i"},"content":{"rendered":"<div class=\"m-card -authorCard m-authorCard\">\n\t<div class=\"m-card__role\">Vend\u00e9gszerz\u0151<\/div>\n\t<img decoding=\"async\" class=\"m-card__img\" src=\"https:\/\/www.startlap.hu\/utazas\/uploads\/sites\/3\/2019\/08\/Bago\u0301-Tu\u0308nde.png\" alt=\"\u00c9let S\u00f3ja\">\n\t<div class=\"m-card__wrapCnt\">\n\t\t<h3 class=\"m-card__authorName\">\u00c9let S\u00f3ja<\/h3>\n\t\t<div class=\"m-card__txt\">Bag\u00f3 T\u00fcnde az \u00c9let s\u00f3ja blog szerz\u0151je. Foglalkozott kult\u00far\u00e1val, tan\u00edt\u00e1ssal, majd \u00e1tnyargalt jog\u00e1sznak. Szereti az \u00e9let s\u00f3j\u00e1t, az utaz\u00e1sokat, a gasztron\u00f3mi\u00e1t, a kult\u00far\u00e1t, a m\u0171v\u00e9szetet, a t\u00f6rt\u00e9nelmet, s mindent, ami megf\u0171szerezi az \u00e9let\u00fcnket.<\/div>\n\t\t<a class=\"m-card__linkBtn\" href=\"https:\/\/www.startlap.hu\/utazas\/author\/eletsoja\/\">Cikkei<\/a>\n\t<\/div>\n<\/div>\n\n<p>&nbsp;<\/p>\n<p><span lang=\"hu-HU\">A felsorol\u00e1s hosszan folytat\u00f3dhatna (s folytat\u00f3dik is itt a cikkben), m\u00e9gis B\u00e9k\u00e9s megye a turisztikai c\u00e9lpontok k\u00f6z\u00f6tt csak a h\u00e1ts\u00f3 sorban \u00fcld\u00f6g\u00e9l. V\u00e1rja, hogy felfedezz\u00e9k, v\u00e1rja, hogy ne csak a gyulai f\u00fcrd\u0151ig eljut\u00f3 kelet-n\u00e9met turist\u00e1k sz\u00e9p\u00edtgess\u00e9k a l\u00e1togat\u00f3i l\u00e9tsz\u00e1mot. V\u00e1rja, hogy felt\u00f6rekv\u0151, fiatal turisztikai v\u00e1llalkoz\u00e1sair\u00f3l orsz\u00e1gszerte besz\u00e9ljenek, \u00fagy, ahogy a gyulai \u00e9s csabai kolb\u00e1szt is ismerik.<\/span><\/p>\n<p><span lang=\"hu-HU\">B\u00e9k\u00e9s megy\u00e9ben sz\u00fclettem, ez\u00e9rt elfogults\u00e1gom ebben a cikkben bocs\u00e1ttasson meg. Gyermekkoromban \u00fcnnepnek sz\u00e1m\u00edtott, ha Gyul\u00e1ra vagy B\u00e9k\u00e9scsab\u00e1ra utaztunk. Gyula volt a vonz\u00f3bb, mert ott szemmel l\u00e1that\u00f3bb a t\u00f6rt\u00e9nelem. A gyulai v\u00e1r, az Alm\u00e1sy-kast\u00e9ly (amely, akkor m\u00e9g kor\u00e1ntsem ilyen sz\u00e9pen fel\u00faj\u00edtva fesz\u00edtett), a Sz\u00e1z\u00e9ves cukr\u00e1szda, a t\u00f6r\u00f6k h\u00f3dolts\u00e1g ut\u00e1n betelep\u00edtett n\u00e9metek belv\u00e1rosi h\u00e1zai, engem is elvar\u00e1zsoltak. B\u00e9k\u00e9scsaba a v\u00e1s\u00e1rl\u00e1s k\u00f6zpontja, a falun el\u00e9rhetetlen \u00e1ruk t\u00e1rh\u00e1zak\u00e9nt b\u0171v\u00f6lt el. <\/span><\/p>\n<p><span lang=\"hu-HU\">A rokonl\u00e1togat\u00e1sok sor\u00e1n Orosh\u00e1za mez\u0151v\u00e1rosi mili\u0151je \u00e9s az \u00fcveggy\u00e1r titokzatoss\u00e1ga cs\u00e1b\u00edtott. Iskol\u00e1sk\u00e9nt Szarvas arbor\u00e9tum\u00e1ra \u00e9s D\u00e9vav\u00e1nya d\u00fcr\u00f6g\u0151 t\u00fazokjaira csod\u00e1lkoztam r\u00e1. Az els\u0151 kast\u00e9lyszerelem Szabadk\u00edgy\u00f3son tal\u00e1lt r\u00e1m, amikor Wenkcheim\u00e9k egykori lakhely\u00e9b\u0151l ballag\u00f3 di\u00e1kok \u00f6z\u00f6nl\u00f6ttek ki. Nem eml\u00e9kszem az ismer\u0151sre, aki oda j\u00e1rt iskol\u00e1ba, de eml\u00e9kszem arra, hogy nagyany\u00e1m elbesz\u00e9l\u00e9s\u00e9b\u0151l m\u00e1r akkor tudtam: a kast\u00e9lynak annyi ablaka van, ah\u00e1ny nap egy \u00e9vben, annyi szob\u00e1ja ah\u00e1ny h\u00e9t, \u00e9s annyi bej\u00e1rata ah\u00e1ny \u00e9vszak. Sz\u00e1molgattam az ablakokat, ahogy most a napokat, am\u00edg v\u00e9gre \u00fajra teljes pomp\u00e1j\u00e1ban l\u00e1thatom (a kast\u00e9ly jelenleg fel\u00faj\u00edt\u00e1s alatt \u00e1ll, v\u00e1rhat\u00f3 nyit\u00e1s 2022 tavasza).<\/span><\/p>\n<p><span lang=\"hu-HU\">V\u00e9szt\u0151n \u00e9ltem csaknem h\u00e1rom \u00e9vtizedet, \u00edgy szemtan\u00faja lehettem, ahogy egy domb a falu hat\u00e1r\u00e1ban megny\u00edlik \u00e9s \u00e9vezredekre visszamen\u0151en felt\u00e1rja a vid\u00e9k lak\u00f3inak \u00e9let\u00e9t. A M\u00e1gori-dombok tov\u00e1bbi kincseket rejtenek \u2013 suttogt\u00e1k a faluban, majd \u00e9vekig dolgoztak r\u00e9g\u00e9szek ott a legnagyobb \u00e1mulatunkra. Tudtuk, sejtett\u00fck, ha m\u00e1r az egyik dombon ott \u00e1llt a kor\u00e1bban felt\u00e1rt, Csolt-nemzets\u00e9ghez tartoz\u00f3 monostor, akkor a m\u00e1sik domb alatt is lennie kell leleteknek.<\/span><\/p>\n<figure id=\"attachment_40609\" aria-describedby=\"caption-attachment-40609\" style=\"width: 755px\" class=\"wp-caption alignnone\"><img loading=\"lazy\" decoding=\"async\" class=\"size-article-size-large-image wp-image-40609\" src=\"https:\/\/www.startlap.hu\/utazas\/uploads\/sites\/3\/2022\/03\/veszto_magor_csol_monostor-1-755x488.jpg\" alt=\"\" width=\"755\" height=\"488\" srcset=\"https:\/\/www.startlap.hu\/utazas\/uploads\/sites\/3\/2022\/03\/veszto_magor_csol_monostor-1-755x488.jpg 755w, https:\/\/www.startlap.hu\/utazas\/uploads\/sites\/3\/2022\/03\/veszto_magor_csol_monostor-1-541x350.jpg 541w, https:\/\/www.startlap.hu\/utazas\/uploads\/sites\/3\/2022\/03\/veszto_magor_csol_monostor-1.jpg 824w\" sizes=\"auto, (max-width: 755px) 100vw, 755px\" \/><figcaption id=\"caption-attachment-40609\" class=\"wp-caption-text\">V\u00e9szt\u0151-M\u00e1gor Csolt-Monostor (Fot\u00f3: dr. Szalai Kriszti\u00e1n)<\/figcaption><\/figure>\n<p><span lang=\"hu-HU\">A sz\u00fcl\u0151f\u00f6ldem \u0151sibb\u00e9 v\u00e1lt, m\u00e9g a honfoglal\u00e1s felfoghatatlan \u0151siess\u00e9g\u00e9n\u00e9l is. <\/span><\/p>\n<p><span lang=\"hu-HU\">Most, \u00e9vtizedekkel k\u00e9s\u0151bb, Eur\u00f3p\u00e1t j\u00e1rva l\u00e9pten-nyomon botlom b\u00e9k\u00e9si term\u00e9kekbe, kapok h\u00edrt b\u00e9k\u00e9si eml\u00e9khelyek fel\u00faj\u00edt\u00e1s\u00e1r\u00f3l, vid\u00e9ki sz\u00e1ll\u00e1sok megnyit\u00e1s\u00e1r\u00f3l \u00e9s saj\u00e1t b\u0151r\u00f6m\u00f6n is tapasztalom a fiatalos pezsg\u00e9st, akkor a legkevesebb az, hogy a saj\u00e1t eszk\u00f6zeimmel megmutatom, mi\u00e9rt is kell felfedezni B\u00e9k\u00e9s megy\u00e9t.<\/span><\/p>\n<p><span lang=\"hu-HU\">Ugorjunk fejest az elfelejtett megy\u00e9be! Mutatom a l\u00e1tnival\u00f3kat, kor\u00e1ntsem teljes a list\u00e1m, de impressz\u00edv. <\/span><\/p>\n<h2><span lang=\"hu-HU\">Kincset rejt\u0151 halmok V\u00e9szt\u0151n<\/span><\/h2>\n<p><span lang=\"hu-HU\">Induljunk el V\u00e9szt\u0151r\u0151l (mondom, hogy elfogult vagyok)! <\/span><span style=\"color: #0563c1;\"><u><a href=\"https:\/\/www.vesztomagor.hu\/\" target=\"_blank\"><span lang=\"hu-HU\"><b>V\u00e9szt\u0151-M\u00e1gor T\u00f6rt\u00e9nelmi Eml\u00e9khely<\/b><\/span><\/a><\/u><\/span><span lang=\"hu-HU\"> ma m\u00e1r sokkal t\u00f6bb, mint amikor \u00e9n m\u00e9g a felt\u00e1rt monostor melletti felt\u00e1ratlan dombon sz\u00e1nk\u00f3ztam. Ma m\u00e1r a Wenkcheimek egykori borospinc\u00e9j\u00e9ben kialak\u00edtott m\u00fazeum mellett, a m\u00e1sik domb belsej\u00e9ben ny\u00edlt, felt\u00e1r\u00e1si ki\u00e1ll\u00edt\u00f3t\u00e9ren t\u00fal a Sebes-K\u00f6r\u00f6s egykori medr\u00e9nek kanyarulatai \u00e1ltal k\u00f6rbevett term\u00e9szetv\u00e9delmi ter\u00fcleten a szikes puszt\u00e1k \u00e9s a mocsarak \u00e9l\u0151vil\u00e1g\u00e1ba is betekint\u00e9st kaphatunk. A p\u00e1k\u00e1sztany\u00e1n a helyi hal\u00e1szat \u0151si \u00e9s \u00e9vsz\u00e1zadokon \u00e1t \u00e9lelmet ad\u00f3 foglalkoz\u00e1s\u00e1val ismerkedhetnek meg a l\u00e1togat\u00f3k. A l\u00e1tnival\u00f3k k\u00f6z\u00f6tt megtal\u00e1lhat\u00f3 m\u00e9g egy \u00fajk\u0151kori lak\u00f3h\u00e1z eredeti m\u00e9ret\u0171 rekonstrukci\u00f3ja, az adott korra jellemz\u0151 haszn\u00e1lati t\u00e1rgyakkal is. A n\u00e9pi \u00edr\u00f3k szoborparkja azok el\u0151tt tiszteleg, akik mindent megtettek az\u00e9rt, hogy az itt \u00e9l\u0151 emberek vil\u00e1ga megismerhet\u0151 legyen. <\/span><\/p>\n<p><span lang=\"hu-HU\">A csal\u00e1dok, kir\u00e1ndul\u00f3k lehet\u0151s\u00e9get kapnak V\u00e9szt\u0151-M\u00e1goron szabadt\u00e9ri s\u00fct\u00f6get\u00e9sre \u00e9s ak\u00e1r a b\u00fabos kemenc\u00e9t is kipr\u00f3b\u00e1lhatj\u00e1k. Sokan keress\u00fck a nyugalmat a mai felgyorsult vil\u00e1gban, a csend mindenn\u00e9l ritk\u00e1bb \u00e9s dr\u00e1g\u00e1bb manaps\u00e1g, ahogy az \u00e9rintetlen t\u00e1j is.<\/span><\/p>\n<figure id=\"attachment_40610\" aria-describedby=\"caption-attachment-40610\" style=\"width: 755px\" class=\"wp-caption alignnone\"><img loading=\"lazy\" decoding=\"async\" class=\"size-article-size-large-image wp-image-40610\" src=\"https:\/\/www.startlap.hu\/utazas\/uploads\/sites\/3\/2022\/03\/veszto_magor_bubos_kemence-755x512.jpg\" alt=\"\" width=\"755\" height=\"512\" srcset=\"https:\/\/www.startlap.hu\/utazas\/uploads\/sites\/3\/2022\/03\/veszto_magor_bubos_kemence-755x512.jpg 755w, https:\/\/www.startlap.hu\/utazas\/uploads\/sites\/3\/2022\/03\/veszto_magor_bubos_kemence-517x350.jpg 517w, https:\/\/www.startlap.hu\/utazas\/uploads\/sites\/3\/2022\/03\/veszto_magor_bubos_kemence.jpg 800w\" sizes=\"auto, (max-width: 755px) 100vw, 755px\" \/><figcaption id=\"caption-attachment-40610\" class=\"wp-caption-text\">V\u00e9szt\u0151-M\u00e1gor b\u00fabos kemence (Fot\u00f3: dr. Szalai Kriszti\u00e1n)<\/figcaption><\/figure>\n<p><span lang=\"hu-HU\">A M\u00e1gori-dombok k\u00f6rny\u00e9ke pontosan ezeket ny\u00fajtja a l\u00e1togat\u00f3inak: nyugalom, csend, \u00e9rintetlen t\u00e1j.<\/span><\/p>\n<figure id=\"attachment_40611\" aria-describedby=\"caption-attachment-40611\" style=\"width: 755px\" class=\"wp-caption alignnone\"><img loading=\"lazy\" decoding=\"async\" class=\"size-article-size-large-image wp-image-40611\" src=\"https:\/\/www.startlap.hu\/utazas\/uploads\/sites\/3\/2022\/03\/veszto_magor_panorama2-755x531.jpg\" alt=\"\" width=\"755\" height=\"531\" srcset=\"https:\/\/www.startlap.hu\/utazas\/uploads\/sites\/3\/2022\/03\/veszto_magor_panorama2-755x531.jpg 755w, https:\/\/www.startlap.hu\/utazas\/uploads\/sites\/3\/2022\/03\/veszto_magor_panorama2-497x350.jpg 497w, https:\/\/www.startlap.hu\/utazas\/uploads\/sites\/3\/2022\/03\/veszto_magor_panorama2.jpg 800w\" sizes=\"auto, (max-width: 755px) 100vw, 755px\" \/><figcaption id=\"caption-attachment-40611\" class=\"wp-caption-text\">V\u00e9szt\u0151-M\u00e1gor panor\u00e1ma (Fot\u00f3: dr. Szalai Kriszti\u00e1n)<\/figcaption><\/figure>\n<p><span lang=\"hu-HU\">V\u00e9szt\u0151h\u00f6z k\u00f6zel fekszik F\u00fczesgyarmat, ahol a Kast\u00e9lypark f\u00fcrd\u0151 h\u00edres gy\u00f3gyviz\u00e9r\u0151l. Gyula mellett jelent\u0151s\u00e9ge elt\u00f6rp\u00fcl, holott sokkal nyugodtabb \u00e9s kedvez\u0151bb kikapcsol\u00f3d\u00e1st ny\u00fajt. A f\u00fcrd\u0151 mellett kemping is tal\u00e1lhat\u00f3. <\/span><\/p>\n<h2><span lang=\"hu-HU\">Vend\u00e9gs\u00e9gben a t\u00fazokmad\u00e1rn\u00e1l D\u00e9vav\u00e1ny\u00e1n<\/span><\/h2>\n<p><span lang=\"hu-HU\">Ker\u00e9kp\u00e1rral is felfedezhet\u0151 innen a <\/span><span style=\"color: #0563c1;\"><u><a href=\"https:\/\/www.kmnp.hu\/hu\/sterbetz-istvan-tuzokvedelmi-latogatokozpont-devavanya\" target=\"_blank\"><span lang=\"hu-HU\"><b>d\u00e9vav\u00e1nyai t\u00fazokrezerv\u00e1tum<\/b><\/span><\/a><\/u><\/span><span lang=\"hu-HU\"> \u00e9s a gyomai K\u00f6r\u00f6s-vid\u00e9k.<\/span><\/p>\n<p><span lang=\"hu-HU\">A t\u00fazokr\u00f3l m\u00e1r esett sz\u00f3 a cikk elej\u00e9n, gyermekkoromra hivatkozva eml\u00edtettem, amely azt jelenti, hogy m\u00e1r bizony 35-40 \u00e9ve is kiemelten foglalkoztak ennek a jellegzetesen pusztai mad\u00e1rnak a v\u00e9delm\u00e9vel D\u00e9vav\u00e1nya-Ecsegfalv\u00e1n. A r\u00e9helyi L\u00e1togat\u00f3k\u00f6zpontban ki\u00e1ll\u00edt\u00e1sok mellett egy m\u00e1sf\u00e9l kilom\u00e9teres tan\u00f6sv\u00e9nyen ismerhetj\u00fck meg a t\u00fazok \u00e9l\u0151hely\u00e9t \u00e9s a k\u00f6rny\u00e9k \u00e9l\u0151vil\u00e1g\u00e1t.<\/span><\/p>\n<figure id=\"attachment_40618\" aria-describedby=\"caption-attachment-40618\" style=\"width: 755px\" class=\"wp-caption alignnone\"><img loading=\"lazy\" decoding=\"async\" class=\"size-article-size-large-image wp-image-40618\" src=\"https:\/\/www.startlap.hu\/utazas\/uploads\/sites\/3\/2022\/03\/tuzok_madar-755x503.jpg\" alt=\"\" width=\"755\" height=\"503\" srcset=\"https:\/\/www.startlap.hu\/utazas\/uploads\/sites\/3\/2022\/03\/tuzok_madar-755x503.jpg 755w, https:\/\/www.startlap.hu\/utazas\/uploads\/sites\/3\/2022\/03\/tuzok_madar-525x350.jpg 525w, https:\/\/www.startlap.hu\/utazas\/uploads\/sites\/3\/2022\/03\/tuzok_madar.jpg 800w\" sizes=\"auto, (max-width: 755px) 100vw, 755px\" \/><figcaption id=\"caption-attachment-40618\" class=\"wp-caption-text\">Az egyik legnagyobb test\u0171, rep\u00fclni k\u00e9pes mad\u00e1r a t\u00fazok (Fot\u00f3: Kis G\u00e1bor)<\/figcaption><\/figure>\n<p><span lang=\"hu-HU\">Az Alf\u00f6ldi K\u00e9kt\u00fara is \u00e9rinti a ter\u00fcletet, amely ment\u00e9n ak\u00e1r ker\u00e9kp\u00e1rral, ak\u00e1r gyalog is eljuthatunk D\u00e9vav\u00e1ny\u00e1ra \u00e9s Ecsegfalv\u00e1ra (8 km k\u00f6r\u00fcli t\u00far\u00e1k), s k\u00f6zben megcsod\u00e1lhatjuk az igazi alf\u00f6ldi t\u00e1jat.<\/span><\/p>\n<h2><span lang=\"hu-HU\">Kner Piroska csal\u00e1dja nyom\u00e1ban Gyom\u00e1n<\/span><\/h2>\n<p><span lang=\"hu-HU\">Innen m\u00e1r csak egy ugr\u00e1s <\/span><span style=\"color: #0563c1;\"><u><a href=\"https:\/\/www.gyomaendrod.com\/latnivalok\" target=\"_blank\"><span lang=\"hu-HU\"><b>Gyomaendr\u0151d \u00e9s k\u00f6rny\u00e9ke<\/b><\/span><\/a><\/u><\/span><span lang=\"hu-HU\">, ahol a <\/span><span style=\"color: #0563c1;\"><u><a href=\"https:\/\/www.korosoknaturpark.hu\/gyomaendrod\/\" target=\"_blank\"><span lang=\"hu-HU\"><b>K\u00f6r\u00f6s-vid\u00e9k<\/b><\/span><\/a><\/u><\/span><span lang=\"hu-HU\"> legszebb t\u00e1j\u00e1n kir\u00e1ndulhatunk. A v\u00e1ros hat\u00e1r\u00e1ban nem kevesebb, mint 16 holt\u00e1g tal\u00e1lhat\u00f3, amelyek egyed\u00fcl\u00e1ll\u00f3v\u00e1 teszik a k\u00f6rny\u00e9ket. A H\u00e1rmas-K\u00f6r\u00f6s az egyik legtiszt\u00e1bb K\u00f6r\u00f6s, a foly\u00f3 ment\u00e9n szabadstrandok, horg\u00e1szhelyek, v\u00edzi sportokra alkalmas szakaszok is kialak\u00edt\u00e1sra ker\u00fcltek.<\/span><\/p>\n<p><span lang=\"hu-HU\">Gyomaendr\u0151d testv\u00e9rv\u00e1rosa Gyoma (a k\u00e9t v\u00e1ros \u00f6sszen\u0151tt) a Kner nyomd\u00e1r\u00f3l is h\u00edres, nem \u00e1llhatom meg, hogy ne eml\u00edtsem meg a nemr\u00e9g megjelent Szak\u00e1csk\u00f6nyvet, amelyet annak a Kner Pirosk\u00e1nak a receptjeib\u0151l v\u00e1logatt\u00e1k \u00f6ssze, aki a gyomai Kner Nyomda alap\u00edt\u00f3j\u00e1nak, Kner Izidornak volt a legfiatalabb h\u00faga. A <\/span><span style=\"color: #0563c1;\"><u><a href=\"https:\/\/www.gyomaendrod.com\/latnivalok\/kner-nyomdaipari-muzeum\" target=\"_blank\"><span lang=\"hu-HU\">Kner Nyomdaipari M\u00fazeum<\/span><\/a><\/u><\/span><span lang=\"hu-HU\"> az orsz\u00e1g egyetlen ilyen jelleg\u0171 ipart\u00f6rt\u00e9neti gy\u0171jtem\u00e9nye, szerintem meg\u00e9ri a l\u00e1togat\u00e1st.<\/span><\/p>\n<p><span lang=\"hu-HU\">A gyomai K\u00f6r\u00f6s-vid\u00e9kr\u0151l ak\u00e1r a foly\u00f3t is k\u00f6vethetj\u00fck, b\u00e1r akkor r\u00f6vid szakaszon elhagyjuk a megy\u00e9t, de gyorsan Szarvason tal\u00e1lhatjuk magunkat.<\/span><\/p>\n<h2><span lang=\"hu-HU\">Mocs\u00e1ri ciprusok \u00e9s bar\u00e1taik Szarvason<\/span><\/h2>\n<p><span lang=\"hu-HU\">A <\/span><span lang=\"hu-HU\"><b>szarvasi <\/b><\/span><span lang=\"hu-HU\">l\u00e1tnival\u00f3k k\u00f6z\u00fcl kiemelkedik a Pepi gr\u00f3f (Bolza J\u00e1nos) \u00e1ltal alap\u00edtott <\/span><span style=\"color: #0563c1;\"><u><a href=\"http:\/\/pepikert.hu\/\" target=\"_blank\"><span lang=\"hu-HU\"><b>arbor\u00e9tum<\/b><\/span><\/a><\/u><\/span><span lang=\"hu-HU\">, amelyben a vil\u00e1g k\u00fcl\u00f6nb\u00f6z\u0151 pontjair\u00f3l \u00e9rkezett 1600 f\u00e9le fa \u00e9s cserje tal\u00e1lhat\u00f3. Az arbor\u00e9tum szomsz\u00e9ds\u00e1g\u00e1ban fekv\u0151 Bolza-kast\u00e9ly parkj\u00e1ban igaz\u00e1n kuri\u00f3zum l\u00e1tv\u00e1nyt ny\u00fajtanak a mocs\u00e1ri ciprusok.<\/span><\/p>\n<figure id=\"attachment_40619\" aria-describedby=\"caption-attachment-40619\" style=\"width: 755px\" class=\"wp-caption alignnone\"><img loading=\"lazy\" decoding=\"async\" class=\"size-article-size-large-image wp-image-40619\" src=\"https:\/\/www.startlap.hu\/utazas\/uploads\/sites\/3\/2022\/03\/mini_magyarorszag_orszaghaz-755x503.jpg\" alt=\"\" width=\"755\" height=\"503\" srcset=\"https:\/\/www.startlap.hu\/utazas\/uploads\/sites\/3\/2022\/03\/mini_magyarorszag_orszaghaz-755x503.jpg 755w, https:\/\/www.startlap.hu\/utazas\/uploads\/sites\/3\/2022\/03\/mini_magyarorszag_orszaghaz-525x350.jpg 525w, https:\/\/www.startlap.hu\/utazas\/uploads\/sites\/3\/2022\/03\/mini_magyarorszag_orszaghaz.jpg 800w\" sizes=\"auto, (max-width: 755px) 100vw, 755px\" \/><figcaption id=\"caption-attachment-40619\" class=\"wp-caption-text\">Az Orsz\u00e1gh\u00e1z \u00e9p\u00fclete a szarvasi Mini Magyarorsz\u00e1g parkj\u00e1ban (fot\u00f3: Kis G\u00e1bor)<\/figcaption><\/figure>\n<p>&nbsp;<\/p>\n<p><span lang=\"hu-HU\">Szarvasra aj\u00e1nlatos egy eg\u00e9sz napot is sz\u00e1nni, s\u0151t az \u00e9jszak\u00e1t is, hiszen eg\u00e9sz (m\u00e9g az egykori nagy) Magyarorsz\u00e1got bej\u00e1rhatjuk a <\/span><span style=\"color: #0563c1;\"><u><a href=\"https:\/\/minimagyarorszag.hu\/\" target=\"_blank\"><span lang=\"hu-HU\">Makettparkban<\/span><\/a><\/u><\/span><span lang=\"hu-HU\">, r\u00e9szt vehet\u00fcnk a <\/span><span style=\"color: #0563c1;\"><u><a href=\"https:\/\/www.viziszinhaz.hu\/\" target=\"_blank\"><span lang=\"hu-HU\">V\u00edzi sz\u00ednh\u00e1z<\/span><\/a><\/u><\/span><span lang=\"hu-HU\"> egyik el\u0151ad\u00e1s\u00e1n, vagy sz\u00f3rakozhatunk olyan kultikus helyen, mint a Gran\u00e1rium Zebra Klub.<\/span><\/p>\n<h2><span lang=\"hu-HU\">Bety\u00e1rok a kondorosi cs\u00e1rd\u00e1ban<\/span><\/h2>\n<p><span lang=\"hu-HU\">A megye bej\u00e1r\u00e1s\u00e1t <\/span><span lang=\"hu-HU\"><b>Kondoroson<\/b><\/span><span lang=\"hu-HU\"> k\u00f6telez\u0151 megszak\u00edtani, mert itt megtudhatjuk, hogy mi a k\u00f6z\u00f6s R\u00f3zsa S\u00e1ndorban, Arany J\u00e1nosban \u00e9s Erkel Ferencben. H\u00e1rmuk tal\u00e1lkoz\u00e1si pontja, a h\u00edres <\/span><span style=\"color: #0563c1;\"><u><a href=\"https:\/\/kondorosicsarda.hu\/index.php\" target=\"_blank\"><span lang=\"hu-HU\">Kondorosi Cs\u00e1rda<\/span><\/a><\/u><\/span><span lang=\"hu-HU\">, amely nyolc \u00fat tal\u00e1lkoz\u00e1s\u00e1n\u00e1l \u00e9p\u00fclt 1740-ben \u00e9s az\u00f3ta is kiszolg\u00e1lja az utaz\u00f3kat. A fenti szem\u00e9lyek is \u00e9ppen \u00fagy fogyasztott\u00e1k ott el \u00e9teleiket, mint, ahogy ma mi is megtehetj\u00fck. S, hogy val\u00f3j\u00e1ban j\u00e1rtak-e ott? Az kider\u00fcl a cs\u00e1rda m\u00fazeumm\u00e1 alak\u00edtott r\u00e9sz\u00e9ben.<\/span><\/p>\n<h2><span lang=\"hu-HU\">A megye legromantikusabb kast\u00e9lya<\/span><\/h2>\n<p><span lang=\"hu-HU\">Kondorosr\u00f3l mondan\u00e1m, hogy Orosh\u00e1za \u00e9s a szlov\u00e1k T\u00f3tkoml\u00f3s fel\u00e9 vegy\u00fck az ir\u00e1nyt, de azt hiszem ebben az \u00e9vben \u00e9n m\u00e1r hagyn\u00e1m magam elcs\u00e1b\u00edtani a <\/span><span style=\"color: #0563c1;\"><u><a href=\"https:\/\/kirandulastippek.hu\/del-alfold\/szabadkigyos-wenckheim-kastely\" target=\"_blank\"><span lang=\"hu-HU\"><b>szabadk\u00edgy\u00f3si Wenckheim-kast\u00e9ly<\/b><\/span><\/a><\/u><\/span><span lang=\"hu-HU\"> fel\u00e9. 2022 tavasz\u00e1ra \u00edg\u00e9rik, hogy a kast\u00e9lyn\u00e1l m\u00e1r a fel\u00faj\u00edtott ablakokat \u00e9s bej\u00e1ratokat sz\u00e1molhatjuk meg, az \u00e9vtizedes iskolai jelenl\u00e9t ut\u00e1n v\u00e9gre meg\u00fajul az Ybl Mikl\u00f3s tervei alapj\u00e1n, neorenesz\u00e1nsz st\u00edlusban 1875-79 k\u00f6z\u00f6tt \u00e9p\u00edtett kast\u00e9ly. Parkja most is l\u00e1togathat\u00f3, a ny\u00edrott bukszus francia kert \u00e9s a m\u00f6g\u00f6tte elter\u00fcl\u0151 angol kert plat\u00e1nokkal, mocs\u00e1ri ciprusokkal \u00e9s \u00e9vsz\u00e1zados ny\u00e1rf\u00e1kkal igazi k\u00fcl\u00f6nlegess\u00e9g.<\/span><\/p>\n<h2><span lang=\"hu-HU\">Az \u00e1lm\u00e1b\u00f3l fel\u00e9bredt kast\u00e9ly t\u00e1vol mindent\u0151l L\u0151k\u00f6sh\u00e1z\u00e1n<\/span><\/h2>\n<p><span lang=\"hu-HU\">Nem B\u00e9k\u00e9s megye volt az orsz\u00e1g leggazdagabb vid\u00e9ke a XIX. sz\u00e1zadban, de a j\u00f3 mez\u0151gazdas\u00e1gi ter\u00fcletek n\u00e9h\u00e1ny uras\u00e1gnak ny\u00fajtottak elegend\u0151 bev\u00e9telt impoz\u00e1ns \u00e9p\u00fcletek \u00e9p\u00edttet\u00e9s\u00e9re. Ennek tan\u00fai lehet\u00fcnk t\u00f6bb Wenkcheim-kast\u00e9ly eset\u00e9ben is. A <\/span><span style=\"color: #0563c1;\"><u><a href=\"http:\/\/www.bredakastely.hu\/\" target=\"_blank\"><span lang=\"hu-HU\">l\u0151k\u00f6sh\u00e1zi Br\u00e9da-kast\u00e9ly<\/span><\/a><\/u><\/span><span lang=\"hu-HU\"> kicsit m\u00e1s. A kast\u00e9lyt 1806 k\u00f6r\u00fcl k\u00e9zdy &#8211; V\u00e1s\u00e1rhelyi J\u00e1nos Arad v\u00e1rmegye alisp\u00e1nja, kir\u00e1lyi tan\u00e1csos \u00e9p\u00edtteti v\u00e9lhet\u0151en any\u00f3sa tisztelet\u00e9re. Az \u00e9p\u00fclet kor\u00e1ntsem egy vid\u00e9ki kiskast\u00e9ly, hanem egy toszk\u00e1n oszlopos kast\u00e9ly hat\u00e1s\u00e1t kelti. <\/span>Nem v\u00e9letlen, hiszen Andrea Palladio h\u00edres vicenzai \u00e9p\u00fclete volt tervez\u0151j\u00e9nek p\u00e9ldak\u00e9pe. <span lang=\"hu-HU\">A kast\u00e9lyban tartj\u00e1k az \u00e9p\u00edttet\u0151 k\u00e9zdi-V\u00e1s\u00e1rhelyi J\u00e1nos \u00fckunok\u00e1ja V\u00e1s\u00e1rhelyi Veronika esk\u00fcv\u0151j\u00e9t K\u00e1llay Mikl\u00f3s minisztereln\u00f6k fi\u00e1val K\u00e1llay Krist\u00f3ffal. Majd utols\u00f3 tulajdonos\u00e1nak hal\u00e1la ut\u00e1n a kast\u00e9ly \u00e1lomba szender\u00fcl, hogy ne is l\u00e1ssa, mit m\u0171velnek vele hozz\u00e1 nem \u00e9rt\u0151 kezek eg\u00e9szen a k\u00e9tezres \u00e9vek elej\u00e9ig. Fel\u00e9bred \u00e9s ma megmutatja mag\u00e1t a k\u00f6z\u00f6ns\u00e9gnek nem is ak\u00e1rhogyan. Az <\/span><span style=\"color: #0563c1;\"><u><a href=\"https:\/\/bagotunde.com\/eletsoja\/egy_kastely_alma_bekes_megyeben\/\" target=\"_blank\"><span lang=\"hu-HU\">\u00c9let s\u00f3ja blogon itt<\/span><\/a><\/u><\/span><span lang=\"hu-HU\"> \u00edrtam arr\u00f3l, hogy mi\u00e9rt lehet k\u00fcl\u00f6nleges kir\u00e1ndul\u00e1s a Br\u00e9da-kast\u00e9ly megtekint\u00e9se.<\/span><\/p>\n<figure id=\"attachment_40612\" aria-describedby=\"caption-attachment-40612\" style=\"width: 755px\" class=\"wp-caption alignnone\"><img loading=\"lazy\" decoding=\"async\" class=\"size-article-size-large-image wp-image-40612\" src=\"https:\/\/www.startlap.hu\/utazas\/uploads\/sites\/3\/2022\/03\/breda_kastely_lokoshaza-755x492.jpg\" alt=\"\" width=\"755\" height=\"492\" srcset=\"https:\/\/www.startlap.hu\/utazas\/uploads\/sites\/3\/2022\/03\/breda_kastely_lokoshaza-755x492.jpg 755w, https:\/\/www.startlap.hu\/utazas\/uploads\/sites\/3\/2022\/03\/breda_kastely_lokoshaza-537x350.jpg 537w, https:\/\/www.startlap.hu\/utazas\/uploads\/sites\/3\/2022\/03\/breda_kastely_lokoshaza.jpg 800w\" sizes=\"auto, (max-width: 755px) 100vw, 755px\" \/><figcaption id=\"caption-attachment-40612\" class=\"wp-caption-text\">Br\u00e9da-kast\u00e9ly, L\u0151k\u00f6sh\u00e1za (Fot\u00f3: dr. Szalai Kriszti\u00e1n)<\/figcaption><\/figure>\n<h2><span lang=\"hu-HU\">A k\u00e9t vez\u00e9r: Csaba \u00e9s Gyula<\/span><\/h2>\n<p><span lang=\"hu-HU\">Sz\u00e1nd\u00e9kosan hagytam a megye k\u00e9t nagyv\u00e1ros\u00e1t utolj\u00e1ra, hiszen ismerts\u00e9g\u00fck \u00e9s l\u00e1tnival\u00f3ik j\u00f3val t\u00f6bbet emlegetett, mint a fenti, eldugott \u00e9rdekess\u00e9gek\u00e9.<\/span><\/p>\n<p><span lang=\"hu-HU\">A bevezet\u0151mben eml\u00edtett, gyermekszemmel l\u00e1tott k\u00fcl\u00f6nbs\u00e9g j\u00f3val kisebb m\u00e9rt\u00e9kben, de ma is igaz. B\u00e9k\u00e9scsaba, a megyesz\u00e9khely, els\u0151sorban az \u00fcgyek int\u00e9z\u00e9s\u00e9nek, a bev\u00e1s\u00e1rl\u00e1snak a sz\u00edntere, holott olyan helyeket l\u00e1togathatunk meg, mint a Munk\u00e1csy eml\u00e9kh\u00e1z, amelynek kertj\u00e9ben Munk\u00e1csy Mih\u00e1ly testv\u00e9reivel j\u00e1tszott, a Szlov\u00e1k t\u00e1jh\u00e1z \u00e9s \u00e9tterem, a Munk\u00e1csy M\u00fazeum, a CsabaPark, amely a Csabai kolb\u00e1sz k\u00e9sz\u00edt\u00e9s\u00e9nek hagyom\u00e1nyait \u0151rz\u0151, \u00e1pol\u00f3 \u00e9s bemutat\u00f3 gasztroturisztikai rendezv\u00e9nyk\u00f6zpont (m\u00e9g a kolb\u00e1szk\u00e9sz\u00edt\u00e9sbe is belek\u00f3stolhatunk \u2013 sz\u00f3 szerint is), a Csabai Tanya- \u00e9s Gabonat\u00f6rt\u00e9neti ki\u00e1ll\u00edt\u00f3hely, a p\u00f3steleki szellemkast\u00e9ly (szint\u00e9n Wenkcheim-kast\u00e9ly, amelynek csup\u00e1n a falai \u00e1llnak, de k\u00f6r\u00fcl\u00f6tte mes\u00e9s parkerd\u0151 ter\u00fcl el) \u00e9s hosszan sorolhatn\u00e1m, de <span style=\"color: #0563c1;\"><u><a href=\"https:\/\/visitbekescsaba.com\/hu\/lc\/latnivalok\" target=\"_blank\">itt a teljes lista B\u00e9k\u00e9scsaba l\u00e1tnival\u00f3ir\u00f3l.<\/a><\/u><\/span><\/span><\/p>\n<figure id=\"attachment_40613\" aria-describedby=\"caption-attachment-40613\" style=\"width: 755px\" class=\"wp-caption alignnone\"><img loading=\"lazy\" decoding=\"async\" class=\"wp-image-40613 size-article-size-large-image\" src=\"https:\/\/www.startlap.hu\/utazas\/uploads\/sites\/3\/2022\/03\/weckheim_kastely_postelek-755x503.jpg\" alt=\"\" width=\"755\" height=\"503\" srcset=\"https:\/\/www.startlap.hu\/utazas\/uploads\/sites\/3\/2022\/03\/weckheim_kastely_postelek-755x503.jpg 755w, https:\/\/www.startlap.hu\/utazas\/uploads\/sites\/3\/2022\/03\/weckheim_kastely_postelek-525x350.jpg 525w, https:\/\/www.startlap.hu\/utazas\/uploads\/sites\/3\/2022\/03\/weckheim_kastely_postelek.jpg 800w\" sizes=\"auto, (max-width: 755px) 100vw, 755px\" \/><figcaption id=\"caption-attachment-40613\" class=\"wp-caption-text\">Wenkcheim-kast\u00e9ly, P\u00f3stelek (Fot\u00f3: Kuti Istv\u00e1n)<\/figcaption><\/figure>\n<p><span lang=\"hu-HU\">Gyula ma m\u00e9g jobban mutatja t\u00f6rt\u00e9nelmi arc\u00e1t, mint gyermekkoromban. <\/span><\/p>\n<figure id=\"attachment_40614\" aria-describedby=\"caption-attachment-40614\" style=\"width: 755px\" class=\"wp-caption alignnone\"><img loading=\"lazy\" decoding=\"async\" class=\"size-article-size-large-image wp-image-40614\" src=\"https:\/\/www.startlap.hu\/utazas\/uploads\/sites\/3\/2022\/03\/gyulai_var-755x485.jpg\" alt=\"\" width=\"755\" height=\"485\" srcset=\"https:\/\/www.startlap.hu\/utazas\/uploads\/sites\/3\/2022\/03\/gyulai_var-755x485.jpg 755w, https:\/\/www.startlap.hu\/utazas\/uploads\/sites\/3\/2022\/03\/gyulai_var-544x350.jpg 544w, https:\/\/www.startlap.hu\/utazas\/uploads\/sites\/3\/2022\/03\/gyulai_var.jpg 829w\" sizes=\"auto, (max-width: 755px) 100vw, 755px\" \/><figcaption id=\"caption-attachment-40614\" class=\"wp-caption-text\">Fot\u00f3: Gyulai v\u00e1r (Fot\u00f3: dr. Szalai Kriszti\u00e1n)<\/figcaption><\/figure>\n<p><span lang=\"hu-HU\">A fel\u00faj\u00edtott Alm\u00e1sy-kast\u00e9ly (amelynek k\u00fcl\u00f6nleges, a szolg\u00e1l\u00f3k szemsz\u00f6g\u00e9b\u0151l bemutatott vil\u00e1gra koncentr\u00e1l\u00f3 ki\u00e1ll\u00edt\u00e1s\u00e1r\u00f3l <\/span><span style=\"color: #0563c1;\"><u><a href=\"https:\/\/bagotunde.com\/eletsoja\/a_bekes_megyei_downton_abbey\/\" target=\"_blank\"><span lang=\"hu-HU\">itt \u00edrtam az \u00c9let s\u00f3ja blogon<\/span><\/a><\/u><\/span><span lang=\"hu-HU\">), vagy az olyan apr\u00f3 ki\u00e1ll\u00edt\u00e1sok, mint a boltm\u00fazeum, a Ladics-h\u00e1z, vagy a Gyulav\u00e1ri-kast\u00e9ly, amelyr\u0151l szint\u00e9n sok \u00e9rdekess\u00e9get olvashatsz <\/span><span style=\"color: #0563c1;\"><u><a href=\"https:\/\/bagotunde.com\/eletsoja\/negy_hely_gyulan_ahol_meg_biztosan_nem_jartal\/\" target=\"_blank\"><span lang=\"hu-HU\">itt az \u00c9let s\u00f3ja blogon<\/span><\/a><\/u><\/span><span lang=\"hu-HU\"> olyan helyekkel f\u0171szerezve, mint a v\u00e1r, a v\u00e1rsz\u00ednh\u00e1z, a t\u00f3sz\u00ednpad, a Sz\u00e1z\u00e9ves Cukr\u00e1szda, az Erkel Ferenc eml\u00e9kh\u00e1z \u00e9s itt sincs a sornak igaz\u00e1n v\u00e9ge.<\/span><\/p>\n<figure id=\"attachment_40615\" aria-describedby=\"caption-attachment-40615\" style=\"width: 755px\" class=\"wp-caption alignnone\"><img loading=\"lazy\" decoding=\"async\" class=\"size-article-size-large-image wp-image-40615\" src=\"https:\/\/www.startlap.hu\/utazas\/uploads\/sites\/3\/2022\/03\/almassy_kastely_gyula-755x487.jpg\" alt=\"\" width=\"755\" height=\"487\" srcset=\"https:\/\/www.startlap.hu\/utazas\/uploads\/sites\/3\/2022\/03\/almassy_kastely_gyula-755x487.jpg 755w, https:\/\/www.startlap.hu\/utazas\/uploads\/sites\/3\/2022\/03\/almassy_kastely_gyula-542x350.jpg 542w, https:\/\/www.startlap.hu\/utazas\/uploads\/sites\/3\/2022\/03\/almassy_kastely_gyula.jpg 826w\" sizes=\"auto, (max-width: 755px) 100vw, 755px\" \/><figcaption id=\"caption-attachment-40615\" class=\"wp-caption-text\">Alm\u00e1sy-kast\u00e9ly, Gyula (Fot\u00f3: dr. Szalai Kriszti\u00e1n)<\/figcaption><\/figure>\n<p><span lang=\"hu-HU\">Rem\u00e9lem, siker\u00fclt meggy\u0151zni az olvas\u00f3kat, hogy B\u00e9k\u00e9s megy\u00e9t nem szabad lefelejteni az utaz\u00e1si bakancslist\u00e1nkr\u00f3l! S ha igaz\u00e1n autentikus tanyasi sz\u00e1ll\u00e1sokra v\u00e1gyn\u00e1nk a b\u00e9k\u00e9si utunk alatt, akkor sz\u00edvb\u0151l aj\u00e1nlom a <\/span><span style=\"color: #0563c1;\"><u><a href=\"https:\/\/bagotunde.com\/eletsoja\/ot_vonzo_tanyasi_szallas_bekes_megyeben\/\" target=\"_blank\"><span lang=\"hu-HU\">blogomon itt \u00f6sszegy\u0171jt\u00f6tt helyeket<\/span><\/a><\/u><\/span><span lang=\"hu-HU\">. <\/span><\/p>\n","protected":false},"excerpt":{"rendered":"<p>B\u00e9k\u00e9s megye az orsz\u00e1g egyik legr\u00e9gebben lakott megy\u00e9je, ahonnan vil\u00e1gh\u00f3d\u00edt\u00f3 \u00fatra indult a gyulai kolb\u00e1sz, ahol a vil\u00e1gon legt\u00f6bbsz\u00f6r felhangz\u00f3 magyar dallamokhoz a zenei alapra szert tett Erkel Ferenc, ahol Munk\u00e1csy megismerte a fest\u00e9szet technikai alapjait, ahol \u00e9rintetlen t\u00e1jon futnak a K\u00f6r\u00f6s\u00f6k, mik\u00f6zben vadlib\u00e1k sz\u00e1llnak fel \u00e9s t\u00fazok madarak d\u00fcr\u00f6gnek, ahol &#8230;<\/p>\n","protected":false},"author":31,"featured_media":40615,"comment_status":"open","ping_status":"open","sticky":false,"template":"","format":"standard","meta":{"footnotes":""},"categories":[7],"tags":[6642,1855,1006,3154,4252,6632],"class_list":["post-40602","post","type-post","status-publish","format-standard","has-post-thumbnail","hentry","category-belfold-utazas","tag-almasy-kastely","tag-bekescsaba","tag-gyula","tag-gyulai-almasy-kastely","tag-szabadkigyos","tag-veszto"],"aioseo_notices":[],"_links":{"self":[{"href":"https:\/\/www.startlap.hu\/utazas\/wp-json\/wp\/v2\/posts\/40602","targetHints":{"allow":["GET"]}}],"collection":[{"href":"https:\/\/www.startlap.hu\/utazas\/wp-json\/wp\/v2\/posts"}],"about":[{"href":"https:\/\/www.startlap.hu\/utazas\/wp-json\/wp\/v2\/types\/post"}],"author":[{"embeddable":true,"href":"https:\/\/www.startlap.hu\/utazas\/wp-json\/wp\/v2\/users\/31"}],"replies":[{"embeddable":true,"href":"https:\/\/www.startlap.hu\/utazas\/wp-json\/wp\/v2\/comments?post=40602"}],"version-history":[{"count":9,"href":"https:\/\/www.startlap.hu\/utazas\/wp-json\/wp\/v2\/posts\/40602\/revisions"}],"predecessor-version":[{"id":40743,"href":"https:\/\/www.startlap.hu\/utazas\/wp-json\/wp\/v2\/posts\/40602\/revisions\/40743"}],"wp:featuredmedia":[{"embeddable":true,"href":"https:\/\/www.startlap.hu\/utazas\/wp-json\/wp\/v2\/media\/40615"}],"wp:attachment":[{"href":"https:\/\/www.startlap.hu\/utazas\/wp-json\/wp\/v2\/media?parent=40602"}],"wp:term":[{"taxonomy":"category","embeddable":true,"href":"https:\/\/www.startlap.hu\/utazas\/wp-json\/wp\/v2\/categories?post=40602"},{"taxonomy":"post_tag","embeddable":true,"href":"https:\/\/www.startlap.hu\/utazas\/wp-json\/wp\/v2\/tags?post=40602"}],"curies":[{"name":"wp","href":"https:\/\/api.w.org\/{rel}","templated":true}]}}