{"id":36514,"date":"2021-12-09T14:47:59","date_gmt":"2021-12-09T13:47:59","guid":{"rendered":"https:\/\/www.startlap.hu\/utazas\/?p=36514"},"modified":"2021-12-09T18:27:31","modified_gmt":"2021-12-09T17:27:31","slug":"igy-nyit-ujra-ausztria","status":"publish","type":"post","link":"https:\/\/www.startlap.hu\/utazas\/igy-nyit-ujra-ausztria\/","title":{"rendered":"\u00cdgy nyit \u00fajra Ausztria"},"content":{"rendered":"<p>V\u00e9get \u00e9r az orsz\u00e1gos z\u00e1rlat <a href=\"https:\/\/www.startlap.hu\/utazas\/ausztria-korlatozasok-oltottak-2g\/\" target=\"_blank\" rel=\"noopener noreferrer\">Ausztri\u00e1ban<\/a>:&nbsp;december 12-\u00e9n, vas\u00e1rnap nulla \u00f3r\u00e1t\u00f3l l\u00e9pnek \u00e9letbe a m\u00f3dos\u00edt\u00e1sok, \u00edgy p\u00e9ld\u00e1ul ism\u00e9t lehet sz\u00e1ll\u00e1st foglalni a s\u00edel\u00e9shez. A helyzetet bonyol\u00edtja, hogy <strong>a tartom\u00e1nyok saj\u00e1t hat\u00e1sk\u00f6rben d\u00f6nthetnek az enyh\u00edt\u00e9sekr\u0151l<\/strong> \u00e9s a bevezet\u00e9s id\u0151pontj\u00e1r\u00f3l &#8211; \u00edrja a <strong><a href=\"https:\/\/sielok.hu\/rovat\/hirek\/cikk\/lacknehof-otscher-mar-nyit-is-szombaton\/\" target=\"_blank\" target=\"_blank\" target=\"_blank\" rel=\"noopener noreferrer\">S\u00edel\u0151k.hu<\/a>.<\/strong><\/p>\n<figure id=\"attachment_36560\" aria-describedby=\"caption-attachment-36560\" style=\"width: 800px\" class=\"wp-caption alignnone\"><img loading=\"lazy\" decoding=\"async\" class=\"wp-image-36560\" src=\"https:\/\/www.startlap.hu\/utazas\/uploads\/sites\/3\/2021\/12\/GettyImages-549525907-650x300.jpg\" alt=\"\" width=\"800\" height=\"534\" srcset=\"https:\/\/www.startlap.hu\/utazas\/uploads\/sites\/3\/2021\/12\/GettyImages-549525907-525x350.jpg 525w, https:\/\/www.startlap.hu\/utazas\/uploads\/sites\/3\/2021\/12\/GettyImages-549525907.jpg 724w\" sizes=\"auto, (max-width: 800px) 100vw, 800px\" \/><figcaption id=\"caption-attachment-36560\" class=\"wp-caption-text\">S\u00edel\u0151 n\u0151 az osztr\u00e1k Alpokban (Fot\u00f3: Getty Images).<\/figcaption><\/figure>\n<p>Azzal is tiszt\u00e1ban kell lenni, hogy az enyh\u00edt\u00e9s a 2G szab\u00e1lynak megfelel\u0151en csak az oltottakra \u00e9s a betegs\u00e9gb\u0151l igazoltan fel\u00e9p\u00fcltekre vonatkozik. &nbsp;Az oltatlanok tov\u00e1bbra is csak a&nbsp;legsz\u00fcks\u00e9gesebb szolg\u00e1ltat\u00e1sokat vehetik ig\u00e9nybe.<\/p>\n<h2>Maszkhaszn\u00e1lat, regisztr\u00e1ci\u00f3s k\u00f6telezetts\u00e9g<\/h2>\n<p>Az \u00e9ttermekre regisztr\u00e1ci\u00f3s k\u00f6telezetts\u00e9get \u00edrnak el\u0151, a maszk haszn\u00e1lata az asztalon k\u00edv\u00fcl k\u00f6telez\u0151. A vend\u00e9gl\u0151knek este 11-kor be kell z\u00e1rniuk, ugyanis az \u00e9jszakai vend\u00e9gl\u00e1t\u00e1s nem enged\u00e9lyezett, z\u00e1rva maradnak az apres-ski b\u00e1rok is. Fedett helyeken FFP2-es szabv\u00e1ny\u00fa maszk visel\u00e9se k\u00f6telez\u0151. A tartom\u00e1nyokban a lenti d\u00e1tumt\u00f3l enged\u00e9lyezett a sz\u00e1ll\u00e1sfoglal\u00e1s turisztikai c\u00e9lb\u00f3l:<\/p>\n<ul>\n<li>2021. december 12-t\u0151l&nbsp;Burgenland, Tirol, Vorarlberg<\/li>\n<li>2021. december 17-t\u0151l&nbsp;Salzburg, St\u00e1jerorsz\u00e1g, Als\u00f3-Ausztria, Fels\u0151-Ausztria (csak tervezett)<\/li>\n<li>2021. december 20-t\u00f3l&nbsp;B\u00e9cs<\/li>\n<li>Karintia m\u00e9g nem d\u00f6nt\u00f6tt, itt a bejelent\u00e9s cs\u00fct\u00f6rt\u00f6k\u00f6n v\u00e1rhat\u00f3.<\/li>\n<\/ul>\n<p>Ek\u00f6zben <a href=\"https:\/\/www.startlap.hu\/utazas\/hatarhoz-kozeli-osztrak-siterep-nyitas\/\" target=\"_blank\" rel=\"noopener noreferrer\">egyre-m\u00e1sra nyitnak az osztr\u00e1k s\u00edterepek<\/a>, \u00e9s a bez\u00e1r\u00e1st\u00f3l \u00e9pphogy megmenek\u00fclt Lackenhof am \u00d6tscher is nyit szombaton n\u00e9h\u00e1ny p\u00e1ly\u00e1val \u00e9s lifttel &#8211; az \u00fczemel\u0151 p\u00e1ly\u00e1k \u00e9s felvon\u00f3k list\u00e1j\u00e1t cs\u00fct\u00f6rt\u00f6k\u00f6n teszik k\u00f6zz\u00e9. Jegyeket interneten is lehet v\u00e1s\u00e1rolni, ahol a 2G-igazol\u00e1ssal lehet \u00e9rv\u00e9nyes\u00edteni a s\u00edb\u00e9rletet, \u00edgy nem kell ezzel a kassz\u00e1n\u00e1l id\u0151t t\u00f6lteni &#8211; javasolja a <a href=\"https:\/\/sielok.hu\/rovat\/hirek\/cikk\/lacknehof-otscher-mar-nyit-is-szombaton\/\" target=\"_blank\" target=\"_blank\" target=\"_blank\" rel=\"noopener noreferrer\">port\u00e1l<\/a>.<\/p>\n<div class=\"o-widget m-readMoreWidget -readMore u-shortDecorLineAfter row widget-container _ce_measure_widget bigdata-widget read-more\" data-ce-measure-widget=\"olvass tov\u00e1bb\">\n\t<div class=\"m-readMoreWidget__imgWrapper image-wrapper col-12 col-md-4 no-p\">\n\t\t<a class=\"m-readMoreWidget__imgLink\" href=\"https:\/\/www.startlap.hu\/utazas\/ausztria-lackenhof-otscher-nyitas\/\" >\n\t\t\t<img decoding=\"async\" src=\"https:\/\/www.startlap.hu\/utazas\/uploads\/sites\/3\/2021\/11\/sieles-1-350x285.jpg\" class=\"m-readMoreWidget__img\">\n\t\t<\/a>\n\t<\/div>\n\t<div class=\"m-readMoreWidget__titleWrapper title-wrapper col-12 col-md-8\">\n\t\t<span class=\"m-readMoreWidget__titleLabel u-shortDecorLineBefore label hidden-sm-up\">Ez is \u00e9rdekelhet:<\/span>\n\t\t<h3 class=\"m-readMoreWidget__title title\">\n\t\t\t<a class=\"m-readMoreWidget__titleLink -secondFont u-bold u-upperCase\" href=\"https:\/\/www.startlap.hu\/utazas\/ausztria-lackenhof-otscher-nyitas\/\" >M\u00e9gsem z\u00e1r a magyarok egyik kedvenc s\u00edterepe<\/a>\n\t\t<\/h3>\n\t\t<a class=\"m-readMoreWidget__btn -coloredBack u-tC link\" href=\"https:\/\/www.startlap.hu\/utazas\/ausztria-lackenhof-otscher-nyitas\/\" >Elolvasom<\/a>\n\t<\/div>\n<\/div>\n<h2>A f\u0151v\u00e1ros sem t\u00e9tlenkedik<\/h2>\n<p>A b\u00e9csi \u00f6nkorm\u00e1nyzat azt tervezi, hogy h\u00e9tf\u0151t\u0151l \u00fajra kinyithatnak az \u00fczletek \u00e9s a szolg\u00e1ltat\u00e1sok a beoltottak sz\u00e1m\u00e1ra. N\u00e9h\u00e1ny lez\u00e1rt helyre, p\u00e9ld\u00e1ul az \u00e9ttermekre \u00e9s a sz\u00e1llod\u00e1kra m\u00e9g legal\u00e1bb egy hetet v\u00e1rni kell, r\u00e9szben az omikron v\u00e1ltozat k\u00f6r\u00fcli bizonytalans\u00e1g miatt &#8211; \u00edrja az <a href=\"https:\/\/hu.euronews.com\/2021\/12\/07\/nyitas-jon-ausztriaban\" target=\"_blank\" target=\"_blank\" rel=\"noopener noreferrer\"><strong>Euronews<\/strong><\/a>, Michael Ludwig f\u0151polg\u00e1rmesterre hivatkozva.<\/p>\n","protected":false},"excerpt":{"rendered":"<p>K\u00e9t hetes k\u00e9nyszerpihen\u0151 ut\u00e1n \u00fajra a r\u00e9gi mederben halad tov\u00e1bb az \u00e9let, term\u00e9szetesen a j\u00e1rv\u00e1ny okozta helyzet el\u0151\u00edr\u00e1sainak megfelel\u0151en, az eg\u00e9szs\u00e9g\u00fcgyi k\u00f6vetelm\u00e9nyeket betartva. <\/p>\n","protected":false},"author":43,"featured_media":36560,"comment_status":"open","ping_status":"open","sticky":false,"template":"","format":"standard","meta":{"footnotes":""},"categories":[70],"tags":[5685,307,661,1874,5242,1880],"class_list":["post-36514","post","type-post","status-publish","format-standard","has-post-thumbnail","hentry","category-vilag","tag-2g","tag-ausztria","tag-becs","tag-nyitas","tag-osztrak-siterep","tag-ujranyitas"],"aioseo_notices":[],"_links":{"self":[{"href":"https:\/\/www.startlap.hu\/utazas\/wp-json\/wp\/v2\/posts\/36514","targetHints":{"allow":["GET"]}}],"collection":[{"href":"https:\/\/www.startlap.hu\/utazas\/wp-json\/wp\/v2\/posts"}],"about":[{"href":"https:\/\/www.startlap.hu\/utazas\/wp-json\/wp\/v2\/types\/post"}],"author":[{"embeddable":true,"href":"https:\/\/www.startlap.hu\/utazas\/wp-json\/wp\/v2\/users\/43"}],"replies":[{"embeddable":true,"href":"https:\/\/www.startlap.hu\/utazas\/wp-json\/wp\/v2\/comments?post=36514"}],"version-history":[{"count":7,"href":"https:\/\/www.startlap.hu\/utazas\/wp-json\/wp\/v2\/posts\/36514\/revisions"}],"predecessor-version":[{"id":36596,"href":"https:\/\/www.startlap.hu\/utazas\/wp-json\/wp\/v2\/posts\/36514\/revisions\/36596"}],"wp:featuredmedia":[{"embeddable":true,"href":"https:\/\/www.startlap.hu\/utazas\/wp-json\/wp\/v2\/media\/36560"}],"wp:attachment":[{"href":"https:\/\/www.startlap.hu\/utazas\/wp-json\/wp\/v2\/media?parent=36514"}],"wp:term":[{"taxonomy":"category","embeddable":true,"href":"https:\/\/www.startlap.hu\/utazas\/wp-json\/wp\/v2\/categories?post=36514"},{"taxonomy":"post_tag","embeddable":true,"href":"https:\/\/www.startlap.hu\/utazas\/wp-json\/wp\/v2\/tags?post=36514"}],"curies":[{"name":"wp","href":"https:\/\/api.w.org\/{rel}","templated":true}]}}