{"id":36376,"date":"2021-12-11T06:43:21","date_gmt":"2021-12-11T05:43:21","guid":{"rendered":"https:\/\/www.startlap.hu\/utazas\/?p=36376"},"modified":"2021-12-10T12:53:34","modified_gmt":"2021-12-10T11:53:34","slug":"european-dog-show-hungexpo-magyar-kutyafajtak-vilagtalalkozoja","status":"publish","type":"post","link":"https:\/\/www.startlap.hu\/utazas\/european-dog-show-hungexpo-magyar-kutyafajtak-vilagtalalkozoja\/","title":{"rendered":"Ismerd meg a magyar kutyafajt\u00e1kat!"},"content":{"rendered":"<p>A European Dog Show a vil\u00e1g egyik legjelent\u0151sebb nemzetk\u00f6zi kutyaki\u00e1ll\u00edt\u00e1sa, melyet \u00e9venk\u00e9nt rendeznek meg. A ki\u00e1ll\u00edt\u00e1st szakmai programok, fajtaklubok \u00e1ltal szervezett speci\u00e1lis rendezv\u00e9nyek, klubki\u00e1ll\u00edt\u00e1sok gazdag\u00edtj\u00e1k, \u00e9s december 30-\u00e1n megrendezik a Magyar Kutyafajt\u00e1k Vil\u00e1gtal\u00e1lkoz\u00f3j\u00e1t is. A vil\u00e1gtal\u00e1lkoz\u00f3ra 360 kuty\u00e1t neveztek, ami kiemelked\u0151 r\u00e9szv\u00e9tel az elm\u00falt \u00e9vek viszonylat\u00e1ban. Kov\u00e1cs Zolt\u00e1n korm\u00e1nybiztos felid\u00e9zte, hogy az eredetileg m\u00e1jusra tervezett esem\u00e9nyt <strong>pand\u00e9mi\u00e1s \u00e9s szervez\u00e9si okokb\u00f3l kellett \u00e1ttenni december v\u00e9g\u00e9re<\/strong>, \u00edgy a kutyaki\u00e1ll\u00edt\u00e1s lesz az &#8222;Egy a Term\u00e9szettel&#8221; &#8211; <a href=\"https:\/\/www.startlap.hu\/utazas\/felaras-vonatjegy-egy-a-termeszettel-vadaszati-es-termeszeti-vilagkiallitas\/\" target=\"_blank\" rel=\"noopener noreferrer\">Vad\u00e1szati \u00e9s Term\u00e9szeti Vil\u00e1gki\u00e1ll\u00edt\u00e1s<\/a> z\u00e1r\u00f3rendezv\u00e9nye.<\/p>\n<h2>Ismerj\u00fck meg a magyar kutyafajt\u00e1kat!<\/h2>\n<p>V. N\u00e9meth Zsolt, az Agr\u00e1rminiszt\u00e9rium kiemelt nemzeti \u00e9rt\u00e9kek fel\u00fcgyelet\u00e9\u00e9rt felel\u0151s miniszteri biztosa elmondta, hogy az \u00e1llatv\u00e9delmi, a hat\u00f3s\u00e1gi \u00e9s g\u00e9nmeg\u0151rz\u00e9si szakmai feladatok mellett egyik legfontosabb tev\u00e9kenys\u00e9g\u00fck, hogy felh\u00edvj\u00e1k a figyelmet a magyar kutyafajt\u00e1kra. Mivel a j\u00f6v\u0151 gener\u00e1ci\u00f3i sz\u00e1m\u00e1ra is fontos, hogy <strong>megismerj\u00e9k a t\u00f6rt\u00e9nelm\u00fcnk r\u00e9sz\u00e9v\u00e9 v\u00e1lt fajt\u00e1kat,<\/strong> a MEOE Sz\u00f6vets\u00e9g 2019-ben nagyszab\u00e1s\u00fa iskolai programot ind\u00edtott, hogy \u00e1ltal\u00e1nos iskol\u00e1soknak mutassa be a magyar fajt\u00e1kat &#8211; id\u00e9zte fel, hozz\u00e1t\u00e9ve, hogy a magyar kutyafajt\u00e1k legszebbjeit a ki\u00e1ll\u00edt\u00e1son is megtekinthetik a l\u00e1togat\u00f3k.<\/p>\n<figure id=\"attachment_36378\" aria-describedby=\"caption-attachment-36378\" style=\"width: 755px\" class=\"wp-caption alignnone\"><img loading=\"lazy\" decoding=\"async\" class=\"size-article-size-large-image wp-image-36378\" src=\"https:\/\/www.startlap.hu\/utazas\/uploads\/sites\/3\/2021\/12\/FCI-Eur\u00f3pa-Kutyaki\u00e1ll\u00edt\u00e1s-755x504.jpg\" alt=\"\" width=\"755\" height=\"504\" srcset=\"https:\/\/www.startlap.hu\/utazas\/uploads\/sites\/3\/2021\/12\/FCI-Eur\u00f3pa-Kutyaki\u00e1ll\u00edt\u00e1s-755x504.jpg 755w, https:\/\/www.startlap.hu\/utazas\/uploads\/sites\/3\/2021\/12\/FCI-Eur\u00f3pa-Kutyaki\u00e1ll\u00edt\u00e1s-525x350.jpg 525w, https:\/\/www.startlap.hu\/utazas\/uploads\/sites\/3\/2021\/12\/FCI-Eur\u00f3pa-Kutyaki\u00e1ll\u00edt\u00e1s.jpg 1114w\" sizes=\"auto, (max-width: 755px) 100vw, 755px\" \/><figcaption id=\"caption-attachment-36378\" class=\"wp-caption-text\">Kuty\u00e1sok a H\u0151s\u00f6k ter\u00e9n a december 28-31. k\u00f6z\u00f6tt a Hungexp\u00f3n megrendezend\u0151 FCI Eur\u00f3pa Kutyaki\u00e1ll\u00edt\u00e1s, a Sz\u00e9pm\u0171v\u00e9szeti M\u00fazeumban tartott sajt\u00f3t\u00e1j\u00e9koztat\u00f3j\u00e1nak idej\u00e9n 2021. december 6-\u00e1n. MTI\/M\u00f3nus M\u00e1rton<\/figcaption><\/figure>\n<p>A rendezv\u00e9ny december 28-\u00e1n a minden fajta r\u00e9sz\u00e9re meghirdetett nemzetk\u00f6zi kutyaki\u00e1ll\u00edt\u00e1ssal, a Grand Prix Winner Cacib Show-val kezd\u0151dik, december 29-\u00e9n, 30-\u00e1n \u00e9s 31-\u00e9n az Eur\u00f3pa Kutyaki\u00e1ll\u00edt\u00e1s keret\u00e9ben minden nap m\u00e1s-m\u00e1s fajtacsoport legszebb kuty\u00e1i ker\u00fclnek reflektorf\u00e9nybe. Az Eur\u00f3pa Kutyaki\u00e1ll\u00edt\u00e1s f\u0151d\u00edjait a Herendi Porcel\u00e1n Manufakt\u00fara biztos\u00edtja.<\/p>\n<div class=\"o-widget m-readMoreWidget -readMore u-shortDecorLineAfter row widget-container _ce_measure_widget bigdata-widget read-more\" data-ce-measure-widget=\"olvass tov\u00e1bb\">\n\t<div class=\"m-readMoreWidget__imgWrapper image-wrapper col-12 col-md-4 no-p\">\n\t\t<a class=\"m-readMoreWidget__imgLink\" href=\"https:\/\/www.startlap.hu\/utazas\/menhely-hangya-kozosseg-kedvencedleszek\/\" >\n\t\t\t<img decoding=\"async\" src=\"https:\/\/www.startlap.hu\/utazas\/uploads\/sites\/3\/2020\/12\/126857020_3498022713622194_5528116131206355623_o-350x285.jpg\" class=\"m-readMoreWidget__img\">\n\t\t<\/a>\n\t<\/div>\n\t<div class=\"m-readMoreWidget__titleWrapper title-wrapper col-12 col-md-8\">\n\t\t<span class=\"m-readMoreWidget__titleLabel u-shortDecorLineBefore label hidden-sm-up\">Ez is \u00e9rdekelhet:<\/span>\n\t\t<h3 class=\"m-readMoreWidget__title title\">\n\t\t\t<a class=\"m-readMoreWidget__titleLink -secondFont u-bold u-upperCase\" href=\"https:\/\/www.startlap.hu\/utazas\/menhely-hangya-kozosseg-kedvencedleszek\/\" >A menhelyeket sem k\u00edm\u00e9li a koronav\u00edrus &#8211; Mit tehet\u00fcnk mi az \u00e1llatok\u00e9rt?<\/a>\n\t\t<\/h3>\n\t\t<a class=\"m-readMoreWidget__btn -coloredBack u-tC link\" href=\"https:\/\/www.startlap.hu\/utazas\/menhely-hangya-kozosseg-kedvencedleszek\/\" >Elolvasom<\/a>\n\t<\/div>\n<\/div>\n<p>(MTI)<\/p>\n","protected":false},"excerpt":{"rendered":"<p>December 28. \u00e9s 31. k\u00f6z\u00f6tt a Magyar Ebteny\u00e9szt\u0151k Orsz\u00e1gos Egyes\u00fcleteinek Sz\u00f6vets\u00e9ge Budapesten rendezi meg az FCI Eur\u00f3pa Kutyaki\u00e1ll\u00edt\u00e1st \u00e9s k\u00eds\u00e9r\u0151 rendezv\u00e9nyeit, amelynek a Hungexpo ad otthont, 57 orsz\u00e1gb\u00f3l t\u00f6bb mint 16 ezer kutya \u00e9rkezik. A legt\u00f6bb nevez\u00e9st Magyarorsz\u00e1gr\u00f3l kapt\u00e1k, haz\u00e1nk t\u00f6bb mint 3 ezer kuty\u00e1val vesz r\u00e9szt a ki\u00e1ll\u00edt\u00e1son, a legt\u00f6bb nevezett kutya golden retriever volt.<\/p>\n","protected":false},"author":43,"featured_media":36378,"comment_status":"open","ping_status":"open","sticky":false,"template":"","format":"standard","meta":{"footnotes":""},"categories":[7],"tags":[],"class_list":["post-36376","post","type-post","status-publish","format-standard","has-post-thumbnail","hentry","category-belfold-utazas"],"aioseo_notices":[],"_links":{"self":[{"href":"https:\/\/www.startlap.hu\/utazas\/wp-json\/wp\/v2\/posts\/36376","targetHints":{"allow":["GET"]}}],"collection":[{"href":"https:\/\/www.startlap.hu\/utazas\/wp-json\/wp\/v2\/posts"}],"about":[{"href":"https:\/\/www.startlap.hu\/utazas\/wp-json\/wp\/v2\/types\/post"}],"author":[{"embeddable":true,"href":"https:\/\/www.startlap.hu\/utazas\/wp-json\/wp\/v2\/users\/43"}],"replies":[{"embeddable":true,"href":"https:\/\/www.startlap.hu\/utazas\/wp-json\/wp\/v2\/comments?post=36376"}],"version-history":[{"count":6,"href":"https:\/\/www.startlap.hu\/utazas\/wp-json\/wp\/v2\/posts\/36376\/revisions"}],"predecessor-version":[{"id":36630,"href":"https:\/\/www.startlap.hu\/utazas\/wp-json\/wp\/v2\/posts\/36376\/revisions\/36630"}],"wp:featuredmedia":[{"embeddable":true,"href":"https:\/\/www.startlap.hu\/utazas\/wp-json\/wp\/v2\/media\/36378"}],"wp:attachment":[{"href":"https:\/\/www.startlap.hu\/utazas\/wp-json\/wp\/v2\/media?parent=36376"}],"wp:term":[{"taxonomy":"category","embeddable":true,"href":"https:\/\/www.startlap.hu\/utazas\/wp-json\/wp\/v2\/categories?post=36376"},{"taxonomy":"post_tag","embeddable":true,"href":"https:\/\/www.startlap.hu\/utazas\/wp-json\/wp\/v2\/tags?post=36376"}],"curies":[{"name":"wp","href":"https:\/\/api.w.org\/{rel}","templated":true}]}}