{"id":35929,"date":"2021-11-30T09:26:45","date_gmt":"2021-11-30T08:26:45","guid":{"rendered":"https:\/\/www.startlap.hu\/utazas\/?p=35929"},"modified":"2021-11-30T09:26:45","modified_gmt":"2021-11-30T08:26:45","slug":"pcr-teszt-beuazas-anglia-koronavirus-omikron","status":"publish","type":"post","link":"https:\/\/www.startlap.hu\/utazas\/pcr-teszt-beuazas-anglia-koronavirus-omikron\/","title":{"rendered":"Ism\u00e9t PCR-tesztet kell v\u00e9geztetni\u00fck \u00e9rkez\u00e9s\u00fck ut\u00e1n a k\u00fclf\u00f6ldr\u0151l Angli\u00e1ba utaz\u00f3knak"},"content":{"rendered":"<p>A kedden \u00e9letbe l\u00e9pett \u00faj szab\u00e1lyoz\u00e1s alapj\u00e1n ism\u00e9t PCR t\u00edpus\u00fa koronav\u00edrus-sz\u0171r\u00e9snek kell al\u00e1vetni\u00fck magukat \u00e9rkez\u00e9s\u00fck ut\u00e1n mindazoknak, akik k\u00fclf\u00f6ldr\u0151l Angli\u00e1ba utaznak, \u00e9s a negat\u00edv teszteredm\u00e9ny meg\u00e9rkez\u00e9s\u00e9ig a beutaz\u00f3knak tart\u00f3zkod\u00e1si hely\u00fck\u00f6n elk\u00fcl\u00f6n\u00edt\u00e9sben kell maradniuk.<\/p>\n<p>A brit korm\u00e1ny a koronav\u00edrus \u00fajonnan azonos\u00edtott <strong>omikron<\/strong> v\u00e1ltozat\u00e1nak megjelen\u00e9se miatt hozta meg ezt az el\u0151vigy\u00e1zatoss\u00e1gi d\u00f6nt\u00e9st.<\/p>\n<blockquote><p>Az \u00faj szab\u00e1lyoz\u00e1s &#8211; amelyet Boris Johnson brit minisztereln\u00f6k <a href=\"https:\/\/www.startlap.hu\/utazas\/anglia-pcr-teszt-vizsgalat\/\" target=\"_blank\" rel=\"noopener noreferrer\">szombaton jelentett be<\/a> &#8211; kedden brit id\u0151 szerint hajnali 4 \u00f3rakor, k\u00f6z\u00e9p-eur\u00f3pai id\u0151 szerint 5 \u00f3rakor l\u00e9pett \u00e9letbe.<\/p><\/blockquote>\n<p>Johnson a m\u00f3dos\u00edt\u00e1st bejelent\u0151 sajt\u00f3t\u00e1j\u00e9koztat\u00f3j\u00e1n nyomat\u00e9kkal hangs\u00falyozta, hogy a korm\u00e1ny a kor\u00e1bbi szigor\u00fa z\u00e1rlatok idej\u00e9n alkalmazott gyakorlatt\u00f3l elt\u00e9r\u0151en <strong>nem fogja ism\u00e9t le\u00e1ll\u00edtani a k\u00fclf\u00f6ldi utaz\u00e1sokat<\/strong>, az int\u00e9zked\u00e9s csak a k\u00fclf\u00f6ldr\u0151l \u00e9rkez\u0151k tesztel\u00e9si k\u00f6telezetts\u00e9geit \u00e9rinti.<\/p>\n<p>A PCR-tesztet legk\u00e9s\u0151bb az angliai \u00e9rkez\u00e9s ut\u00e1ni m\u00e1sodik nap v\u00e9g\u00e9ig kell elv\u00e9gezni\u00fck a beutaz\u00f3knak. Az \u00e9rkez\u00e9s napja a szab\u00e1lyoz\u00e1s \u00e9rtelm\u00e9ben a nulladik napnak sz\u00e1m\u00edt.<\/p>\n<div class=\"o-widget m-readMoreWidget -readMore u-shortDecorLineAfter row widget-container _ce_measure_widget bigdata-widget read-more\" data-ce-measure-widget=\"olvass tov\u00e1bb\">\n\t<div class=\"m-readMoreWidget__imgWrapper image-wrapper col-12 col-md-4 no-p\">\n\t\t<a class=\"m-readMoreWidget__imgLink\" href=\"https:\/\/www.startlap.hu\/utazas\/ausztria-szigoritas-keleti-vakcina-szputnyik-sinopharm\/\" >\n\t\t\t<img decoding=\"async\" src=\"https:\/\/www.startlap.hu\/utazas\/uploads\/sites\/3\/2021\/11\/ausztria-hatar-350x285.jpg\" class=\"m-readMoreWidget__img\">\n\t\t<\/a>\n\t<\/div>\n\t<div class=\"m-readMoreWidget__titleWrapper title-wrapper col-12 col-md-8\">\n\t\t<span class=\"m-readMoreWidget__titleLabel u-shortDecorLineBefore label hidden-sm-up\">Ez is \u00e9rdekelhet:<\/span>\n\t\t<h3 class=\"m-readMoreWidget__title title\">\n\t\t\t<a class=\"m-readMoreWidget__titleLink -secondFont u-bold u-upperCase\" href=\"https:\/\/www.startlap.hu\/utazas\/ausztria-szigoritas-keleti-vakcina-szputnyik-sinopharm\/\" >Tov\u00e1bb szigor\u00edtanak Ausztri\u00e1ban: ez v\u00e1r a keleti vakcin\u00e1kkal oltottakra<\/a>\n\t\t<\/h3>\n\t\t<a class=\"m-readMoreWidget__btn -coloredBack u-tC link\" href=\"https:\/\/www.startlap.hu\/utazas\/ausztria-szigoritas-keleti-vakcina-szputnyik-sinopharm\/\" >Elolvasom<\/a>\n\t<\/div>\n<\/div>\n<h2>Fizetni kell a teszt\u00e9rt<\/h2>\n<p>A teljesen beoltott beutaz\u00f3k sz\u00e1m\u00e1ra okt\u00f3ber v\u00e9g\u00e9n sz\u0171nt meg az angliai \u00e9rkez\u00e9s ut\u00e1n elv\u00e9gzend\u0151, kijel\u00f6lt laborat\u00f3riumokba visszak\u00fcldend\u0151 PCR-koronav\u00edrusteszt k\u00f6telme, \u00e9s ehelyett a j\u00f3val olcs\u00f3bb, n\u00e9h\u00e1ny perc alatt eredm\u00e9nyt mutat\u00f3 gyorsteszt (lateral flow test) elv\u00e9gz\u00e9se is el\u00e9gs\u00e9ges volt.&nbsp;Ezt a k\u00f6nny\u00edt\u00e9st f\u00fcggesztette fel a brit korm\u00e1ny a kedd hajnalban \u00e9rv\u00e9nybe l\u00e9pett int\u00e9zked\u00e9ssel.<\/p>\n<figure id=\"attachment_35933\" aria-describedby=\"caption-attachment-35933\" style=\"width: 755px\" class=\"wp-caption alignnone\"><img loading=\"lazy\" decoding=\"async\" class=\"size-article-size-large-image wp-image-35933\" src=\"https:\/\/www.startlap.hu\/utazas\/uploads\/sites\/3\/2021\/11\/london_heathrow-repuloter-755x489.jpg\" alt=\"\" width=\"755\" height=\"489\" srcset=\"https:\/\/www.startlap.hu\/utazas\/uploads\/sites\/3\/2021\/11\/london_heathrow-repuloter-755x489.jpg 755w, https:\/\/www.startlap.hu\/utazas\/uploads\/sites\/3\/2021\/11\/london_heathrow-repuloter-540x350.jpg 540w, https:\/\/www.startlap.hu\/utazas\/uploads\/sites\/3\/2021\/11\/london_heathrow-repuloter.jpg 1200w\" sizes=\"auto, (max-width: 755px) 100vw, 755px\" \/><figcaption id=\"caption-attachment-35933\" class=\"wp-caption-text\">Hasan Esen \/ ANADOLU AGENCY \/ Anadolu Agency via AFP<\/figcaption><\/figure>\n<p>A PCR-tesztet a beutaz\u00f3knak a brit korm\u00e1ny \u00e1ltal j\u00f3v\u00e1hagyott <strong>eg\u00e9szs\u00e9g\u00fcgyi mag\u00e1nszolg\u00e1ltat\u00f3kt\u00f3l kell megrendelni\u00fck<\/strong>, a brit \u00e1llami eg\u00e9szs\u00e9g\u00fcgyi szolg\u00e1lat (NHS) ingyenes koronav\u00edrus-sz\u0171r\u00e9si szolg\u00e1ltat\u00e1s\u00e1t beutaz\u00e1si c\u00e9lokra nem lehet haszn\u00e1lni.<\/p>\n<p>A teszteket a <a href=\"https:\/\/www.find-travel-test-provider.service.gov.uk\/vaccination-status\" target=\"_blank\" target=\"_blank\" rel=\"noopener noreferrer\">brit korm\u00e1nyzati honlapon<\/a> felt\u00fcntetett szolg\u00e1ltat\u00f3kt\u00f3l lehet megrendelni.<\/p>\n<p>A megrendel\u00e9st igazol\u00f3 referenciasz\u00e1mot fel kell t\u00fcntetni a beutaz\u00e1s el\u0151tt k\u00f6telez\u0151en kit\u00f6ltend\u0151 utasazonos\u00edt\u00f3 \u0171rlapon (passenger locator form).<\/p>\n<p>Az angliai \u00e9rkez\u00e9s ut\u00e1ni m\u00e1sodik nap v\u00e9g\u00e9ig elv\u00e9gzend\u0151 PCR-tesztet azoknak az utasoknak is meg kell rendelni\u00fck \u00e9s ki kell fizetni\u00fck, akik k\u00e9t napn\u00e1l kevesebb id\u0151t t\u00f6ltenek Angli\u00e1ban.&nbsp;&nbsp;<\/p>\n<h2>\u00c1tmeneti int\u00e9zked\u00e9sek<\/h2>\n<p>Ugyancsak keddt\u0151l a t\u00f6megk\u00f6zleked\u00e9si eszk\u00f6z\u00f6k\u00f6n \u00e9s az \u00fczletekben mindenkinek <strong>maszkot kell viselnie<\/strong>.&nbsp;A rendelkez\u00e9s a vend\u00e9gl\u00e1t\u00f3helyekre nem terjed ki.<\/p>\n<p>A brit korm\u00e1ny k\u00e9ri emellett, hogy azok is vonuljanak elk\u00fcl\u00f6n\u00edt\u00e9sbe, akiknek k\u00f6zvetlen k\u00f6rnyezet\u00e9ben valakin\u00e9l az omikron koronav\u00edrus-v\u00e1ltozat jelenl\u00e9t\u00e9t mutatj\u00e1k ki. Ez mindenkire vonatkozik, f\u00fcggetlen\u00fcl att\u00f3l, hogy az \u00e9rintettek h\u00e1ny d\u00f3zist kaptak a koronav\u00edrus elleni olt\u00e1sb\u00f3l.&nbsp; &nbsp;&nbsp;<\/p>\n<blockquote><p>Boris Johnson hangs\u00falyozta, hogy el\u0151vigy\u00e1zatoss\u00e1gi \u00e9s \u00e1tmeneti int\u00e9zked\u00e9sekr\u0151l van sz\u00f3, amelyeket h\u00e1rom h\u00e9t m\u00falva &#8211; amikor az \u00faj v\u00edrusv\u00e1ltozatr\u00f3l m\u00e1r sokkal t\u00f6bbet lehet majd tudni &#8211; fel\u00fclvizsg\u00e1lnak.<\/p><\/blockquote>\n<h2>Jobb lesz a kar\u00e1csony<\/h2>\n<p>A brit minisztereln\u00f6k hozz\u00e1tette: teljesen biztos abban, hogy az idei kar\u00e1csony sokkal jobb lesz, mint a tavalyi, amikor a nagy-britanniai olt\u00e1si kamp\u00e1ny m\u00e9g csak kezdeti szakasz\u00e1ban j\u00e1rt \u00e9s szigor\u00fa korl\u00e1toz\u00e1sok voltak \u00e9rv\u00e9nyben.<\/p>\n<p>A brit eg\u00e9szs\u00e9g\u00fcgyi miniszt\u00e9rium legfrissebb adatai szerint a koronav\u00edrus elleni olt\u00e1s harmadik, eml\u00e9keztet\u0151 \u00e9s hat\u00e1ser\u0151s\u00edt\u0151 d\u00f3zis\u00e1t a 12 \u00e9vn\u00e9l id\u0151sebb brit lakoss\u00e1g csaknem 31 sz\u00e1zal\u00e9k\u00e1nak &#8211; t\u00f6bb mint 17,9 milli\u00f3 embernek &#8211; m\u00e1r beadt\u00e1k.<\/p>\n<p>Az els\u0151 d\u00f3zist 88,6 sz\u00e1zal\u00e9k, a m\u00e1sodikat 80,6 sz\u00e1zal\u00e9k kapta meg ebb\u0151l a koroszt\u00e1lyb\u00f3l.<\/p>\n<p>A brit korm\u00e1ny olt\u00e1s\u00fcgyi vegyesbizotts\u00e1ga (JCVI) h\u00e9tf\u0151 esti m\u00f3dos\u00edtott aj\u00e1nl\u00e1s\u00e1ban azt kezdem\u00e9nyezte, hogy a m\u00e1sodik \u00e9s a harmadik olt\u00e1si d\u00f3zis k\u00f6z\u00f6tti id\u0151szakot a korm\u00e1ny a jelenleg el\u0151\u00edrt hat h\u00f3napr\u00f3l r\u00f6vid\u00edtse h\u00e1rom h\u00f3napra.<\/p>\n<p>(MTI)<\/p>\n<div class=\"o-widget m-readMoreWidget -readMore u-shortDecorLineAfter row widget-container _ce_measure_widget bigdata-widget read-more\" data-ce-measure-widget=\"olvass tov\u00e1bb\">\n\t<div class=\"m-readMoreWidget__imgWrapper image-wrapper col-12 col-md-4 no-p\">\n\t\t<a class=\"m-readMoreWidget__imgLink\" href=\"https:\/\/www.startlap.hu\/utazas\/ausztria-lackenhof-otscher-siterep-zaras\/\" >\n\t\t\t<img decoding=\"async\" src=\"https:\/\/www.startlap.hu\/utazas\/uploads\/sites\/3\/2021\/11\/ausztria-sieles-350x285.jpg\" class=\"m-readMoreWidget__img\">\n\t\t<\/a>\n\t<\/div>\n\t<div class=\"m-readMoreWidget__titleWrapper title-wrapper col-12 col-md-8\">\n\t\t<span class=\"m-readMoreWidget__titleLabel u-shortDecorLineBefore label hidden-sm-up\">Ez is \u00e9rdekelhet:<\/span>\n\t\t<h3 class=\"m-readMoreWidget__title title\">\n\t\t\t<a class=\"m-readMoreWidget__titleLink -secondFont u-bold u-upperCase\" href=\"https:\/\/www.startlap.hu\/utazas\/ausztria-lackenhof-otscher-siterep-zaras\/\" >V\u00e9gleg bez\u00e1rj\u00e1k a magyarok egyik kedvenc osztr\u00e1k s\u00edterep\u00e9t<\/a>\n\t\t<\/h3>\n\t\t<a class=\"m-readMoreWidget__btn -coloredBack u-tC link\" href=\"https:\/\/www.startlap.hu\/utazas\/ausztria-lackenhof-otscher-siterep-zaras\/\" >Elolvasom<\/a>\n\t<\/div>\n<\/div>\n","protected":false},"excerpt":{"rendered":"<p>A negat\u00edv teszteredm\u00e9ny meg\u00e9rkez\u00e9s\u00e9ig a beutaz\u00f3knak tart\u00f3zkod\u00e1si hely\u00fck\u00f6n elk\u00fcl\u00f6n\u00edt\u00e9sben kell maradniuk.<\/p>\n","protected":false},"author":36,"featured_media":35933,"comment_status":"open","ping_status":"open","sticky":false,"template":"","format":"standard","meta":{"footnotes":""},"categories":[70],"tags":[367,4382,1358,2567],"class_list":["post-35929","post","type-post","status-publish","format-standard","has-post-thumbnail","hentry","category-vilag","tag-anglia","tag-beutazasi-feltetelek","tag-koronavirus","tag-pcr-teszt"],"aioseo_notices":[],"_links":{"self":[{"href":"https:\/\/www.startlap.hu\/utazas\/wp-json\/wp\/v2\/posts\/35929","targetHints":{"allow":["GET"]}}],"collection":[{"href":"https:\/\/www.startlap.hu\/utazas\/wp-json\/wp\/v2\/posts"}],"about":[{"href":"https:\/\/www.startlap.hu\/utazas\/wp-json\/wp\/v2\/types\/post"}],"author":[{"embeddable":true,"href":"https:\/\/www.startlap.hu\/utazas\/wp-json\/wp\/v2\/users\/36"}],"replies":[{"embeddable":true,"href":"https:\/\/www.startlap.hu\/utazas\/wp-json\/wp\/v2\/comments?post=35929"}],"version-history":[{"count":3,"href":"https:\/\/www.startlap.hu\/utazas\/wp-json\/wp\/v2\/posts\/35929\/revisions"}],"predecessor-version":[{"id":35934,"href":"https:\/\/www.startlap.hu\/utazas\/wp-json\/wp\/v2\/posts\/35929\/revisions\/35934"}],"wp:featuredmedia":[{"embeddable":true,"href":"https:\/\/www.startlap.hu\/utazas\/wp-json\/wp\/v2\/media\/35933"}],"wp:attachment":[{"href":"https:\/\/www.startlap.hu\/utazas\/wp-json\/wp\/v2\/media?parent=35929"}],"wp:term":[{"taxonomy":"category","embeddable":true,"href":"https:\/\/www.startlap.hu\/utazas\/wp-json\/wp\/v2\/categories?post=35929"},{"taxonomy":"post_tag","embeddable":true,"href":"https:\/\/www.startlap.hu\/utazas\/wp-json\/wp\/v2\/tags?post=35929"}],"curies":[{"name":"wp","href":"https:\/\/api.w.org\/{rel}","templated":true}]}}