{"id":35545,"date":"2021-11-21T16:33:00","date_gmt":"2021-11-21T15:33:00","guid":{"rendered":"https:\/\/www.startlap.hu\/utazas\/?p=35545"},"modified":"2021-11-21T15:59:05","modified_gmt":"2021-11-21T14:59:05","slug":"koronavirus-utazas-oltas-szerbia-europai-unio","status":"publish","type":"post","link":"https:\/\/www.startlap.hu\/utazas\/koronavirus-utazas-oltas-szerbia-europai-unio\/","title":{"rendered":"Koronav\u00edrus: sokan nem tudnak Szerbi\u00e1b\u00f3l az uni\u00f3ba utazni"},"content":{"rendered":"<p>A tapasztalat azt mutatja, hogy akik most k\u00e9t Sinopharm, illetve Szputnyik V ut\u00e1n Pfizert v\u00e1lasztanak, nem biztos, hogy szabadon utazhatnak az Eur\u00f3pai Uni\u00f3 orsz\u00e1gaiba, hanem meg kell v\u00e1rniuk a tavaszt, amikor a m\u00e1sodik Pfizer-olt\u00e1st, <strong>vagyis \u00f6sszesen a negyedik vakcin\u00e1t is felvehetik<\/strong> \u2013 \u00edrja a vajdas\u00e1gi <a href=\"https:\/\/szmsz.press\/2021\/11\/18\/mar-egy-pfizer-sem-eleg-ha-az-eu-ba-szeretne-utazni\/\" target=\"_blank\" target=\"_blank\" rel=\"noopener noreferrer\">Szabad Magyar Sz\u00f3<\/a>.<\/p>\n<p>Egyel\u0151re pontos utas\u00edt\u00e1s \u00e9s inform\u00e1ci\u00f3 nincs, de sok uni\u00f3s orsz\u00e1gba nem lehet beutazni, ha k\u00e9t Sinopharm, vagy k\u00e9t Szputynik olt\u00e1s ut\u00e1n harmadik vakcinak\u00e9nt Pfizert vagy Modern\u00e1t kapunk \u2013 nyilatkozta Aleksandar Seni\u010di\u0107, a szerbiai Idegenforgalmi Irod\u00e1k Nemzeti Sz\u00f6vets\u00e9g\u00e9nek igazgat\u00f3ja. Mint fogalmazott, a legnagyobb ellen\u00e1ll\u00e1s az orosz olt\u00e1ssal szemben van, m\u00edg a k\u00ednaival egy kicsit jobb a helyzet.<\/p>\n<figure id=\"attachment_35546\" aria-describedby=\"caption-attachment-35546\" style=\"width: 755px\" class=\"wp-caption alignnone\"><img loading=\"lazy\" decoding=\"async\" class=\"size-article-size-large-image wp-image-35546\" src=\"https:\/\/www.startlap.hu\/utazas\/uploads\/sites\/3\/2021\/11\/air-serbia_repulogep-755x427.jpg\" alt=\"\" width=\"755\" height=\"427\" srcset=\"https:\/\/www.startlap.hu\/utazas\/uploads\/sites\/3\/2021\/11\/air-serbia_repulogep-755x427.jpg 755w, https:\/\/www.startlap.hu\/utazas\/uploads\/sites\/3\/2021\/11\/air-serbia_repulogep-619x350.jpg 619w, https:\/\/www.startlap.hu\/utazas\/uploads\/sites\/3\/2021\/11\/air-serbia_repulogep.jpg 1200w\" sizes=\"auto, (max-width: 755px) 100vw, 755px\" \/><figcaption id=\"caption-attachment-35546\" class=\"wp-caption-text\">Nicolas Economou\/NurPhoto via Getty Images<\/figcaption><\/figure>\n<p>.<\/p>\n","protected":false},"excerpt":{"rendered":"<p>Hi\u00e1ba a h\u00e1rom olt\u00e1s, sok utazni v\u00e1gy\u00f3 sz\u00e1m\u00e1ra csak a tavasz hozhat megold\u00e1st.<\/p>\n","protected":false},"author":36,"featured_media":35546,"comment_status":"open","ping_status":"open","sticky":false,"template":"","format":"standard","meta":{"footnotes":""},"categories":[70],"tags":[638,4751,1360],"class_list":["post-35545","post","type-post","status-publish","format-standard","has-post-thumbnail","hentry","category-vilag","tag-europai-unio","tag-koronavirus-oltas","tag-szerbia"],"aioseo_notices":[],"_links":{"self":[{"href":"https:\/\/www.startlap.hu\/utazas\/wp-json\/wp\/v2\/posts\/35545","targetHints":{"allow":["GET"]}}],"collection":[{"href":"https:\/\/www.startlap.hu\/utazas\/wp-json\/wp\/v2\/posts"}],"about":[{"href":"https:\/\/www.startlap.hu\/utazas\/wp-json\/wp\/v2\/types\/post"}],"author":[{"embeddable":true,"href":"https:\/\/www.startlap.hu\/utazas\/wp-json\/wp\/v2\/users\/36"}],"replies":[{"embeddable":true,"href":"https:\/\/www.startlap.hu\/utazas\/wp-json\/wp\/v2\/comments?post=35545"}],"version-history":[{"count":2,"href":"https:\/\/www.startlap.hu\/utazas\/wp-json\/wp\/v2\/posts\/35545\/revisions"}],"predecessor-version":[{"id":36433,"href":"https:\/\/www.startlap.hu\/utazas\/wp-json\/wp\/v2\/posts\/35545\/revisions\/36433"}],"wp:featuredmedia":[{"embeddable":true,"href":"https:\/\/www.startlap.hu\/utazas\/wp-json\/wp\/v2\/media\/35546"}],"wp:attachment":[{"href":"https:\/\/www.startlap.hu\/utazas\/wp-json\/wp\/v2\/media?parent=35545"}],"wp:term":[{"taxonomy":"category","embeddable":true,"href":"https:\/\/www.startlap.hu\/utazas\/wp-json\/wp\/v2\/categories?post=35545"},{"taxonomy":"post_tag","embeddable":true,"href":"https:\/\/www.startlap.hu\/utazas\/wp-json\/wp\/v2\/tags?post=35545"}],"curies":[{"name":"wp","href":"https:\/\/api.w.org\/{rel}","templated":true}]}}