{"id":35507,"date":"2021-11-19T11:41:10","date_gmt":"2021-11-19T10:41:10","guid":{"rendered":"https:\/\/www.startlap.hu\/utazas\/?p=35507"},"modified":"2021-11-19T13:55:34","modified_gmt":"2021-11-19T12:55:34","slug":"ausztria-teljes-lezaras-kotelezo-oltas","status":"publish","type":"post","link":"https:\/\/www.startlap.hu\/utazas\/ausztria-teljes-lezaras-kotelezo-oltas\/","title":{"rendered":"Ausztri\u00e1ban ism\u00e9t teljes lez\u00e1r\u00e1st rendelnek el, \u00e9s k\u00f6telez\u0151v\u00e9 teszik az olt\u00e1st"},"content":{"rendered":"<p>Ausztri\u00e1ban a koronav\u00edrus terjed\u00e9se miatt <strong>h\u00e9tf\u0151t\u0151l ism\u00e9telten teljes lez\u00e1r\u00e1st rendel el a korm\u00e1ny<\/strong>, <strong>2022. febru\u00e1r 1-j\u00e9t\u0151l pedig k\u00f6telez\u0151 lesz a v\u00e9d\u0151olt\u00e1s az orsz\u00e1gban<\/strong> &#8211; jelentette be p\u00e9nteken Alexander Schallenberg osztr\u00e1k kancell\u00e1r.<\/p>\n<p>&#8222;Szembe kell n\u00e9zn\u00fcnk a val\u00f3s\u00e1ggal&#8221; &#8211; sz\u00f6gezte le a korm\u00e1nyf\u0151, miut\u00e1n Tirolban a tartom\u00e1nyok vezet\u0151ivel egyeztetett. A v\u00edrus nem megy sehova, hanem itt marad vel\u00fcnk, a meggy\u0151z\u00e9si k\u00eds\u00e9rletek \u00e9s kamp\u00e1nyok dac\u00e1ra t\u00fal kev\u00e9s ember adatta be eddig mag\u00e1nak a v\u00e9d\u0151olt\u00e1st &#8211; fogalmazott az osztr\u00e1k korm\u00e1ny vezet\u0151je. &#8222;Nem akarunk \u00f6t\u00f6dik, hatodik \u00e9s hetedik hull\u00e1mot&#8221; &#8211; sz\u00f6gezte le. &#8222;Az egyetlen m\u00f3d arra, hogy ezt az \u00f6rd\u00f6gi k\u00f6rt megszak\u00edtsuk, az az, ha n\u00f6velj\u00fck a beoltottak ar\u00e1ny\u00e1t&#8221; &#8211; indokolta a korm\u00e1nyd\u00f6nt\u00e9st.<\/p>\n<p>Az osztr\u00e1k kancell\u00e1r elmondta, hogy <strong>a lez\u00e1r\u00e1st t\u00edz napra vezetik be<\/strong>, majd legfeljebb \u00fajabb t\u00edz nappal meghosszabb\u00edthatj\u00e1k, de az oltottak \u00e9s a gy\u00f3gyultak sz\u00e1m\u00e1ra a most bevezetett korl\u00e1toz\u00e1sok legk\u00e9s\u0151bb december 13-\u00e1n v\u00e9get \u00e9rnek.<\/p>\n<figure id=\"attachment_35508\" aria-describedby=\"caption-attachment-35508\" style=\"width: 755px\" class=\"wp-caption alignnone\"><img loading=\"lazy\" decoding=\"async\" class=\"size-article-size-large-image wp-image-35508\" src=\"https:\/\/www.startlap.hu\/utazas\/uploads\/sites\/3\/2021\/11\/becs_ausztria_koronavirus-755x472.jpg\" alt=\"\" width=\"755\" height=\"472\" srcset=\"https:\/\/www.startlap.hu\/utazas\/uploads\/sites\/3\/2021\/11\/becs_ausztria_koronavirus-755x472.jpg 755w, https:\/\/www.startlap.hu\/utazas\/uploads\/sites\/3\/2021\/11\/becs_ausztria_koronavirus-560x350.jpg 560w, https:\/\/www.startlap.hu\/utazas\/uploads\/sites\/3\/2021\/11\/becs_ausztria_koronavirus.jpg 1200w\" sizes=\"auto, (max-width: 755px) 100vw, 755px\" \/><figcaption id=\"caption-attachment-35508\" class=\"wp-caption-text\">Illusztr\u00e1ci\u00f3 (GEORG HOCHMUTH \/ APA \/ AFP)<\/figcaption><\/figure>\n<p>&#8222;F\u00e1jdalmas, hogy ism\u00e9t ilyen int\u00e9zked\u00e9seket kell hoznunk&#8221; &#8211; hangoztatta Schallenberg.<\/p>\n<p>Ausztri\u00e1ban a lakoss\u00e1g mintegy k\u00e9tharmada adatta be mag\u00e1nak a vakcina mindk\u00e9t d\u00f3zis\u00e1t, ami az egyik legalacsonyabb ar\u00e1ny Nyugat-Eur\u00f3p\u00e1ban, a h\u00e9tnapos esetgyakoris\u00e1g sz\u00e1zezer f\u0151re vet\u00edtve 991, ami viszont az egyik legmagasabb a kontinensen.<\/p>\n<p>Ausztri\u00e1ban az oltatlanok sz\u00e1m\u00e1ra m\u00e1r ezen a h\u00e9ten bevezettek korl\u00e1toz\u00e1sokat, \u00e1m a fert\u0151z\u00f6ttek sz\u00e1ma ennek ellen\u00e9re sora d\u00f6nti a napi rekordokat. A k\u00e9t legs\u00falyosabban \u00e9rintett tartom\u00e1nyban, Salzburgban \u00e9s Fels\u0151-Ausztri\u00e1ban m\u00e1r cs\u00fct\u00f6rt\u00f6k\u00f6n elrendelt\u00e9k a lez\u00e1r\u00e1st.<\/p>\n<p>(MTI)<\/p>\n<div class=\"o-widget m-readMoreWidget -readMore u-shortDecorLineAfter row widget-container _ce_measure_widget bigdata-widget read-more\" data-ce-measure-widget=\"olvass tov\u00e1bb\">\n\t<div class=\"m-readMoreWidget__imgWrapper image-wrapper col-12 col-md-4 no-p\">\n\t\t<a class=\"m-readMoreWidget__imgLink\" href=\"https:\/\/www.startlap.hu\/utazas\/beutazasi-szabalyok-ausztria-jarvany-koronavirus\/\" >\n\t\t\t<img decoding=\"async\" src=\"https:\/\/www.startlap.hu\/utazas\/uploads\/sites\/3\/2021\/04\/ausztria_orszaghatar-350x285.jpg\" class=\"m-readMoreWidget__img\">\n\t\t<\/a>\n\t<\/div>\n\t<div class=\"m-readMoreWidget__titleWrapper title-wrapper col-12 col-md-8\">\n\t\t<span class=\"m-readMoreWidget__titleLabel u-shortDecorLineBefore label hidden-sm-up\">Ez is \u00e9rdekelhet:<\/span>\n\t\t<h3 class=\"m-readMoreWidget__title title\">\n\t\t\t<a class=\"m-readMoreWidget__titleLink -secondFont u-bold u-upperCase\" href=\"https:\/\/www.startlap.hu\/utazas\/beutazasi-szabalyok-ausztria-jarvany-koronavirus\/\" >Szigor\u00edtja a beutaz\u00e1si szab\u00e1lyokat Ausztria<\/a>\n\t\t<\/h3>\n\t\t<a class=\"m-readMoreWidget__btn -coloredBack u-tC link\" href=\"https:\/\/www.startlap.hu\/utazas\/beutazasi-szabalyok-ausztria-jarvany-koronavirus\/\" >Elolvasom<\/a>\n\t<\/div>\n<\/div>\n","protected":false},"excerpt":{"rendered":"<p>Az  oltottak \u00e9s a gy\u00f3gyultak sz\u00e1m\u00e1ra a most bevezetett korl\u00e1toz\u00e1sok legk\u00e9s\u0151bb december 13-\u00e1n v\u00e9get \u00e9rnek.<\/p>\n","protected":false},"author":36,"featured_media":35508,"comment_status":"open","ping_status":"open","sticky":false,"template":"","format":"standard","meta":{"footnotes":""},"categories":[70],"tags":[307,3163,1484,4751],"class_list":["post-35507","post","type-post","status-publish","format-standard","has-post-thumbnail","hentry","category-vilag","tag-ausztria","tag-jarvanyugyi-korlatozasok","tag-karanten","tag-koronavirus-oltas"],"aioseo_notices":[],"_links":{"self":[{"href":"https:\/\/www.startlap.hu\/utazas\/wp-json\/wp\/v2\/posts\/35507","targetHints":{"allow":["GET"]}}],"collection":[{"href":"https:\/\/www.startlap.hu\/utazas\/wp-json\/wp\/v2\/posts"}],"about":[{"href":"https:\/\/www.startlap.hu\/utazas\/wp-json\/wp\/v2\/types\/post"}],"author":[{"embeddable":true,"href":"https:\/\/www.startlap.hu\/utazas\/wp-json\/wp\/v2\/users\/36"}],"replies":[{"embeddable":true,"href":"https:\/\/www.startlap.hu\/utazas\/wp-json\/wp\/v2\/comments?post=35507"}],"version-history":[{"count":5,"href":"https:\/\/www.startlap.hu\/utazas\/wp-json\/wp\/v2\/posts\/35507\/revisions"}],"predecessor-version":[{"id":35513,"href":"https:\/\/www.startlap.hu\/utazas\/wp-json\/wp\/v2\/posts\/35507\/revisions\/35513"}],"wp:featuredmedia":[{"embeddable":true,"href":"https:\/\/www.startlap.hu\/utazas\/wp-json\/wp\/v2\/media\/35508"}],"wp:attachment":[{"href":"https:\/\/www.startlap.hu\/utazas\/wp-json\/wp\/v2\/media?parent=35507"}],"wp:term":[{"taxonomy":"category","embeddable":true,"href":"https:\/\/www.startlap.hu\/utazas\/wp-json\/wp\/v2\/categories?post=35507"},{"taxonomy":"post_tag","embeddable":true,"href":"https:\/\/www.startlap.hu\/utazas\/wp-json\/wp\/v2\/tags?post=35507"}],"curies":[{"name":"wp","href":"https:\/\/api.w.org\/{rel}","templated":true}]}}