{"id":34711,"date":"2021-11-03T12:43:48","date_gmt":"2021-11-03T11:43:48","guid":{"rendered":"https:\/\/www.startlap.hu\/utazas\/?p=34711"},"modified":"2021-11-03T12:43:48","modified_gmt":"2021-11-03T11:43:48","slug":"oltott-turista-argentina-nyitas","status":"publish","type":"post","link":"https:\/\/www.startlap.hu\/utazas\/oltott-turista-argentina-nyitas\/","title":{"rendered":"Karant\u00e9n n\u00e9lk\u00fcl utazhatnak az oltottak Argent\u00edn\u00e1ba"},"content":{"rendered":"<p>Argent\u00edna ny\u00fczsg\u0151 v\u00e1rosaiba \u00e9s l\u00e9legzetel\u00e1ll\u00edt\u00f3 term\u00e9szeti t\u00e1jaira t\u00f6bb mint egy \u00e9ve nem tette be a l\u00e1b\u00e1t messzi f\u00f6ldr\u0151l \u00e9rkez\u0151 turista, mert a hat\u00f3s\u00e1gok folyamatosan \u00e9rv\u00e9nyben tartott\u00e1k a COVID-19 miatt bevezetett korl\u00e1toz\u00e1sokat. November elej\u00e9n azonban nagyot nyitottak: minden k\u00fclf\u00f6ldi l\u00e1togat\u00f3t szeretettel v\u00e1rnak, akik mentes\u00fclhetnek a karant\u00e9n al\u00f3l, amennyiben <strong>teljesen beoltott\u00e1k \u0151ket a COVID-19 ellen.<\/strong> Az utaz\u00f3knak egy\u00e9bk\u00e9nt igazolniuk kell, hogy az indul\u00e1s el\u0151tt legfeljebb 72 \u00f3r\u00e1val v\u00e9gzett teszten negat\u00edv eredm\u00e9nyt kaptak, valamint egy m\u00e1sodik PCR-tesztet is csin\u00e1ltatniuk kell az Argent\u00edn\u00e1ban val\u00f3 tart\u00f3zkod\u00e1suk \u00f6t\u00f6dik vagy hetedik napja k\u00f6z\u00f6tt &#8211; \u00edrja a <a href=\"https:\/\/www.lonelyplanet.com\/articles\/no-covid-quarantine-fully-vaccinated-tourists-in-argentina\" target=\"_blank\" target=\"_blank\" rel=\"noopener noreferrer\">Lonely Planet<\/a>.<\/p>\n<p>Ahhoz, hogy teljesen beoltottnak min\u0151s\u00fcljenek, meg kell kapniuk az olt\u00e1s \u00f6sszes adagj\u00e1t &#8211; egy\u00e9bk\u00e9nt elfogadj\u00e1k a Pfizer, Moderna, AstraZeneca, Covishield, Szputnyik, Sinopharm \u00e9s Convidecia olt\u00e1sokat. A nem teljesen oltottak is mehetnek, \u00e1m nekik ugyancsak k\u00e9t tesztet kell elv\u00e9gezni\u00fck, \u00e9s <strong>legal\u00e1bb egy h\u00e9t karant\u00e9non is \u00e1t kell esni\u00fck.<\/strong><\/p>\n<h2>G\u0151zer\u0151vel k\u00e9sz\u00fclnek a turist\u00e1k fogad\u00e1s\u00e1ra<\/h2>\n<p>Argent\u00edna m\u00e1r okt\u00f3berben finoman \u00fajranyitotta hat\u00e1rait a szomsz\u00e9dos orsz\u00e1gok el\u0151tt, de a turizmus sz\u00e9lesebb k\u00f6r\u0171 visszat\u00e9r\u00e9s\u00e9re m\u00e9g nagyban k\u00e9sz\u00fclnek. A tervek szerint az \u00e9ttermek, k\u00e1v\u00e9z\u00f3k, b\u00e1rok, sz\u00f3rakoz\u00f3helyek \u00e9s kultur\u00e1lis l\u00e1tnival\u00f3k visszat\u00e9rnek teljes kapacit\u00e1ssal, m\u00edg <strong>az \u00e9jszakai klubok 50%-os kapacit\u00e1ssal<\/strong> nyitnak majd ki.<\/p>\n<blockquote class=\"article__extraTxt\"><p>Buenos Airesben \u2013 az \u00e9jszakai \u00e9let\u00e9r\u0151l h\u00edres v\u00e1rosban \u2013 a b\u00e1rok \u00e9s \u00e9jszakai klubok hajnali 3-ig nyitva maradhatnak.<\/p><\/blockquote>\n<p>Argent\u00edn\u00e1t s\u00falyosan s\u00fajtotta a vil\u00e1gj\u00e1rv\u00e1ny, \u00e9s az \u00e9v elej\u00e9n olt\u00f3anyag-ell\u00e1t\u00e1ssal is k\u00fcszk\u00f6d\u00f6tt. Az elm\u00falt hetekben azonban felgyorsult a kamp\u00e1ny, eddig legal\u00e1bb 56 milli\u00f3 adagot adtak be. Az Our World In Data statisztik\u00e1i szerint a lakoss\u00e1g legal\u00e1bb 56,6%-a teljesen beoltott.<\/p>\n<figure id=\"attachment_34715\" aria-describedby=\"caption-attachment-34715\" style=\"width: 755px\" class=\"wp-caption alignnone\"><a href=\"https:\/\/www.startlap.hu\/utazas\/uploads\/sites\/3\/2021\/11\/turista-buenos-airesben.jpg\"><img loading=\"lazy\" decoding=\"async\" class=\"size-article-size-large-image wp-image-34715\" src=\"https:\/\/www.startlap.hu\/utazas\/uploads\/sites\/3\/2021\/11\/turista-buenos-airesben-755x573.jpg\" alt=\"\" width=\"755\" height=\"573\" srcset=\"https:\/\/www.startlap.hu\/utazas\/uploads\/sites\/3\/2021\/11\/turista-buenos-airesben-755x573.jpg 755w, https:\/\/www.startlap.hu\/utazas\/uploads\/sites\/3\/2021\/11\/turista-buenos-airesben-85x65.jpg 85w, https:\/\/www.startlap.hu\/utazas\/uploads\/sites\/3\/2021\/11\/turista-buenos-airesben-461x350.jpg 461w, https:\/\/www.startlap.hu\/utazas\/uploads\/sites\/3\/2021\/11\/turista-buenos-airesben.jpg 1193w\" sizes=\"auto, (max-width: 755px) 100vw, 755px\" \/><\/a><figcaption id=\"caption-attachment-34715\" class=\"wp-caption-text\">Buenos Aires, Argent\u00edna \/ Illusztr\u00e1ci\u00f3: Getty Images<\/figcaption><\/figure>\n<p>Aki <a href=\"https:\/\/www.startlap.hu\/utazas\/eldugott-hegyi_kunyhok-vilagszerte\/\" target=\"_blank\" rel=\"noopener noreferrer\">Argent\u00edn\u00e1ba<\/a> utazik, n\u00e9h\u00e1ny \u00faj l\u00e1tnival\u00f3t is megtekinthet, k\u00f6zt\u00fck a nemr\u00e9g megny\u00edlt Villavicencio Parkot (egy szabadt\u00e9ri kalandpark Mendoza k\u00f6zel\u00e9ben) de ell\u00e1togathat a klasszikus nevezetess\u00e9gekhez is, mint a Zuccardi Valle de Uco (amit a k\u00f6zelm\u00faltban imm\u00e1r harmadik \u00e9ve a vil\u00e1g legjobb sz\u0151l\u0151\u00fcltetv\u00e9ny\u00e9nek nyilv\u00e1n\u00edtottak).<\/p>\n<div class=\"o-widget m-readMoreWidget -readMore u-shortDecorLineAfter row widget-container _ce_measure_widget bigdata-widget read-more\" data-ce-measure-widget=\"olvass tov\u00e1bb\">\n\t<div class=\"m-readMoreWidget__imgWrapper image-wrapper col-12 col-md-4 no-p\">\n\t\t<a class=\"m-readMoreWidget__imgLink\" href=\"https:\/\/www.startlap.hu\/utazas\/utazas-uti-cel-jovo-turizmus\/\" >\n\t\t\t<img decoding=\"async\" src=\"https:\/\/www.startlap.hu\/utazas\/uploads\/sites\/3\/2021\/10\/panama-350x285.jpg\" class=\"m-readMoreWidget__img\">\n\t\t<\/a>\n\t<\/div>\n\t<div class=\"m-readMoreWidget__titleWrapper title-wrapper col-12 col-md-8\">\n\t\t<span class=\"m-readMoreWidget__titleLabel u-shortDecorLineBefore label hidden-sm-up\">Ez is \u00e9rdekelhet:<\/span>\n\t\t<h3 class=\"m-readMoreWidget__title title\">\n\t\t\t<a class=\"m-readMoreWidget__titleLink -secondFont u-bold u-upperCase\" href=\"https:\/\/www.startlap.hu\/utazas\/utazas-uti-cel-jovo-turizmus\/\" >Ilyen lesz a turizmus a j\u00f6v\u0151ben: ezek az \u00fati c\u00e9lok lesznek a kedvencek<\/a>\n\t\t<\/h3>\n\t\t<a class=\"m-readMoreWidget__btn -coloredBack u-tC link\" href=\"https:\/\/www.startlap.hu\/utazas\/utazas-uti-cel-jovo-turizmus\/\" >Elolvasom<\/a>\n\t<\/div>\n<\/div>\n","protected":false},"excerpt":{"rendered":"<p>November elsej\u00e9t\u0151l karant\u00e9nk\u00f6telezetts\u00e9g n\u00e9lk\u00fcl l\u00e1togathatj\u00e1k Argent\u00edn\u00e1t azok a nemzetk\u00f6zi utaz\u00f3k, akik teljesen oltottak.<\/p>\n","protected":false},"author":43,"featured_media":34715,"comment_status":"open","ping_status":"open","sticky":false,"template":"","format":"standard","meta":{"footnotes":""},"categories":[70],"tags":[764,1484],"class_list":["post-34711","post","type-post","status-publish","format-standard","has-post-thumbnail","hentry","category-vilag","tag-argentina","tag-karanten"],"aioseo_notices":[],"_links":{"self":[{"href":"https:\/\/www.startlap.hu\/utazas\/wp-json\/wp\/v2\/posts\/34711","targetHints":{"allow":["GET"]}}],"collection":[{"href":"https:\/\/www.startlap.hu\/utazas\/wp-json\/wp\/v2\/posts"}],"about":[{"href":"https:\/\/www.startlap.hu\/utazas\/wp-json\/wp\/v2\/types\/post"}],"author":[{"embeddable":true,"href":"https:\/\/www.startlap.hu\/utazas\/wp-json\/wp\/v2\/users\/43"}],"replies":[{"embeddable":true,"href":"https:\/\/www.startlap.hu\/utazas\/wp-json\/wp\/v2\/comments?post=34711"}],"version-history":[{"count":6,"href":"https:\/\/www.startlap.hu\/utazas\/wp-json\/wp\/v2\/posts\/34711\/revisions"}],"predecessor-version":[{"id":34723,"href":"https:\/\/www.startlap.hu\/utazas\/wp-json\/wp\/v2\/posts\/34711\/revisions\/34723"}],"wp:featuredmedia":[{"embeddable":true,"href":"https:\/\/www.startlap.hu\/utazas\/wp-json\/wp\/v2\/media\/34715"}],"wp:attachment":[{"href":"https:\/\/www.startlap.hu\/utazas\/wp-json\/wp\/v2\/media?parent=34711"}],"wp:term":[{"taxonomy":"category","embeddable":true,"href":"https:\/\/www.startlap.hu\/utazas\/wp-json\/wp\/v2\/categories?post=34711"},{"taxonomy":"post_tag","embeddable":true,"href":"https:\/\/www.startlap.hu\/utazas\/wp-json\/wp\/v2\/tags?post=34711"}],"curies":[{"name":"wp","href":"https:\/\/api.w.org\/{rel}","templated":true}]}}