{"id":34652,"date":"2021-11-02T05:40:30","date_gmt":"2021-11-02T04:40:30","guid":{"rendered":"https:\/\/www.startlap.hu\/utazas\/?p=34652"},"modified":"2021-11-01T21:08:21","modified_gmt":"2021-11-01T20:08:21","slug":"sanghaj-disneyland-covid-zaras","status":"publish","type":"post","link":"https:\/\/www.startlap.hu\/utazas\/sanghaj-disneyland-covid-zaras\/","title":{"rendered":"Egy fert\u0151z\u00f6tt miatt bez\u00e1rt az eg\u00e9sz sanghaji Disneyland"},"content":{"rendered":"<p>A CGTN pekingi sz\u00e9khely\u0171, nemzetk\u00f6zi h\u00edrcsatorna tud\u00f3s\u00edt\u00e1sa szerint a park igazgat\u00f3s\u00e1ga vas\u00e1rnap este jelentette be, hogy a j\u00e1rv\u00e1nykezel\u00e9si el\u0151\u00edr\u00e1sokkal \u00f6sszhangban h\u00e9tf\u0151n \u00e9s kedden mindenk\u00e9pp z\u00e1rva tartanak. Az \u00fajranyit\u00e1s id\u0151pontj\u00e1t egyel\u0151re nem tudni.<\/p>\n<figure id=\"attachment_34654\" aria-describedby=\"caption-attachment-34654\" style=\"width: 755px\" class=\"wp-caption alignnone\"><img loading=\"lazy\" decoding=\"async\" class=\"size-article-size-large-image wp-image-34654\" src=\"https:\/\/www.startlap.hu\/utazas\/uploads\/sites\/3\/2021\/11\/sanghai_disneyland-755x503.jpg\" alt=\"\" width=\"755\" height=\"503\" srcset=\"https:\/\/www.startlap.hu\/utazas\/uploads\/sites\/3\/2021\/11\/sanghai_disneyland-755x503.jpg 755w, https:\/\/www.startlap.hu\/utazas\/uploads\/sites\/3\/2021\/11\/sanghai_disneyland-526x350.jpg 526w, https:\/\/www.startlap.hu\/utazas\/uploads\/sites\/3\/2021\/11\/sanghai_disneyland.jpg 1024w\" sizes=\"auto, (max-width: 755px) 100vw, 755px\" \/><figcaption id=\"caption-attachment-34654\" class=\"wp-caption-text\">Mint\u00e1t vettek a parkban tal\u00e1lhat\u00f3, k\u00fcl\u00f6nb\u00f6z\u0151 fel\u00fcletekr\u0151l \u00e9s t\u00e1rgyakr\u00f3l is. Fot\u00f3: AFP\/ China OUT<\/figcaption><\/figure>\n<p>&nbsp;A bejelent\u00e9ssel egy id\u0151ben a parkban \u00e9s az ahhoz tartoz\u00f3, \u00fczleteknek \u00e9s \u00e9ttermeknek helyet ad\u00f3 Disneytownban tart\u00f3zkod\u00f3 l\u00e1togat\u00f3k mindegyike csak <strong>nukleinsavas v\u00edrusteszt elv\u00e9gz\u00e9s\u00e9t k\u00f6vet\u0151en hagyhatta el a n\u00e9pszer\u0171 l\u00e1togat\u00f3k\u00f6zpontot<\/strong>, azzal a felt\u00e9tellel, hogy 24 \u00f3ra eltelt\u00e9vel \u00fajabb tesztel\u00e9snek veti al\u00e1 mag\u00e1t, \u00e9s tizenk\u00e9t napon \u00e1t &#8222;\u00f6nellen\u0151rz\u00e9st&#8221; folytat. Ez jellemz\u0151en a naponta t\u00f6bbsz\u00f6ri testh\u0151m\u00e9rs\u00e9klet-m\u00e9r\u00e9st, \u00e9s a j\u00e1rv\u00e1ny\u00fcgyi \u00f3vint\u00e9zked\u00e9sek &#8211; a t\u00f6bbi k\u00f6zt a t\u00e1rsas \u00e9rintkez\u00e9sek ker\u00fcl\u00e9se, arcmaszk visel\u00e9se &#8211; szigor\u00fa betart\u00e1s\u00e1t jelenti a k\u00ednai j\u00e1rv\u00e1nykezel\u00e9sben.<\/p>\n<p>A CGTN a helyi eg\u00e9szs\u00e9g\u00fcgyi hat\u00f3s\u00e1gok k\u00f6zl\u00e9s\u00e9re hivatkozva arr\u00f3l is besz\u00e1molt, hogy<\/p>\n<blockquote class=\"article__extraTxt\"><p>h\u00e9tf\u0151 reggelig k\u00f6zel 34 ezer olyan embert teszteltek le, aki a h\u00e9tv\u00e9g\u00e9n a sanghaji Disneylandben j\u00e1rt.<\/p><\/blockquote>\n<p>Az addig elv\u00e9gzett tesztek mindegyike negat\u00edv eredm\u00e9nyt produk\u00e1lt, vagyis \u00fajabb fert\u0151z\u00f6ttet nem azonos\u00edtottak a l\u00e1togat\u00f3k k\u00f6z\u00f6tt. Emellett 920 mint\u00e1t vettek a parkban tal\u00e1lhat\u00f3, k\u00fcl\u00f6nb\u00f6z\u0151 fel\u00fcletekr\u0151l \u00e9s t\u00e1rgyakr\u00f3l is, de ezekben sem mutatt\u00e1k ki a v\u00edrus jelenl\u00e9t\u00e9t.<\/p>\n<p>A szigor\u00fa int\u00e9zked\u00e9seket az ut\u00e1n l\u00e9ptett\u00e9k \u00e9letbe, hogy a Sanghajjal szomsz\u00e9dos Cs\u00f6csiang tartom\u00e1ny sz\u00e9khely\u00e9n, Hangcsouban egy embert vas\u00e1rnap d\u00e9lut\u00e1n koronav\u00edrus-fert\u0151z\u00f6ttk\u00e9nt sz\u0171rtek ki. Az utaz\u00f3 ezt k\u00f6vet\u0151en arr\u00f3l sz\u00e1molt be, hogy egy nappal kor\u00e1bban a sanghaji Disneylandben j\u00e1rt.<\/p>\n<div class=\"o-widget m-readMoreWidget -readMore u-shortDecorLineAfter row widget-container _ce_measure_widget bigdata-widget read-more\" data-ce-measure-widget=\"olvass tov\u00e1bb\">\n\t<div class=\"m-readMoreWidget__imgWrapper image-wrapper col-12 col-md-4 no-p\">\n\t\t<a class=\"m-readMoreWidget__imgLink\" href=\"https:\/\/www.startlap.hu\/utazas\/legnagyobb-szorakoztatopark-universal-studio-kina-megnyilt\/\" >\n\t\t\t<img decoding=\"async\" src=\"https:\/\/www.startlap.hu\/utazas\/uploads\/sites\/3\/2021\/09\/universal-studio_kina-350x285.jpg\" class=\"m-readMoreWidget__img\">\n\t\t<\/a>\n\t<\/div>\n\t<div class=\"m-readMoreWidget__titleWrapper title-wrapper col-12 col-md-8\">\n\t\t<span class=\"m-readMoreWidget__titleLabel u-shortDecorLineBefore label hidden-sm-up\">Ez is \u00e9rdekelhet:<\/span>\n\t\t<h3 class=\"m-readMoreWidget__title title\">\n\t\t\t<a class=\"m-readMoreWidget__titleLink -secondFont u-bold u-upperCase\" href=\"https:\/\/www.startlap.hu\/utazas\/legnagyobb-szorakoztatopark-universal-studio-kina-megnyilt\/\" >Megnyitotta legnagyobb sz\u00f3rakoztat\u00f3parkj\u00e1t a\u00a0Universal\u00a0St\u00fadi\u00f3 K\u00edn\u00e1ban<\/a>\n\t\t<\/h3>\n\t\t<a class=\"m-readMoreWidget__btn -coloredBack u-tC link\" href=\"https:\/\/www.startlap.hu\/utazas\/legnagyobb-szorakoztatopark-universal-studio-kina-megnyilt\/\" >Elolvasom<\/a>\n\t<\/div>\n<\/div>\n<p>A k\u00ednai nemzeti eg\u00e9szs\u00e9g\u00fcgyi bizotts\u00e1g h\u00e9tf\u0151i jelent\u00e9se szerint az orsz\u00e1g sz\u00e1razf\u00f6ldi r\u00e9sz\u00e9n az el\u0151z\u0151 napon 59 \u00faj, belf\u00f6ldi fert\u0151z\u00e9sb\u0151l ered\u0151 Covid-19-es megbeteged\u00e9st regisztr\u00e1ltak. Az \u00faj esetek k\u00f6z\u00fcl a legt\u00f6bbet az \u00e9szakkeleti Hejlungcsiang tartom\u00e1nyb\u00f3l jelentett\u00e9k, emellett az orsz\u00e1g tov\u00e1bbi nyolc ter\u00fclet\u00e9n azonos\u00edtottak t\u00fcnetekkel is rendelkez\u0151 fert\u0151z\u00f6tteket vas\u00e1rnap. Jelenleg \u00f6sszesen 869 beteget \u00e1polnak k\u00f3rh\u00e1zban Covid-19 megbeteged\u00e9s miatt a k\u00ednai sz\u00e1razf\u00f6ld\u00f6n.<\/p>\n<p>&nbsp;(MTI)<\/p>\n","protected":false},"excerpt":{"rendered":"<p>Ideiglenesen bez\u00e1rt a sanghaji Disneyland, miut\u00e1n a park egyik l\u00e1togat\u00f3j\u00e1r\u00f3l r\u00f6viddel ottj\u00e1rta ut\u00e1n kider\u00fclt, hogy elkapta a koronav\u00edrust.<\/p>\n","protected":false},"author":36,"featured_media":34654,"comment_status":"open","ping_status":"open","sticky":false,"template":"","format":"standard","meta":{"footnotes":""},"categories":[70],"tags":[3788,752,1893],"class_list":["post-34652","post","type-post","status-publish","format-standard","has-post-thumbnail","hentry","category-vilag","tag-covid","tag-disneyland","tag-sanghaj"],"aioseo_notices":[],"_links":{"self":[{"href":"https:\/\/www.startlap.hu\/utazas\/wp-json\/wp\/v2\/posts\/34652","targetHints":{"allow":["GET"]}}],"collection":[{"href":"https:\/\/www.startlap.hu\/utazas\/wp-json\/wp\/v2\/posts"}],"about":[{"href":"https:\/\/www.startlap.hu\/utazas\/wp-json\/wp\/v2\/types\/post"}],"author":[{"embeddable":true,"href":"https:\/\/www.startlap.hu\/utazas\/wp-json\/wp\/v2\/users\/36"}],"replies":[{"embeddable":true,"href":"https:\/\/www.startlap.hu\/utazas\/wp-json\/wp\/v2\/comments?post=34652"}],"version-history":[{"count":3,"href":"https:\/\/www.startlap.hu\/utazas\/wp-json\/wp\/v2\/posts\/34652\/revisions"}],"predecessor-version":[{"id":34656,"href":"https:\/\/www.startlap.hu\/utazas\/wp-json\/wp\/v2\/posts\/34652\/revisions\/34656"}],"wp:featuredmedia":[{"embeddable":true,"href":"https:\/\/www.startlap.hu\/utazas\/wp-json\/wp\/v2\/media\/34654"}],"wp:attachment":[{"href":"https:\/\/www.startlap.hu\/utazas\/wp-json\/wp\/v2\/media?parent=34652"}],"wp:term":[{"taxonomy":"category","embeddable":true,"href":"https:\/\/www.startlap.hu\/utazas\/wp-json\/wp\/v2\/categories?post=34652"},{"taxonomy":"post_tag","embeddable":true,"href":"https:\/\/www.startlap.hu\/utazas\/wp-json\/wp\/v2\/tags?post=34652"}],"curies":[{"name":"wp","href":"https:\/\/api.w.org\/{rel}","templated":true}]}}