{"id":31870,"date":"2021-08-25T17:44:49","date_gmt":"2021-08-25T15:44:49","guid":{"rendered":"https:\/\/www.startlap.hu\/utazas\/?p=31870"},"modified":"2021-08-25T17:44:49","modified_gmt":"2021-08-25T15:44:49","slug":"ejszakai-kijarasi-tilalom-van-egy-kolozs-megyei-hegyi-faluban","status":"publish","type":"post","link":"https:\/\/www.startlap.hu\/utazas\/ejszakai-kijarasi-tilalom-van-egy-kolozs-megyei-hegyi-faluban\/","title":{"rendered":"\u00c9jszakai kij\u00e1r\u00e1si tilalom van egy Kolozs megyei hegyi faluban"},"content":{"rendered":"<p>Az Erd\u00e9lyi-szigethegys\u00e9g l\u00e1bain\u00e1l fekv\u0151 Meregy\u00f3 az els\u0151 olyan rom\u00e1niai telep\u00fcl\u00e9s, ahol a <a href=\"https:\/\/wiki.startlap.hu\/mi-az-uj-tipusu-koronavirus-betegseg-covid-19\/\">j\u00e1rv\u00e1ny<\/a> negyedik hull\u00e1m\u00e1nak a megjelen\u00e9se miatt kellett korl\u00e1toz\u00f3 int\u00e9zked\u00e9seket bevezetni.<\/p>\n<blockquote class=\"article__extraTxt\"><p>A katasztr\u00f3fav\u00e9delmi bizotts\u00e1g szerdai d\u00f6nt\u00e9se \u00e9rtelm\u00e9ben a k\u00f6zs\u00e9g lak\u00f3i csakis indokolt esetben hagyhatj\u00e1k el lak\u00e1saikat este nyolc \u00e9s hajnali \u00f6t \u00f3ra k\u00f6z\u00f6tt, az \u00fczletek csak d\u00e9lut\u00e1n hat \u00f3r\u00e1ig tarthatnak nyitva.<\/p><\/blockquote>\n<p>A katasztr\u00f3fav\u00e9delmi bizotts\u00e1g m\u00e1r egy nappal kor\u00e1bban elrendelte a vend\u00e9gl\u0151k, kocsm\u00e1k bez\u00e1r\u00e1s\u00e1t, betiltotta a rendezv\u00e9nyek tart\u00e1s\u00e1t a k\u00f6zs\u00e9ghez tartoz\u00f3 telep\u00fcl\u00e9seken.<\/p>\n<div class=\"o-widget m-readMoreWidget -readMore u-shortDecorLineAfter row widget-container _ce_measure_widget bigdata-widget read-more\" data-ce-measure-widget=\"olvass tov\u00e1bb\">\n\t<div class=\"m-readMoreWidget__imgWrapper image-wrapper col-12 col-md-4 no-p\">\n\t\t<a class=\"m-readMoreWidget__imgLink\" href=\"https:\/\/www.startlap.hu\/utazas\/becsben-ujabb-szigoritasokat-vezetnek-be\/\" >\n\t\t\t<img decoding=\"async\" src=\"https:\/\/www.startlap.hu\/utazas\/uploads\/sites\/3\/2020\/10\/becs-350x285.jpg\" class=\"m-readMoreWidget__img\">\n\t\t<\/a>\n\t<\/div>\n\t<div class=\"m-readMoreWidget__titleWrapper title-wrapper col-12 col-md-8\">\n\t\t<span class=\"m-readMoreWidget__titleLabel u-shortDecorLineBefore label hidden-sm-up\">Ez is \u00e9rdekelhet:<\/span>\n\t\t<h3 class=\"m-readMoreWidget__title title\">\n\t\t\t<a class=\"m-readMoreWidget__titleLink -secondFont u-bold u-upperCase\" href=\"https:\/\/www.startlap.hu\/utazas\/becsben-ujabb-szigoritasokat-vezetnek-be\/\" >B\u00e9csben \u00fajabb szigor\u00edt\u00e1sokat vezetnek be<\/a>\n\t\t<\/h3>\n\t\t<a class=\"m-readMoreWidget__btn -coloredBack u-tC link\" href=\"https:\/\/www.startlap.hu\/utazas\/becsben-ujabb-szigoritasokat-vezetnek-be\/\" >Elolvasom<\/a>\n\t<\/div>\n<\/div>\n<p>&nbsp;Az 1500 lakos\u00fa k\u00f6zs\u00e9ghez t\u00f6bb olyan kis hegyi falu tartozik, ahol a turizmus fontos bev\u00e9teli forr\u00e1snak sz\u00e1m\u00edt. Havasrekettye (Rachitele), Doda Pilii \u00e9s Ic Ponor telep\u00fcl\u00e9seken kereszt\u00fcl vezet az \u00fat Kolozsv\u00e1r ir\u00e1ny\u00e1b\u00f3l a P\u00e1dis-fenns\u00edkra.<\/p>\n<p>A fert\u0151z\u00f6tts\u00e9gi r\u00e1t\u00e1n Rom\u00e1ni\u00e1ban az elm\u00falt 14 napban regisztr\u00e1lt megbeteged\u00e9sek ezer lakosra vet\u00edtett sz\u00e1m\u00e1t \u00e9rtik.<\/p>\n<p>(MTI)<\/p>\n","protected":false},"excerpt":{"rendered":"<p>A Kolozs megyei katasztr\u00f3fav\u00e9delmi bizotts\u00e1g \u00e9jszakai kij\u00e1r\u00e1si tilalmat vezetett be cs\u00fct\u00f6rt\u00f6kt\u0151l Meregy\u00f3 (Margau) k\u00f6zs\u00e9gben, ahol az elm\u00falt napokban 12 ezrel\u00e9k f\u00f6l\u00e9 ugrott a koronav\u00edrusos fert\u0151z\u00f6tts\u00e9gi r\u00e1ta.<\/p>\n","protected":false},"author":36,"featured_media":31871,"comment_status":"open","ping_status":"open","sticky":false,"template":"","format":"standard","meta":{"footnotes":""},"categories":[70],"tags":[3788,3034,694,863],"class_list":["post-31870","post","type-post","status-publish","format-standard","has-post-thumbnail","hentry","category-vilag","tag-covid","tag-ejszaki-kijarasi-tilalom","tag-erdelyi-szigethegyseg","tag-romania"],"aioseo_notices":[],"_links":{"self":[{"href":"https:\/\/www.startlap.hu\/utazas\/wp-json\/wp\/v2\/posts\/31870","targetHints":{"allow":["GET"]}}],"collection":[{"href":"https:\/\/www.startlap.hu\/utazas\/wp-json\/wp\/v2\/posts"}],"about":[{"href":"https:\/\/www.startlap.hu\/utazas\/wp-json\/wp\/v2\/types\/post"}],"author":[{"embeddable":true,"href":"https:\/\/www.startlap.hu\/utazas\/wp-json\/wp\/v2\/users\/36"}],"replies":[{"embeddable":true,"href":"https:\/\/www.startlap.hu\/utazas\/wp-json\/wp\/v2\/comments?post=31870"}],"version-history":[{"count":1,"href":"https:\/\/www.startlap.hu\/utazas\/wp-json\/wp\/v2\/posts\/31870\/revisions"}],"predecessor-version":[{"id":31872,"href":"https:\/\/www.startlap.hu\/utazas\/wp-json\/wp\/v2\/posts\/31870\/revisions\/31872"}],"wp:featuredmedia":[{"embeddable":true,"href":"https:\/\/www.startlap.hu\/utazas\/wp-json\/wp\/v2\/media\/31871"}],"wp:attachment":[{"href":"https:\/\/www.startlap.hu\/utazas\/wp-json\/wp\/v2\/media?parent=31870"}],"wp:term":[{"taxonomy":"category","embeddable":true,"href":"https:\/\/www.startlap.hu\/utazas\/wp-json\/wp\/v2\/categories?post=31870"},{"taxonomy":"post_tag","embeddable":true,"href":"https:\/\/www.startlap.hu\/utazas\/wp-json\/wp\/v2\/tags?post=31870"}],"curies":[{"name":"wp","href":"https:\/\/api.w.org\/{rel}","templated":true}]}}