{"id":31539,"date":"2021-08-18T11:45:10","date_gmt":"2021-08-18T09:45:10","guid":{"rendered":"https:\/\/www.startlap.hu\/utazas\/?p=31539"},"modified":"2021-08-18T11:45:10","modified_gmt":"2021-08-18T09:45:10","slug":"ryanair-teli-menetrend-bournemouth-koln-kaunas-krakko","status":"publish","type":"post","link":"https:\/\/www.startlap.hu\/utazas\/ryanair-teli-menetrend-bournemouth-koln-kaunas-krakko\/","title":{"rendered":"\u00dajabb \u0151szi \u00fati c\u00e9lokat jelentett be a Ryanair"},"content":{"rendered":"<p>A l\u00e9git\u00e1rsas\u00e1g 4 \u00fajabb k\u00f6zvetlen j\u00e1ratot jelentett be Budapestr\u0151l: \u0151szt\u0151l Bournemouth v\u00e1ros\u00e1ba heti k\u00e9tszer, a n\u00e9met K\u00f6ln-Bonni rep\u00fcl\u0151t\u00e9rre heti 4, a litv\u00e1n Kaunasba heti 2, a lengyel gazdas\u00e1gi \u00e9s kultur\u00e1lis k\u00f6zpont, <a href=\"https:\/\/www.startlap.hu\/utazas\/flixbus-krakko-brno-maribor-hamburg-brasso\/\" target=\"_blank\" rel=\"noopener noreferrer\">Krakk\u00f3ba<\/a> pedig heti 3 alkalommal fognak k\u00f6zlekedni. R\u00e1ad\u00e1sul augusztus 19-ig most kedvezm\u00e9nyesen foglalhat\u00f3 rep\u00fcl\u0151jegy: az utasok <strong>7 139 forintt\u00f3l foglalhatnak rep\u00fcl\u0151jegyeket egy \u00fatra,<\/strong> 2022 m\u00e1rcius\u00e1ig sz\u00f3l\u00f3 utaz\u00e1sokra.<\/p>\n<p><iframe loading=\"lazy\" width=\"750\" height=\"968\" frameborder=\"0\" src=\"https:\/\/www.facebook.com\/plugins\/post.php?href=https%3A%2F%2Fwww.facebook.com%2Fbudapestairport%2Fposts%2F10159481126617829&amp;width=750&amp;show_text=true&amp;height=968&amp;appId\"><\/iframe>&nbsp;<\/p>\n<p><span class=\"ka\">A <a href=\"https:\/\/www.startlap.hu\/utazas\/fizethetnek-az-utasok-a-ryanair-bevezeti-a-karbonkompenzaciot\/\" target=\"_blank\" rel=\"noopener noreferrer\">Ryanair<\/a> az idei, okt\u00f3ber 31-\u00e9n kezd\u0151d\u0151 t\u00e9li menetrendj\u00e9ben hetente 220 j\u00e1ratot ind\u00edt Budapestr\u0151l, t\u00f6bb mint 50 \u00fati c\u00e9lra.<\/span><\/p>\n<h2>Vadi\u00faj j\u00e1rat<\/h2>\n<p>A l\u00e9git\u00e1rsas\u00e1g nemr\u00e9g k\u00f6z\u00f6lte, hogy <a href=\"https:\/\/www.startlap.hu\/utazas\/elado-irorszag-legkisertetiesebb-haza\/\" target=\"_blank\" rel=\"noopener noreferrer\">\u00cdrorsz\u00e1gba<\/a> ind\u00edt \u00faj j\u00e1ratot: a Budapest \u00e9s Shannon k\u00f6zt k\u00f6zleked\u0151 g\u00e9p november 1-t\u0151l j\u00e1r a k\u00e9t v\u00e1ros k\u00f6z\u00f6tt. Shannon v\u00e1rosa kiv\u00e1l\u00f3 <strong>lehet\u0151s\u00e9get ny\u00fajt az utaz\u00f3knak, hogy belek\u00f3stoljanak az igazi \u00edr hangulat var\u00e1zs\u00e1ba<\/strong>. A Bunratty kast\u00e9ly z\u00f6ld parkj\u00e1val vagy a Loop Head-f\u00e9lsziget gy\u00f6ny\u00f6r\u0171 l\u00e1tv\u00e1nyt ny\u00fajtanak, egy eb\u00e9d vagy vacsora a Gallagher\u2019s \u00e9tteremben pedig a gasztron\u00f3miai \u00e9lm\u00e9nyr\u0151l gondokoskodik. Addig is sz\u00e1mos \u00fati c\u00e9l k\u00f6z\u00fcl v\u00e1logathatsz a&nbsp;<a href=\"https:\/\/www.startlap.hu\/utazas\/fizethetnek-az-utasok-a-ryanair-bevezeti-a-karbonkompenzaciot\/\" target=\"_blank\" rel=\"noopener noreferrer\">Ryanair<\/a>&nbsp;k\u00edn\u00e1lat\u00e1b\u00f3l: Marseille, Bari, Zakynthos csak n\u00e9h\u00e1ny lehet\u0151s\u00e9g a kedvelt ny\u00e1ri \u00fati c\u00e9lok k\u00f6z\u00fcl, de a napokban m\u00e1r \u00fajra el\u00e9rhet\u0151 lesz ak\u00e1r Lviv \u00e9s Odessa is.<\/p>\n<figure id=\"attachment_16703\" aria-describedby=\"caption-attachment-16703\" style=\"width: 755px\" class=\"wp-caption alignnone\"><a href=\"https:\/\/www.startlap.hu\/utazas\/uploads\/sites\/3\/2020\/09\/ryanair_fold_lepcso.jpg\"><img loading=\"lazy\" decoding=\"async\" class=\"size-article-size-large-image wp-image-16703\" src=\"https:\/\/www.startlap.hu\/utazas\/uploads\/sites\/3\/2020\/09\/ryanair_fold_lepcso-755x504.jpg\" alt=\"\" width=\"755\" height=\"504\" srcset=\"https:\/\/www.startlap.hu\/utazas\/uploads\/sites\/3\/2020\/09\/ryanair_fold_lepcso-755x504.jpg 755w, https:\/\/www.startlap.hu\/utazas\/uploads\/sites\/3\/2020\/09\/ryanair_fold_lepcso-524x350.jpg 524w, https:\/\/www.startlap.hu\/utazas\/uploads\/sites\/3\/2020\/09\/ryanair_fold_lepcso.jpg 800w\" sizes=\"auto, (max-width: 755px) 100vw, 755px\" \/><\/a><figcaption id=\"caption-attachment-16703\" class=\"wp-caption-text\">A Ryanair egyik g\u00e9pe a kifut\u00f3p\u00e1ly\u00e1n pihenve (Fot\u00f3: Artur Widak\/NurPhoto via Getty Images).<\/figcaption><\/figure>\n<div class=\"o-widget m-readMoreWidget -readMore u-shortDecorLineAfter row widget-container _ce_measure_widget bigdata-widget read-more\" data-ce-measure-widget=\"olvass tov\u00e1bb\">\n\t<div class=\"m-readMoreWidget__imgWrapper image-wrapper col-12 col-md-4 no-p\">\n\t\t<a class=\"m-readMoreWidget__imgLink\" href=\"https:\/\/www.startlap.hu\/utazas\/el-al-legitarsasag-budapest-tel-aviv-jarat\/\" >\n\t\t\t<img decoding=\"async\" src=\"https:\/\/www.startlap.hu\/utazas\/uploads\/sites\/3\/2021\/08\/El-Al-350x285.jpg\" class=\"m-readMoreWidget__img\">\n\t\t<\/a>\n\t<\/div>\n\t<div class=\"m-readMoreWidget__titleWrapper title-wrapper col-12 col-md-8\">\n\t\t<span class=\"m-readMoreWidget__titleLabel u-shortDecorLineBefore label hidden-sm-up\">Ez is \u00e9rdekelhet:<\/span>\n\t\t<h3 class=\"m-readMoreWidget__title title\">\n\t\t\t<a class=\"m-readMoreWidget__titleLink -secondFont u-bold u-upperCase\" href=\"https:\/\/www.startlap.hu\/utazas\/el-al-legitarsasag-budapest-tel-aviv-jarat\/\" >\u00dajraindul Tel-Aviv \u00e9s Budapest k\u00f6z\u00f6tt az El Al j\u00e1rata<\/a>\n\t\t<\/h3>\n\t\t<a class=\"m-readMoreWidget__btn -coloredBack u-tC link\" href=\"https:\/\/www.startlap.hu\/utazas\/el-al-legitarsasag-budapest-tel-aviv-jarat\/\" >Elolvasom<\/a>\n\t<\/div>\n<\/div>\n","protected":false},"excerpt":{"rendered":"<p>N\u00e9gy \u00faj \u00fatvonal \u00e9s heti hetente 220 \u00faj j\u00e1rat el\u00e9rhet\u0151 okt\u00f3ber v\u00e9g\u00e9t\u0151l.<\/p>\n","protected":false},"author":43,"featured_media":16703,"comment_status":"open","ping_status":"open","sticky":false,"template":"","format":"standard","meta":{"footnotes":""},"categories":[70],"tags":[2260,2197,5069,415,214],"class_list":["post-31539","post","type-post","status-publish","format-standard","has-post-thumbnail","hentry","category-vilag","tag-bournemouth","tag-jaratok","tag-kaunas","tag-krakko","tag-ryanair"],"aioseo_notices":[],"_links":{"self":[{"href":"https:\/\/www.startlap.hu\/utazas\/wp-json\/wp\/v2\/posts\/31539","targetHints":{"allow":["GET"]}}],"collection":[{"href":"https:\/\/www.startlap.hu\/utazas\/wp-json\/wp\/v2\/posts"}],"about":[{"href":"https:\/\/www.startlap.hu\/utazas\/wp-json\/wp\/v2\/types\/post"}],"author":[{"embeddable":true,"href":"https:\/\/www.startlap.hu\/utazas\/wp-json\/wp\/v2\/users\/43"}],"replies":[{"embeddable":true,"href":"https:\/\/www.startlap.hu\/utazas\/wp-json\/wp\/v2\/comments?post=31539"}],"version-history":[{"count":3,"href":"https:\/\/www.startlap.hu\/utazas\/wp-json\/wp\/v2\/posts\/31539\/revisions"}],"predecessor-version":[{"id":31547,"href":"https:\/\/www.startlap.hu\/utazas\/wp-json\/wp\/v2\/posts\/31539\/revisions\/31547"}],"wp:featuredmedia":[{"embeddable":true,"href":"https:\/\/www.startlap.hu\/utazas\/wp-json\/wp\/v2\/media\/16703"}],"wp:attachment":[{"href":"https:\/\/www.startlap.hu\/utazas\/wp-json\/wp\/v2\/media?parent=31539"}],"wp:term":[{"taxonomy":"category","embeddable":true,"href":"https:\/\/www.startlap.hu\/utazas\/wp-json\/wp\/v2\/categories?post=31539"},{"taxonomy":"post_tag","embeddable":true,"href":"https:\/\/www.startlap.hu\/utazas\/wp-json\/wp\/v2\/tags?post=31539"}],"curies":[{"name":"wp","href":"https:\/\/api.w.org\/{rel}","templated":true}]}}