{"id":3132,"date":"2019-10-25T09:44:30","date_gmt":"2019-10-25T07:44:30","guid":{"rendered":"https:\/\/www.startlap.hu\/utazas\/?p=3132"},"modified":"2019-10-25T12:36:37","modified_gmt":"2019-10-25T10:36:37","slug":"kihagyhatatlan-kastelyszallok-magyarorszagon","status":"publish","type":"post","link":"https:\/\/www.startlap.hu\/utazas\/kihagyhatatlan-kastelyszallok-magyarorszagon\/","title":{"rendered":"Kihagyhatatlan kast\u00e9lysz\u00e1ll\u00f3k Magyarorsz\u00e1gon"},"content":{"rendered":"<p>Egy m\u00e1sik korban val\u00f3 \u00e9let minden ember fant\u00e1zi\u00e1j\u00e1t izgatja. Utaz\u00e1sok, koszt\u00fcm\u00f6s filmek, elm\u00falt sz\u00e1zadokban j\u00e1tsz\u00f3d\u00f3 reg\u00e9nyek kapcs\u00e1n gyakran mer\u00fcl fel benn\u00fcnk a k\u00e9rd\u00e9s: milyenek lenn\u00e9nek a h\u00e9tk\u00f6znapok 19. sz\u00e1zadi gr\u00f3fn\u0151k\u00e9nt, vagy mondjuk egy k\u00f6z\u00e9pkori v\u00e1rosban?<\/p>\n<p>Ha pedig a fentiek modern k\u00e9nyelemmel p\u00e1rosulnak, az a kikapcsol\u00f3d\u00e1st keres\u0151 utaz\u00f3nak maga lehet a t\u00f6k\u00e9ly: nos, ez az, amit megkaphatsz az al\u00e1bbiakban bemutatott n\u00e9gy kast\u00e9lysz\u00e1ll\u00f3t\u00f3l, amelyek mindegyik\u00e9nek megvan a maga k\u00fcl\u00f6nlegess\u00e9ge.<\/p>\n<h2>A Puchner Kast\u00e9lysz\u00e1ll\u00f3 \u00e9s Renesz\u00e1nsz \u00c9lm\u00e9nybirtok egyszerre n\u00e9gy k\u00fcl\u00f6nb\u00f6z\u0151 vil\u00e1gba rep\u00edti el a vend\u00e9geit<\/h2>\n<section class=\"m-ratingRecommendation rating-recommendation\">\n            <div class=\"m-ratingRecommendation__wrap -imageWrap panel image\">\n            <img decoding=\"async\" class=\"m-ratingRecommendation__img\" src=\"https:\/\/www.startlap.hu\/utazas\/uploads\/sites\/3\/2019\/10\/30727561-350x350.png\">\n        <\/div>\n        <div class=\"m-ratingRecommendation__wrap -infoWrap panel info\">\n        <h3 class=\"m-ratingRecommendation__title title\">Puchner Kast\u00e9lysz\u00e1ll\u00f3 \u00e9s Renesz\u00e1nsz \u00c9lm\u00e9nybirtok Bikal ****<\/h3>\n        \n                    <p class=\"m-ratingRecommendation__description description\">Feledhetetlen \u00e9lm\u00e9nyek az eg\u00e9sz csal\u00e1dnak! T\u00f6bbf\u00e9le sz\u00e1ll\u00e1shangulat, csal\u00e1di \u00e9lm\u00e9nypark egy helyen.<\/p>\n        \n                    <div class=\"m-ratingRecommendation__linkWrap links\">\n                <p class=\"m-ratingRecommendation__subTitle\">Itt is kaphatod:<\/p>\n                                            <a class=\"m-ratingRecommendation__btn recommendation-button\" href=\"https:\/\/szallas.hu\/puchner-kastelyszallo-es-reneszansz-elmenybirtok-bikal?utm_source=startlap.hu&amp;utm_medium=link&amp;utm_content=kastelyszallok-startlap-utazas-cikk&amp;utm_campaign=kastelyszallok_startlap.hu_startlap-utazas-cikk_2019_10_22\" target=\"_blank\">Megn\u00e9zem a Szallas.hu-n &gt;<\/a>\n                                <\/div>\n            <\/div>\n    <span class=\"m-ratingRecommendation__advTxt adv\">Hirdet\u00e9s<\/span>\n<\/section>\n\n<p>&nbsp;<\/p>\n<p>A <strong>bikali Puchner Kast\u00e9lysz\u00e1ll\u00f3 \u00e9s Renesz\u00e1nsz \u00c9lm\u00e9nybirtok<\/strong> k\u00e9t szempontb\u00f3l is kiv\u00e9teles hely: egyr\u00e9szt n\u00e9gyf\u00e9le alternat\u00edv val\u00f3s\u00e1gba kalauzolja el a l\u00e1togat\u00f3kat, m\u00e1sr\u00e9szt ez j\u00f3val t\u00f6bb egy egyszer\u0171 sz\u00e1ll\u00e1shelyn\u00e9l, itt ugyanis&nbsp;<em><strong>Renesz\u00e1nsz \u00c9lm\u00e9nybirtok<\/strong>&nbsp;&nbsp;<\/em>is m\u0171k\u00f6dik, ami gyakorlatilag egy k\u00f6z\u00e9pkori v\u00e1rost jelent.&nbsp;<\/p>\n<p>A patin\u00e1s,<strong> XIX. sz\u00e1zadi \u00fajklasszicista kast\u00e9ly<\/strong> annak idej\u00e9n a Puchner csal\u00e1d\u00e9 volt.<\/p>\n<blockquote class=\"article__extraTxt\"><p>A m\u0171eml\u00e9k\u00e9p\u00fclet korh\u0171 bels\u0151t kapott, a sz\u0151nyegekt\u0151l a csill\u00e1rokig minden apr\u00f3 r\u00e9szlet stimmel.<\/p><\/blockquote>\n<p>Ha szeretn\u00e9nk a cs\u00facsra j\u00e1ratni az arisztokrata \u00e9let\u00e9rz\u00e9st, akkor itt m\u00e9g <strong>eln\u00f6ki lakoszt\u00e1ly<\/strong> is van egyedi k\u00e9sz\u00edt\u00e9s\u0171 sz\u0151nyegekkel, faragott b\u00fatorokkal, na meg m\u00e9retes baldachinos \u00e1ggyal.&nbsp;<\/p>\n<p>Ha a XIX. sz\u00e1zad nem tetszik, de a pompa igen, akkor \u00e9rdemes megfontolni a <strong>M\u00e1ty\u00e1s kir\u00e1ly kor\u00e1t id\u00e9z\u0151 Renesz\u00e1nsz Palot\u00e1t<\/strong>: a f\u0151\u00fari k\u00e9nyelem szint\u00fagy adott, meg egy&nbsp;a t\u00f6r\u00f6k f\u00fcrd\u0151re hajaz\u00f3 wellness-szekci\u00f3 is.&nbsp;<\/p>\n<p>Egy \u00fajabb ugr\u00e1ssal az id\u0151ben \u00e9s t\u00e9rben az <strong>Udvarh\u00e1zban<\/strong> tal\u00e1lhatjuk magunkat: ez egy&nbsp;XVIII. sz\u00e1zadi francia fogad\u00f3t m\u00e1sol\u00f3 \u00e9p\u00edtm\u00e9ny, amelynek egyik kuri\u00f3zuma a gerend\u00e1s faszerkezet. De ez az egykor pajtak\u00e9nt szolg\u00e1l\u00f3 r\u00e9szleg m\u00e1ra fel van turb\u00f3zva, \u00edgy vannak romantikus meg csal\u00e1di szob\u00e1k, ut\u00f3bbiban gyerekkuck\u00f3 is lakozik.&nbsp;<\/p>\n<p>A vizek szerelmesei a park \u00e1rnyas f\u00e1i alatt \u00e1ll\u00f3 <strong>F\u00fcrd\u0151h\u00e1zban<\/strong>&nbsp;sz\u00e1llhatnak meg: ez egy panor\u00e1maablakos, mindenf\u00e9le medenc\u00e9kkel felszerelt f\u00fcrd\u0151, igen j\u00f3 min\u0151s\u00e9g\u0171 v\u00edzzel, \u00e9s helyet kapott n\u00e9h\u00e1ny szoba, illetve lakoszt\u00e1ly. Ezek belsej\u00e9ben a piros sz\u00edn domin\u00e1l, a b\u00fatorok term\u00e9szetes anyagb\u00f3l k\u00e9sz\u00fcltek, mediterr\u00e1n \u00e9let\u00e9rz\u00e9st \u00e9bresztve.<\/p>\n<p>A v\u00e9g\u00e9re hagytuk azt a helysz\u00ednt, ami tal\u00e1n a legszokatlanabb: a <strong>k\u00f6z\u00e9pkori \u00f3v\u00e1rost<\/strong>, amely sz\u00e1ll\u00e1shely \u00e9s \u00e9lm\u00e9nypark egyben. Ebben a miniv\u00e1rosban nem csup\u00e1n az \u00e9p\u00fcletekkel, hanem a korszak ikonikus figur\u00e1inak seg\u00edts\u00e9g\u00e9vel id\u00e9zik fel annak a bizonyos &#8222;s\u00f6t\u00e9t k\u00f6z\u00e9pkornak&#8221; a hangulat\u00e1t. Az utc\u00e1ra kil\u00e9pve mesterek, p\u00e1nc\u00e9los katon\u00e1k, lovagok, \u00edj\u00e1szok, madar\u00e1szok, s\u0151t, m\u00e9g kurtiz\u00e1nok is fogadnak. Vannak apr\u00f3 iparosm\u0171helyek, fogad\u00f3, de m\u00e9g egy \u00fagynevezett <strong>Apr\u00f3dk\u00e9pz\u0151<\/strong> is, ahol ak\u00e1r kipr\u00f3b\u00e1lhatod magad k\u00f6z\u00e9pkori harcosk\u00e9nt.&nbsp;<\/p>\n<h2>A par\u00e1dsasv\u00e1ri&nbsp;Kast\u00e9lyhotel Sasv\u00e1r Resort, a n\u00e9hai Andr\u00e1ssy Katinka \u00f6tcsillagos &#8222;duzzog\u00f3ja&#8221;<\/h2>\n<section class=\"m-ratingRecommendation rating-recommendation\">\n            <div class=\"m-ratingRecommendation__wrap -imageWrap panel image\">\n            <img decoding=\"async\" class=\"m-ratingRecommendation__img\" src=\"https:\/\/www.startlap.hu\/utazas\/uploads\/sites\/3\/2019\/10\/218343811-350x350.png\">\n        <\/div>\n        <div class=\"m-ratingRecommendation__wrap -infoWrap panel info\">\n        <h3 class=\"m-ratingRecommendation__title title\">Kast\u00e9lyhotel Sasv\u00e1r Resort Par\u00e1dsasv\u00e1r<\/h3>\n        \n                    <p class=\"m-ratingRecommendation__description description\">Ha szeretn\u00e9d \u00f6nmagad vagy szeretteidet megaj\u00e1nd\u00e9kozni n\u00e9h\u00e1ny felejthetetlen nappal, nagyszer\u0171 v\u00e1laszt\u00e1st lehet!<\/p>\n        \n                    <div class=\"m-ratingRecommendation__linkWrap links\">\n                <p class=\"m-ratingRecommendation__subTitle\">Itt is kaphatod:<\/p>\n                                            <a class=\"m-ratingRecommendation__btn recommendation-button\" href=\"https:\/\/szallas.hu\/kastelyhotel-sasvar-resort-paradsasvar?utm_source=startlap.hu&amp;utm_medium=link&amp;utm_content=kastelyszallok-startlap-utazas-cikk&amp;utm_campaign=kastelyszallok_startlap.hu_startlap-utazas-cikk_2019_10_22\" target=\"_blank\">Megn\u00e9zem a Szallas.hu-n &gt; <\/a>\n                                <\/div>\n            <\/div>\n    <span class=\"m-ratingRecommendation__advTxt adv\">Hirdet\u00e9s<\/span>\n<\/section>\n\n<p>&nbsp;<\/p>\n<p>Aki hallott m\u00e1r Par\u00e1dsasv\u00e1rr\u00f3l, annak az sem \u00fajdons\u00e1g, hogy itt van a <strong>Kast\u00e9lyhotel<\/strong>: ez az Ybl Mikl\u00f3s tervei alapj\u00e1n meg\u00e9p\u00fclt K\u00e1rolyi-kast\u00e9lyb\u00f3l \u00e1talak\u00edtott \u00f6tcsillagos luxussz\u00e1lloda m\u00e9lt\u00e1n \u00e9rdemelte ki h\u00edrnev\u00e9t.<\/p>\n<blockquote class=\"article__extraTxt\"><p>A t\u00f6bb mint 50 szob\u00e1n k\u00edv\u00fcl a legexkluz\u00edvabb sz\u00e1rnyban lakoszt\u00e1lyok vannak, term\u00e9szetesen mindenhol makul\u00e1tlan az enteri\u0151r, illetve az ut\u00f3bbiban a komfortot m\u00e9g saj\u00e1t hidromassz\u00e1zs k\u00e1d \u00e9s szauna is fokozza.<\/p><\/blockquote>\n<p>Ebben az el\u0151kel\u0151s\u00e9get \u00e9s f\u00e9ny\u0171z\u00e9st megtestes\u00edt\u0151 sz\u00e1llod\u00e1ban egy csom\u00f3 dolgot csin\u00e1lhatunk, kint \u00e9s bent egyar\u00e1nt. A k\u00f6rny\u00e9ken igen j\u00f3kat lehet <strong>t\u00far\u00e1zni, biciklizni, de lovagolni, sz\u00e1nk\u00f3zni, \u00e9s m\u00e9g vad\u00e1szni vagy horg\u00e1szi is<\/strong>. Ezen k\u00edv\u00fcl a Kast\u00e9lyhotel ter\u00fclet\u00e9n van bowling, bili\u00e1rd, speci\u00e1lis fallabdap\u00e1lya, snookerasztal, csocs\u00f3, teniszp\u00e1lya, nyitott medence, r\u00f6plabdap\u00e1lya, kos\u00e1rp\u00e1lya \u00e9s j\u00e1t\u00e9kg\u00e9pek &#8211; igen, ezeket mind lehet j\u00e1tszani.<\/p>\n<p>Lust\u00e1lkod\u00f3soknak, illetve azoknak, akiket kif\u00e1rasztott az el\u0151bbiek v\u00e9gigpr\u00f3b\u00e1lgat\u00e1sa, j\u00f3 h\u00edr, hogy egy eleg\u00e1ns \u00e9lm\u00e9nyf\u00fcrd\u0151 is akad, ami tele van minden f\u00f6ldi j\u00f3val.<\/p>\n<p>N\u00e9mi eml\u00edt\u00e9st \u00e9rdemel a kast\u00e9ly t\u00f6rt\u00e9nelme: az \u00e9p\u00fcletet <strong>K\u00e1rolyi Gy\u00f6rgy feles\u00e9g\u00e9nek, Zichy Karolinnak<\/strong> sz\u00e1nta, aki azt\u00e1n a sz\u00e1zadfordul\u00f3n egy \u00e9vtizeden kereszt\u00fcl lakott itt, a Sasv\u00e1r n\u00e9v is t\u0151le sz\u00e1rmazik. A tulajdonosok sor\u00e1ban \u0151ket Gy\u00f6rgy unok\u00e1ja, Mih\u00e1ly k\u00f6vette. K\u00e1rolyi Mih\u00e1lyt nem izgatta a f\u00f6ldes\u00fari l\u00e9t, helyette feles\u00e9ge, Andr\u00e1ssy Katinka haszn\u00e1lta ebben az id\u0151szakban a birtokot, ami miatta kapta a &#8222;Duzzog\u00f3&#8221; nevet, mivel \u00e1ll\u00edt\u00f3lag Katinka ide vonult el, amikor veszekedett hites ur\u00e1val.<\/p>\n<h2>A Teleki-Degenfeld Kast\u00e9lysz\u00e1ll\u00f3, avagy a barokk csoda Szir\u00e1kon, ahol ak\u00e1r Miksz\u00e1th K\u00e1lm\u00e1n szob\u00e1j\u00e1ban is alhatsz<\/h2>\n<section class=\"m-ratingRecommendation rating-recommendation\">\n            <div class=\"m-ratingRecommendation__wrap -imageWrap panel image\">\n            <img decoding=\"async\" class=\"m-ratingRecommendation__img\" src=\"https:\/\/www.startlap.hu\/utazas\/uploads\/sites\/3\/2019\/10\/31039831-350x350.png\">\n        <\/div>\n        <div class=\"m-ratingRecommendation__wrap -infoWrap panel info\">\n        <h3 class=\"m-ratingRecommendation__title title\">Teleki-Degenfeld Kast\u00e9lysz\u00e1ll\u00f3 Szir\u00e1k ****<\/h3>\n        \n                    <p class=\"m-ratingRecommendation__description description\">A Kast\u00e9ly korh\u0171 berendez\u00e9se, s\u00fcvegbolt\u00edves mennyezete \u00e9s a teljes hangulata felid\u00e9zi a XVIII. Sz\u00e1zad eleganci\u00e1j\u00e1t.<\/p>\n        \n                    <div class=\"m-ratingRecommendation__linkWrap links\">\n                <p class=\"m-ratingRecommendation__subTitle\">Itt is kaphatod:<\/p>\n                                            <a class=\"m-ratingRecommendation__btn recommendation-button\" href=\"https:\/\/szallas.hu\/teleki-degenfeld-kastelyszallo-szirak?utm_source=startlap.hu&amp;utm_medium=link&amp;utm_content=kastelyszallok-startlap-utazas-cikk&amp;utm_campaign=kastelyszallok_startlap.hu_startlap-utazas-cikk_2019_10_22\" target=\"_blank\">Megn\u00e9zem a Szallas.hu-n &gt;<\/a>\n                                <\/div>\n            <\/div>\n    <span class=\"m-ratingRecommendation__advTxt adv\">Hirdet\u00e9s<\/span>\n<\/section>\n\n<p>&nbsp;<\/p>\n<p>A sz\u00e1lloda tal\u00e1n a par\u00e1dsasv\u00e1ri p\u00e1rja lehetne, hiszen adott egy eleg\u00e1ns kast\u00e9ly, de van n\u00e9h\u00e1ny apr\u00f3, \u00e9s egy jelent\u0151s k\u00fcl\u00f6nbs\u00e9g. Ezek k\u00f6z\u00fcl az egyik az, hogy &#8222;csak&#8221; n\u00e9gy csillagot \u00e9rdemelt, de ha erre nem h\u00edvj\u00e1k fel k\u00fcl\u00f6n a figyelmet, fel sem t\u0171nne, hiszen a luxus \u00e9s a korh\u0171 berendez\u00e9s itt is adott.&nbsp;<\/p>\n<p>A barokk \u00e9p\u00fcletnek eg\u00e9szen r\u00e9gre ny\u00falnak vissza a gy\u00f6kerei: m\u00e1r 1219-ben eml\u00edtenek egy er\u0151d\u00edtm\u00e9nyt, ennek nyomai m\u00e1ig l\u00e1that\u00f3k egy, a kast\u00e9ly alatt h\u00faz\u00f3d\u00f3 pincerendszer form\u00e1j\u00e1ban.<\/p>\n<p>\u00c9s \u00edgy jutunk el a fontosabb k\u00fcl\u00f6nbs\u00e9gig: egy olyan helysz\u00ednr\u0151l van sz\u00f3, amelynek minden szeglet\u00e9t m\u00e9lyen itatja \u00e1t a t\u00f6rt\u00e9nelem.<\/p>\n<p>A jelenlegi \u00e9p\u00fclet <strong>Kir\u00e1lyfalvi Roth Tam\u00e1snak \u00e9s feles\u00e9g\u00e9nek<\/strong> k\u00f6sz\u00f6nhet\u0151, <strong>1748-ban k\u00e9sz\u00fclt el<\/strong> &#8211; legal\u00e1bbis a bej\u00e1rat f\u00f6l\u00f6tti t\u00e1bl\u00e1n ez olvashat\u00f3 latinul. \u00c9s annyira sok h\u00edres szem\u00e9ly k\u00f6thet\u0151 ide, hogy a szob\u00e1kat is r\u00f3luk nevezt\u00e9k el, lehet\u0151s\u00e9g szerint \u00fagy, hogy minden hajdani lak\u00f3r\u00f3l a saj\u00e1t szob\u00e1j\u00e1t keresztelj\u00e9k el.&nbsp;<\/p>\n<p><strong>\u00cdgy lehets\u00e9ges az, hogy Miksz\u00e1th K\u00e1lm\u00e1n szob\u00e1j\u00e1ban sz\u00e1llj meg<\/strong>: az \u00edr\u00f3 politikai p\u00e1ly\u00e1ja el\u0151tt jegyz\u0151k\u00e9nt dolgozott Szir\u00e1kon, \u00e9s sz\u00e1mos alkalommal pontosan abban a helyis\u00e9gben aludt, amely k\u00e9s\u0151bb r\u00f3la kapta a nev\u00e9t. De mondunk enn\u00e9l jobbat: <strong>Mad\u00e1ch nev\u00e9vel is \u00e9ppen azt a lakoszt\u00e1lyt illet\u00e9k<\/strong>, ahol annak idej\u00e9n megsz\u00e1llt, \u00e9s ahol meg\u00edrta&nbsp;<em>Az ember trag\u00e9di\u00e1ja<\/em> egyik fejezet\u00e9t.<\/p>\n<p>V\u00e9g\u00fcl pedig az\u00e9rt \u00fajfent hangs\u00falyozn\u00e1nk, hogy a&nbsp;Teleki-Degenfeld Kast\u00e9lysz\u00e1ll\u00f3ban komolyan t\u00f6rekednek arra, hogy minden hib\u00e1tlan legyen, \u00e9s meghat\u00e1roz\u00f3 \u00e9lm\u00e9nyekkel t\u00e1vozhassunk. Leny\u0171g\u00f6z\u0151, antik b\u00fatorokkal berendezett lakoszt\u00e1lyok v\u00e1rj\u00e1k a vend\u00e9geket, de ha valakit valami\u00e9rt nem \u00e9rint meg az ilyesmi, azok megsz\u00e1llhatnak a kast\u00e9ly mellett kialak\u00edtott <strong>wellnessr\u00e9szleg<\/strong> \u00e1zsiai hangulatot \u00e1raszt\u00f3 szob\u00e1iban is. Igen, mert wellness term\u00e9szetesen itt is van, ahogyan teniszp\u00e1lya is a vend\u00e9gek rendelkez\u00e9s\u00e9re \u00e1ll.<\/p>\n<h2>A mez\u0151t\u00fari Hercegasszony Birtok egy hamis\u00edtatlan k\u00faria, ahol a m\u00falt egy mes\u00e9s foly\u00f3parton \u00e9r \u00f6ssze a jelennel<\/h2>\n<section class=\"m-ratingRecommendation rating-recommendation\">\n            <div class=\"m-ratingRecommendation__wrap -imageWrap panel image\">\n            <img decoding=\"async\" class=\"m-ratingRecommendation__img\" src=\"https:\/\/www.startlap.hu\/utazas\/uploads\/sites\/3\/2019\/10\/329295361-350x350.png\">\n        <\/div>\n        <div class=\"m-ratingRecommendation__wrap -infoWrap panel info\">\n        <h3 class=\"m-ratingRecommendation__title title\">Hercegasszony Birtok Mez\u0151t\u00far ****<\/h3>\n        \n                    <p class=\"m-ratingRecommendation__description description\">A vid\u00e9k \u00e9s st\u00edlus \u00f6tv\u00f6z\u00e9s\u00e9vel id\u00e9zi fel a 30-as \u00e9vek nemesi \u00e9let\u00e9nek hangulat\u00e1t.<\/p>\n        \n                    <div class=\"m-ratingRecommendation__linkWrap links\">\n                <p class=\"m-ratingRecommendation__subTitle\">Itt is kaphatod:<\/p>\n                                            <a class=\"m-ratingRecommendation__btn recommendation-button\" href=\"https:\/\/szallas.hu\/hercegasszony-birtok-mezotur?utm_source=startlap.hu&amp;utm_medium=link&amp;utm_content=kastelyszallok-startlap-utazas-cikk&amp;utm_campaign=kastelyszallok_startlap.hu_startlap-utazas-cikk_2019_10_22\" target=\"_blank\">Megn\u00e9zem a Szallas.hu-n &gt; <\/a>\n                                <\/div>\n            <\/div>\n    <span class=\"m-ratingRecommendation__advTxt adv\">Hirdet\u00e9s<\/span>\n<\/section>\n\n<p>&nbsp;<\/p>\n<p><em>&#8222;Meg\u00e9rkezni&nbsp;\u00e9s beleszeretni&#8221;<\/em> &#8211; hirdeti mag\u00e1t a Hercegasszony birtok, \u00e9s ez nem valamif\u00e9le naiv elbizakodotts\u00e1g.<\/p>\n<blockquote class=\"article__extraTxt\"><p>Ezen a helyen tal\u00e1lkozik a magas min\u0151s\u00e9g\u0171 gasztron\u00f3mia, a r\u00e9gi id\u0151k \u00f3don falai, a teljes modern k\u00e9nyelem, \u00e9s az urbanista diz\u00e1jn, mindez a K\u00f6r\u00f6s partj\u00e1n, gy\u00fcm\u00f6lcs\u00f6s\u00f6k \u00f6lel\u00e9s\u00e9ben.<\/p><\/blockquote>\n<p>A m\u00e1sik h\u00e1rom \u00e1ltalunk bemutatott sz\u00e1ll\u00e1shellyel ellent\u00e9tben ez nem egy kast\u00e9ly, hanem egy k\u00faria, \u00e9s szuper\u00fcl hozza ennek legf\u0151bb el\u0151ny\u00e9t is: maga a b\u00e9ke szigete.<\/p>\n<p><strong>A Hercegasszony elnevez\u00e9s<\/strong> nem egy \u00faj h\u00f3bort: a birtok a nevet m\u00e9g egykori tulajdonos\u00e1r\u00f3l, Lelbach Ir\u00e9nr\u0151l kapta, akihez Habsburg Albrecht f\u0151herceg jegyaj\u00e1nd\u00e9k\u00e1ul jutott a ter\u00fclet. A f\u0151herceg egy\u00e9bk\u00e9nt m\u00e9g h\u00e1zas asszonyk\u00e9nt ismerte meg k\u00e9s\u0151bbi feles\u00e9g\u00e9t, igazi nagy szerelem volt az \u00f6v\u00e9k, ennek ellen\u00e9re h\u00e9t \u00e9v ut\u00e1n \u0151k is elv\u00e1ltak. Ekkor alakult \u00e1t Ir\u00e9n \u00e1lland\u00f3 ny\u00e1ri lakhely\u00e9v\u00e9 a Hercegasszony birtok, amit azt\u00e1n a harmincas \u00e9vekre igazi paradicsomm\u00e1 form\u00e1lt, \u00e9l\u00e9nk t\u00e1rsas\u00e1gi \u00e9let sz\u00ednter\u00e9v\u00e9, \u00e9s ez a vir\u00e1gkor eg\u00e9szen az oroszok megjelen\u00e9s\u00e9ig tartott.<\/p>\n<p>A jelenlegi tulajdonosok halad\u00f3 szemmel fogtak neki a leamortiz\u00e1lt ingatlan renov\u00e1l\u00e1s\u00e1nak, illetve f\u0151leg a bels\u0151\u00e9p\u00edt\u00e9szeti tervez\u00e9snek, ami egyedi atmoszf\u00e9r\u00e1t eredm\u00e9nyezett: <strong>a sz\u00e1ll\u00f3ban egyszerre van jelen a r\u00e9gi \u00e9rt\u00e9kek tisztelete \u00e9s a kort\u00e1rs \u00e9p\u00edt\u00e9szet.<\/strong> A birtok \u00e9tterm\u00e9ben is valami hasonl\u00f3 \u00e9rv\u00e9nyes\u00fcl: egy bisztr\u00f3konyh\u00e1r\u00f3l van sz\u00f3, ahol a szezon\u00e1lis, friss, \u0151stermel\u0151kt\u0151l \u00e9rkez\u0151 alapanyagokat a korszer\u0171 konyhatechnol\u00f3gia alak\u00edtja k\u00edv\u00e1natos fog\u00e1sokk\u00e1.<\/p>\n<p>A Hercegasszony Birtok roppant el\u0151ny\u00f6s fekv\u00e9ssel rendelkezik: a K\u0151r\u00f6s t\u00fart\u0151i holt\u00e1ga ter\u00fcl el el\u0151tte, gazdag n\u00f6v\u00e9ny- \u00e9s \u00e1llatvil\u00e1gnak adva otthont, a birtok ter\u00fclet\u00e9n naphosszat lehet s\u00e9t\u00e1lni, olvasgatni, pihenni. De nagyon k\u00f6zel van <strong>Szarvas<\/strong> is, ahol felkereshetj\u00fck a h\u00edres arbor\u00e9tumot, a gy\u00f6ny\u00f6r\u0171 parkkal rendelkez\u0151 Bolza Kast\u00e9lyt, valamint a helyi gy\u00f3gyf\u00fcrd\u0151t.<\/p>\n<p>&nbsp;<\/p>\n<section class=\"m-ratingRecommendation rating-recommendation\">\n            <div class=\"m-ratingRecommendation__wrap -imageWrap panel image\">\n            <img decoding=\"async\" class=\"m-ratingRecommendation__img\" src=\"https:\/\/www.startlap.hu\/utazas\/uploads\/sites\/3\/2019\/10\/cikk-z\u00e1r\u00f3k\u00e9p-525x350.jpg\">\n        <\/div>\n        <div class=\"m-ratingRecommendation__wrap -infoWrap panel info\">\n        <h3 class=\"m-ratingRecommendation__title title\">Felfedezn\u00e9d a kast\u00e9lyok \u00e9s k\u00fari\u00e1k vil\u00e1g\u00e1t?<\/h3>\n        \n                    <p class=\"m-ratingRecommendation__description description\">Ha csak megl\u00e1togatn\u00e1tok a gy\u00f6ny\u00f6r\u0171 \u00e9p\u00fcleteket, a k\u00f6zel\u00fckben mindig tal\u00e1ltok megfelel\u0151 sz\u00e1ll\u00e1shelyet!<\/p>\n        \n                    <div class=\"m-ratingRecommendation__linkWrap links\">\n                <p class=\"m-ratingRecommendation__subTitle\">Itt is kaphatod:<\/p>\n                                            <a class=\"m-ratingRecommendation__btn recommendation-button\" href=\"https:\/\/szallas.hu?utm_source=startlap.hu&amp;utm_medium=link&amp;utm_content=kastelyszallok-startlap-utazas-cikk&amp;utm_campaign=kastelyszallok_startlap.hu_startlap-utazas-cikk_2019_10_22\" target=\"_blank\">Megn\u00e9zem a Szallas.hu-n &gt;<\/a>\n                                <\/div>\n            <\/div>\n    <span class=\"m-ratingRecommendation__advTxt adv\">Hirdet\u00e9s<\/span>\n<\/section>\n\n","protected":false},"excerpt":{"rendered":"<p>N\u00e9gy k\u00fcl\u00f6nleges kast\u00e9lysz\u00e1ll\u00f3t mutatunk, ahol a modern k\u00e9nyelem, a t\u00f6rt\u00e9nelem \u00e9s a makul\u00e1tlan elegancia tal\u00e1lkozik, \u00edgy egy pihentet\u0151 id\u0151utaz\u00e1s \u00e1lm\u00e1t v\u00e1ltj\u00e1k val\u00f3ra.<\/p>\n","protected":false},"author":28,"featured_media":3252,"comment_status":"open","ping_status":"open","sticky":false,"template":"","format":"standard","meta":{"footnotes":""},"categories":[7],"tags":[73,770,766,762,767,66],"class_list":["post-3132","post","type-post","status-publish","format-standard","has-post-thumbnail","hentry","category-belfold-utazas","tag-belfold","tag-kastelyhotel-sasvar-resort-paradsasvar","tag-kastelyszallo","tag-kastelyszallok","tag-kuria","tag-szallas"],"aioseo_notices":[],"_links":{"self":[{"href":"https:\/\/www.startlap.hu\/utazas\/wp-json\/wp\/v2\/posts\/3132","targetHints":{"allow":["GET"]}}],"collection":[{"href":"https:\/\/www.startlap.hu\/utazas\/wp-json\/wp\/v2\/posts"}],"about":[{"href":"https:\/\/www.startlap.hu\/utazas\/wp-json\/wp\/v2\/types\/post"}],"author":[{"embeddable":true,"href":"https:\/\/www.startlap.hu\/utazas\/wp-json\/wp\/v2\/users\/28"}],"replies":[{"embeddable":true,"href":"https:\/\/www.startlap.hu\/utazas\/wp-json\/wp\/v2\/comments?post=3132"}],"version-history":[{"count":16,"href":"https:\/\/www.startlap.hu\/utazas\/wp-json\/wp\/v2\/posts\/3132\/revisions"}],"predecessor-version":[{"id":3189,"href":"https:\/\/www.startlap.hu\/utazas\/wp-json\/wp\/v2\/posts\/3132\/revisions\/3189"}],"wp:featuredmedia":[{"embeddable":true,"href":"https:\/\/www.startlap.hu\/utazas\/wp-json\/wp\/v2\/media\/3252"}],"wp:attachment":[{"href":"https:\/\/www.startlap.hu\/utazas\/wp-json\/wp\/v2\/media?parent=3132"}],"wp:term":[{"taxonomy":"category","embeddable":true,"href":"https:\/\/www.startlap.hu\/utazas\/wp-json\/wp\/v2\/categories?post=3132"},{"taxonomy":"post_tag","embeddable":true,"href":"https:\/\/www.startlap.hu\/utazas\/wp-json\/wp\/v2\/tags?post=3132"}],"curies":[{"name":"wp","href":"https:\/\/api.w.org\/{rel}","templated":true}]}}