{"id":31193,"date":"2021-08-11T21:13:03","date_gmt":"2021-08-11T19:13:03","guid":{"rendered":"https:\/\/www.startlap.hu\/utazas\/?p=31193"},"modified":"2021-08-11T21:13:55","modified_gmt":"2021-08-11T19:13:55","slug":"ejszakai-kijarasi-tilalom-kretan","status":"publish","type":"post","link":"https:\/\/www.startlap.hu\/utazas\/ejszakai-kijarasi-tilalom-kretan\/","title":{"rendered":"\u00c9jszakai kij\u00e1r\u00e1si tilalom Kr\u00e9t\u00e1n"},"content":{"rendered":"<p>Irakli\u00f3ban &#8211; ak\u00e1rcsak kor\u00e1bban M\u00edkonoszon, Z\u00e1kinthoszon \u00e9s Han\u00eda v\u00e1rosban &#8211; <strong>hajnali egy \u00e9s hat \u00f3ra k\u00f6z\u00f6tt vezett\u00e9k be a tilalmat.<\/strong> A csoportosul\u00e1sok elker\u00fcl\u00e9se \u00e9rdek\u00e9ben tilos a zene a b\u00e1rokban \u00e9s az \u00e9ttermekben, a h\u00fasz f\u0151n\u00e9l n\u00e9pesebb rendezv\u00e9nyeket szint\u00e9n betiltott\u00e1k. Az int\u00e9zked\u00e9sek szerd\u00e1t\u00f3l augusztus 17-ig \u00e9rv\u00e9nyesek &#8211; k\u00f6z\u00f6lte a polg\u00e1ri v\u00e9delem f\u0151titk\u00e1rs\u00e1ga.<\/p>\n<p>A hat\u00f3s\u00e1gok meg\u00edt\u00e9l\u00e9se szerint az idegenforgalmi szezon cs\u00facsidej\u00e9ben a kedvelt turistac\u00e9lpontnak sz\u00e1m\u00edt\u00f3 kr\u00e9tai v\u00e1ros jelent\u0151s kock\u00e1zatot jelent a j\u00e1rv\u00e1ny \u00fajb\u00f3li fell\u00e1ngol\u00e1sa szempontj\u00e1b\u00f3l.<\/p>\n<div class=\"o-widget m-readMoreWidget -readMore u-shortDecorLineAfter row widget-container _ce_measure_widget bigdata-widget read-more\" data-ce-measure-widget=\"olvass tov\u00e1bb\">\n\t<div class=\"m-readMoreWidget__imgWrapper image-wrapper col-12 col-md-4 no-p\">\n\t\t<a class=\"m-readMoreWidget__imgLink\" href=\"https:\/\/www.startlap.hu\/utazas\/jarvany-gorogorszag-szigoritasok\/\" >\n\t\t\t<img decoding=\"async\" src=\"https:\/\/www.startlap.hu\/utazas\/uploads\/sites\/3\/2021\/07\/gorogorszag_tengerpart-350x285.jpg\" class=\"m-readMoreWidget__img\">\n\t\t<\/a>\n\t<\/div>\n\t<div class=\"m-readMoreWidget__titleWrapper title-wrapper col-12 col-md-8\">\n\t\t<span class=\"m-readMoreWidget__titleLabel u-shortDecorLineBefore label hidden-sm-up\">Ez is \u00e9rdekelhet:<\/span>\n\t\t<h3 class=\"m-readMoreWidget__title title\">\n\t\t\t<a class=\"m-readMoreWidget__titleLink -secondFont u-bold u-upperCase\" href=\"https:\/\/www.startlap.hu\/utazas\/jarvany-gorogorszag-szigoritasok\/\" >J\u00e1rv\u00e1ny: G\u00f6r\u00f6gorsz\u00e1gban ism\u00e9t szigor\u00edt\u00e1sok j\u00f6nnek<\/a>\n\t\t<\/h3>\n\t\t<a class=\"m-readMoreWidget__btn -coloredBack u-tC link\" href=\"https:\/\/www.startlap.hu\/utazas\/jarvany-gorogorszag-szigoritasok\/\" >Elolvasom<\/a>\n\t<\/div>\n<\/div>\n<p><a href=\"https:\/\/www.startlap.hu\/utazas\/koronavirus-gorogorszag-szigoritas-jarvany-korlatozas\/\" target=\"_blank\" rel=\"noopener noreferrer\"><strong>G\u00f6r\u00f6gorsz\u00e1gban<\/strong><\/a> az \u00fajonnan igazolt koronav\u00edrusos fert\u0151z\u00f6ttek sz\u00e1ma <strong>az elm\u00falt huszonn\u00e9gy \u00f3r\u00e1ban 4181 volt, a j\u00e1rv\u00e1ny kezdete \u00f3ta pedig mintegy 521 400<\/strong>. K\u00e9tsz\u00e1ztizenkilenc embert tov\u00e1bbra is intenz\u00edv oszt\u00e1lyon \u00e1polnak, \u00e9s 19 volt a napi \u00faj hal\u00e1lesetek sz\u00e1ma. A SARS-CoV-2 nev\u0171 v\u00edrus okozta Covid-19 betegs\u00e9gnek eddig t\u00f6bb mint 13 100 hal\u00e1los \u00e1ldozata volt.<\/p>\n<p>A delta vari\u00e1ns terjed\u00e9se nagyon aggasztja a hat\u00f3s\u00e1gokat. A 10,7 milli\u00f3s l\u00e9leksz\u00e1m\u00fa G\u00f6r\u00f6gorsz\u00e1gban eddig mintegy 5,4 milli\u00f3 ember kapott k\u00e9t adag v\u00e9d\u0151olt\u00e1st.<\/p>\n<p>&nbsp;<\/p>\n<p><span style=\"font-size: 12px\">(MTI)<\/span><\/p>\n","protected":false},"excerpt":{"rendered":"<p>\u00c9jszakai kij\u00e1r\u00e1si tilalmat vezettek be a g\u00f6r\u00f6gorsz\u00e1gi Kr\u00e9ta sziget\u00e9nek legnagyobb telep\u00fcl\u00e9s\u00e9n, Irakli\u00f3ban a koronav\u00edrus delta v\u00e1ltozat\u00e1nak az elm\u00falt napokban tapasztalt er\u0151teljes terjed\u00e9se miatt &#8211; jelentett\u00e9k be a helyi hat\u00f3s\u00e1gok szerd\u00e1n.<\/p>\n","protected":false},"author":36,"featured_media":31195,"comment_status":"open","ping_status":"open","sticky":false,"template":"","format":"standard","meta":{"footnotes":""},"categories":[70],"tags":[3035],"class_list":["post-31193","post","type-post","status-publish","format-standard","has-post-thumbnail","hentry","category-vilag","tag-ejszakai-kijarasi-tilalom"],"aioseo_notices":[],"_links":{"self":[{"href":"https:\/\/www.startlap.hu\/utazas\/wp-json\/wp\/v2\/posts\/31193","targetHints":{"allow":["GET"]}}],"collection":[{"href":"https:\/\/www.startlap.hu\/utazas\/wp-json\/wp\/v2\/posts"}],"about":[{"href":"https:\/\/www.startlap.hu\/utazas\/wp-json\/wp\/v2\/types\/post"}],"author":[{"embeddable":true,"href":"https:\/\/www.startlap.hu\/utazas\/wp-json\/wp\/v2\/users\/36"}],"replies":[{"embeddable":true,"href":"https:\/\/www.startlap.hu\/utazas\/wp-json\/wp\/v2\/comments?post=31193"}],"version-history":[{"count":3,"href":"https:\/\/www.startlap.hu\/utazas\/wp-json\/wp\/v2\/posts\/31193\/revisions"}],"predecessor-version":[{"id":31197,"href":"https:\/\/www.startlap.hu\/utazas\/wp-json\/wp\/v2\/posts\/31193\/revisions\/31197"}],"wp:featuredmedia":[{"embeddable":true,"href":"https:\/\/www.startlap.hu\/utazas\/wp-json\/wp\/v2\/media\/31195"}],"wp:attachment":[{"href":"https:\/\/www.startlap.hu\/utazas\/wp-json\/wp\/v2\/media?parent=31193"}],"wp:term":[{"taxonomy":"category","embeddable":true,"href":"https:\/\/www.startlap.hu\/utazas\/wp-json\/wp\/v2\/categories?post=31193"},{"taxonomy":"post_tag","embeddable":true,"href":"https:\/\/www.startlap.hu\/utazas\/wp-json\/wp\/v2\/tags?post=31193"}],"curies":[{"name":"wp","href":"https:\/\/api.w.org\/{rel}","templated":true}]}}