{"id":31182,"date":"2021-08-11T17:11:10","date_gmt":"2021-08-11T15:11:10","guid":{"rendered":"https:\/\/www.startlap.hu\/utazas\/?p=31182"},"modified":"2021-08-11T17:11:10","modified_gmt":"2021-08-11T15:11:10","slug":"gyor-harangjatek-varoshaza","status":"publish","type":"post","link":"https:\/\/www.startlap.hu\/utazas\/gyor-harangjatek-varoshaza\/","title":{"rendered":"Az orsz\u00e1g egyik legnagyobb harangj\u00e1t\u00e9ka lesz a gy\u0151ri"},"content":{"rendered":"<p>Szerd\u00e1n <strong>37 harang \u00e9rkezett az innsbrucki Grassmayr harang\u00f6nt\u00f6d\u00e9b\u0151l<\/strong> a megyesz\u00e9khelyre, amelyeket a Baross h\u00edd fel\u00f6li kistoronyba emeltek be.<\/p>\n<p><strong>D\u00e9zsi Csaba Andr\u00e1s<\/strong> polg\u00e1rmester a beemel\u00e9s el\u0151tt tartott sajt\u00f3t\u00e1j\u00e9koztat\u00f3n azt mondta, hogy a kecskem\u00e9ti v\u00e1rosh\u00e1za harangj\u00e1t\u00e9ka mellett az orsz\u00e1g legnagyobb harangj\u00e1t\u00e9ka lesz a gy\u0151ri.<\/p>\n<figure id=\"attachment_31184\" aria-describedby=\"caption-attachment-31184\" style=\"width: 755px\" class=\"wp-caption alignnone\"><img loading=\"lazy\" decoding=\"async\" class=\"size-article-size-large-image wp-image-31184\" src=\"https:\/\/www.startlap.hu\/utazas\/uploads\/sites\/3\/2021\/08\/gyor_varoshaza_harang3-755x509.jpg\" alt=\"\" width=\"755\" height=\"509\" srcset=\"https:\/\/www.startlap.hu\/utazas\/uploads\/sites\/3\/2021\/08\/gyor_varoshaza_harang3-755x509.jpg 755w, https:\/\/www.startlap.hu\/utazas\/uploads\/sites\/3\/2021\/08\/gyor_varoshaza_harang3-1536x1036.jpg 1536w, https:\/\/www.startlap.hu\/utazas\/uploads\/sites\/3\/2021\/08\/gyor_varoshaza_harang3-519x350.jpg 519w, https:\/\/www.startlap.hu\/utazas\/uploads\/sites\/3\/2021\/08\/gyor_varoshaza_harang3.jpg 1763w\" sizes=\"auto, (max-width: 755px) 100vw, 755px\" \/><figcaption id=\"caption-attachment-31184\" class=\"wp-caption-text\">Ipari alpinist\u00e1k emelik hely\u00fckre cs\u00f6rl\u0151vel a gy\u0151ri v\u00e1rosh\u00e1za torny\u00e1nak \u00faj harangjait 2021. augusztus 11-\u00e9n.&nbsp; Fot\u00f3: MTI\/Krizsan Csaba<\/figcaption><\/figure>\n<p>K\u00f6z\u00f6lte: valamennyi harang az innsbucki Grassmayr harang\u00f6nt\u00f6d\u00e9ben k\u00e9sz\u00fclt id\u00e9n ny\u00e1ron, ahol 1599 \u00f3ta \u00f6ntik a harangokat.<\/p>\n<p>A bronzharangok j\u00e1t\u00e9ka hangterjedelemben h\u00e1rom okt\u00e1vot \u00f6lel fel, a hatvonalas C hangt\u00f3l a h\u00e1romvonalas C hangig terjed a sk\u00e1la &#8211; tette hozz\u00e1. A harangj\u00e1t\u00e9k szeptemberben indul.<\/p>\n<blockquote class=\"article__extraTxt\"><p>A polg\u00e1rmester elmondta, hogy az 1805-ben \u00f6nt\u00f6tt \u00e9s az els\u0151 vil\u00e1gh\u00e1bor\u00fa sor\u00e1n elrekvir\u00e1lt t\u0171zharang hely\u00e9be is egy \u00f6nt\u00f6tt \u00faj harang \u00e9rkezik a nyugati toronyba, v\u00e1rhat\u00f3an december 6-\u00e1ig.<\/p><\/blockquote>\n<p>A t\u0171zharang k\u00e9s\u0151bb a negyed, f\u00e9l, h\u00e1romnegyed \u00e9s eg\u00e9sz \u00fct\u00e9seket \u00fcti majd, emellett lengetve, harangnyelvvel is megsz\u00f3lalhat a nagyobb \u00fcnneps\u00e9gek alkalm\u00e1val.<\/p>\n<figure id=\"attachment_31186\" aria-describedby=\"caption-attachment-31186\" style=\"width: 755px\" class=\"wp-caption alignnone\"><img loading=\"lazy\" decoding=\"async\" class=\"size-article-size-large-image wp-image-31186\" src=\"https:\/\/www.startlap.hu\/utazas\/uploads\/sites\/3\/2021\/08\/gyor_harang-755x502.jpg\" alt=\"\" width=\"755\" height=\"502\" srcset=\"https:\/\/www.startlap.hu\/utazas\/uploads\/sites\/3\/2021\/08\/gyor_harang-755x502.jpg 755w, https:\/\/www.startlap.hu\/utazas\/uploads\/sites\/3\/2021\/08\/gyor_harang-1536x1022.jpg 1536w, https:\/\/www.startlap.hu\/utazas\/uploads\/sites\/3\/2021\/08\/gyor_harang-250x165.jpg 250w, https:\/\/www.startlap.hu\/utazas\/uploads\/sites\/3\/2021\/08\/gyor_harang-526x350.jpg 526w, https:\/\/www.startlap.hu\/utazas\/uploads\/sites\/3\/2021\/08\/gyor_harang.jpg 1775w\" sizes=\"auto, (max-width: 755px) 100vw, 755px\" \/><figcaption id=\"caption-attachment-31186\" class=\"wp-caption-text\">Az innsbrucki \u00f6nt\u0151d\u00e9b\u0151l \u00e9rkezett 37 darab \u00faj harang a 750 \u00e9vvel ezel\u0151tti kir\u00e1lyi v\u00e1ross\u00e1 v\u00e1l\u00e1s \u00e9vfordul\u00f3j\u00e1hoz kapcsol\u00f3d\u00f3 k\u00f6zelg\u0151 \u00fcnneps\u00e9gek alkalm\u00e1b\u00f3l sz\u00f3lalnak meg.<br \/>Fot\u00f3: MTI\/Krizsan Csaba<\/figcaption><\/figure>\n<h2>Mintegy f\u00e9lsz\u00e1z zenesz\u00e1mb\u00f3l j\u00e1tszanak<\/h2>\n<p>D\u00e9zsi Csaba Andr\u00e1s \u00fagy fogalmazott, hogy a harangj\u00e1t\u00e9k zene, \u00edgy az emberek lelk\u00e9hez sz\u00f3l, ami k\u00fcl\u00f6n\u00f6sen fontos a j\u00e1rv\u00e1nyos id\u0151szakot k\u00f6vet\u0151en, emellett turisztikai vonzer\u0151vel is b\u00edr.<\/p>\n<p><strong>Most Bal\u00e1zs<\/strong> harangszak\u00e9rt\u0151 azt mondta, hogy eur\u00f3pai kitekint\u00e9sben az egyik legpontosabb hangol\u00e1s\u00fa harangj\u00e1t\u00e9knak tekinthet\u0151 a gy\u0151ri.<\/p>\n<p>A harangokat egyedileg k\u00e9sz\u00edtett\u00e9k, 1100 Celsius-fokon \u00f6nt\u00f6tt\u00e9k, k\u00fcl\u00f6nlegess\u00e9g\u00fcket pedig a forma kialak\u00edt\u00e1sa adja, mert v\u00e9glegesen az hat\u00e1rozza meg a hangjukat &#8211; k\u00f6z\u00f6lte.<\/p>\n<p>Kiemelte azt is, hogy a m\u00e1sik k\u00fcl\u00f6nlegess\u00e9g a hangterjedelem, mert a h\u00e1rom okt\u00e1v annyira sz\u00e9les, hogy a k\u00f6nny\u0171zenei \u00e9s a klasszikus zenei irodalomnak szinte a legt\u00f6bbj\u00e9t el tudja j\u00e1tszani.<\/p>\n<figure id=\"attachment_31187\" aria-describedby=\"caption-attachment-31187\" style=\"width: 755px\" class=\"wp-caption alignnone\"><img loading=\"lazy\" decoding=\"async\" class=\"size-article-size-large-image wp-image-31187\" src=\"https:\/\/www.startlap.hu\/utazas\/uploads\/sites\/3\/2021\/08\/gyor_harang2-755x495.jpg\" alt=\"\" width=\"755\" height=\"495\" srcset=\"https:\/\/www.startlap.hu\/utazas\/uploads\/sites\/3\/2021\/08\/gyor_harang2-755x495.jpg 755w, https:\/\/www.startlap.hu\/utazas\/uploads\/sites\/3\/2021\/08\/gyor_harang2-1536x1007.jpg 1536w, https:\/\/www.startlap.hu\/utazas\/uploads\/sites\/3\/2021\/08\/gyor_harang2-250x165.jpg 250w, https:\/\/www.startlap.hu\/utazas\/uploads\/sites\/3\/2021\/08\/gyor_harang2-534x350.jpg 534w, https:\/\/www.startlap.hu\/utazas\/uploads\/sites\/3\/2021\/08\/gyor_harang2.jpg 1788w\" sizes=\"auto, (max-width: 755px) 100vw, 755px\" \/><figcaption id=\"caption-attachment-31187\" class=\"wp-caption-text\">Fot\u00f3: MTI\/Krizsan Csaba<\/figcaption><\/figure>\n<p>A harangok mintegy f\u00e9lsz\u00e1z zenesz\u00e1mb\u00f3l fognak j\u00e1tszani &#8211; mondta Most Bal\u00e1zs, hozz\u00e1t\u00e9ve, hogy kialak\u00edtanak egy \u00e9vk\u00f6zi blokkot, amelyben h\u00e9tk\u00f6znap h\u00fasz zenesz\u00e1mot j\u00e1tszanak majd, h\u00e9tv\u00e9genk\u00e9nt pedig \u00f6t tematikus &#8211; matin\u00e9, operett, n\u00e9pdal, klasszikus \u00e9s k\u00f6nny\u0171zenei &#8211; blokkb\u00f3l j\u00e1tszanak. A k\u00f6nny\u0171zenei blokkot az \u00f6nkorm\u00e1nyzat szavaz\u00e1sra bocs\u00e1tja k\u00f6z\u00f6ss\u00e9gim\u00e9dia-fel\u00fcletein &#8211; jelezte.<\/p>\n<p>&nbsp;Mindezek mellett a nagyobb egyh\u00e1zi \u00e9s \u00e1llami \u00fcnnepekre is \u00f6ssze\u00e1ll\u00edtj\u00e1k az \u00fcnnepi zenei programot &#8211; mondta.<\/p>\n","protected":false},"excerpt":{"rendered":"<p>Gy\u0151r szabad kir\u00e1lyi v\u00e1ross\u00e1 v\u00e1l\u00e1s\u00e1nak 750. \u00e9vfordul\u00f3ja alkalm\u00e1b\u00f3l az \u00f6nkorm\u00e1nyzat p\u00f3tolja az els\u0151 vil\u00e1gh\u00e1bor\u00fa alatt a v\u00e1rosh\u00e1za tornyaib\u00f3l elt\u0171nt harangokat. <\/p>\n","protected":false},"author":36,"featured_media":31187,"comment_status":"open","ping_status":"open","sticky":false,"template":"","format":"standard","meta":{"footnotes":""},"categories":[7],"tags":[1194,5008,5009,1119,5010],"class_list":["post-31182","post","type-post","status-publish","format-standard","has-post-thumbnail","hentry","category-belfold-utazas","tag-gyor","tag-harang","tag-harangjatek","tag-unnep","tag-varoshaza"],"aioseo_notices":[],"_links":{"self":[{"href":"https:\/\/www.startlap.hu\/utazas\/wp-json\/wp\/v2\/posts\/31182","targetHints":{"allow":["GET"]}}],"collection":[{"href":"https:\/\/www.startlap.hu\/utazas\/wp-json\/wp\/v2\/posts"}],"about":[{"href":"https:\/\/www.startlap.hu\/utazas\/wp-json\/wp\/v2\/types\/post"}],"author":[{"embeddable":true,"href":"https:\/\/www.startlap.hu\/utazas\/wp-json\/wp\/v2\/users\/36"}],"replies":[{"embeddable":true,"href":"https:\/\/www.startlap.hu\/utazas\/wp-json\/wp\/v2\/comments?post=31182"}],"version-history":[{"count":3,"href":"https:\/\/www.startlap.hu\/utazas\/wp-json\/wp\/v2\/posts\/31182\/revisions"}],"predecessor-version":[{"id":31188,"href":"https:\/\/www.startlap.hu\/utazas\/wp-json\/wp\/v2\/posts\/31182\/revisions\/31188"}],"wp:featuredmedia":[{"embeddable":true,"href":"https:\/\/www.startlap.hu\/utazas\/wp-json\/wp\/v2\/media\/31187"}],"wp:attachment":[{"href":"https:\/\/www.startlap.hu\/utazas\/wp-json\/wp\/v2\/media?parent=31182"}],"wp:term":[{"taxonomy":"category","embeddable":true,"href":"https:\/\/www.startlap.hu\/utazas\/wp-json\/wp\/v2\/categories?post=31182"},{"taxonomy":"post_tag","embeddable":true,"href":"https:\/\/www.startlap.hu\/utazas\/wp-json\/wp\/v2\/tags?post=31182"}],"curies":[{"name":"wp","href":"https:\/\/api.w.org\/{rel}","templated":true}]}}