{"id":29685,"date":"2021-07-13T07:44:22","date_gmt":"2021-07-13T05:44:22","guid":{"rendered":"https:\/\/www.startlap.hu\/utazas\/?p=29685"},"modified":"2021-07-13T08:39:19","modified_gmt":"2021-07-13T06:39:19","slug":"koronavirus-gorogorszag-szigoritas-jarvany-korlatozas","status":"publish","type":"post","link":"https:\/\/www.startlap.hu\/utazas\/koronavirus-gorogorszag-szigoritas-jarvany-korlatozas\/","title":{"rendered":"Koronav\u00edrus: G\u00f6r\u00f6gorsz\u00e1g is szigor\u00edt"},"content":{"rendered":"<p><a href=\"https:\/\/www.startlap.hu\/utazas\/zakintosz-thaszosz-kreta-gorogorszag-nyar-rekord\/\" target=\"_blank\" rel=\"noopener noreferrer\">G\u00f6r\u00f6gorsz\u00e1gban<\/a> csak a <a href=\"https:\/\/wiki.startlap.hu\/mi-az-uj-tipusu-koronavirus-betegseg-covid-19\/\" target=\"_blank\" rel=\"noopener noreferrer\">koronav\u00edrus<\/a> ellen <strong>beoltott emberek mehetnek be<\/strong> az <strong>\u00e9ttermek z\u00e1rt tereibe \u00e9s a kultur\u00e1lis rendezv\u00e9nyekre<\/strong> &#8211; jelentette be Kiri\u00e1kosz Micot\u00e1kisz minisztereln\u00f6k h\u00e9tf\u0151n Ath\u00e9nban.<\/p>\n<p>Ez az int\u00e9zked\u00e9s annak a korm\u00e1nyzati strat\u00e9gi\u00e1nak a r\u00e9sze, amellyel oltakoz\u00e1sra igyekeznek serkenteni a lakoss\u00e1got.<\/p>\n<p>A g\u00f6r\u00f6g minisztereln\u00f6k egyben k\u00f6z\u00f6lte, hogy <strong>k\u00f6telez\u0151v\u00e9 teszik az olt\u00e1st<\/strong> az eg\u00e9szs\u00e9g\u00fcgyi \u00e1gazatban, illetve az id\u0151s\u00e1pol\u00e1sban dolgoz\u00f3k sz\u00e1m\u00e1ra, akiket m\u00e1sk\u00fcl\u00f6nben felmentenek a munkav\u00e9gz\u00e9s al\u00f3l. A j\u00f6v\u0151ben kiterjesztik az olt\u00e1si k\u00f6telezetts\u00e9get a sorkaton\u00e1kra is.<\/p>\n<p>&#8222;Nem fogjuk ism\u00e9t lez\u00e1rni az orsz\u00e1got egyesek hozz\u00e1\u00e1ll\u00e1sa miatt&#8221; &#8211; hangs\u00falyozta Micot\u00e1kisz az \u00e1llami telev\u00edzi\u00f3ban. Al\u00e1h\u00fazta, hogy a k\u00f3rh\u00e1zak intenz\u00edv oszt\u00e1lyain kezelt p\u00e1ciensek 99 sz\u00e1zal\u00e9k\u00e1t nem oltott\u00e1k be.<\/p>\n<p>Kiemelte, hogy G\u00f6r\u00f6gorsz\u00e1g, m\u00e1s \u00e1llamokhoz hasonl\u00f3an, a koronav\u00edrus j\u00f3val fert\u0151z\u0151bb delta vari\u00e1ns\u00e1nak \u00e9s a be nem oltott embereknek a kett\u0151s kih\u00edv\u00e1s\u00e1val n\u00e9z szembe. &#8222;Ebben az \u00e9rtelemben nem G\u00f6r\u00f6gorsz\u00e1g, hanem a be nem oltott emberek vannak vesz\u00e9lyben&#8221; &#8211; tette hozz\u00e1.<\/p>\n<figure id=\"attachment_13303\" aria-describedby=\"caption-attachment-13303\" style=\"width: 755px\" class=\"wp-caption alignnone\"><img loading=\"lazy\" decoding=\"async\" class=\"size-article-size-large-image wp-image-13303\" src=\"https:\/\/www.startlap.hu\/utazas\/uploads\/sites\/3\/2020\/06\/mikonosz2-755x502.jpg\" alt=\"\" width=\"755\" height=\"502\" srcset=\"https:\/\/www.startlap.hu\/utazas\/uploads\/sites\/3\/2020\/06\/mikonosz2-755x502.jpg 755w, https:\/\/www.startlap.hu\/utazas\/uploads\/sites\/3\/2020\/06\/mikonosz2-250x165.jpg 250w, https:\/\/www.startlap.hu\/utazas\/uploads\/sites\/3\/2020\/06\/mikonosz2-526x350.jpg 526w, https:\/\/www.startlap.hu\/utazas\/uploads\/sites\/3\/2020\/06\/mikonosz2.jpg 800w\" sizes=\"auto, (max-width: 755px) 100vw, 755px\" \/><figcaption id=\"caption-attachment-13303\" class=\"wp-caption-text\">A g\u00f6r\u00f6g sziget, Mikonosz h\u00e1zai, h\u00e1tt\u00e9rben az \u00e9gsz\u00ednk\u00e9k tenger\u00f6b\u00f6llel (Fot\u00f3: Getty Images)<\/figcaption><\/figure>\n<h2>R\u00e9szben a fiatalok tehetnek r\u00f3la<\/h2>\n<p>Az ut\u00f3bbi t\u00edz napban ism\u00e9t megugrott a fert\u0151z\u00f6ttek sz\u00e1ma a j\u00e1rv\u00e1ny\u00fcgyi korl\u00e1toz\u00e1sok laz\u00edt\u00e1sa nyom\u00e1n. <strong>Szak\u00e9rt\u0151k felh\u00edvt\u00e1k a figyelmet, hogy a v\u00edrus terjed\u00e9s\u00e9t nagy r\u00e9szben a fiatalok \u00e9jszakai buliz\u00e1sai seg\u00edtett\u00e9k el\u0151.<\/strong><\/p>\n<p>Az elm\u00falt k\u00e9t h\u00e9tben G\u00f6r\u00f6gorsz\u00e1gban sz\u00e1zezer lakosra \u00e1tlagosan hetven koronav\u00edrus-fert\u0151z\u00f6tt jutott.<\/p>\n<p>A csaknem 11 milli\u00f3 lakos\u00fa d\u00e9l-eur\u00f3pai orsz\u00e1gban a j\u00e1rv\u00e1ny kit\u00f6r\u00e9se \u00f3ta 440 872 fert\u0151z\u00f6ttet azonos\u00edtottak, akik k\u00f6z\u00fcl 12 778-an hunytak el a k\u00f3rban.<\/p>\n<div class=\"o-widget m-readMoreWidget -readMore u-shortDecorLineAfter row widget-container _ce_measure_widget bigdata-widget read-more\" data-ce-measure-widget=\"olvass tov\u00e1bb\">\n\t<div class=\"m-readMoreWidget__imgWrapper image-wrapper col-12 col-md-4 no-p\">\n\t\t<a class=\"m-readMoreWidget__imgLink\" href=\"https:\/\/www.startlap.hu\/utazas\/szlovenia-beutazasi-feltetelek-szigoritas-koronavirus\/\" >\n\t\t\t<img decoding=\"async\" src=\"https:\/\/www.startlap.hu\/utazas\/uploads\/sites\/3\/2020\/11\/szlovenai_magyarorszag_hataratkelo-350x285.jpg\" class=\"m-readMoreWidget__img\">\n\t\t<\/a>\n\t<\/div>\n\t<div class=\"m-readMoreWidget__titleWrapper title-wrapper col-12 col-md-8\">\n\t\t<span class=\"m-readMoreWidget__titleLabel u-shortDecorLineBefore label hidden-sm-up\">Ez is \u00e9rdekelhet:<\/span>\n\t\t<h3 class=\"m-readMoreWidget__title title\">\n\t\t\t<a class=\"m-readMoreWidget__titleLink -secondFont u-bold u-upperCase\" href=\"https:\/\/www.startlap.hu\/utazas\/szlovenia-beutazasi-feltetelek-szigoritas-koronavirus\/\" >Szlov\u00e9nia ism\u00e9t szigor\u00edt a beutaz\u00e1si felt\u00e9teleken<\/a>\n\t\t<\/h3>\n\t\t<a class=\"m-readMoreWidget__btn -coloredBack u-tC link\" href=\"https:\/\/www.startlap.hu\/utazas\/szlovenia-beutazasi-feltetelek-szigoritas-koronavirus\/\" >Elolvasom<\/a>\n\t<\/div>\n<\/div>\n<p>(MTI)<\/p>\n","protected":false},"excerpt":{"rendered":"<p>Az \u00faj int\u00e9zked\u00e9s annak a korm\u00e1nyzati strat\u00e9gi\u00e1nak a r\u00e9sze, amellyel oltakoz\u00e1sra igyekeznek serkenteni a lakoss\u00e1got.<\/p>\n","protected":false},"author":36,"featured_media":23964,"comment_status":"open","ping_status":"open","sticky":false,"template":"","format":"standard","meta":{"footnotes":""},"categories":[70],"tags":[1884,188,1358,4751],"class_list":["post-29685","post","type-post","status-publish","format-standard","has-post-thumbnail","hentry","category-vilag","tag-etterem","tag-gorogorszag","tag-koronavirus","tag-koronavirus-oltas"],"aioseo_notices":[],"_links":{"self":[{"href":"https:\/\/www.startlap.hu\/utazas\/wp-json\/wp\/v2\/posts\/29685","targetHints":{"allow":["GET"]}}],"collection":[{"href":"https:\/\/www.startlap.hu\/utazas\/wp-json\/wp\/v2\/posts"}],"about":[{"href":"https:\/\/www.startlap.hu\/utazas\/wp-json\/wp\/v2\/types\/post"}],"author":[{"embeddable":true,"href":"https:\/\/www.startlap.hu\/utazas\/wp-json\/wp\/v2\/users\/36"}],"replies":[{"embeddable":true,"href":"https:\/\/www.startlap.hu\/utazas\/wp-json\/wp\/v2\/comments?post=29685"}],"version-history":[{"count":3,"href":"https:\/\/www.startlap.hu\/utazas\/wp-json\/wp\/v2\/posts\/29685\/revisions"}],"predecessor-version":[{"id":29688,"href":"https:\/\/www.startlap.hu\/utazas\/wp-json\/wp\/v2\/posts\/29685\/revisions\/29688"}],"wp:featuredmedia":[{"embeddable":true,"href":"https:\/\/www.startlap.hu\/utazas\/wp-json\/wp\/v2\/media\/23964"}],"wp:attachment":[{"href":"https:\/\/www.startlap.hu\/utazas\/wp-json\/wp\/v2\/media?parent=29685"}],"wp:term":[{"taxonomy":"category","embeddable":true,"href":"https:\/\/www.startlap.hu\/utazas\/wp-json\/wp\/v2\/categories?post=29685"},{"taxonomy":"post_tag","embeddable":true,"href":"https:\/\/www.startlap.hu\/utazas\/wp-json\/wp\/v2\/tags?post=29685"}],"curies":[{"name":"wp","href":"https:\/\/api.w.org\/{rel}","templated":true}]}}