{"id":29141,"date":"2021-07-05T15:03:04","date_gmt":"2021-07-05T13:03:04","guid":{"rendered":"https:\/\/www.startlap.hu\/utazas\/?p=29141"},"modified":"2021-07-05T13:00:48","modified_gmt":"2021-07-05T11:00:48","slug":"spanyolorszag-tenerife-eskuvoszezon-naszut","status":"publish","type":"post","link":"https:\/\/www.startlap.hu\/utazas\/spanyolorszag-tenerife-eskuvoszezon-naszut\/","title":{"rendered":"G\u0151zer\u0151vel szervezik a k\u00fclf\u00f6ldi n\u00e1szutakat a magyarok"},"content":{"rendered":"<p>A h\u00e1zasuland\u00f3 p\u00e1rok nem csak a rendezv\u00e9nyhelysz\u00ednek napt\u00e1rait t\u00f6ltik meg, hanem hatalmas hajr\u00e1ban kezdik szervezni a n\u00e1sz\u00fatjaikat is. Az egyik kedvelt egzotikus n\u00e1szutas helysz\u00ednen, Tenerif\u00e9n dolgoz\u00f3 v\u00e1llalkoz\u00f3 p\u00e9ld\u00e1ul m\u00e1r alig gy\u0151zi a h\u00e1zasuland\u00f3knak sz\u00f3l\u00f3 \u00e1raj\u00e1nlatok \u00edr\u00e1s\u00e1t.<\/p>\n<h2>K\u00e9sve ugyan, de id\u00e9n is berobbant az esk\u00fcv\u0151i szezon<\/h2>\n<p>Az 5,5 milli\u00f3 beoltotthoz k\u00f6t\u00f6tt korl\u00e1toz\u00e1sok felold\u00e1sa miatt m\u00e1r 400 f\u0151re emelkedett a lakodalmakra vonatkoz\u00f3 l\u00e9tsz\u00e1mkorl\u00e1toz\u00e1s, \u00edgy sokan most kezdt\u00e9k el a nagyobbra tervezett <a href=\"https:\/\/www.startlap.hu\/utazas\/malta-nyitas-maszk-enyhites\/\" target=\"_blank\" rel=\"noopener noreferrer\">esk\u00fcv\u0151k szervez\u00e9s\u00e9t<\/a>. Ezzel egy\u00fctt nem csak a rendezv\u00e9nyhelysz\u00ednek \u00e9s ruhak\u00f6lcs\u00f6nz\u0151k leterheltek, hanem a n\u00e1szutak szervez\u0151i is. A magyar p\u00e1rok egyik legkedveltebb egzotikus n\u00e1szutas helysz\u00edne \u00e9vek \u00f3ta Tenerife. A <a href=\"https:\/\/www.startlap.hu\/utazas\/spanyolorszag-benidorm-kanari-szigetek-nyaralas\/\" target=\"_blank\" rel=\"noopener noreferrer\">Spanyolorsz\u00e1ghoz<\/a> tartoz\u00f3 nyaral\u00f3\u00f6vezet Budapestr\u0151l vagy ak\u00e1r <a href=\"https:\/\/www.startlap.hu\/utazas\/egy-ottonnas-fem-balna-becs-uj-nevezetessege\/\" target=\"_blank\" rel=\"noopener noreferrer\">B\u00e9csb\u0151l<\/a> is el\u00e9rhet\u0151 k\u00f6zvetlen rep\u00fcl\u0151j\u00e1rattal. <strong>EU-s orsz\u00e1gk\u00e9nt szem\u00e9lyi igazolv\u00e1nnyal is utazhatunk,<\/strong> a beutaz\u00e1s a covid lecseng\u00e9se miatt l\u00e9nyegesen k\u00f6nnyebb, s f\u00f6ldrajzi adotts\u00e1gaiknak k\u00f6sz\u00f6nhet\u0151en a sziget biztons\u00e1gosnak sz\u00e1m\u00edt j\u00e1rv\u00e1ny\u00fcgyileg. Nem csoda, hogy a Holiday in Tenerife.EU tulajdonosa, Visnyei Krisztina m\u00e1r alig gy\u0151zi a n\u00e1szutas programokra sz\u00f3l\u00f3 \u00e1raj\u00e1nlatok \u00edr\u00e1s\u00e1t \u2013 igaz, egy\u00e1ltal\u00e1n nem b\u00e1nk\u00f3dik, hiszen minden vend\u00e9gnek \u00f6r\u00fclni kell a v\u00edrus miatti hossz\u00fa k\u00e9nyszersz\u00fcnet ut\u00e1n.<\/p>\n<p>\u201eOnnant\u00f3l, hogy a korm\u00e1ny bejelentette az 5,5 milli\u00f3 beoltott ut\u00e1ni enyh\u00edt\u00e9seket, \u00e9rezhet\u0151en megn\u0151tt a tenerifei utaz\u00e1s ut\u00e1n \u00e9rdekl\u0151d\u0151k sz\u00e1ma. Az eddig megszokott t\u00f6bb h\u00f3napos tervez\u00e9si id\u0151szak helyett <strong>sokan m\u00e1r csak hetekkel el\u0151re gondolkodnak, szeretn\u00e9k m\u00e9g kihaszn\u00e1lni az idei nyarat<\/strong>. Az egyik specialit\u00e1sunk a n\u00e1szutak szervez\u00e9se, ebben a kateg\u00f3ri\u00e1ban kiemelked\u0151en t\u00f6bb az aj\u00e1nlatk\u00e9r\u00e9s, vannak olyan d\u00e1tumok, amikre m\u00e1r alig tudunk megold\u00e1st k\u00edn\u00e1lni a sok jelentkez\u00e9s miatt\u201d \u2013 mondta Visnyei Krisztina, aki f\u00e9rj\u00e9vel, Sajtos G\u00e1borral egy\u00fctt annak idej\u00e9n pont n\u00e1sz\u00fatjuk sor\u00e1n szeretett bele annyira a Kan\u00e1ri-szigetekbe, majd ott lettek turisztikai v\u00e1llalkoz\u00f3k. Ezut\u00e1n k\u00f6z\u00f6s \u00fatik\u00f6nyvet is \u00edrtak \u2019<a href=\"https:\/\/www.startlap.hu\/utazas\/alomnyaralas-kanari-szigetek-tenerife\/\" target=\"_blank\" rel=\"noopener noreferrer\">Tenerife<\/a> titkai\u2019 n\u00e9ven \u00e9s t\u00f6bb tucat n\u00e1szutat szerveztek meg a szigeten.<\/p>\n<h2>Magyarorsz\u00e1g helyett sokan k\u00fclf\u00f6ld\u00f6n t\u00f6ltik a m\u00e9zesheteket<\/h2>\n<p>Krisztina \u00fagy l\u00e1tja, a k\u00fclf\u00f6ldi n\u00e1szutas \u00fatic\u00e9lok ir\u00e1nti \u00e9rdekl\u0151d\u00e9s az\u00e9rt is magas, mert a v\u00edrushelyzet hat\u00e1s\u00e1ra sok magyar ter\u00fcleten m\u00e1r-m\u00e1r megfizethetetlenek a sz\u00e1llod\u00e1k. \u00cdgy n\u00e9hol jobban meg\u00e9ri ink\u00e1bb nemzetk\u00f6zi \u00fcd\u00fcl\u0151helyeket v\u00e1lasztani, ak\u00e1r egzotikus desztin\u00e1ci\u00f3kat is. A covid persze az utaz\u00e1sainkba \u00e9p\u00edtett programokon is v\u00e1ltoztatott: a zs\u00fafolt helysz\u00ednek helyett sokan keresik a term\u00e9szetk\u00f6zelibb c\u00e9lpontokat.<\/p>\n<figure id=\"attachment_29142\" aria-describedby=\"caption-attachment-29142\" style=\"width: 755px\" class=\"wp-caption alignnone\"><a href=\"https:\/\/www.startlap.hu\/utazas\/uploads\/sites\/3\/2021\/07\/N\u00e1szutas-Krisztina-\u00e9s-G\u00e1bor.jpeg\"><img loading=\"lazy\" decoding=\"async\" class=\"size-article-size-large-image wp-image-29142\" src=\"https:\/\/www.startlap.hu\/utazas\/uploads\/sites\/3\/2021\/07\/N\u00e1szutas-Krisztina-\u00e9s-G\u00e1bor-755x485.jpeg\" alt=\"\" width=\"755\" height=\"485\" srcset=\"https:\/\/www.startlap.hu\/utazas\/uploads\/sites\/3\/2021\/07\/N\u00e1szutas-Krisztina-\u00e9s-G\u00e1bor-755x485.jpeg 755w, https:\/\/www.startlap.hu\/utazas\/uploads\/sites\/3\/2021\/07\/N\u00e1szutas-Krisztina-\u00e9s-G\u00e1bor-545x350.jpeg 545w, https:\/\/www.startlap.hu\/utazas\/uploads\/sites\/3\/2021\/07\/N\u00e1szutas-Krisztina-\u00e9s-G\u00e1bor.jpeg 1164w\" sizes=\"auto, (max-width: 755px) 100vw, 755px\" \/><\/a><figcaption id=\"caption-attachment-29142\" class=\"wp-caption-text\">forr\u00e1s: Holiday in Tenerife.EU, Nora Cordova Photography<\/figcaption><\/figure>\n<p>\u201eNe feledj\u00fck, az elm\u00falt id\u0151szak nem csak a nyaral\u00f3kat, de a n\u00e1szutasokat is kicsit megv\u00e1ltoztatta, hiszen egyre keresettebbek azok a c\u00e9lpontok, amik akt\u00edv kikapcsol\u00f3d\u00e1st ny\u00fajtanak. Tenerife egy olyan sziget, amely egy mag\u00e1ban rejti a szigetek szinte minden sz\u00e9ps\u00e9g\u00e9t. Pont olyan messze van Eur\u00f3p\u00e1t\u00f3l, hogy id\u0151j\u00e1r\u00e1sa egzotikuss\u00e1 tegye, m\u00e9gis kellemes id\u0151j\u00e1r\u00e1st garant\u00e1l eg\u00e9sz \u00e9vben. Programok tekintet\u00e9ben pedig napestig lehetne sorolni a lehet\u0151s\u00e9geket a tengeralattj\u00e1r\u00f3t\u00f3l a helikopterez\u00e9sig\u201d &#8211; nyilatkozta Visnyei Krisztina. A gyakorlott n\u00e1sz\u00fat-szervez\u0151 azt tan\u00e1csolja a p\u00e1roknak, hogy mihamarabb hozz\u00e1k meg d\u00f6nt\u00e9s\u00fcket a m\u00e9zeshetek kapcs\u00e1n. \u201e\u00c9rdemes min\u00e9l hamarabb \u00e1tgondolni, hova foglalunk, mert <strong>m\u00e1r itt is elindult a nagy foglal\u00e1si hull\u00e1m, \u00edgy sz\u00f6knek fel az \u00e1rak,<\/strong> de m\u00e9g lehet j\u00f3 \u00e1raj\u00e1nlatot kapni\u201d \u2013 tette hozz\u00e1.<\/p>\n<div class=\"o-widget m-readMoreWidget -readMore u-shortDecorLineAfter row widget-container _ce_measure_widget bigdata-widget read-more\" data-ce-measure-widget=\"olvass tov\u00e1bb\">\n\t<div class=\"m-readMoreWidget__imgWrapper image-wrapper col-12 col-md-4 no-p\">\n\t\t<a class=\"m-readMoreWidget__imgLink\" href=\"https:\/\/www.startlap.hu\/utazas\/horvatorszag-hatar-szigoritas-beutazas-covid\/\" >\n\t\t\t<img decoding=\"async\" src=\"https:\/\/www.startlap.hu\/utazas\/uploads\/sites\/3\/2021\/07\/letenye-hataratkelo-2021-350x285.jpg\" class=\"m-readMoreWidget__img\">\n\t\t<\/a>\n\t<\/div>\n\t<div class=\"m-readMoreWidget__titleWrapper title-wrapper col-12 col-md-8\">\n\t\t<span class=\"m-readMoreWidget__titleLabel u-shortDecorLineBefore label hidden-sm-up\">Ez is \u00e9rdekelhet:<\/span>\n\t\t<h3 class=\"m-readMoreWidget__title title\">\n\t\t\t<a class=\"m-readMoreWidget__titleLink -secondFont u-bold u-upperCase\" href=\"https:\/\/www.startlap.hu\/utazas\/horvatorszag-hatar-szigoritas-beutazas-covid\/\" >Horv\u00e1torsz\u00e1g szigor\u00edtott a hat\u00e1ron: k\u00e9rik az uni\u00f3s igazol\u00e1st<\/a>\n\t\t<\/h3>\n\t\t<a class=\"m-readMoreWidget__btn -coloredBack u-tC link\" href=\"https:\/\/www.startlap.hu\/utazas\/horvatorszag-hatar-szigoritas-beutazas-covid\/\" >Elolvasom<\/a>\n\t<\/div>\n<\/div>\n","protected":false},"excerpt":{"rendered":"<p>Az 5,5 milli\u00f3 beoltott ut\u00e1ni k\u00f6nny\u00edt\u00e9sek miatt az utols\u00f3 akad\u00e1ly is elg\u00f6rd\u00fclt itthon a nagy, ak\u00e1r 400 f\u0151s esk\u00fcv\u0151k szervez\u00e9se el\u0151l. <\/p>\n","protected":false},"author":43,"featured_media":29142,"comment_status":"open","ping_status":"open","sticky":false,"template":"","format":"standard","meta":{"footnotes":""},"categories":[7],"tags":[2196,2077,47,393],"class_list":["post-29141","post","type-post","status-publish","format-standard","has-post-thumbnail","hentry","category-belfold-utazas","tag-eskuvo","tag-naszut","tag-spanyolorszag","tag-tenerife"],"aioseo_notices":[],"_links":{"self":[{"href":"https:\/\/www.startlap.hu\/utazas\/wp-json\/wp\/v2\/posts\/29141","targetHints":{"allow":["GET"]}}],"collection":[{"href":"https:\/\/www.startlap.hu\/utazas\/wp-json\/wp\/v2\/posts"}],"about":[{"href":"https:\/\/www.startlap.hu\/utazas\/wp-json\/wp\/v2\/types\/post"}],"author":[{"embeddable":true,"href":"https:\/\/www.startlap.hu\/utazas\/wp-json\/wp\/v2\/users\/43"}],"replies":[{"embeddable":true,"href":"https:\/\/www.startlap.hu\/utazas\/wp-json\/wp\/v2\/comments?post=29141"}],"version-history":[{"count":3,"href":"https:\/\/www.startlap.hu\/utazas\/wp-json\/wp\/v2\/posts\/29141\/revisions"}],"predecessor-version":[{"id":29184,"href":"https:\/\/www.startlap.hu\/utazas\/wp-json\/wp\/v2\/posts\/29141\/revisions\/29184"}],"wp:featuredmedia":[{"embeddable":true,"href":"https:\/\/www.startlap.hu\/utazas\/wp-json\/wp\/v2\/media\/29142"}],"wp:attachment":[{"href":"https:\/\/www.startlap.hu\/utazas\/wp-json\/wp\/v2\/media?parent=29141"}],"wp:term":[{"taxonomy":"category","embeddable":true,"href":"https:\/\/www.startlap.hu\/utazas\/wp-json\/wp\/v2\/categories?post=29141"},{"taxonomy":"post_tag","embeddable":true,"href":"https:\/\/www.startlap.hu\/utazas\/wp-json\/wp\/v2\/tags?post=29141"}],"curies":[{"name":"wp","href":"https:\/\/api.w.org\/{rel}","templated":true}]}}