{"id":28991,"date":"2021-07-01T11:02:31","date_gmt":"2021-07-01T09:02:31","guid":{"rendered":"https:\/\/www.startlap.hu\/utazas\/?p=28991"},"modified":"2021-07-01T15:54:02","modified_gmt":"2021-07-01T13:54:02","slug":"horvatorszag-hatar-szigoritas-beutazas-covid","status":"publish","type":"post","link":"https:\/\/www.startlap.hu\/utazas\/horvatorszag-hatar-szigoritas-beutazas-covid\/","title":{"rendered":"Horv\u00e1torsz\u00e1g szigor\u00edtott a hat\u00e1ron: k\u00e9rik az uni\u00f3s igazol\u00e1st"},"content":{"rendered":"<p>Horv\u00e1torsz\u00e1gban \u00e1ltal\u00e1nos hat\u00e1r\u00e1tl\u00e9p\u00e9si korl\u00e1toz\u00e1s van \u00e9rv\u00e9nyben az EU azon tag\u00e1llamaib\u00f3l \u00e9rkez\u0151k sz\u00e1m\u00e1ra, akik nem rendelkeznek az Uni\u00f3ban k\u00f6lcs\u00f6n\u00f6sen elfogadott, \u00e9rv\u00e9nyes digit\u00e1lis Covid-igazol\u00e1ssal &#8211; olvashat\u00f3 <a href=\"https:\/\/konzuliszolgalat.kormany.hu\/europa-utazasi-tanacsok?horvatorszag\" target=\"_blank\">a Konzuli Szolg\u00e1lat honlapj\u00e1n<\/a>.<\/p>\n<p>Mint \u00edrj\u00e1k, <strong>a <a href=\"https:\/\/www.startlap.hu\/utazas\/unios-oltasi-igazolas-covid-letoltes\/\">digit\u00e1lis Covid-igazol\u00e1s<\/a> felmutat\u00e1sa<\/strong>, \u00e9rv\u00e9nyes \u00fati okm\u00e1nyok birtok\u00e1ban, <strong>mentes\u00edt a hat\u00e1r\u00e1tl\u00e9p\u00e9si korl\u00e1toz\u00e1sok al\u00f3l<\/strong>.<\/p>\n<figure id=\"attachment_29004\" aria-describedby=\"caption-attachment-29004\" style=\"width: 755px\" class=\"wp-caption alignnone\"><img loading=\"lazy\" decoding=\"async\" class=\"size-article-size-large-image wp-image-29004\" src=\"https:\/\/www.startlap.hu\/utazas\/uploads\/sites\/3\/2021\/07\/letenye-hataratkelo-755x503.jpg\" alt=\"\" width=\"755\" height=\"503\" srcset=\"https:\/\/www.startlap.hu\/utazas\/uploads\/sites\/3\/2021\/07\/letenye-hataratkelo-755x503.jpg 755w, https:\/\/www.startlap.hu\/utazas\/uploads\/sites\/3\/2021\/07\/letenye-hataratkelo-526x350.jpg 526w, https:\/\/www.startlap.hu\/utazas\/uploads\/sites\/3\/2021\/07\/letenye-hataratkelo.jpg 1250w\" sizes=\"auto, (max-width: 755px) 100vw, 755px\" \/><figcaption id=\"caption-attachment-29004\" class=\"wp-caption-text\">Torl\u00f3dik a kocsisor a letenyei hat\u00e1r\u00e1tkel\u0151n\u00e9l. Fot\u00f3: police.hu<\/figcaption><\/figure>\n<p>Egy olt\u00e1ssal a Pfizer\/BioNTech-, a Moderna- \u00e9s a Szputnyik V vakcina eset\u00e9ben az els\u0151 d\u00f3zis\u00e1nak felv\u00e9tel\u00e9t\u0151l legal\u00e1bb 22 napnak kell eltelnie, de nem haladhatja meg a 42 napot. Az AstraZeneca-f\u00e9le olt\u00f3anyag els\u0151 adagj\u00e1t\u00f3l szint\u00e9n 22 napnak kell eltelnie, de nem haladhatja meg a 84 napot. Az \u00f6sszes t\u00f6bbi vakcina eset\u00e9ben csak k\u00e9t d\u00f3zissal lehet korl\u00e1toz\u00e1sok n\u00e9lk\u00fcl beutazni az orsz\u00e1gba. K\u00e9t olt\u00e1sn\u00e1l a m\u00e1sodik d\u00f3zis felv\u00e9tel\u00e9t\u0151l 14 napnak kell eltelnie.<\/p>\n<blockquote class=\"article__extraTxt\"><p>Azok, akiket nem oltottak be, \u00e9s nem estek \u00e1t a fert\u0151z\u00e9sen, a mintav\u00e9telt\u0151l sz\u00e1m\u00edtott 72 \u00f3r\u00e1n\u00e1l nem r\u00e9gebbi negat\u00edv PCR- vagy 48 \u00f3r\u00e1n\u00e1l nem r\u00e9gebbi, az EU-\u00e1ltal elfogadott antig\u00e9n gyorsteszt felmutat\u00e1s\u00e1val l\u00e9phetik \u00e1t a hat\u00e1rt. A 12 \u00e9v alatti kiskor\u00faak mentes\u00fclnek a tesztel\u00e9si k\u00f6telezetts\u00e9g al\u00f3l.<\/p><\/blockquote>\n<p><strong>Davor Bo\u017einovi\u0107<\/strong> horv\u00e1t bel\u00fcgyminiszter bejelentette, hogy \u00fajabb d\u00f6nt\u00e9st hoztak a hat\u00e1r\u00e1tl\u00e9p\u00e9ssel kapcsolatban, amely j\u00falius 1-j\u00e9n l\u00e9pett \u00e9letbe \u00e9s j\u00falius 15-ig \u00e9rv\u00e9nyes \u2013 \u00edrja a B92 h\u00edrport\u00e1lra hivatkozva a <a href=\"https:\/\/www.magyarszo.rs\/hu\/4657\/kozelet\/245610\/Holnapt%C3%B3l-%C3%BAj-szab%C3%A1lyok-a-horv%C3%A1t-hat%C3%A1r-%C3%A1tl%C3%A9p%C3%A9se-sor%C3%A1n-Horv%C3%A1torsz%C3%A1g-utaz%C3%A1s-hat%C3%A1r-hat%C3%A1rellen%C5%91rz%C3%A9s-beutaz%C3%A1s.htm\" target=\"_blank\">Magyar Sz\u00f3<\/a>.<\/p>\n<p>Ezzel p\u00e1rhuzamosan a letenyei hat\u00e1r\u00e1tkel\u0151helyen, az aut\u00f3p\u00e1ly\u00e1n cs\u00fct\u00f6rt\u00f6k reggelt\u0151l 3 \u00f3ra v\u00e1rakoz\u00e1s alakult ki a kilep\u0151 szem\u00e9lyforgalmi s\u00e1von, tov\u00e1bb\u00e1 a k\u00f6z\u00fati hat\u00e1r\u00e1tkel\u0151helyen pedig 2 \u00f3ra v\u00e1rakoz\u00e1s alakult ki a kil\u00e9p\u0151 szem\u00e9lyforgalmi s\u00e1von &#8211; <strong><a href=\"http:\/\/www.police.hu\/hu\/hirek-es-informaciok\/legfrissebb-hireink\/hatarrendeszet\/megnovekedett-varakozasi-ido-a-letenyei-0\" target=\"_blank\">\u00edrja<\/a><\/strong> honlapj\u00e1n a rend\u0151rs\u00e9g, hozz\u00e1t\u00e9ve, hogy a v\u00e1rakoz\u00e1s a horv\u00e1t rend\u0151ri szerv mai napon bevezetett ellen\u0151rz\u00e9si szigor\u00edt\u00e1sa miatt alakult ki.<\/p>\n<p>Kor\u00e1bban m\u00e1r szabad volt az \u00fat Horv\u00e1torsz\u00e1gba, <a href=\"https:\/\/www.startlap.hu\/utazas\/horvatorszag_beutazas_vedettsegi_igazolas\/\">v\u00e9detts\u00e9gi n\u00e9lk\u00fcl<\/a> mehett\u00fcnk \u00e1t a hat\u00e1ron. Szerd\u00e1n pedig bejelentett\u00e9k, hogy <a href=\"https:\/\/www.startlap.hu\/utazas\/horvatorszag-kavehaz-diszko-maszk-covid\/\">\u00faj j\u00e1rv\u00e1ny\u00fcgyi int\u00e9zked\u00e9sek<\/a> l\u00e9ptek \u00e9letbe az orsz\u00e1gban.<\/p>\n","protected":false},"excerpt":{"rendered":"<p>V\u00e1ltoztak a beutaz\u00e1si szab\u00e1lyok Horv\u00e1torsz\u00e1gba j\u00falius 1-j\u00e9t\u0151l, senki nem l\u00e9phet \u00e1t ellen\u0151rizetlen\u00fcl.<\/p>\n","protected":false},"author":45,"featured_media":28997,"comment_status":"open","ping_status":"open","sticky":false,"template":"","format":"standard","meta":{"footnotes":""},"categories":[70],"tags":[1623,3788,1622,112,4192],"class_list":["post-28991","post","type-post","status-publish","format-standard","has-post-thumbnail","hentry","category-vilag","tag-beutazas","tag-covid","tag-hatar","tag-horvatorszag","tag-unios-digitalis-oltasi-igazolvany"],"aioseo_notices":[],"_links":{"self":[{"href":"https:\/\/www.startlap.hu\/utazas\/wp-json\/wp\/v2\/posts\/28991","targetHints":{"allow":["GET"]}}],"collection":[{"href":"https:\/\/www.startlap.hu\/utazas\/wp-json\/wp\/v2\/posts"}],"about":[{"href":"https:\/\/www.startlap.hu\/utazas\/wp-json\/wp\/v2\/types\/post"}],"author":[{"embeddable":true,"href":"https:\/\/www.startlap.hu\/utazas\/wp-json\/wp\/v2\/users\/45"}],"replies":[{"embeddable":true,"href":"https:\/\/www.startlap.hu\/utazas\/wp-json\/wp\/v2\/comments?post=28991"}],"version-history":[{"count":8,"href":"https:\/\/www.startlap.hu\/utazas\/wp-json\/wp\/v2\/posts\/28991\/revisions"}],"predecessor-version":[{"id":29059,"href":"https:\/\/www.startlap.hu\/utazas\/wp-json\/wp\/v2\/posts\/28991\/revisions\/29059"}],"wp:featuredmedia":[{"embeddable":true,"href":"https:\/\/www.startlap.hu\/utazas\/wp-json\/wp\/v2\/media\/28997"}],"wp:attachment":[{"href":"https:\/\/www.startlap.hu\/utazas\/wp-json\/wp\/v2\/media?parent=28991"}],"wp:term":[{"taxonomy":"category","embeddable":true,"href":"https:\/\/www.startlap.hu\/utazas\/wp-json\/wp\/v2\/categories?post=28991"},{"taxonomy":"post_tag","embeddable":true,"href":"https:\/\/www.startlap.hu\/utazas\/wp-json\/wp\/v2\/tags?post=28991"}],"curies":[{"name":"wp","href":"https:\/\/api.w.org\/{rel}","templated":true}]}}