{"id":28935,"date":"2021-06-30T16:03:19","date_gmt":"2021-06-30T14:03:19","guid":{"rendered":"https:\/\/www.startlap.hu\/utazas\/?p=28935"},"modified":"2021-06-30T13:52:27","modified_gmt":"2021-06-30T11:52:27","slug":"balaton-ingatlanpiac-jarvany-lakasvasarlas","status":"publish","type":"post","link":"https:\/\/www.startlap.hu\/utazas\/balaton-ingatlanpiac-jarvany-lakasvasarlas\/","title":{"rendered":"Felforgatta a balatoni ingatlanpiacot a j\u00e1rv\u00e1ny, mutatjuk az \u00e1rakat"},"content":{"rendered":"<div>\n<p>A befektet\u0151k \u00e9s a t\u00e1vmunk\u00e1ban dolgoz\u00f3k k\u00f6r\u00e9ben is nagyon n\u00e9pszer\u0171 a t\u00f3, melynek partj\u00e1n az 1-1,5 milli\u00f3s n\u00e9gyzetm\u00e9ter\u00e1rak sem ritk\u00e1k. Az elm\u00falt m\u00e1sf\u00e9l \u00e9vben j\u00f3kora \u00e1remelked\u00e9s t\u00f6rt\u00e9nt:&nbsp;\u00e1tlagosan 10-15 sz\u00e1zal\u00e9kkal n\u00f6vekedtek az \u00e1rak a k\u00f6rny\u00e9ken, mik\u00f6zben m\u00e9g Budapesten is csak egysz\u00e1mjegy\u0171 volt az \u00e1remelked\u00e9s.&nbsp;<\/p>\n<h2>F\u0151v\u00e1rosi \u00e1rak a magyar tengern\u00e9l<\/h2>\n<p>\u201eAz \u00e9szaki parton k\u00f6r\u00fclbel\u00fcl 660 ezer forintos n\u00e9gyzetm\u00e9ter\u00e1rral kell sz\u00e1molni, a <a href=\"https:\/\/www.startlap.hu\/utazas\/balaton-balatonlelle-kishegy-kilato\/\" target=\"_blank\" rel=\"noopener noreferrer\">d\u00e9li parton<\/a> pedig 608-610 ezer forint az egy n\u00e9gyzetm\u00e9terre jut\u00f3 \u00e1tlagos k\u00edn\u00e1lati \u00e1r, ami gyakorlatilag Budapest k\u00fcls\u0151 ker\u00fcleteiben tal\u00e1lhat\u00f3 \u00e1raknak felel meg. De itt is \u00f3ri\u00e1si k\u00fcl\u00f6nbs\u00e9gek vannak a Balaton egyes telep\u00fcl\u00e9sei k\u00f6z\u00f6tt. <a href=\"https:\/\/www.startlap.hu\/utazas\/siofok-galerius-elmenyfurdo-felujitas-zaras\/\" target=\"_blank\" rel=\"noopener noreferrer\">Si\u00f3fokon<\/a> 7-800 ezer forintos az \u00e1tlagos n\u00e9gyzetm\u00e9ter\u00e1r, addig a nyugati medenc\u00e9ben ak\u00e1r 450-500 ezer forintos n\u00e9gyzetm\u00e9ter\u00e1rakkal is tal\u00e1lkozhatunk&#8221; &#8211; mondta az <a href=\"https:\/\/hu.euronews.com\/2021\/06\/29\/felforgatta-a-balatoni-ingatlanpiacot-a-koronavirus-jarvany\" target=\"_blank\" target=\"_blank\" rel=\"noopener noreferrer\">Euronews-nak<\/a> Balogh L\u00e1szl\u00f3, majd hozz\u00e1tette:<\/p>\n<figure id=\"attachment_27596\" aria-describedby=\"caption-attachment-27596\" style=\"width: 755px\" class=\"wp-caption alignnone\"><a href=\"https:\/\/www.startlap.hu\/utazas\/uploads\/sites\/3\/2021\/06\/balaton.jpg\"><img loading=\"lazy\" decoding=\"async\" class=\"size-article-size-large-image wp-image-27596\" src=\"https:\/\/www.startlap.hu\/utazas\/uploads\/sites\/3\/2021\/06\/balaton-755x395.jpg\" alt=\"\" width=\"755\" height=\"395\" srcset=\"https:\/\/www.startlap.hu\/utazas\/uploads\/sites\/3\/2021\/06\/balaton-755x395.jpg 755w, https:\/\/www.startlap.hu\/utazas\/uploads\/sites\/3\/2021\/06\/balaton-1536x804.jpg 1536w, https:\/\/www.startlap.hu\/utazas\/uploads\/sites\/3\/2021\/06\/balaton-1200x630.jpg 1200w, https:\/\/www.startlap.hu\/utazas\/uploads\/sites\/3\/2021\/06\/balaton-669x350.jpg 669w, https:\/\/www.startlap.hu\/utazas\/uploads\/sites\/3\/2021\/06\/balaton.jpg 1556w\" sizes=\"auto, (max-width: 755px) 100vw, 755px\" \/><\/a><figcaption id=\"caption-attachment-27596\" class=\"wp-caption-text\">Balaton \/ Fot\u00f3: Getty Images<\/figcaption><\/figure>\n<p>\u201eA t\u00f3parthoz val\u00f3 k\u00f6zels\u00e9g is nagyon meghat\u00e1roz\u00f3. A v\u00edzparton az 1-1,5 milli\u00f3s n\u00e9gyzetm\u00e9ter\u00e1r sem elk\u00e9pzelhetetlen, viszont 10-20 kilom\u00e9terrel t\u00e1volabb 10-20 milli\u00f3 forintos \u00e9rt\u00e9kben is teljesen haszn\u00e1lhat\u00f3 ingatlanokat lehet v\u00e1s\u00e1rolni. Azok a telep\u00fcl\u00e9sek sz\u00e1m\u00edtanak most a legdr\u00e1g\u00e1bbnak, ahol a legt\u00f6bb \u00faj \u00e9p\u00edt\u00e9s\u0171 ingatlan van tervben. <strong>Az \u00faj lak\u00e1sok \u00e1tlagos n\u00e9gyzetm\u00e9ter\u00e1ra az 1-1,5 milli\u00f3 forintot k\u00f6zel\u00edti.<\/strong> A d\u00e9li parton Zam\u00e1rdi \u00e9s Sz\u00e1nt\u00f3d most a legdr\u00e1g\u00e1bb, itt nem olyan sz\u00e9les a k\u00edn\u00e1lat, viszont sok az \u00faj \u00e9p\u00edt\u00e9s\u0171 ingatlan. Az \u00e9szaki parton ugyanez Als\u0151\u00f6rs\u00f6n figyelhet\u0151 meg. A legt\u00f6bb \u00e9rdekl\u0151d\u00e9s Si\u00f3fok, Balatonf\u00fcred \u00e9s Tihany ir\u00e1nt \u00e9rkezik az oldalunkon.&#8221;<\/p>\n<div class=\"o-widget m-readMoreWidget -readMore u-shortDecorLineAfter row widget-container _ce_measure_widget bigdata-widget read-more\" data-ce-measure-widget=\"olvass tov\u00e1bb\">\n\t<div class=\"m-readMoreWidget__imgWrapper image-wrapper col-12 col-md-4 no-p\">\n\t\t<a class=\"m-readMoreWidget__imgLink\" href=\"https:\/\/www.startlap.hu\/utazas\/balaton-okosjegy-mav-sporolas\/\" >\n\t\t\t<img decoding=\"async\" src=\"https:\/\/www.startlap.hu\/utazas\/uploads\/sites\/3\/2020\/09\/maszk_peron_no-350x285.jpg\" class=\"m-readMoreWidget__img\">\n\t\t<\/a>\n\t<\/div>\n\t<div class=\"m-readMoreWidget__titleWrapper title-wrapper col-12 col-md-8\">\n\t\t<span class=\"m-readMoreWidget__titleLabel u-shortDecorLineBefore label hidden-sm-up\">Ez is \u00e9rdekelhet:<\/span>\n\t\t<h3 class=\"m-readMoreWidget__title title\">\n\t\t\t<a class=\"m-readMoreWidget__titleLink -secondFont u-bold u-upperCase\" href=\"https:\/\/www.startlap.hu\/utazas\/balaton-okosjegy-mav-sporolas\/\" >Ennyit lehet megsp\u00f3rolni a balatoni okosjeggyel<\/a>\n\t\t<\/h3>\n\t\t<a class=\"m-readMoreWidget__btn -coloredBack u-tC link\" href=\"https:\/\/www.startlap.hu\/utazas\/balaton-okosjegy-mav-sporolas\/\" >Elolvasom<\/a>\n\t<\/div>\n<\/div>\n<\/div>\n<div class=\"c-article-meta\">&nbsp;<\/div>\n","protected":false},"excerpt":{"rendered":"<p>Mindig is n\u00e9pszer\u0171 volt, a j\u00e1rv\u00e1nyhelyzetben azonban a szok\u00e1sosn\u00e1l is jobban megugrott a kereslet a balatoni ingatlanok ir\u00e1nt.<\/p>\n","protected":false},"author":43,"featured_media":28214,"comment_status":"open","ping_status":"open","sticky":false,"template":"","format":"standard","meta":{"footnotes":""},"categories":[7],"tags":[2593,279,3439],"class_list":["post-28935","post","type-post","status-publish","format-standard","has-post-thumbnail","hentry","category-belfold-utazas","tag-arak","tag-balaton","tag-lakasvasarlas"],"aioseo_notices":[],"_links":{"self":[{"href":"https:\/\/www.startlap.hu\/utazas\/wp-json\/wp\/v2\/posts\/28935","targetHints":{"allow":["GET"]}}],"collection":[{"href":"https:\/\/www.startlap.hu\/utazas\/wp-json\/wp\/v2\/posts"}],"about":[{"href":"https:\/\/www.startlap.hu\/utazas\/wp-json\/wp\/v2\/types\/post"}],"author":[{"embeddable":true,"href":"https:\/\/www.startlap.hu\/utazas\/wp-json\/wp\/v2\/users\/43"}],"replies":[{"embeddable":true,"href":"https:\/\/www.startlap.hu\/utazas\/wp-json\/wp\/v2\/comments?post=28935"}],"version-history":[{"count":5,"href":"https:\/\/www.startlap.hu\/utazas\/wp-json\/wp\/v2\/posts\/28935\/revisions"}],"predecessor-version":[{"id":28948,"href":"https:\/\/www.startlap.hu\/utazas\/wp-json\/wp\/v2\/posts\/28935\/revisions\/28948"}],"wp:featuredmedia":[{"embeddable":true,"href":"https:\/\/www.startlap.hu\/utazas\/wp-json\/wp\/v2\/media\/28214"}],"wp:attachment":[{"href":"https:\/\/www.startlap.hu\/utazas\/wp-json\/wp\/v2\/media?parent=28935"}],"wp:term":[{"taxonomy":"category","embeddable":true,"href":"https:\/\/www.startlap.hu\/utazas\/wp-json\/wp\/v2\/categories?post=28935"},{"taxonomy":"post_tag","embeddable":true,"href":"https:\/\/www.startlap.hu\/utazas\/wp-json\/wp\/v2\/tags?post=28935"}],"curies":[{"name":"wp","href":"https:\/\/api.w.org\/{rel}","templated":true}]}}