{"id":28703,"date":"2021-06-27T12:33:21","date_gmt":"2021-06-27T10:33:21","guid":{"rendered":"https:\/\/www.startlap.hu\/utazas\/?p=28703"},"modified":"2021-06-25T14:27:39","modified_gmt":"2021-06-25T12:27:39","slug":"tisza-to-tiszafured-poroszlo-bicikliut","status":"publish","type":"post","link":"https:\/\/www.startlap.hu\/utazas\/tisza-to-tiszafured-poroszlo-bicikliut\/","title":{"rendered":"Kider\u00fclt, melyik az orsz\u00e1g legkedveltebb bicikli\u00fatja"},"content":{"rendered":"<p style=\"font-weight: 400\">T\u00f6bb mint tizenegyezer voks \u00e9rkezett arra a p\u00e1ly\u00e1zatra, amelyet a KTE K\u00f6zleked\u00e9sbiztons\u00e1gi Tagozata, az Akt\u00edv Magyarorsz\u00e1g, az Akt\u00edv- \u00e9s \u00d6koturisztikai Fejleszt\u00e9si K\u00f6zpont, a Magyar K\u00f6z\u00fat \u00e9s a Magyar Ker\u00e9kp\u00e1rosklub k\u00f6z\u00f6sen hirdetett meg. A legt\u00f6bb szavazatot \u2013 k\u00f6zel h\u00e1romezret \u2013 <strong>a Tiszaf\u00fcred-Poroszl\u00f3 \u00fatvonal szerezte<\/strong>.<\/p>\n<h2>Felp\u00f6rgeti a Tisza-t\u00f3 turizmus\u00e1t<\/h2>\n<p style=\"font-weight: 400\">A c\u00edm elnyer\u00e9s\u00e9nek alkalm\u00e1b\u00f3l cs\u00fct\u00f6rt\u00f6k\u00f6n felavatt\u00e1k az ezt jelz\u0151 t\u00e1bl\u00e1t is. A Tiszaf\u00fcred-Poroszl\u00f3 ker\u00e9kp\u00e1rutat az esem\u00e9nyen R\u00e9v\u00e9sz M\u00e1riusz akt\u00edv Magyarorsz\u00e1g\u00e9rt felel\u0151s korm\u00e1nybiztos is m\u00e9ltatta. Mint mondta: az \u00fat Magyarorsz\u00e1g legvonz\u00f3bb biciklis \u00fatja, amely lend\u00fcletet adott a <a href=\"https:\/\/www.startlap.hu\/utazas\/tisza-to-tiszafured-poroszlo-abadszalok-sarud-karcag-mezokovesd-strand-muzeum-muhi-kalandpark\/\" target=\"_blank\" rel=\"noopener noreferrer\">Tisza-t\u00f3<\/a> turizmus\u00e1nak.<\/p>\n<figure id=\"attachment_28706\" aria-describedby=\"caption-attachment-28706\" style=\"width: 755px\" class=\"wp-caption alignnone\"><a href=\"https:\/\/www.startlap.hu\/utazas\/uploads\/sites\/3\/2021\/06\/bicikli-1.jpg\"><img loading=\"lazy\" decoding=\"async\" class=\"size-article-size-large-image wp-image-28706\" src=\"https:\/\/www.startlap.hu\/utazas\/uploads\/sites\/3\/2021\/06\/bicikli-1-755x504.jpg\" alt=\"\" width=\"755\" height=\"504\" srcset=\"https:\/\/www.startlap.hu\/utazas\/uploads\/sites\/3\/2021\/06\/bicikli-1-755x504.jpg 755w, https:\/\/www.startlap.hu\/utazas\/uploads\/sites\/3\/2021\/06\/bicikli-1-525x350.jpg 525w, https:\/\/www.startlap.hu\/utazas\/uploads\/sites\/3\/2021\/06\/bicikli-1.jpg 1273w\" sizes=\"auto, (max-width: 755px) 100vw, 755px\" \/><\/a><figcaption id=\"caption-attachment-28706\" class=\"wp-caption-text\">Illusztr\u00e1ci\u00f3: Getty Images<\/figcaption><\/figure>\n<p style=\"font-weight: 400\">F. Kov\u00e1cs S\u00e1ndor t\u00e9rs\u00e9gi orsz\u00e1ggy\u0171l\u00e9si k\u00e9pvisel\u0151 a beruh\u00e1z\u00e1s\u00e9rt dolgoz\u00f3k munk\u00e1j\u00e1t emelte ki, \u00e9s jelezte: a munk\u00e1nak nincs v\u00e9ge ezzel, a k\u00f6vetkez\u0151 feladat, hogy meg kell ismertetni az eg\u00e9sz orsz\u00e1ggal, hogy min\u00e9l t\u00f6bben keress\u00e9k fel. Ujv\u00e1ri Imre, <a href=\"https:\/\/www.startlap.hu\/utazas\/tisza_to_tiszafured_latnivalok_csonakazas\/\" target=\"_blank\" rel=\"noopener noreferrer\">Tiszaf\u00fcred<\/a> polg\u00e1rmestere azt mondta, a ker\u00e9kp\u00e1r\u00fat m\u00e1r most \u00f6szt\u00f6nz\u0151leg hatott a beruh\u00e1z\u00e1sokra, \u00e9s jav\u00edtotta a t\u00e9rs\u00e9g k\u00f6zleked\u00e9s-biztons\u00e1g\u00e1t is.<\/p>\n<div class=\"o-widget m-readMoreWidget -readMore u-shortDecorLineAfter row widget-container _ce_measure_widget bigdata-widget read-more\" data-ce-measure-widget=\"olvass tov\u00e1bb\">\n\t<div class=\"m-readMoreWidget__imgWrapper image-wrapper col-12 col-md-4 no-p\">\n\t\t<a class=\"m-readMoreWidget__imgLink\" href=\"https:\/\/www.startlap.hu\/utazas\/balaton-tisza-to-kerekpar\/\" >\n\t\t\t<img decoding=\"async\" src=\"https:\/\/www.startlap.hu\/utazas\/uploads\/sites\/3\/2021\/05\/balaton_kerekpar-350x285.jpg\" class=\"m-readMoreWidget__img\">\n\t\t<\/a>\n\t<\/div>\n\t<div class=\"m-readMoreWidget__titleWrapper title-wrapper col-12 col-md-8\">\n\t\t<span class=\"m-readMoreWidget__titleLabel u-shortDecorLineBefore label hidden-sm-up\">Ez is \u00e9rdekelhet:<\/span>\n\t\t<h3 class=\"m-readMoreWidget__title title\">\n\t\t\t<a class=\"m-readMoreWidget__titleLink -secondFont u-bold u-upperCase\" href=\"https:\/\/www.startlap.hu\/utazas\/balaton-tisza-to-kerekpar\/\" >Sokkal t\u00f6bben bicikliztek tavaly a Balatonn\u00e1l \u00e9s a Tisza-t\u00f3n\u00e1l<\/a>\n\t\t<\/h3>\n\t\t<a class=\"m-readMoreWidget__btn -coloredBack u-tC link\" href=\"https:\/\/www.startlap.hu\/utazas\/balaton-tisza-to-kerekpar\/\" >Elolvasom<\/a>\n\t<\/div>\n<\/div>\n<p>(<a href=\"https:\/\/www.kormanyhivatal.hu\/hu\/jasz-nagykun-szolnok\/hirek\/a-tiszafured-poroszlo-kerekparutat-valasztottak-a-legjobbnak\" target=\"_blank\" target=\"_blank\" rel=\"noopener noreferrer\">via<\/a>)<\/p>\n","protected":false},"excerpt":{"rendered":"<p>Az orsz\u00e1g h\u00e9t megy\u00e9j\u00e9nek 11 ker\u00e9kp\u00e1r\u00fatj\u00e1t bocs\u00e1tott\u00e1k szavaz\u00e1sra. A gy\u0151ztes a k\u00e9t Tisza-tavi v\u00e1rost \u00f6sszek\u00f6t\u0151 szakasz lett.<\/p>\n","protected":false},"author":43,"featured_media":28706,"comment_status":"open","ping_status":"open","sticky":false,"template":"","format":"standard","meta":{"footnotes":""},"categories":[7],"tags":[4587,2366,26,27,28],"class_list":["post-28703","post","type-post","status-publish","format-standard","has-post-thumbnail","hentry","category-belfold-utazas","tag-bicikliut","tag-kerekparut","tag-poroszlo","tag-tisza-to","tag-tiszafured"],"aioseo_notices":[],"_links":{"self":[{"href":"https:\/\/www.startlap.hu\/utazas\/wp-json\/wp\/v2\/posts\/28703","targetHints":{"allow":["GET"]}}],"collection":[{"href":"https:\/\/www.startlap.hu\/utazas\/wp-json\/wp\/v2\/posts"}],"about":[{"href":"https:\/\/www.startlap.hu\/utazas\/wp-json\/wp\/v2\/types\/post"}],"author":[{"embeddable":true,"href":"https:\/\/www.startlap.hu\/utazas\/wp-json\/wp\/v2\/users\/43"}],"replies":[{"embeddable":true,"href":"https:\/\/www.startlap.hu\/utazas\/wp-json\/wp\/v2\/comments?post=28703"}],"version-history":[{"count":1,"href":"https:\/\/www.startlap.hu\/utazas\/wp-json\/wp\/v2\/posts\/28703\/revisions"}],"predecessor-version":[{"id":28707,"href":"https:\/\/www.startlap.hu\/utazas\/wp-json\/wp\/v2\/posts\/28703\/revisions\/28707"}],"wp:featuredmedia":[{"embeddable":true,"href":"https:\/\/www.startlap.hu\/utazas\/wp-json\/wp\/v2\/media\/28706"}],"wp:attachment":[{"href":"https:\/\/www.startlap.hu\/utazas\/wp-json\/wp\/v2\/media?parent=28703"}],"wp:term":[{"taxonomy":"category","embeddable":true,"href":"https:\/\/www.startlap.hu\/utazas\/wp-json\/wp\/v2\/categories?post=28703"},{"taxonomy":"post_tag","embeddable":true,"href":"https:\/\/www.startlap.hu\/utazas\/wp-json\/wp\/v2\/tags?post=28703"}],"curies":[{"name":"wp","href":"https:\/\/api.w.org\/{rel}","templated":true}]}}