{"id":28546,"date":"2021-06-23T15:50:56","date_gmt":"2021-06-23T13:50:56","guid":{"rendered":"https:\/\/www.startlap.hu\/utazas\/?p=28546"},"modified":"2021-06-23T15:54:33","modified_gmt":"2021-06-23T13:54:33","slug":"megszunt-a-hatarellenorzes-magyarorszag-schengeni-belso-hatarain","status":"publish","type":"post","link":"https:\/\/www.startlap.hu\/utazas\/megszunt-a-hatarellenorzes-magyarorszag-schengeni-belso-hatarain\/","title":{"rendered":"Megsz\u0171nt a hat\u00e1rellen\u0151rz\u00e9s Magyarorsz\u00e1g schengeni bels\u0151 hat\u00e1rain"},"content":{"rendered":"<p>&nbsp;Az Orsz\u00e1gos Rend\u0151r-f\u0151kapit\u00e1nys\u00e1g kommunik\u00e1ci\u00f3s szolg\u00e1lata k\u00f6zlem\u00e9ny\u00e9ben k\u00f6sz\u00f6net\u00e9t fejezte ki a t\u00fcrelem\u00e9rt, a meg\u00e9rt\u00e9s\u00e9rt \u00e9s az\u00e9rt a toleranci\u00e1\u00e9rt, amelyet a j\u00e1rv\u00e1nyhelyzet miatt bevezetett int\u00e9zked\u00e9sek k\u00f6vetkezt\u00e9ben tan\u00fas\u00edtaniuk kellett mindenekel\u0151tt a szomsz\u00e9dos orsz\u00e1gokba <a href=\"https:\/\/www.startlap.hu\/utazas\/ausztria_nyitas_covid_julius_2021\/\"><strong>ing\u00e1z\u00f3knak<\/strong><\/a> vagy az \u00fczletembereknek, illetve mindazoknak, akiknek k\u00fclf\u00f6ldre kellett utazniuk.<\/p>\n<p>A koronav\u00edrus-j\u00e1rv\u00e1ny miatt a korm\u00e1ny tavaly szeptember elsej\u00e9t\u0151l \u00e1ll\u00edtotta vissza ideiglenesen Magyarorsz\u00e1g teljes schengeni bels\u0151 hat\u00e1rszakasz\u00e1n a hat\u00e1rforgalom-ellen\u0151rz\u00e9st \u00e9s a hat\u00e1r\u0151rizetet. Ezt az\u00f3ta t\u00f6bbsz\u00f6r meghosszabb\u00edtott\u00e1k, legut\u00f3bb j\u00fanius 23-\u00e1ig.<\/p>\n<blockquote class=\"article__extraTxt\"><p>A rend\u0151rs\u00e9g k\u00f6zlem\u00e9nye szerint korl\u00e1toz\u00e1s n\u00e9lk\u00fcl utazhat Magyarorsz\u00e1gra \u00e1llampolg\u00e1rs\u00e1gt\u00f3l f\u00fcggetlen\u00fcl az, aki &#8211; a polg\u00e1ri l\u00e9gij\u00e1rm\u0171vel t\u00f6rt\u00e9n\u0151 beutaz\u00e1st lesz\u00e1m\u00edtva &#8211; Horv\u00e1torsz\u00e1g, Ausztria, Rom\u00e1nia, Szerbia, Szlov\u00e1kia \u00e9s Szlov\u00e9nia ter\u00fclet\u00e9r\u0151l l\u00e9p Magyarorsz\u00e1gra.<\/p><\/blockquote>\n<p>Ugyancsak <strong>korl\u00e1toz\u00e1s n\u00e9lk\u00fcl utazhat<\/strong>, aki a Magyarorsz\u00e1gra bel\u00e9p\u00e9s sor\u00e1n hitelt \u00e9rdeml\u0151en <strong>igazolja<\/strong>, hogy a hat\u00e1r\u00e1tl\u00e9p\u00e9sre jelentkez\u00e9s napj\u00e1t megel\u0151z\u0151 6 h\u00f3napon bel\u00fcl \u00e1tesett a <a href=\"https:\/\/wiki.startlap.hu\/mi-az-uj-tipusu-koronavirus-betegseg-covid-19\/\">Covid-19<\/a> betegs\u00e9gen vagy felmutatja &#8211; ak\u00e1r applik\u00e1ci\u00f3n kereszt\u00fcl &#8211; <strong>v\u00e9detts\u00e9gi igazolv\u00e1ny\u00e1t<\/strong>, valamint az azon felt\u00fcntetett szem\u00e9lyazonoss\u00e1g igazol\u00e1s\u00e1ra alkalmas hat\u00f3s\u00e1gi igazolv\u00e1ny\u00e1t. Bel\u00e9phet vele a fel\u00fcgyelete alatt \u00e1ll\u00f3 18 \u00e9ven aluli is.<\/p>\n<figure id=\"attachment_27487\" aria-describedby=\"caption-attachment-27487\" style=\"width: 755px\" class=\"wp-caption alignnone\"><img loading=\"lazy\" decoding=\"async\" class=\"size-article-size-large-image wp-image-27487\" src=\"https:\/\/www.startlap.hu\/utazas\/uploads\/sites\/3\/2021\/06\/szlovak_magyar_hatar-755x459.jpg\" alt=\"\" width=\"755\" height=\"459\" srcset=\"https:\/\/www.startlap.hu\/utazas\/uploads\/sites\/3\/2021\/06\/szlovak_magyar_hatar-755x459.jpg 755w, https:\/\/www.startlap.hu\/utazas\/uploads\/sites\/3\/2021\/06\/szlovak_magyar_hatar-576x350.jpg 576w, https:\/\/www.startlap.hu\/utazas\/uploads\/sites\/3\/2021\/06\/szlovak_magyar_hatar.jpg 1200w\" sizes=\"auto, (max-width: 755px) 100vw, 755px\" \/><figcaption id=\"caption-attachment-27487\" class=\"wp-caption-text\">GERGELY BESENYEI \/ AFP<\/figcaption><\/figure>\n<p>Bel\u00e9phet tov\u00e1bb\u00e1 az is, aki a v\u00e9detts\u00e9gi igazol\u00e1sok elismer\u00e9s\u00e9r\u0151l sz\u00f3l\u00f3 rendelet szerinti orsz\u00e1g \u00e1ltal ki\u00e1ll\u00edtott v\u00e9detts\u00e9get igazol\u00f3 hat\u00f3s\u00e1gi igazolv\u00e1ny felmutat\u00e1s\u00e1val igazolja a koronav\u00edrus elleni v\u00e9detts\u00e9g\u00e9t, valamint a fel\u00fcgyelete alatt \u00e1ll\u00f3 18 \u00e9ven aluli is.<\/p>\n<p>A rend\u0151rs\u00e9g honlapj\u00e1n r\u00e9szletes t\u00e1j\u00e9koztat\u00f3 olvashat\u00f3 t\u00f6bbi k\u00f6z\u00f6tt a magyar \u00e1llampolg\u00e1rok, a magyar \u00e1llampolg\u00e1rs\u00e1ggal nem rendelkez\u0151k hat\u00e1r\u00e1tl\u00e9p\u00e9s\u00e9r\u0151l, a sportesem\u00e9nyekre \u00e9s a kultur\u00e1lis rendezv\u00e9nyekre bel\u00e9p\u00e9s szab\u00e1lyair\u00f3l, a Magyarorsz\u00e1gon \u00e1tutaz\u00f3kra vonatkoz\u00f3 szab\u00e1lyokr\u00f3l, a rep\u00fcl\u0151t\u00e9rre vagy rep\u00fcl\u0151t\u00e9rr\u0151l t\u00f6rt\u00e9n\u0151 tranzit speci\u00e1lis szab\u00e1lyair\u00f3l. <strong>Akinek tov\u00e1bbi inform\u00e1ci\u00f3kra van sz\u00fcks\u00e9ge, <a href=\"http:\/\/www.police.hu\/hu\/hirek-es-informaciok\/legfrissebb-hireink\/hatarrendeszet\/utazok-figyelmebe-ajanljuk-a-valtozasokat\" target=\"_blank\">ide kattintva<\/a> t\u00f6bb telefonsz\u00e1mot is tal\u00e1l.<\/strong><\/p>\n<p>A <a href=\"https:\/\/konzuliszolgalat.kormany.hu\/europa-utazasi-tanacsok?horvatorszag\" target=\"_blank\">konzuli szolg\u00e1lat honlapj\u00e1n<\/a> mindemellett azt \u00edrj\u00e1k: a folyamatosan v\u00e1ltoz\u00f3 j\u00e1rv\u00e1ny\u00fcgyi helyzetre, valamint a gyakran m\u00f3dosul\u00f3 jogszab\u00e1lyokra tekintettel tov\u00e1bbra is javasolj\u00e1k, hogy a v\u00e9detts\u00e9gi igazolv\u00e1nyokat, illetve az olt\u00e1sokr\u00f3l sz\u00f3l\u00f3 igazol\u00e1sokat vigy\u00e9k magukkal az utaz\u00e1shoz.<\/p>\n","protected":false},"excerpt":{"rendered":"<p>Szerd\u00e1t\u00f3l megsz\u0171nt a hat\u00e1rellen\u0151rz\u00e9s Magyarorsz\u00e1g schengeni bels\u0151 hat\u00e1rain &#8211; k\u00f6z\u00f6lte a rend\u0151rs\u00e9g a honlapj\u00e1n.<\/p>\n","protected":false},"author":36,"featured_media":27487,"comment_status":"open","ping_status":"open","sticky":false,"template":"","format":"standard","meta":{"footnotes":""},"categories":[7],"tags":[1638,32,758],"class_list":["post-28546","post","type-post","status-publish","format-standard","has-post-thumbnail","hentry","category-belfold-utazas","tag-hatarellenorzes","tag-magyarorszag","tag-schengen"],"aioseo_notices":[],"_links":{"self":[{"href":"https:\/\/www.startlap.hu\/utazas\/wp-json\/wp\/v2\/posts\/28546","targetHints":{"allow":["GET"]}}],"collection":[{"href":"https:\/\/www.startlap.hu\/utazas\/wp-json\/wp\/v2\/posts"}],"about":[{"href":"https:\/\/www.startlap.hu\/utazas\/wp-json\/wp\/v2\/types\/post"}],"author":[{"embeddable":true,"href":"https:\/\/www.startlap.hu\/utazas\/wp-json\/wp\/v2\/users\/36"}],"replies":[{"embeddable":true,"href":"https:\/\/www.startlap.hu\/utazas\/wp-json\/wp\/v2\/comments?post=28546"}],"version-history":[{"count":4,"href":"https:\/\/www.startlap.hu\/utazas\/wp-json\/wp\/v2\/posts\/28546\/revisions"}],"predecessor-version":[{"id":28550,"href":"https:\/\/www.startlap.hu\/utazas\/wp-json\/wp\/v2\/posts\/28546\/revisions\/28550"}],"wp:featuredmedia":[{"embeddable":true,"href":"https:\/\/www.startlap.hu\/utazas\/wp-json\/wp\/v2\/media\/27487"}],"wp:attachment":[{"href":"https:\/\/www.startlap.hu\/utazas\/wp-json\/wp\/v2\/media?parent=28546"}],"wp:term":[{"taxonomy":"category","embeddable":true,"href":"https:\/\/www.startlap.hu\/utazas\/wp-json\/wp\/v2\/categories?post=28546"},{"taxonomy":"post_tag","embeddable":true,"href":"https:\/\/www.startlap.hu\/utazas\/wp-json\/wp\/v2\/tags?post=28546"}],"curies":[{"name":"wp","href":"https:\/\/api.w.org\/{rel}","templated":true}]}}